{"id":271190,"date":"2025-09-12T08:10:03","date_gmt":"2025-09-12T11:10:03","guid":{"rendered":"https:\/\/www.agrobase.com.br\/concursos\/?p=271190"},"modified":"2025-09-11T14:31:57","modified_gmt":"2025-09-11T17:31:57","slug":"prefeitura-americo-brasiliense-sp-concurso-01-2025","status":"publish","type":"post","link":"https:\/\/www.agrobase.com.br\/concursos\/2025\/prefeitura-americo-brasiliense-sp-concurso-01-2025\/","title":{"rendered":"Prefeitura Am\u00e9rico Brasiliense (SP) &#8211; Concurso 01\/2025"},"content":{"rendered":"<h2>Informa\u00e7\u00f5es Gerais<\/h2>\n<p>A Prefeitura Municipal de Am\u00e9rico Brasiliense, em S\u00e3o Paulo, publicou o edital n\u00ba 001\/2025 de seu novo concurso p\u00fablico, organizado pelo INBRASP. O certame visa o preenchimento de vagas efetivas e a forma\u00e7\u00e3o de cadastro reserva para cargos de n\u00edveis fundamental incompleto, m\u00e9dio, t\u00e9cnico e superior. As contrata\u00e7\u00f5es ser\u00e3o realizadas sob o regime celetista.<\/p>\n<p>As oportunidades abrangem diversas \u00e1reas, como administrativa, operacional, sa\u00fade e educa\u00e7\u00e3o. <strong>Para os profissionais da \u00e1rea de biol\u00f3gicas, destaca-se a oportunidade para o cargo de Professor PEB II &#8211; Ci\u00eancias, que exige licenciatura em Biologia.<\/strong><\/p>\n<p>Este concurso representa uma excelente chance para ingressar no servi\u00e7o p\u00fablico municipal. Continue a leitura para conferir os detalhes sobre as inscri\u00e7\u00f5es, etapas e cronograma.<\/p>\n<h2>Inscri\u00e7\u00f5es<\/h2>\n<p>As inscri\u00e7\u00f5es para o concurso da Prefeitura de Am\u00e9rico Brasiliense ser\u00e3o realizadas exclusivamente pela internet, no site da banca organizadora INBRASP. O per\u00edodo para se candidatar ser\u00e1 de <strong>8 de setembro de 2025 a 29 de setembro de 2025<\/strong>.<\/p>\n<p>O pagamento da taxa de inscri\u00e7\u00e3o dever\u00e1 ser feito por meio de boleto banc\u00e1rio, que pode ser pago em qualquer ag\u00eancia banc\u00e1ria ou casa lot\u00e9rica at\u00e9 a data de vencimento. O edital prev\u00ea a possibilidade de solicitar isen\u00e7\u00e3o da taxa, e os candidatos interessados devem seguir os procedimentos e crit\u00e9rios detalhados no documento oficial.<\/p>\n<p>Ap\u00f3s a inscri\u00e7\u00e3o, \u00e9 fundamental que o candidato acompanhe a confirma\u00e7\u00e3o e todas as atualiza\u00e7\u00f5es na \u00e1rea restrita do site da INBRASP. Para garantir sua participa\u00e7\u00e3o e conhecer todas as regras, \u00e9 indispens\u00e1vel a leitura completa do edital.<\/p>\n<h2>Etapas e Provas<\/h2>\n<p>O processo seletivo do concurso de Am\u00e9rico Brasiliense ser\u00e1 estruturado em at\u00e9 tr\u00eas etapas, variando conforme o cargo pretendido. Confira a seguir a composi\u00e7\u00e3o de cada uma delas:<\/p>\n<ul>\n<li><strong>Prova Objetiva:<\/strong> De car\u00e1ter eliminat\u00f3rio e classificat\u00f3rio, ser\u00e1 aplicada a todos os candidatos. A prova consistir\u00e1 em 40 quest\u00f5es de m\u00faltipla escolha, com quatro alternativas cada, e ter\u00e1 dura\u00e7\u00e3o de 3 horas. Para ser aprovado, o candidato dever\u00e1 obter, no m\u00ednimo, 50% do total de pontos.<\/li>\n<li><strong>Prova de T\u00edtulos:<\/strong> De car\u00e1ter exclusivamente classificat\u00f3rio, esta etapa \u00e9 destinada apenas aos candidatos aos cargos de Professor que forem aprovados na prova objetiva. A documenta\u00e7\u00e3o, que inclui t\u00edtulos de especializa\u00e7\u00e3o, mestrado e doutorado, dever\u00e1 ser enviada eletronicamente atrav\u00e9s da \u00e1rea do candidato no site da banca. A pontua\u00e7\u00e3o m\u00e1xima nesta fase \u00e9 de 10 pontos.<\/li>\n<li><strong>Prova Pr\u00e1tica:<\/strong> De car\u00e1ter eliminat\u00f3rio e classificat\u00f3rio, ser\u00e1 aplicada somente aos tr\u00eas primeiros candidatos classificados na prova objetiva para o cargo de Operador de M\u00e1quina. A avalia\u00e7\u00e3o consistir\u00e1 em demonstrar conhecimento do maquin\u00e1rio e executar uma tarefa pr\u00e1tica, com dura\u00e7\u00e3o m\u00e1xima de 15 minutos. A pontua\u00e7\u00e3o m\u00e1xima \u00e9 de 20 pontos, sendo necess\u00e1rio obter no m\u00ednimo 50% para ser aprovado.<\/li>\n<\/ul>\n<p>Para obter informa\u00e7\u00f5es detalhadas sobre o conte\u00fado program\u00e1tico de cada prova, as regras de aplica\u00e7\u00e3o e o cronograma completo, consulte o edital oficial do certame.<\/p>\n<h2>Resultados e Gabarito<\/h2>\n<p>Os gabaritos preliminares da prova objetiva ser\u00e3o divulgados no site do INBRASP at\u00e9 as 22h do primeiro dia \u00fatil ap\u00f3s a aplica\u00e7\u00e3o do exame. Os resultados preliminares e finais de cada etapa ser\u00e3o publicados em listas separadas, uma para a ampla concorr\u00eancia e outra para pessoas com defici\u00eancia (PcD). A classifica\u00e7\u00e3o final ser\u00e1 organizada em ordem decrescente da pontua\u00e7\u00e3o total obtida.<\/p>\n<p>Em caso de empate, os crit\u00e9rios de desempate seguir\u00e3o a seguinte ordem:<\/p>\n<ul>\n<li>Idade igual ou superior a 60 anos;<\/li>\n<li>Maior nota na prova de Conhecimentos Espec\u00edficos;<\/li>\n<li>Maior nota na prova de Conhecimentos Gerais;<\/li>\n<li>Candidato de mais idade.<\/li>\n<\/ul>\n<p>A homologa\u00e7\u00e3o do resultado final ser\u00e1 publicada por meio de um ato da Administra\u00e7\u00e3o Municipal no Di\u00e1rio Oficial do Munic\u00edpio. A convoca\u00e7\u00e3o dos aprovados ocorrer\u00e1 de acordo com a necessidade da prefeitura, e o acompanhamento das chamadas \u00e9 de responsabilidade do candidato.<\/p>\n<p>\u00c9 fundamental que todos os candidatos acompanhem atentamente as publica\u00e7\u00f5es oficiais no site da banca organizadora, <em>https:\/\/www.inbrasp.com.br<\/em>, e no Di\u00e1rio Oficial do Munic\u00edpio, pois essa \u00e9 a \u00fanica forma de se manter informado sobre todas as fases do concurso.<\/p>\n","protected":false},"excerpt":{"rendered":"<p>Concurso Pref. Am\u00e9rico Brasiliense (SP) com edital publicado! Vagas p\/ Enfermeiro e T\u00e9cnico (Fund. a Sup.). Inscri\u00e7\u00f5es a partir de 08\/09. Confira detalhes!<\/p>\n","protected":false},"author":7,"featured_media":271189,"comment_status":"open","ping_status":"open","sticky":false,"template":"","format":"standard","meta":{"_acf_changed":false,"_breakdance_hide_in_design_set":false,"_breakdance_tags":"","footnotes":""},"categories":[6433,141,6434,12,112,6436,19,111,100,20,6871,116,25,6435,108,130],"tags":[62],"_amplo":[],"destaque":[],"instituicoes":[],"class_list":["post-271190","post","type-post","status-publish","format-standard","has-post-thumbnail","hentry","category-biologia-licenciatura","category-educacao-artistica","category-educacao-fisica-licenciatura","category-enfermagem","category-filosofia","category-fisica-licenciatura","category-fonoaudiologia","category-geografia","category-historia","category-letras","category-letras-ingles","category-matematica","category-pedagogia","category-quimica-licenciatura","category-tecnico-enfermagem","category-tecnico-informatica","tag-sao-paulo"],"acf":{"_tipo_vagas":"vagas","_numero_vagas":"","_quadro_vagas":"","_cargos":"diversos","_cargos_especificos":"","_salario_max":"R$ 2212.89","_abertura":"20250908","_encerramento":"20250929","_inscricoes":"https:\/\/www.inbrasp.com.br","_executora_concurso":"","_instituicao_concurso":[],"_link_adicional":null,"_anexos":null,"_produtos":null,"_vagas":"12 vagas + CR","_salario_min":"R$ 556.56","_instituicao":"Prefeitura de Am\u00e9rico Brasiliense","_edital":"https:\/\/www.agrobase.com.br\/concursos\/wp-content\/uploads\/sites\/4\/2025\/09\/edital-01-2025-prefeitura-de-americo-brasiliense-sp.pdf","_anexos_edital":"https:\/\/www.agrobase.com.br\/concursos\/wp-content\/uploads\/sites\/4\/2025\/09\/anexos-edital-01-2025-prefeitura-de-americo-brasiliense-sp.pdf","_fund_incompleto":"<div>\r\n<table class=\"quadro\">\r\n<thead>\r\n<tr>\r\n<th class=\"hcargo\">Cargo<\/th>\r\n<th class=\"hvagas\">Vagas<\/th>\r\n<th class=\"hremuneracao\">Remunera\u00e7\u00e3o<\/th>\r\n<\/tr>\r\n<\/thead>\r\n    <tbody>\r\n      <td class=\"ccargos\">\r\n<span data-balloon-length=\"medium\" aria-label=\"Ensino Fundamental Incompleto.\" data-balloon-pos=\"up\">ENCANADOR DE \u00c1GUA E ESGOTO<\/span><\/td>\r\n<td class=\"cvagas\">CR<\/td>\r\n<td class=\"cremuneracao\">R$ 1.518,00 \/40h<\/td>\r\n<\/tr><td class=\"ccargos\">\r\n<span data-balloon-length=\"medium\" data-balloon-pos=\"up\">MOTORISTA<\/span><\/td>\r\n<td class=\"cvagas\">01<\/td>\r\n<td class=\"cremuneracao\">R$ 1.518,00 \/40h<\/td>\r\n<\/tr><td class=\"ccargos\">\r\n<span data-balloon-length=\"medium\" data-balloon-pos=\"up\">OPERADOR DE M\u00c1QUINA<\/span><\/td>\r\n<td class=\"cvagas\">CR<\/td>\r\n<td class=\"cremuneracao\">R$ 1.518,00 \/40h<\/td>\r\n<\/tr>\r\n    <\/tbody>\r\n  <\/table>\r\n<\/div>","_fund_completo":"","_medio":"<div>\r\n<table class=\"quadro\">\r\n<thead>\r\n<tr>\r\n<th class=\"hcargo\">Cargo<\/th>\r\n<th class=\"hvagas\">Vagas<\/th>\r\n<th class=\"hremuneracao\">Remunera\u00e7\u00e3o<\/th>\r\n<\/tr>\r\n<\/thead>\r\n    <tbody>\r\n      <td class=\"ccargos\">\r\n<span data-balloon-length=\"medium\" aria-label=\"Ensino M\u00e9dio Completo e T\u00e9cnico em Enfermagem e inscri\u00e7\u00e3o no COREN\" data-balloon-pos=\"up\">T\u00c9CNICO DE ENFERMAGEM<\/span><\/td>\r\n<td class=\"cvagas\">03<\/td>\r\n<td class=\"cremuneracao\">R$ 1.711,49 \/36h<\/td>\r\n<\/tr><td class=\"ccargos\">\r\n<span data-balloon-length=\"medium\" aria-label=\"Ensino M\u00e9dio Completo e T\u00e9cnico em Farm\u00e1cia\" data-balloon-pos=\"up\">T\u00c9CNICO DE FARM\u00c1CIA<\/span><\/td>\r\n<td class=\"cvagas\">01<\/td>\r\n<td class=\"cremuneracao\">R$ 1.711,49 \/40h<\/td>\r\n<\/tr><td class=\"ccargos\">\r\n<span data-balloon-length=\"medium\" aria-label=\"Ensino M\u00e9dio Completo.\" data-balloon-pos=\"up\">ESCRITUR\u00c1RIO<\/span><\/td>\r\n<td class=\"cvagas\">01<\/td>\r\n<td class=\"cremuneracao\">R$ 1.711,49 \/40h<\/td>\r\n<\/tr><td class=\"ccargos\">\r\n<span data-balloon-length=\"medium\" aria-label=\"Ensino m\u00e9dio completo.\" data-balloon-pos=\"up\">CUIDADOR EDUCA\u00c7\u00c3O<\/span><\/td>\r\n<td class=\"cvagas\">01<\/td>\r\n<td class=\"cremuneracao\">R$ 1.518,00 \/40h<\/td>\r\n<\/tr><td class=\"ccargos\">\r\n<span data-balloon-length=\"medium\" aria-label=\"Certificado, devidamente registrado, de conclus\u00e3o de ensino m\u00e9dio, acrescido de curso t\u00e9cnico em inform\u00e1tica reconhecido pelo Mec.\" data-balloon-pos=\"up\">MONITOR EDUCACIONAL DE INFORM\u00c1TICA<\/span><\/td>\r\n<td class=\"cvagas\">CR<\/td>\r\n<td class=\"cremuneracao\">R$ 1.518,00 \/25h<\/td>\r\n<\/tr><td class=\"ccargos\">\r\n<span data-balloon-length=\"medium\" aria-label=\"Ensino M\u00e9dio Completo.\" data-balloon-pos=\"up\">RECREACIONISTA<\/span><\/td>\r\n<td class=\"cvagas\">03<\/td>\r\n<td class=\"cremuneracao\">R$ 1.518,00 \/40h<\/td>\r\n<\/tr>\r\n    <\/tbody>\r\n  <\/table>\r\n<\/div>","_superior":"<div>\r\n<table class=\"quadro\">\r\n<thead>\r\n<tr>\r\n<th class=\"hcargo\">Cargo<\/th>\r\n<th class=\"hvagas\">Vagas<\/th>\r\n<th class=\"hremuneracao\">Remunera\u00e7\u00e3o<\/th>\r\n<\/tr>\r\n<\/thead>\r\n    <tbody>\r\n      <tr>\r\n<td class=\"ccargos\">\r\n<span data-balloon-length=\"medium\" aria-label=\"Ensino Superior de Enfermagem e inscri\u00e7\u00e3o no COREN\" data-balloon-pos=\"up\">ENFERMEIRO<\/span><\/td>\r\n<td class=\"cvagas\">01<\/td>\r\n<td class=\"cremuneracao\">R$ 2.212,89 \/36h<\/td>\r\n<\/tr><tr>\r\n<td class=\"ccargos\">\r\n<span data-balloon-length=\"medium\" aria-label=\"Curso Superior Fonoaudiologia, conclu\u00eddo em institui\u00e7\u00e3o de ensino superior reconhecida pelo MEC e registro no Conselho de Classe.\" data-balloon-pos=\"up\">FONOAUDI\u00d3LOGO<\/span><\/td>\r\n<td class=\"cvagas\">01<\/td>\r\n<td class=\"cremuneracao\">R$ 2.212,89 \/20h<\/td>\r\n<\/tr><tr>\r\n<td class=\"ccargos\">\r\n<span data-balloon-length=\"medium\" aria-label=\"Curso superior com licenciatura de gradua\u00e7\u00e3o plena em Pedagogia ou curso normal em n\u00edvel m\u00e9dio ou superior.\" data-balloon-pos=\"up\">PROFESSOR EDUCA\u00c7\u00c3O INFANTIL<\/span><\/td>\r\n<td class=\"cvagas\">CR<\/td>\r\n<td class=\"cremuneracao\">R$ 556,56 \/24h<\/td>\r\n<\/tr><tr>\r\n<td class=\"ccargos\">\r\n<span data-balloon-length=\"medium\" aria-label=\"Curso superior com licenciatura de gradua\u00e7\u00e3o plena em Pedagogia ou curso normal em n\u00edvel m\u00e9dio ou superior\" data-balloon-pos=\"up\">PROFESSOR PEB I - FUNDAMENTAL<\/span><\/td>\r\n<td class=\"cvagas\">CR<\/td>\r\n<td class=\"cremuneracao\">R$ 742,08 \/32h<\/td>\r\n<\/tr><tr>\r\n<td class=\"ccargos\">\r\n<span data-balloon-length=\"medium\" aria-label=\"Curso superior com licenciatura de gradua\u00e7\u00e3o plena, com habilita\u00e7\u00e3o espec\u00edfica ou forma\u00e7\u00e3o superior em \u00e1rea correspondente e complementa\u00e7\u00e3o nos termos da legisla\u00e7\u00e3o vigente.\" data-balloon-pos=\"up\">PROFESSOR PEB II ARTES<\/span><\/td>\r\n<td class=\"cvagas\">CR<\/td>\r\n<td class=\"cremuneracao\">R$ 927,60 \/40h<\/td>\r\n<\/tr><tr>\r\n<td class=\"ccargos\">\r\n<span data-balloon-length=\"medium\" aria-label=\"Licenciatura Plena em Biologia, Licenciatura Plena em F\u00edsica, Licenciatura Plena em Qu\u00edmica ou Pedagogia em regime especial em Biologia.\" data-balloon-pos=\"up\">PROFESSOR PEB II CI\u00caNCIAS<\/span><\/td>\r\n<td class=\"cvagas\">CR<\/td>\r\n<td class=\"cremuneracao\">R$ 927,60 \/40h<\/td>\r\n<\/tr><tr>\r\n<td class=\"ccargos\">\r\n<span data-balloon-length=\"medium\" aria-label=\"Forma\u00e7\u00e3o em n\u00edvel superior de licenciatura plena e especializa\u00e7\u00e3o em Educa\u00e7\u00e3o Especial, com registro no MEC.\" data-balloon-pos=\"up\">PROFESSOR PEB II EDUCA\u00c7\u00c3O ESPECIAL<\/span><\/td>\r\n<td class=\"cvagas\">CR<\/td>\r\n<td class=\"cremuneracao\">R$ 927,60 \/40h<\/td>\r\n<\/tr><tr>\r\n<td class=\"ccargos\">\r\n<span data-balloon-length=\"medium\" aria-label=\"Licenciatura Plena em Filosofia ou Licenciatura em Pedagogia com habilita\u00e7\u00e3o em Filosofia.\" data-balloon-pos=\"up\">PROFESSOR PEB II FILOSOFIA<\/span><\/td>\r\n<td class=\"cvagas\">CR<\/td>\r\n<td class=\"cremuneracao\">R$ 927,60 \/40h<\/td>\r\n<\/tr><tr>\r\n<td class=\"ccargos\">\r\n<span data-balloon-length=\"medium\" aria-label=\"Licenciatura Plena em Geografia ou Pedagogia em regime especial em Geografia.\" data-balloon-pos=\"up\">PROFESSOR PEB II GEOGRAFIA<\/span><\/td>\r\n<td class=\"cvagas\">CR<\/td>\r\n<td class=\"cremuneracao\">R$ 927,60 \/40h<\/td>\r\n<\/tr><tr>\r\n<td class=\"ccargos\">\r\n<span data-balloon-length=\"medium\" aria-label=\"Licenciatura Plena em Hist\u00f3ria ou Pedagogia em regime especial em Hist\u00f3ria.\" data-balloon-pos=\"up\">PROFESSOR PEB II HIST\u00d3RIA<\/span><\/td>\r\n<td class=\"cvagas\">CR<\/td>\r\n<td class=\"cremuneracao\">R$ 927,60 \/40h<\/td>\r\n<\/tr><tr>\r\n<td class=\"ccargos\">\r\n<span data-balloon-length=\"medium\" aria-label=\"Licenciatura Plena em Letras L\u00edngua Inglesa ou Pedagogia em regime especial em L\u00edngua Inglesa.\" data-balloon-pos=\"up\">PROFESSOR PEB II INGL\u00caS<\/span><\/td>\r\n<td class=\"cvagas\">CR<\/td>\r\n<td class=\"cremuneracao\">R$ 927,60 \/40h<\/td>\r\n<\/tr><tr>\r\n<td class=\"ccargos\">\r\n<span data-balloon-length=\"medium\" aria-label=\"Licenciatura Plena em Letras L\u00edngua Portuguesa ou Pedagogia em regime especial em L\u00edngua Portuguesa.\" data-balloon-pos=\"up\">PROFESSOR PEB II L\u00cdNGUA PORTUGUESA<\/span><\/td>\r\n<td class=\"cvagas\">CR<\/td>\r\n<td class=\"cremuneracao\">R$ 927,60 \/40h<\/td>\r\n<\/tr><tr>\r\n<td class=\"ccargos\">\r\n<span data-balloon-length=\"medium\" aria-label=\"Licenciatura Plena em Matem\u00e1tica ou Pedagogia em regime especial em Matem\u00e1tica.\" data-balloon-pos=\"up\">PROFESSOR PEB II MATEM\u00c1TICA<\/span><\/td>\r\n<td class=\"cvagas\">CR<\/td>\r\n<td class=\"cremuneracao\">R$ 927,60 \/40h<\/td>\r\n<\/tr><tr>\r\n<td class=\"ccargos\">\r\n<span data-balloon-length=\"medium\" data-balloon-pos=\"up\">PROFESSOR PEB II EDUCA\u00c7\u00c3O F\u00cdSICA<\/span><\/td>\r\n<td class=\"cvagas\">CR<\/td>\r\n<td class=\"cremuneracao\">R$ 927,60 \/40h<\/td>\r\n<\/tr>\r\n    <\/tbody>\r\n  <\/table>\r\n<\/div>"},"_links":{"self":[{"href":"https:\/\/www.agrobase.com.br\/concursos\/wp-json\/wp\/v2\/posts\/271190","targetHints":{"allow":["GET"]}}],"collection":[{"href":"https:\/\/www.agrobase.com.br\/concursos\/wp-json\/wp\/v2\/posts"}],"about":[{"href":"https:\/\/www.agrobase.com.br\/concursos\/wp-json\/wp\/v2\/types\/post"}],"author":[{"embeddable":true,"href":"https:\/\/www.agrobase.com.br\/concursos\/wp-json\/wp\/v2\/users\/7"}],"replies":[{"embeddable":true,"href":"https:\/\/www.agrobase.com.br\/concursos\/wp-json\/wp\/v2\/comments?post=271190"}],"version-history":[{"count":1,"href":"https:\/\/www.agrobase.com.br\/concursos\/wp-json\/wp\/v2\/posts\/271190\/revisions"}],"predecessor-version":[{"id":271192,"href":"https:\/\/www.agrobase.com.br\/concursos\/wp-json\/wp\/v2\/posts\/271190\/revisions\/271192"}],"wp:featuredmedia":[{"embeddable":true,"href":"https:\/\/www.agrobase.com.br\/concursos\/wp-json\/wp\/v2\/media\/271189"}],"wp:attachment":[{"href":"https:\/\/www.agrobase.com.br\/concursos\/wp-json\/wp\/v2\/media?parent=271190"}],"wp:term":[{"taxonomy":"category","embeddable":true,"href":"https:\/\/www.agrobase.com.br\/concursos\/wp-json\/wp\/v2\/categories?post=271190"},{"taxonomy":"post_tag","embeddable":true,"href":"https:\/\/www.agrobase.com.br\/concursos\/wp-json\/wp\/v2\/tags?post=271190"},{"taxonomy":"_amplo","embeddable":true,"href":"https:\/\/www.agrobase.com.br\/concursos\/wp-json\/wp\/v2\/_amplo?post=271190"},{"taxonomy":"destaque","embeddable":true,"href":"https:\/\/www.agrobase.com.br\/concursos\/wp-json\/wp\/v2\/destaque?post=271190"},{"taxonomy":"instituicoes","embeddable":true,"href":"https:\/\/www.agrobase.com.br\/concursos\/wp-json\/wp\/v2\/instituicoes?post=271190"}],"curies":[{"name":"wp","href":"https:\/\/api.w.org\/{rel}","templated":true}]}}