{"id":271185,"date":"2025-09-12T07:50:44","date_gmt":"2025-09-12T10:50:44","guid":{"rendered":"https:\/\/www.agrobase.com.br\/concursos\/?p=271185"},"modified":"2025-09-11T13:39:14","modified_gmt":"2025-09-11T16:39:14","slug":"prefeitura-colider-mt-selecao-simplificada-04-2025","status":"publish","type":"post","link":"https:\/\/www.agrobase.com.br\/concursos\/2025\/prefeitura-colider-mt-selecao-simplificada-04-2025\/","title":{"rendered":"Prefeitura Col\u00edder (MT) &#8211; Sele\u00e7\u00e3o Simplificada 04\/2025"},"content":{"rendered":"<h2>Informa\u00e7\u00f5es Gerais<\/h2>\n<p>A Prefeitura Municipal de Col\u00edder, no estado de Mato Grosso, publicou o edital do Processo Seletivo Simplificado n\u00ba 004\/2025. O certame visa a contrata\u00e7\u00e3o tempor\u00e1ria e a forma\u00e7\u00e3o de cadastro reserva para profissionais de n\u00edvel superior. As oportunidades s\u00e3o para atua\u00e7\u00e3o na Rede Municipal de Educa\u00e7\u00e3o, sob o Regime Jur\u00eddico Administrativo. As vagas dispon\u00edveis s\u00e3o para as \u00e1reas de <strong>Nutri\u00e7\u00e3o<\/strong> e Assist\u00eancia Social. Este processo seletivo representa uma excelente oportunidade para profissionais que desejam ingressar no servi\u00e7o p\u00fablico municipal. Continue a leitura para conferir os detalhes sobre as inscri\u00e7\u00f5es, etapas e cronograma.<\/p>\n<h2>Inscri\u00e7\u00f5es<\/h2>\n<p>As inscri\u00e7\u00f5es para o Processo Seletivo Simplificado da Prefeitura de Col\u00edder\/MT s\u00e3o <strong>gratuitas<\/strong> e devem ser realizadas exclusivamente online. O per\u00edodo para se inscrever vai de <strong>15 de setembro de 2025, a partir das 07h, at\u00e9 o dia 19 de setembro de 2025, \u00e0s 23h59min<\/strong>. Os interessados devem acessar o endere\u00e7o eletr\u00f4nico <a href=\"https:\/\/sigeedu.com.br\/seletivo\" target=\"_blank\" rel=\"noopener noreferrer\">https:\/\/sigeedu.com.br\/seletivo<\/a> para preencher a ficha de inscri\u00e7\u00e3o.<\/p>\n<p>\u00c9 fundamental que o candidato conhe\u00e7a todas as normas do edital antes de se inscrever, pois a efetiva\u00e7\u00e3o da inscri\u00e7\u00e3o implica na aceita\u00e7\u00e3o de todas as condi\u00e7\u00f5es estabelecidas. A responsabilidade pelas informa\u00e7\u00f5es prestadas \u00e9 inteiramente do candidato, e erros ou omiss\u00f5es podem levar ao indeferimento da participa\u00e7\u00e3o. Ser\u00e1 aceita apenas uma inscri\u00e7\u00e3o por candidato. Para garantir a participa\u00e7\u00e3o, leia atentamente o edital completo.<\/p>\n<h2>Etapas e Provas<\/h2>\n<p>O processo seletivo ser\u00e1 composto por duas etapas principais, totalizando uma pontua\u00e7\u00e3o m\u00e1xima de 10 pontos. Ambas as fases s\u00e3o cruciais para a classifica\u00e7\u00e3o final dos candidatos.<\/p>\n<ul>\n<li><strong>An\u00e1lise de Curr\u00edculo (Prova de T\u00edtulos):<\/strong> De car\u00e1ter classificat\u00f3rio, esta etapa avaliar\u00e1 a experi\u00eancia profissional e a forma\u00e7\u00e3o acad\u00eamica do candidato, com pontua\u00e7\u00e3o m\u00e1xima de 5 pontos. Ser\u00e3o considerados a experi\u00eancia de trabalho na \u00e1rea da educa\u00e7\u00e3o (at\u00e9 3 pontos) e cursos de p\u00f3s-gradua\u00e7\u00e3o conclu\u00eddos na mesma \u00e1rea (at\u00e9 2 pontos). Os documentos devem ser protocolados presencialmente na Secretaria Municipal de Educa\u00e7\u00e3o entre 15 e 19 de setembro de 2025.<\/li>\n<li><strong>Entrevista:<\/strong> Etapa de car\u00e1ter classificat\u00f3rio e eliminat\u00f3rio, com valor m\u00e1ximo de 5 pontos. A entrevista, com dura\u00e7\u00e3o de at\u00e9 20 minutos, avaliar\u00e1 a comunica\u00e7\u00e3o, o uso da l\u00edngua portuguesa e o conhecimento sobre as atribui\u00e7\u00f5es do cargo. O n\u00e3o comparecimento ou atraso superior a 10 minutos resultar\u00e1 na elimina\u00e7\u00e3o do candidato. As datas e hor\u00e1rios ser\u00e3o divulgados no site oficial da prefeitura.<\/li>\n<\/ul>\n<p>Para obter informa\u00e7\u00f5es detalhadas sobre os crit\u00e9rios de pontua\u00e7\u00e3o, conte\u00fado da entrevista e o cronograma completo, \u00e9 indispens\u00e1vel a leitura do edital.<\/p>\n<h2>Resultados e Gabarito<\/h2>\n<p>Os resultados do processo seletivo ser\u00e3o divulgados em etapas, conforme o cronograma oficial. A classifica\u00e7\u00e3o preliminar est\u00e1 prevista para ser publicada em <strong>13 de outubro de 2025<\/strong>. Ap\u00f3s o per\u00edodo de recursos, o resultado final ser\u00e1 divulgado em <strong>21 de outubro de 2025<\/strong>, com a homologa\u00e7\u00e3o prevista para <strong>23 de outubro de 2025<\/strong>.<\/p>\n<p>A classifica\u00e7\u00e3o final dos candidatos ser\u00e1 feita em ordem decrescente, com base na soma dos pontos obtidos na an\u00e1lise de curr\u00edculo e na entrevista. Os crit\u00e9rios de desempate seguir\u00e3o a seguinte ordem: primeiro, idade igual ou superior a 60 anos; segundo, maior idade. A convoca\u00e7\u00e3o dos aprovados ocorrer\u00e1 por meio de edital publicado no site oficial da Prefeitura de Col\u00edder e no mural da Secretaria Municipal de Educa\u00e7\u00e3o, respeitando a ordem de classifica\u00e7\u00e3o e a necessidade da administra\u00e7\u00e3o.<\/p>\n<p>\u00c9 de responsabilidade exclusiva do candidato acompanhar todas as publica\u00e7\u00f5es oficiais referentes ao certame nos canais de comunica\u00e7\u00e3o indicados no edital.<\/p>\n","protected":false},"excerpt":{"rendered":"<p>Sel. Simplificada Pref. Col\u00edder (MT) com edital publicado! Vagas p\/ Nutricionista e Assistente Social (Superior). Inscri\u00e7\u00f5es a partir de 15\/09. Confira detalhes!<\/p>\n","protected":false},"author":7,"featured_media":271184,"comment_status":"open","ping_status":"open","sticky":false,"template":"","format":"standard","meta":{"_acf_changed":false,"_breakdance_hide_in_design_set":false,"_breakdance_tags":"","footnotes":""},"categories":[23,101],"tags":[47],"_amplo":[],"destaque":[],"instituicoes":[],"class_list":["post-271185","post","type-post","status-publish","format-standard","has-post-thumbnail","hentry","category-nutricao","category-servico-social","tag-mato-grosso"],"acf":{"_tipo_vagas":"vagas","_numero_vagas":"","_quadro_vagas":"","_cargos":"diversos","_cargos_especificos":"","_salario_max":"R$ 6272.49","_abertura":"20250915","_encerramento":"20250919","_inscricoes":"https:\/\/sigeedu.com.br\/seletivo","_executora_concurso":"","_instituicao_concurso":[],"_link_adicional":null,"_anexos":null,"_produtos":null,"_vagas":"2 vagas + CR","_salario_min":"R$ 4704.36","_instituicao":"Prefeitura de Col\u00edder","_edital":"https:\/\/www.agrobase.com.br\/concursos\/wp-content\/uploads\/sites\/4\/2025\/09\/edital-04-2025-prefeitura-de-colider-mt.pdf","_anexos_edital":"","_fund_incompleto":"","_fund_completo":"","_medio":"","_superior":"<div>\r\n<table class=\"quadro\">\r\n<thead>\r\n<tr>\r\n<th class=\"hcargo\">Cargo<\/th>\r\n<th class=\"hvagas\">Vagas<\/th>\r\n<th class=\"hremuneracao\">Remunera\u00e7\u00e3o<\/th>\r\n<\/tr>\r\n<\/thead>\r\n    <tbody>\r\n      <tr>\r\n<td class=\"ccargos\">\r\n<span data-balloon-length=\"medium\" aria-label=\"N\u00edvel Superior em Nutri\u00e7\u00e3o e registro no CRN\" data-balloon-pos=\"up\">NUTRICIONISTA<\/span><\/td>\r\n<td class=\"cvagas\">01 + CR<\/td>\r\n<td class=\"cremuneracao\">R$ 6.272,49 \/40h<\/td>\r\n<\/tr><tr>\r\n<td class=\"ccargos\">\r\n<span data-balloon-length=\"medium\" aria-label=\"N\u00edvel Superior em Servi\u00e7o Social e registro no CRESS\" data-balloon-pos=\"up\">ASSISTENTE SOCIAL<\/span><\/td>\r\n<td class=\"cvagas\">01 + CR<\/td>\r\n<td class=\"cremuneracao\">R$ 4.704,36 \/30h<\/td>\r\n<\/tr>\r\n    <\/tbody>\r\n  <\/table>\r\n<\/div>"},"_links":{"self":[{"href":"https:\/\/www.agrobase.com.br\/concursos\/wp-json\/wp\/v2\/posts\/271185","targetHints":{"allow":["GET"]}}],"collection":[{"href":"https:\/\/www.agrobase.com.br\/concursos\/wp-json\/wp\/v2\/posts"}],"about":[{"href":"https:\/\/www.agrobase.com.br\/concursos\/wp-json\/wp\/v2\/types\/post"}],"author":[{"embeddable":true,"href":"https:\/\/www.agrobase.com.br\/concursos\/wp-json\/wp\/v2\/users\/7"}],"replies":[{"embeddable":true,"href":"https:\/\/www.agrobase.com.br\/concursos\/wp-json\/wp\/v2\/comments?post=271185"}],"version-history":[{"count":2,"href":"https:\/\/www.agrobase.com.br\/concursos\/wp-json\/wp\/v2\/posts\/271185\/revisions"}],"predecessor-version":[{"id":271188,"href":"https:\/\/www.agrobase.com.br\/concursos\/wp-json\/wp\/v2\/posts\/271185\/revisions\/271188"}],"wp:featuredmedia":[{"embeddable":true,"href":"https:\/\/www.agrobase.com.br\/concursos\/wp-json\/wp\/v2\/media\/271184"}],"wp:attachment":[{"href":"https:\/\/www.agrobase.com.br\/concursos\/wp-json\/wp\/v2\/media?parent=271185"}],"wp:term":[{"taxonomy":"category","embeddable":true,"href":"https:\/\/www.agrobase.com.br\/concursos\/wp-json\/wp\/v2\/categories?post=271185"},{"taxonomy":"post_tag","embeddable":true,"href":"https:\/\/www.agrobase.com.br\/concursos\/wp-json\/wp\/v2\/tags?post=271185"},{"taxonomy":"_amplo","embeddable":true,"href":"https:\/\/www.agrobase.com.br\/concursos\/wp-json\/wp\/v2\/_amplo?post=271185"},{"taxonomy":"destaque","embeddable":true,"href":"https:\/\/www.agrobase.com.br\/concursos\/wp-json\/wp\/v2\/destaque?post=271185"},{"taxonomy":"instituicoes","embeddable":true,"href":"https:\/\/www.agrobase.com.br\/concursos\/wp-json\/wp\/v2\/instituicoes?post=271185"}],"curies":[{"name":"wp","href":"https:\/\/api.w.org\/{rel}","templated":true}]}}