{"id":271118,"date":"2025-09-11T07:40:04","date_gmt":"2025-09-11T10:40:04","guid":{"rendered":"https:\/\/www.agrobase.com.br\/concursos\/?p=271118"},"modified":"2025-09-10T11:44:00","modified_gmt":"2025-09-10T14:44:00","slug":"prefeitura-bonito-de-santa-fe-pb-concurso-01-2025","status":"publish","type":"post","link":"https:\/\/www.agrobase.com.br\/concursos\/2025\/prefeitura-bonito-de-santa-fe-pb-concurso-01-2025\/","title":{"rendered":"Prefeitura Bonito de Santa F\u00e9 (PB) &#8211; Concurso 01\/2025"},"content":{"rendered":"<h2>Informa\u00e7\u00f5es Gerais<\/h2>\n<p>O edital do Concurso P\u00fablico da Prefeitura Municipal de Bonito de Santa F\u00e9, no estado da Para\u00edba, foi oficialmente publicado. Organizado pela Funda\u00e7\u00e3o de Apoio Cient\u00edfico e Tecnol\u00f3gico do Tocantins (FAPTO), o certame oferece 49 vagas para provimento imediato, al\u00e9m da forma\u00e7\u00e3o de cadastro de reserva. As oportunidades s\u00e3o destinadas a candidatos com n\u00edvel fundamental (incompleto e completo), m\u00e9dio\/t\u00e9cnico e superior, com nomea\u00e7\u00f5es regidas pela legisla\u00e7\u00e3o municipal espec\u00edfica.<\/p>\n<p>As vagas est\u00e3o distribu\u00eddas em setores essenciais da administra\u00e7\u00e3o, como Sa\u00fade, Educa\u00e7\u00e3o, Assist\u00eancia Social, Transporte e Finan\u00e7as, com remunera\u00e7\u00f5es que variam de R$ 1.518,00 a R$ 4.283,60. Este concurso se destaca por incluir oportunidades em \u00e1reas de grande interesse, como <strong>Nutri\u00e7\u00e3o<\/strong>, com vagas para o cargo de Nutricionista, e <strong>Biologia<\/strong>, contemplada no cargo de Professor de Ci\u00eancias. Profissionais que buscam uma carreira s\u00f3lida no servi\u00e7o p\u00fablico encontrar\u00e3o neste certame uma excelente oportunidade de desenvolvimento.<\/p>\n<p>Para auxiliar sua decis\u00e3o e planejamento, detalhamos nas pr\u00f3ximas se\u00e7\u00f5es as informa\u00e7\u00f5es cruciais sobre as inscri\u00e7\u00f5es, as etapas do processo seletivo e como acompanhar os resultados. Continue a leitura e prepare-se para conquistar sua vaga.<\/p>\n<h2>Inscri\u00e7\u00f5es<\/h2>\n<p>As inscri\u00e7\u00f5es para o concurso da Prefeitura de Bonito de Santa F\u00e9 ser\u00e3o realizadas exclusivamente pela internet, no site da banca organizadora, a FAPTO. O per\u00edodo para se inscrever estar\u00e1 aberto de <strong>6 de setembro de 2025 at\u00e9 as 23h59 do dia 30 de setembro de 2025<\/strong>. Os candidatos devem preencher o formul\u00e1rio online e efetuar o pagamento da taxa de inscri\u00e7\u00e3o por meio de boleto banc\u00e1rio ou Chave Pix para confirmar a participa\u00e7\u00e3o.<\/p>\n<p>Os valores da taxa de inscri\u00e7\u00e3o foram definidos de acordo com o n\u00edvel de escolaridade do cargo pretendido:<\/p>\n<ul>\n<li><strong>N\u00edvel Fundamental:<\/strong> R$ 60,00<\/li>\n<li><strong>N\u00edvel M\u00e9dio:<\/strong> R$ 80,00<\/li>\n<li><strong>N\u00edvel Superior:<\/strong> R$ 130,00<\/li>\n<\/ul>\n<p>O edital prev\u00ea a possibilidade de isen\u00e7\u00e3o da taxa de inscri\u00e7\u00e3o, e os candidatos interessados devem consultar o documento oficial para verificar os crit\u00e9rios, procedimentos e prazos necess\u00e1rios para a solicita\u00e7\u00e3o. Ap\u00f3s a inscri\u00e7\u00e3o, \u00e9 importante acompanhar o status da confirma\u00e7\u00e3o na \u00e1rea restrita do candidato no site da FAPTO.<\/p>\n<p>\u00c9 fundamental a leitura completa do edital para conhecer todas as regras do certame, incluindo as disposi\u00e7\u00f5es sobre documenta\u00e7\u00e3o e condi\u00e7\u00f5es especiais.<\/p>\n<h2>Etapas e Provas<\/h2>\n<p>O processo seletivo do concurso de Bonito de Santa F\u00e9 ser\u00e1 estruturado em uma ou duas etapas, dependendo do cargo escolhido. Todos os candidatos ser\u00e3o submetidos a uma Prova Objetiva, de car\u00e1ter eliminat\u00f3rio e classificat\u00f3rio.<\/p>\n<p>A avalia\u00e7\u00e3o consistir\u00e1 em:<\/p>\n<ul>\n<li><strong>Prova Objetiva:<\/strong> Aplicada para todos os cargos, ter\u00e1 dura\u00e7\u00e3o de 3 horas e ser\u00e1 composta por 30 quest\u00f5es de m\u00faltipla escolha com quatro alternativas cada. Para ser considerado habilitado, o candidato dever\u00e1 obter no m\u00ednimo 50 pontos. As disciplinas variam conforme o n\u00edvel:\n<ul>\n<li><strong>N\u00edvel Superior (exceto Educa\u00e7\u00e3o):<\/strong> L\u00edngua Portuguesa, L\u00f3gica e Conhecimentos Espec\u00edficos.<\/li>\n<li><strong>N\u00edvel Superior (Educa\u00e7\u00e3o):<\/strong> L\u00edngua Portuguesa, Did\u00e1tica e Conhecimentos Espec\u00edficos.<\/li>\n<li><strong>N\u00edvel M\u00e9dio:<\/strong> L\u00edngua Portuguesa, Inform\u00e1tica e Conhecimentos Espec\u00edficos.<\/li>\n<li><strong>N\u00edvel Fundamental (Completo e Incompleto):<\/strong> L\u00edngua Portuguesa e Matem\u00e1tica (com exce\u00e7\u00e3o do cargo de Motorista, que tamb\u00e9m inclui Conhecimentos Espec\u00edficos).<\/li>\n<\/ul>\n<\/li>\n<li><strong>Prova de T\u00edtulos:<\/strong> Etapa de car\u00e1ter exclusivamente classificat\u00f3rio, destinada apenas aos candidatos aos cargos de <strong>N\u00edvel Superior da \u00e1rea da Educa\u00e7\u00e3o<\/strong> que forem aprovados na Prova Objetiva. A pontua\u00e7\u00e3o m\u00e1xima nesta fase \u00e9 de 10 pontos, atribu\u00eddos a t\u00edtulos de p\u00f3s-gradua\u00e7\u00e3o (especializa\u00e7\u00e3o, mestrado e doutorado).<\/li>\n<\/ul>\n<p>As provas objetivas ser\u00e3o realizadas no munic\u00edpio de Bonito de Santa F\u00e9\/PB e\/ou em cidades vizinhas, conforme a log\u00edstica definida pela banca organizadora. Para informa\u00e7\u00f5es detalhadas sobre o conte\u00fado program\u00e1tico de cada cargo, crit\u00e9rios de avalia\u00e7\u00e3o e o cronograma completo, consulte o edital oficial.<\/p>\n<h2>Resultados e Gabarito<\/h2>\n<p>O acompanhamento dos resultados \u00e9 uma fase crucial do concurso. Os gabaritos oficiais preliminares da Prova Objetiva ser\u00e3o divulgados no site da FAPTO na mesma data de aplica\u00e7\u00e3o das provas. Ap\u00f3s o per\u00edodo de recursos, a banca publicar\u00e1 os gabaritos definitivos e os resultados preliminares da prova.<\/p>\n<p>A classifica\u00e7\u00e3o final dos candidatos ser\u00e1 feita em ordem decrescente da pontua\u00e7\u00e3o total. Para os cargos com apenas Prova Objetiva, a nota final ser\u00e1 a pontua\u00e7\u00e3o obtida nesta etapa. Para os cargos de N\u00edvel Superior da Educa\u00e7\u00e3o, a nota final ser\u00e1 a soma dos pontos da Prova Objetiva e da Prova de T\u00edtulos. Em caso de empate, os crit\u00e9rios de desempate seguir\u00e3o a seguinte ordem de prioridade:<\/p>\n<ul>\n<li>Idade igual ou superior a 60 anos;<\/li>\n<li>Maior nota na Prova de T\u00edtulos (quando aplic\u00e1vel);<\/li>\n<li>Maior nota em Conhecimentos Espec\u00edficos;<\/li>\n<li>Maior nota em L\u00edngua Portuguesa;<\/li>\n<li>Maior idade (entre os candidatos com menos de 60 anos).<\/li>\n<\/ul>\n<p>O resultado final do concurso ser\u00e1 homologado pelo Prefeito Municipal e publicado no Di\u00e1rio Oficial da Prefeitura de Bonito de Santa F\u00e9. A convoca\u00e7\u00e3o dos aprovados seguir\u00e1 rigorosamente a ordem de classifica\u00e7\u00e3o e o prazo de validade do certame.<\/p>\n<p>\u00c9 de responsabilidade exclusiva do candidato acompanhar todas as publica\u00e7\u00f5es oficiais, incluindo convoca\u00e7\u00f5es e comunicados, no site da banca organizadora (www.fapto.org.br) e no Di\u00e1rio Oficial do munic\u00edpio.<\/p>\n","protected":false},"excerpt":{"rendered":"<p>Concurso Pref. Bonito de Santa F\u00e9 (PB) com edital publicado! Vagas p\/ Professor e Enfermeiro (Fund. a Sup.). Inscri\u00e7\u00f5es a partir de 06\/09. Confira detalhes!<\/p>\n","protected":false},"author":7,"featured_media":271117,"comment_status":"open","ping_status":"open","sticky":false,"template":"","format":"standard","meta":{"_acf_changed":false,"_breakdance_hide_in_design_set":false,"_breakdance_tags":"","footnotes":""},"categories":[3,6433,7,106,9,10,6434,12,17,18,111,100,20,116,23,25,26,101,108,130],"tags":[53],"_amplo":[],"destaque":[],"instituicoes":[],"class_list":["post-271118","post","type-post","status-publish","format-standard","has-post-thumbnail","hentry","category-administracao","category-biologia-licenciatura","category-biomedicina","category-bioquimica","category-ciencias-contabeis","category-direito","category-educacao-fisica-licenciatura","category-enfermagem","category-farmacia","category-fisioterapia","category-geografia","category-historia","category-letras","category-matematica","category-nutricao","category-pedagogia","category-psicologia","category-servico-social","category-tecnico-enfermagem","category-tecnico-informatica","tag-paraiba"],"acf":{"_tipo_vagas":"vagas","_numero_vagas":"","_quadro_vagas":"","_cargos":"diversos","_cargos_especificos":"","_salario_max":"R$ 4283.6","_abertura":"20250906","_encerramento":"20250930","_inscricoes":"https:\/\/www.fapto.org.br","_executora_concurso":"","_instituicao_concurso":[],"_link_adicional":null,"_anexos":null,"_produtos":null,"_vagas":"49 vagas","_salario_min":"R$ 1518","_instituicao":"Prefeitura de Bonito de Santa F\u00e9","_edital":"https:\/\/www.agrobase.com.br\/concursos\/wp-content\/uploads\/sites\/4\/2025\/09\/edital-01-2025-prefeitura-de-bonito-de-santa-fe-pb.pdf","_anexos_edital":"https:\/\/www.agrobase.com.br\/concursos\/wp-content\/uploads\/sites\/4\/2025\/09\/anexos-edital-01-2025-prefeitura-de-bonito-de-santa-fe-pb.pdf","_fund_incompleto":"<div>\r\n<table class=\"quadro\">\r\n<thead>\r\n<tr>\r\n<th class=\"hcargo\">Cargo<\/th>\r\n<th class=\"hvagas\">Vagas<\/th>\r\n<th class=\"hremuneracao\">Remunera\u00e7\u00e3o<\/th>\r\n<\/tr>\r\n<\/thead>\r\n    <tbody>\r\n      <td class=\"ccargos\">\r\n<span data-balloon-length=\"medium\" aria-label=\"Ensino Fundamental Incompleto\" data-balloon-pos=\"up\">AUXILIAR DE SERVI\u00c7OS GERAIS (SECRETARIA DE SA\u00daDE)<\/span><\/td>\r\n<td class=\"cvagas\">05<\/td>\r\n<td class=\"cremuneracao\">R$ 1.518,00 \/40h<\/td>\r\n<\/tr><td class=\"ccargos\">\r\n<span data-balloon-length=\"medium\" aria-label=\"Ensino fundamental incompleto\" data-balloon-pos=\"up\">AUXILIAR DE SERVI\u00c7OS GERAIS \u2013 ZONA URBANA (SECRETARIA DE EDUCA\u00c7\u00c3O)<\/span><\/td>\r\n<td class=\"cvagas\">03<\/td>\r\n<td class=\"cremuneracao\">R$ 1.518,00 \/40h<\/td>\r\n<\/tr><td class=\"ccargos\">\r\n<span data-balloon-length=\"medium\" aria-label=\"Ensino fundamental incompleto\" data-balloon-pos=\"up\">AUXILIAR DE SERVI\u00c7OS GERAIS - ZONA RURAL (SECRETARIA DE EDUCA\u00c7\u00c3O)<\/span><\/td>\r\n<td class=\"cvagas\">07<\/td>\r\n<td class=\"cremuneracao\">R$ 1.518,00 \/40h<\/td>\r\n<\/tr><td class=\"ccargos\">\r\n<span data-balloon-length=\"medium\" aria-label=\"ENSINO FUNDAMENTAL INCOMPLETO\" data-balloon-pos=\"up\">AUXILIAR DE SERVI\u00c7OS GERAIS (SECRETARIA DE ASSISTENCIA SOCIAL)<\/span><\/td>\r\n<td class=\"cvagas\">01<\/td>\r\n<td class=\"cremuneracao\">R$ 1.518,00 \/30h<\/td>\r\n<\/tr>\r\n    <\/tbody>\r\n  <\/table>\r\n<\/div>","_fund_completo":"<div>\r\n<table class=\"quadro\">\r\n<thead>\r\n<tr>\r\n<th class=\"hcargo\">Cargo<\/th>\r\n<th class=\"hvagas\">Vagas<\/th>\r\n<th class=\"hremuneracao\">Remunera\u00e7\u00e3o<\/th>\r\n<\/tr>\r\n<\/thead>\r\n    <tbody>\r\n      <td class=\"ccargos\">\r\n<span data-balloon-length=\"medium\" aria-label=\"Ensino Fundamental completo + CNH categoria AB\" data-balloon-pos=\"up\">MOTORISTA<\/span><\/td>\r\n<td class=\"cvagas\">02<\/td>\r\n<td class=\"cremuneracao\">R$ 1.518,00 \/40h<\/td>\r\n<\/tr><td class=\"ccargos\">\r\n<span data-balloon-length=\"medium\" aria-label=\"Ensino Fundamental completo + CNH categoria D + Curso de Condutor Socorrista\" data-balloon-pos=\"up\">MOTORISTA - CATEGORIA D (CONDUTOR SOCORRISTA) \u2013 SECRETARIA DE SA\u00daDE<\/span><\/td>\r\n<td class=\"cvagas\">01<\/td>\r\n<td class=\"cremuneracao\">R$ 1.518,00 \/30h<\/td>\r\n<\/tr><td class=\"ccargos\">\r\n<span data-balloon-length=\"medium\" aria-label=\"Ensino Fundamental completo + CNH categoria D\" data-balloon-pos=\"up\">MOTORISTA CATEGORIA D (TRANSPORTE DE ESTUDANTES)<\/span><\/td>\r\n<td class=\"cvagas\">02<\/td>\r\n<td class=\"cremuneracao\">R$ 1.518,00 \/40h<\/td>\r\n<\/tr><td class=\"ccargos\">\r\n<span data-balloon-length=\"medium\" aria-label=\"Ensino Fundamental completo + CNH categoria AB\" data-balloon-pos=\"up\">MOTORISTA (SECRETARIA DE ASSISTENCIA SOCIAL)<\/span><\/td>\r\n<td class=\"cvagas\">01<\/td>\r\n<td class=\"cremuneracao\">R$ 1.518,00 \/40h<\/td>\r\n<\/tr>\r\n    <\/tbody>\r\n  <\/table>\r\n<\/div>","_medio":"<div>\r\n<table class=\"quadro\">\r\n<thead>\r\n<tr>\r\n<th class=\"hcargo\">Cargo<\/th>\r\n<th class=\"hvagas\">Vagas<\/th>\r\n<th class=\"hremuneracao\">Remunera\u00e7\u00e3o<\/th>\r\n<\/tr>\r\n<\/thead>\r\n    <tbody>\r\n      <td class=\"ccargos\">\r\n<span data-balloon-length=\"medium\" aria-label=\"ENSINO M\u00c9DIO\" data-balloon-pos=\"up\">AGENTE ADMINISTRATIVO (SECRETARIA DE SA\u00daDE)<\/span><\/td>\r\n<td class=\"cvagas\">01<\/td>\r\n<td class=\"cremuneracao\">R$ 1.518,00 \/40h<\/td>\r\n<\/tr><td class=\"ccargos\">\r\n<span data-balloon-length=\"medium\" aria-label=\"Certifica\u00e7\u00e3o de conclus\u00e3o do curso T\u00e9cnico de Enfermagem, expedido por institui\u00e7\u00e3o de ensino reconhecida pelo MEC.\" data-balloon-pos=\"up\">T\u00c9CNICO EM ENFERMAGEM<\/span><\/td>\r\n<td class=\"cvagas\">01<\/td>\r\n<td class=\"cremuneracao\">R$ 1.518,00 \/30h<\/td>\r\n<\/tr><td class=\"ccargos\">\r\n<span data-balloon-length=\"medium\" aria-label=\"N\u00cdVEL M\u00c9DIO\" data-balloon-pos=\"up\">AGENTE ADMINISTRATIVO (SECRETARIA DE EDUCA\u00c7\u00c3O)<\/span><\/td>\r\n<td class=\"cvagas\">01<\/td>\r\n<td class=\"cremuneracao\">R$ 1.518,00 \/40h<\/td>\r\n<\/tr><td class=\"ccargos\">\r\n<span data-balloon-length=\"medium\" aria-label=\"Curso M\u00e9dio Pedag\u00f3gico ou Curso T\u00e9cnico em Magist\u00e9rio para a Educa\u00e7\u00e3o Infantil.\" data-balloon-pos=\"up\">CUIDADOR DE CRECHE (SECRETARIA DE EDUCA\u00c7\u00c3O)<\/span><\/td>\r\n<td class=\"cvagas\">01<\/td>\r\n<td class=\"cremuneracao\">R$ 1.518,00 \/40h<\/td>\r\n<\/tr><td class=\"ccargos\">\r\n<span data-balloon-length=\"medium\" aria-label=\"Ensino M\u00e9dio Completo, acrescido de Curso T\u00e9cnico em Inform\u00e1tica reconhecido pelo MEC.\" data-balloon-pos=\"up\">T\u00c9CNICO EM INFORM\u00c1TICA (SECRETARIA DE EDUCA\u00c7\u00c3O)<\/span><\/td>\r\n<td class=\"cvagas\">01<\/td>\r\n<td class=\"cremuneracao\">R$ 1.518,00 \/40h<\/td>\r\n<\/tr><td class=\"ccargos\">\r\n<span data-balloon-length=\"medium\" aria-label=\"Ensino m\u00e9dio completo e carteira nacional de habilita\u00e7\u00e3o categorias A e B.\" data-balloon-pos=\"up\">AGENTE DE TR\u00c2NSITO (SECRETARIA DE TRANSPORTE)<\/span><\/td>\r\n<td class=\"cvagas\">01<\/td>\r\n<td class=\"cremuneracao\">R$ 1.518,00 \/40h<\/td>\r\n<\/tr>\r\n    <\/tbody>\r\n  <\/table>\r\n<\/div>","_superior":"<div>\r\n<table class=\"quadro\">\r\n<thead>\r\n<tr>\r\n<th class=\"hcargo\">Cargo<\/th>\r\n<th class=\"hvagas\">Vagas<\/th>\r\n<th class=\"hremuneracao\">Remunera\u00e7\u00e3o<\/th>\r\n<\/tr>\r\n<\/thead>\r\n    <tbody>\r\n      <tr>\r\n<td class=\"ccargos\">\r\n<span data-balloon-length=\"medium\" aria-label=\"Diploma devidamente registrado de curso de gradua\u00e7\u00e3o em Biomedicina, fornecido por institui\u00e7\u00e3o, reconhecido pelo MEC. Devidamente registrado em conselho regional de classe\" data-balloon-pos=\"up\">BIOQU\u00cdMICO\/BIOM\u00c9DICO<\/span><\/td>\r\n<td class=\"cvagas\">01<\/td>\r\n<td class=\"cremuneracao\">R$ 1.518,00 \/40h<\/td>\r\n<\/tr><tr>\r\n<td class=\"ccargos\">\r\n<span data-balloon-length=\"medium\" aria-label=\"Ensino Superior em Enfermagem, com diploma reconhecido pelo Minist\u00e9rio da Educa\u00e7\u00e3o (MEC) e especializa\u00e7\u00e3o e\/ou experi\u00eancia comprovadas conforme as atribui\u00e7\u00f5es espec\u00edficas de cada \u00e1rea de atua\u00e7\u00e3o.\" data-balloon-pos=\"up\">ENFERMEIRO<\/span><\/td>\r\n<td class=\"cvagas\">01<\/td>\r\n<td class=\"cremuneracao\">R$ 1.518,00 \/30h<\/td>\r\n<\/tr><tr>\r\n<td class=\"ccargos\">\r\n<span data-balloon-length=\"medium\" aria-label=\"Ensino Superior em Enfermagem, com diploma reconhecido pelo Minist\u00e9rio da Educa\u00e7\u00e3o (MEC) e especializa\u00e7\u00e3o e\/ou experi\u00eancia comprovadas conforme as atribui\u00e7\u00f5es espec\u00edficas de cada \u00e1rea de atua\u00e7\u00e3o.\" data-balloon-pos=\"up\">ENFERMEIRO PSF<\/span><\/td>\r\n<td class=\"cvagas\">01<\/td>\r\n<td class=\"cremuneracao\">R$ 1.518,00 \/40h<\/td>\r\n<\/tr><tr>\r\n<td class=\"ccargos\">\r\n<span data-balloon-length=\"medium\" aria-label=\"O candidato deve possuir diploma de gradua\u00e7\u00e3o em uma das seguintes \u00e1reas, devidamente reconhecido pelo Minist\u00e9rio da Educa\u00e7\u00e3o (MEC): Para a fun\u00e7\u00e3o de Farmac\u00eautico: Bacharelado em Farm\u00e1cia.\" data-balloon-pos=\"up\">FARMAC\u00caUTICO\/BIOQU\u00cdMICO<\/span><\/td>\r\n<td class=\"cvagas\">01<\/td>\r\n<td class=\"cremuneracao\">R$ 1.518,00 \/40h<\/td>\r\n<\/tr><tr>\r\n<td class=\"ccargos\">\r\n<span data-balloon-length=\"medium\" aria-label=\"Ensino Superior completo e Diploma de gradua\u00e7\u00e3o em Fisioterapia, expedido por Institui\u00e7\u00e3o de Ensino Superior reconhecida pelo Minist\u00e9rio da Educa\u00e7\u00e3o (MEC).\" data-balloon-pos=\"up\">FISIOTERAPEUTA<\/span><\/td>\r\n<td class=\"cvagas\">01<\/td>\r\n<td class=\"cremuneracao\">R$ 1.518,00 \/40h<\/td>\r\n<\/tr><tr>\r\n<td class=\"ccargos\">\r\n<span data-balloon-length=\"medium\" aria-label=\"Gradua\u00e7\u00e3o em Servi\u00e7o Social, com diploma expedido por institui\u00e7\u00e3o de ensino superior reconhecida pelo Minist\u00e9rio da Educa\u00e7\u00e3o (MEC).\" data-balloon-pos=\"up\">ASSISTENTE SOCIAL (SECRETARIA DE SA\u00daDE)<\/span><\/td>\r\n<td class=\"cvagas\">01<\/td>\r\n<td class=\"cremuneracao\">R$ 1.518,00 \/40h<\/td>\r\n<\/tr><tr>\r\n<td class=\"ccargos\">\r\n<span data-balloon-length=\"medium\" aria-label=\"Gradua\u00e7\u00e3o em Nutri\u00e7\u00e3o, com diploma obtido em curso devidamente reconhecido pelo Minist\u00e9rio da Educa\u00e7\u00e3o (MEC).\" data-balloon-pos=\"up\">NUTRICIONISTA<\/span><\/td>\r\n<td class=\"cvagas\">01<\/td>\r\n<td class=\"cremuneracao\">R$ 1.518,00 \/40h<\/td>\r\n<\/tr><tr>\r\n<td class=\"ccargos\">\r\n<span data-balloon-length=\"medium\" aria-label=\"Gradua\u00e7\u00e3o em Servi\u00e7o Social, com diploma expedido por institui\u00e7\u00e3o de ensino superior reconhecida pelo Minist\u00e9rio da Educa\u00e7\u00e3o (MEC).\" data-balloon-pos=\"up\">ASSISTENTE SOCIAL (SECRETARIA DE EDUCA\u00c7\u00c3O)<\/span><\/td>\r\n<td class=\"cvagas\">01<\/td>\r\n<td class=\"cremuneracao\">R$ 1.518,00 \/40h<\/td>\r\n<\/tr><tr>\r\n<td class=\"ccargos\">\r\n<span data-balloon-length=\"medium\" aria-label=\"Ensino Superior completo. Gradua\u00e7\u00e3o em Nutri\u00e7\u00e3o, com diploma obtido em curso devidamente reconhecido pelo Minist\u00e9rio da Educa\u00e7\u00e3o (MEC).\" data-balloon-pos=\"up\">NUTRICIONISTA (SECRETARIA DE EDUCA\u00c7\u00c3O)<\/span><\/td>\r\n<td class=\"cvagas\">01<\/td>\r\n<td class=\"cremuneracao\">R$  \/40h<\/td>\r\n<\/tr><tr>\r\n<td class=\"ccargos\">\r\n<span data-balloon-length=\"medium\" aria-label=\"Licenciatura plena, com forma\u00e7\u00e3o espec\u00edfica em Portugu\u00eas, devidamente reconhecida pelo Minist\u00e9rio da Educa\u00e7\u00e3o \u2013 MEC, conforme previsto na Lei n\u00ba 9.394, de20 de dezembro de 1996, Lei de Diretrizes e Bases da Educa\u00e7\u00e3o Nacional, combinado com o disposto na Lei municipal n\u00ba 573, de 20 de janeiro de 2010.\" data-balloon-pos=\"up\">PROFESSOR CLASSE B - COM HABILITA\u00c7\u00c3O EM PORTUGU\u00caS<\/span><\/td>\r\n<td class=\"cvagas\">02<\/td>\r\n<td class=\"cremuneracao\">R$ 4.283,60 \/30h<\/td>\r\n<\/tr><tr>\r\n<td class=\"ccargos\">\r\n<span data-balloon-length=\"medium\" aria-label=\"Licenciatura plena, com forma\u00e7\u00e3o espec\u00edfica em ci\u00eancias, devidamente reconhecida pelo Minist\u00e9rio da Educa\u00e7\u00e3o \u2013 MEC, conforme previsto na Lei n\u00ba 9.394, de20 de dezembro de 1996, Lei de Diretrizes e Bases da Educa\u00e7\u00e3o Nacional, combinado com o disposto na Lei municipal n\u00ba 573, de 20 de janeiro de 2010.\" data-balloon-pos=\"up\">PROFESSOR CLASSE B - COM HABILITA\u00c7\u00c3O EM CI\u00caNCIAS<\/span><\/td>\r\n<td class=\"cvagas\">01<\/td>\r\n<td class=\"cremuneracao\">R$ 4.283,60 \/30h<\/td>\r\n<\/tr><tr>\r\n<td class=\"ccargos\">\r\n<span data-balloon-length=\"medium\" aria-label=\"Licenciatura plena, com forma\u00e7\u00e3o espec\u00edfica em matem\u00e1tica, devidamente reconhecida pelo Minist\u00e9rio da Educa\u00e7\u00e3o \u2013 MEC, conforme previsto na Lei n\u00ba 9.394, de20 de dezembro de 1996, Lei de Diretrizes e Bases da Educa\u00e7\u00e3o Nacional, combinado com o disposto na Lei municipal n\u00ba 573, de 20 de janeiro de 2010.\" data-balloon-pos=\"up\">PROFESSOR CLASSE B - COM HABILITA\u00c7\u00c3O EM MATEM\u00c1TICA<\/span><\/td>\r\n<td class=\"cvagas\">02<\/td>\r\n<td class=\"cremuneracao\">R$ 4.283,60 \/30h<\/td>\r\n<\/tr><tr>\r\n<td class=\"ccargos\">\r\n<span data-balloon-length=\"medium\" aria-label=\"Licenciatura plena, com forma\u00e7\u00e3o espec\u00edfica em hist\u00f3ria, devidamente reconhecida pelo Minist\u00e9rio da Educa\u00e7\u00e3o \u2013 MEC, conforme previsto na Lei n\u00ba 9.394, de20 de dezembro de 1996, Lei de Diretrizes e Bases da Educa\u00e7\u00e3o Nacional, combinado com o disposto na Lei municipal n\u00ba 573, de 20 de janeiro de 2010.\" data-balloon-pos=\"up\">PROFESSOR CLASSE B - COM HABILITA\u00c7\u00c3O EM HIST\u00d3RIA<\/span><\/td>\r\n<td class=\"cvagas\">01<\/td>\r\n<td class=\"cremuneracao\">R$ 4.283,60 \/30h<\/td>\r\n<\/tr><tr>\r\n<td class=\"ccargos\">\r\n<span data-balloon-length=\"medium\" aria-label=\"Licenciatura plena, com forma\u00e7\u00e3o espec\u00edfica em Geografia, devidamente reconhecida pelo Minist\u00e9rio da Educa\u00e7\u00e3o \u2013 MEC, conforme previsto na Lei n\u00ba 9.394, de20 de dezembro de 1996, Lei de Diretrizes e Bases da Educa\u00e7\u00e3o Nacional, combinado com o disposto na Lei municipal n\u00ba 573, de 20 de janeiro de 2010.\" data-balloon-pos=\"up\">PROFESSOR CLASSE B - COM HABILITA\u00c7\u00c3O EM GEOGRAFIA<\/span><\/td>\r\n<td class=\"cvagas\">01<\/td>\r\n<td class=\"cremuneracao\">R$ 4.283,60 \/30h<\/td>\r\n<\/tr><tr>\r\n<td class=\"ccargos\">\r\n<span data-balloon-length=\"medium\" aria-label=\"Licenciatura plena, com forma\u00e7\u00e3o espec\u00edfica em educa\u00e7\u00e3o f\u00edsica, devidamente reconhecida pelo Minist\u00e9rio da Educa\u00e7\u00e3o MEC, conforme previsto na Lei n\u00ba 9.394, de20 de dezembro de 1996, Lei de Diretrizes e Bases da Educa\u00e7\u00e3o Nacional, combinado com o disposto na Lei municipal n\u00ba 573, de 20 de janeiro de 2010.\" data-balloon-pos=\"up\">PROFESSOR CLASSE B - COM HABILITA\u00c7\u00c3O EM EDUCA\u00c7\u00c3O F\u00cdSICA<\/span><\/td>\r\n<td class=\"cvagas\">01<\/td>\r\n<td class=\"cremuneracao\">R$ 4.283,60 \/30h<\/td>\r\n<\/tr><tr>\r\n<td class=\"ccargos\">\r\n<span data-balloon-length=\"medium\" aria-label=\"Ensino Superior completo em Psicologia, devidamente reconhecido pelo Minist\u00e9rio da Educa\u00e7\u00e3o (MEC)\" data-balloon-pos=\"up\">PSIC\u00d3LOGO (SECRETARIA DE EDUCA\u00c7\u00c3O)<\/span><\/td>\r\n<td class=\"cvagas\">01<\/td>\r\n<td class=\"cremuneracao\">R$ 1.518,00 \/30h<\/td>\r\n<\/tr><tr>\r\n<td class=\"ccargos\">\r\n<span data-balloon-length=\"medium\" aria-label=\"Ensino Superior completo com Diploma de Gradua\u00e7\u00e3o em Pedagogia ou Psicologia, com p\u00f3s gradua\u00e7\u00e3o lato sensu com enfase em psicopedagogia devidamente reconhecida pelo Minist\u00e9rio da Educa\u00e7\u00e3o (MEC).\" data-balloon-pos=\"up\">PSICOPEDAGOGO (SECRETARIA DE EDUCA\u00c7\u00c3O)<\/span><\/td>\r\n<td class=\"cvagas\">01<\/td>\r\n<td class=\"cremuneracao\">R$ 4.283,60 \/40h<\/td>\r\n<\/tr><tr>\r\n<td class=\"ccargos\">\r\n<span data-balloon-length=\"medium\" aria-label=\"Ensino Superior completo em Psicologia, devidamente reconhecido pelo Minist\u00e9rio da Educa\u00e7\u00e3o (MEC)\" data-balloon-pos=\"up\">PSIC\u00d3LOGO (SECRETARIA DE ASSISTENCIA SOCIAL)<\/span><\/td>\r\n<td class=\"cvagas\">01<\/td>\r\n<td class=\"cremuneracao\">R$ 1.518,00 \/30h<\/td>\r\n<\/tr><tr>\r\n<td class=\"ccargos\">\r\n<span data-balloon-length=\"medium\" aria-label=\"Gradua\u00e7\u00e3o em Administra\u00e7\u00e3o, Ci\u00eancias Cont\u00e1beis, Direito, Economia ou \u00e1reas afins, com diploma expedido por institui\u00e7\u00e3o reconhecida pelo Minist\u00e9rio da Educa\u00e7\u00e3o (MEC).\" data-balloon-pos=\"up\">FISCAL DE TRIBUTOS (SECRETARIA DE FINAN\u00c7AS)<\/span><\/td>\r\n<td class=\"cvagas\">01<\/td>\r\n<td class=\"cremuneracao\">R$ 1.518,00 \/30h<\/td>\r\n<\/tr>\r\n    <\/tbody>\r\n  <\/table>\r\n<\/div>"},"_links":{"self":[{"href":"https:\/\/www.agrobase.com.br\/concursos\/wp-json\/wp\/v2\/posts\/271118","targetHints":{"allow":["GET"]}}],"collection":[{"href":"https:\/\/www.agrobase.com.br\/concursos\/wp-json\/wp\/v2\/posts"}],"about":[{"href":"https:\/\/www.agrobase.com.br\/concursos\/wp-json\/wp\/v2\/types\/post"}],"author":[{"embeddable":true,"href":"https:\/\/www.agrobase.com.br\/concursos\/wp-json\/wp\/v2\/users\/7"}],"replies":[{"embeddable":true,"href":"https:\/\/www.agrobase.com.br\/concursos\/wp-json\/wp\/v2\/comments?post=271118"}],"version-history":[{"count":2,"href":"https:\/\/www.agrobase.com.br\/concursos\/wp-json\/wp\/v2\/posts\/271118\/revisions"}],"predecessor-version":[{"id":271122,"href":"https:\/\/www.agrobase.com.br\/concursos\/wp-json\/wp\/v2\/posts\/271118\/revisions\/271122"}],"wp:featuredmedia":[{"embeddable":true,"href":"https:\/\/www.agrobase.com.br\/concursos\/wp-json\/wp\/v2\/media\/271117"}],"wp:attachment":[{"href":"https:\/\/www.agrobase.com.br\/concursos\/wp-json\/wp\/v2\/media?parent=271118"}],"wp:term":[{"taxonomy":"category","embeddable":true,"href":"https:\/\/www.agrobase.com.br\/concursos\/wp-json\/wp\/v2\/categories?post=271118"},{"taxonomy":"post_tag","embeddable":true,"href":"https:\/\/www.agrobase.com.br\/concursos\/wp-json\/wp\/v2\/tags?post=271118"},{"taxonomy":"_amplo","embeddable":true,"href":"https:\/\/www.agrobase.com.br\/concursos\/wp-json\/wp\/v2\/_amplo?post=271118"},{"taxonomy":"destaque","embeddable":true,"href":"https:\/\/www.agrobase.com.br\/concursos\/wp-json\/wp\/v2\/destaque?post=271118"},{"taxonomy":"instituicoes","embeddable":true,"href":"https:\/\/www.agrobase.com.br\/concursos\/wp-json\/wp\/v2\/instituicoes?post=271118"}],"curies":[{"name":"wp","href":"https:\/\/api.w.org\/{rel}","templated":true}]}}