{"id":271056,"date":"2025-09-10T07:40:44","date_gmt":"2025-09-10T10:40:44","guid":{"rendered":"https:\/\/www.agrobase.com.br\/concursos\/?p=271056"},"modified":"2025-09-09T10:54:03","modified_gmt":"2025-09-09T13:54:03","slug":"prefeitura-sao-francisco-pb-concurso-01-2025","status":"publish","type":"post","link":"https:\/\/www.agrobase.com.br\/concursos\/2025\/prefeitura-sao-francisco-pb-concurso-01-2025\/","title":{"rendered":"Prefeitura S\u00e3o Francisco (PB) &#8211; Concurso 01\/2025"},"content":{"rendered":"<h2>Informa\u00e7\u00f5es Gerais<\/h2>\n<p>O edital do Concurso P\u00fablico da Prefeitura Municipal de S\u00e3o Francisco, na Para\u00edba, foi publicado. Organizado pela Comiss\u00e3o Permanente de Concursos da Universidade Estadual da Para\u00edba (CPCon\/UEPB), o certame visa o preenchimento de 46 vagas efetivas para o quadro de servidores municipais, sob o regime jur\u00eddico Estatut\u00e1rio.<\/p>\n<p>As oportunidades abrangem cargos de n\u00edvel fundamental incompleto, m\u00e9dio, t\u00e9cnico e superior, distribu\u00eddas entre diversas \u00e1reas, como sa\u00fade, educa\u00e7\u00e3o, assist\u00eancia social e servi\u00e7os gerais. Para profissionais das \u00e1reas de ci\u00eancias agr\u00e1rias e da sa\u00fade, o concurso oferece vagas para <strong>Engenheiro Agr\u00f4nomo<\/strong>, <strong>M\u00e9dico Veterin\u00e1rio<\/strong> e <strong>Nutricionista<\/strong>, representando uma excelente oportunidade de ingresso no servi\u00e7o p\u00fablico municipal.<\/p>\n<p>Este concurso \u00e9 uma porta de entrada para uma carreira est\u00e1vel e com prop\u00f3sito na administra\u00e7\u00e3o p\u00fablica. Continue a leitura para conferir os detalhes sobre as inscri\u00e7\u00f5es, as etapas do processo seletivo e o cronograma de resultados.<\/p>\n<h2>Inscri\u00e7\u00f5es<\/h2>\n<p>As inscri\u00e7\u00f5es para o concurso da Prefeitura de S\u00e3o Francisco (PB) ser\u00e3o realizadas exclusivamente pela internet, no site da banca organizadora, a CPCon. O per\u00edodo para se inscrever vai de <strong>1\u00ba de setembro de 2025 a 5 de outubro de 2025<\/strong>.<\/p>\n<p>Os valores da taxa de inscri\u00e7\u00e3o foram definidos de acordo com o n\u00edvel de escolaridade do cargo pretendido:<\/p>\n<ul>\n<li><strong>N\u00edvel Fundamental Incompleto:<\/strong> R$ 75,00<\/li>\n<li><strong>N\u00edvel M\u00e9dio\/T\u00e9cnico:<\/strong> R$ 95,00<\/li>\n<li><strong>N\u00edvel Superior:<\/strong> R$ 115,00<\/li>\n<\/ul>\n<p>O pagamento do boleto banc\u00e1rio dever\u00e1 ser efetuado at\u00e9 o dia 6 de outubro de 2025. Candidatos que se enquadrem nos crit\u00e9rios estabelecidos no edital poder\u00e3o solicitar a isen\u00e7\u00e3o da taxa de inscri\u00e7\u00e3o entre os dias 1\u00ba e 2 de setembro de 2025. \u00c9 fundamental que o candidato acompanhe a confirma\u00e7\u00e3o de sua inscri\u00e7\u00e3o e demais comunicados na \u00e1rea restrita do site da CPCon.<\/p>\n<p>Para garantir a participa\u00e7\u00e3o, \u00e9 imprescind\u00edvel a leitura completa do edital, onde constam todas as regras e procedimentos do certame.<\/p>\n<h2>Etapas e Provas<\/h2>\n<p>O processo seletivo ser\u00e1 estruturado em at\u00e9 tr\u00eas fases, dependendo do cargo escolhido pelo candidato. As etapas s\u00e3o projetadas para avaliar conhecimentos te\u00f3ricos, habilidades pr\u00e1ticas e qualifica\u00e7\u00f5es profissionais.<\/p>\n<p>As fases do concurso s\u00e3o:<\/p>\n<ul>\n<li><strong>Prova Escrita Objetiva:<\/strong> De car\u00e1ter eliminat\u00f3rio e classificat\u00f3rio, ser\u00e1 aplicada para <em>todos os cargos<\/em>. A prova ter\u00e1 dura\u00e7\u00e3o de 4 horas e ser\u00e1 composta por 40 quest\u00f5es de m\u00faltipla escolha. As disciplinas variam conforme o n\u00edvel de escolaridade, incluindo L\u00edngua Portuguesa, Matem\u00e1tica, Racioc\u00ednio L\u00f3gico, Inform\u00e1tica, Conhecimentos Gerais, Conhecimentos Pedag\u00f3gicos e Conhecimentos Espec\u00edficos. Para ser aprovado, o candidato dever\u00e1 obter no m\u00ednimo 600 pontos e n\u00e3o zerar em nenhuma das \u00e1reas de conhecimento.<\/li>\n<li><strong>Prova Pr\u00e1tica:<\/strong> De car\u00e1ter eliminat\u00f3rio e classificat\u00f3rio, destinada exclusivamente ao cargo de <strong>Condutor Socorrista<\/strong>. Esta etapa visa avaliar as habilidades pr\u00e1ticas de dire\u00e7\u00e3o veicular em situa\u00e7\u00f5es simuladas, sendo necess\u00e1rio atingir pelo menos 50% da pontua\u00e7\u00e3o m\u00e1xima para aprova\u00e7\u00e3o.<\/li>\n<li><strong>Prova de T\u00edtulos:<\/strong> De car\u00e1ter apenas classificat\u00f3rio, esta fase \u00e9 exclusiva para os cargos de <strong>N\u00edvel Superior &#8211; Magist\u00e9rio<\/strong>. Ser\u00e3o avaliados documentos que comprovem a forma\u00e7\u00e3o acad\u00eamica e a experi\u00eancia profissional do candidato, podendo somar at\u00e9 100 pontos \u00e0 nota final.<\/li>\n<\/ul>\n<p>Para informa\u00e7\u00f5es detalhadas sobre o conte\u00fado program\u00e1tico, crit\u00e9rios de avalia\u00e7\u00e3o e o cronograma completo, a consulta ao edital oficial \u00e9 indispens\u00e1vel.<\/p>\n<h2>Resultados e Gabarito<\/h2>\n<p>O cronograma de divulga\u00e7\u00e3o dos resultados do concurso j\u00e1 est\u00e1 definido. A publica\u00e7\u00e3o do gabarito provis\u00f3rio da prova objetiva ocorrer\u00e1 em <strong>27 de outubro de 2025<\/strong>, e o gabarito definitivo ser\u00e1 divulgado em <strong>17 de novembro de 2025<\/strong>, mesma data da publica\u00e7\u00e3o do resultado preliminar desta etapa.<\/p>\n<p>Os resultados das demais fases, como a prova pr\u00e1tica e a avalia\u00e7\u00e3o de t\u00edtulos, ser\u00e3o publicados em datas posteriores, conforme o cronograma oficial. A divulga\u00e7\u00e3o do resultado final do concurso est\u00e1 prevista para <strong>10 de dezembro de 2025<\/strong>. A classifica\u00e7\u00e3o dos candidatos ser\u00e1 feita em ordem decrescente da nota final. Em caso de empate, os crit\u00e9rios de desempate seguir\u00e3o a ordem estabelecida no edital, que inclui, sucessivamente: idade (para candidatos idosos), maior nota na prova pr\u00e1tica (se houver), maior nota nas disciplinas de maior peso, exerc\u00edcio da fun\u00e7\u00e3o de jurado e, por fim, maior idade entre os n\u00e3o idosos.<\/p>\n<p>Ap\u00f3s a divulga\u00e7\u00e3o do resultado final, a Prefeitura Municipal de S\u00e3o Francisco realizar\u00e1 a homologa\u00e7\u00e3o do certame. As convoca\u00e7\u00f5es para a nomea\u00e7\u00e3o ser\u00e3o de responsabilidade da Prefeitura e dever\u00e3o ser acompanhadas por meio de seus canais oficiais de comunica\u00e7\u00e3o.<\/p>\n<p>\u00c9 de responsabilidade exclusiva do candidato acompanhar todas as publica\u00e7\u00f5es, desde os gabaritos at\u00e9 a convoca\u00e7\u00e3o final, no site da banca organizadora (CPCon) e nos meios de comunica\u00e7\u00e3o oficiais da Prefeitura.<\/p>\n","protected":false},"excerpt":{"rendered":"<p>Concurso Pref. S\u00e3o Francisco (PB) com edital publicado! Vagas p\/ Professor e Enfermeiro (Fund. a Sup.). Inscri\u00e7\u00f5es a partir de 01\/09. Sal\u00e1rios at\u00e9 R$ 3.9k. Confira detalhes!<\/p>\n","protected":false},"author":7,"featured_media":271055,"comment_status":"open","ping_status":"open","sticky":false,"template":"","format":"standard","meta":{"_acf_changed":false,"_breakdance_hide_in_design_set":false,"_breakdance_tags":"","footnotes":""},"categories":[4,5,6433,11,6434,12,17,6436,19,6871,116,21,22,23,24,25,26,6435,101,108],"tags":[53],"_amplo":[],"destaque":[],"instituicoes":[],"class_list":["post-271056","post","type-post","status-publish","format-standard","has-post-thumbnail","hentry","category-agronomia","category-arquitetura","category-biologia-licenciatura","category-educacao-fisica","category-educacao-fisica-licenciatura","category-enfermagem","category-farmacia","category-fisica-licenciatura","category-fonoaudiologia","category-letras-ingles","category-matematica","category-medicina","category-veterinaria","category-nutricao","category-odontologia","category-pedagogia","category-psicologia","category-quimica-licenciatura","category-servico-social","category-tecnico-enfermagem","tag-paraiba"],"acf":{"_tipo_vagas":"vagas","_numero_vagas":"","_quadro_vagas":"","_cargos":"diversos","_cargos_especificos":"","_salario_max":"R$ 3984.37","_abertura":"20250901","_encerramento":"20251005","_inscricoes":"https:\/\/sistemas.cpcon.uepb.edu.br\/sigeps-app\/login","_executora_concurso":"","_instituicao_concurso":[],"_link_adicional":null,"_anexos":null,"_produtos":null,"_vagas":"50 vagas","_salario_min":"R$ 1518","_instituicao":"Prefeitura de S\u00e3o Francisco","_edital":"https:\/\/www.agrobase.com.br\/concursos\/wp-content\/uploads\/sites\/4\/2025\/09\/edital-01-2025-prefeitura-de-sao-francisco-pb.pdf","_anexos_edital":"https:\/\/www.agrobase.com.br\/concursos\/wp-content\/uploads\/sites\/4\/2025\/09\/anexos-edital-01-2025-prefeitura-de-sao-francisco-pb.pdf","_fund_incompleto":"<div>\r\n<table class=\"quadro\">\r\n<thead>\r\n<tr>\r\n<th class=\"hcargo\">Cargo<\/th>\r\n<th class=\"hvagas\">Vagas<\/th>\r\n<th class=\"hremuneracao\">Remunera\u00e7\u00e3o<\/th>\r\n<\/tr>\r\n<\/thead>\r\n    <tbody>\r\n      <td class=\"ccargos\">\r\n<span data-balloon-length=\"medium\" aria-label=\"Ensino Fundamental Incompleto\" data-balloon-pos=\"up\">Coveiro<\/span><\/td>\r\n<td class=\"cvagas\">01<\/td>\r\n<td class=\"cremuneracao\">R$ 1.518,00 \/40h<\/td>\r\n<\/tr>\r\n    <\/tbody>\r\n  <\/table>\r\n<\/div>","_fund_completo":"","_medio":"<div>\r\n<table class=\"quadro\">\r\n<thead>\r\n<tr>\r\n<th class=\"hcargo\">Cargo<\/th>\r\n<th class=\"hvagas\">Vagas<\/th>\r\n<th class=\"hremuneracao\">Remunera\u00e7\u00e3o<\/th>\r\n<\/tr>\r\n<\/thead>\r\n    <tbody>\r\n      <td class=\"ccargos\">\r\n<span data-balloon-length=\"medium\" aria-label=\"Ensino M\u00e9dio Completo e haver conclu\u00eddo, com aproveitamento, curso introdut\u00f3rio de forma\u00e7\u00e3o inicial e continuada\" data-balloon-pos=\"up\">Agente de Combate \u00e0s Endemias<\/span><\/td>\r\n<td class=\"cvagas\">01<\/td>\r\n<td class=\"cremuneracao\">R$ 3.036,00 \/40h<\/td>\r\n<\/tr><td class=\"ccargos\">\r\n<span data-balloon-length=\"medium\" aria-label=\"Ensino M\u00e9dio Completo, Habilita\u00e7\u00e3o Categoria D e cursos espec\u00edficos para o SAMU\" data-balloon-pos=\"up\">Condutor Socorrista<\/span><\/td>\r\n<td class=\"cvagas\">04<\/td>\r\n<td class=\"cremuneracao\">R$ 1.639,44 \/24h<\/td>\r\n<\/tr><td class=\"ccargos\">\r\n<span data-balloon-length=\"medium\" aria-label=\"Ensino M\u00e9dio Completo ou equivalente profissionalizante, Curso de T\u00e9cnico em Enfermagem e registro no Conselho de Classe\" data-balloon-pos=\"up\">T\u00e9cnico em Enfermagem Plantonista (SAMU)<\/span><\/td>\r\n<td class=\"cvagas\">04<\/td>\r\n<td class=\"cremuneracao\">R$ 1.639,44 \/24h<\/td>\r\n<\/tr>\r\n    <\/tbody>\r\n  <\/table>\r\n<\/div>","_superior":"<div>\r\n<table class=\"quadro\">\r\n<thead>\r\n<tr>\r\n<th class=\"hcargo\">Cargo<\/th>\r\n<th class=\"hvagas\">Vagas<\/th>\r\n<th class=\"hremuneracao\">Remunera\u00e7\u00e3o<\/th>\r\n<\/tr>\r\n<\/thead>\r\n    <tbody>\r\n      <tr>\r\n<td class=\"ccargos\">\r\n<span data-balloon-length=\"medium\" aria-label=\"N\u00edvel Superior, acrescido de habilita\u00e7\u00e3o legal para exerc\u00edcio da profiss\u00e3o\" data-balloon-pos=\"up\">Arquiteto<\/span><\/td>\r\n<td class=\"cvagas\">01<\/td>\r\n<td class=\"cremuneracao\">R$ 2.379,47 \/30h<\/td>\r\n<\/tr><tr>\r\n<td class=\"ccargos\">\r\n<span data-balloon-length=\"medium\" aria-label=\"Bacharelado em Servi\u00e7o Social, acrescido de habilita\u00e7\u00e3o legal para o exerc\u00edcio da profiss\u00e3o\" data-balloon-pos=\"up\">Assistente Social<\/span><\/td>\r\n<td class=\"cvagas\">01<\/td>\r\n<td class=\"cremuneracao\">R$ 2.379,47 \/40h<\/td>\r\n<\/tr><tr>\r\n<td class=\"ccargos\">\r\n<span data-balloon-length=\"medium\" aria-label=\"Curso Superior Completo em Educa\u00e7\u00e3o F\u00edsica obtido em Institui\u00e7\u00e3o de Ensino Superior reconhecido pelo MEC; Registro no Conselho de Classe respectivo e estar inteiramente quite com as demais exig\u00eancias legais do \u00f3rg\u00e3o fiscalizador da profiss\u00e3o e as de habilita\u00e7\u00e3o para o exerc\u00edcio do cargo, nos termos da legisla\u00e7\u00e3o vigente\" data-balloon-pos=\"up\">Educador F\u00edsico<\/span><\/td>\r\n<td class=\"cvagas\">01<\/td>\r\n<td class=\"cremuneracao\">R$ 2.379,47 \/40h<\/td>\r\n<\/tr><tr>\r\n<td class=\"ccargos\">\r\n<span data-balloon-length=\"medium\" aria-label=\"N\u00edvel Superior, acrescido de habilita\u00e7\u00e3o legal para exerc\u00edcio da profiss\u00e3o\" data-balloon-pos=\"up\">Enfermeiro<\/span><\/td>\r\n<td class=\"cvagas\">01<\/td>\r\n<td class=\"cremuneracao\">R$ 2.379,47 \/40h<\/td>\r\n<\/tr><tr>\r\n<td class=\"ccargos\">\r\n<span data-balloon-length=\"medium\" aria-label=\"N\u00edvel Superior no curso de Enfermagem, acrescido de habilita\u00e7\u00e3o legal para exerc\u00edcio da profiss\u00e3o\" data-balloon-pos=\"up\">Enfermeiro Plantonista (SAMU)<\/span><\/td>\r\n<td class=\"cvagas\">04<\/td>\r\n<td class=\"cremuneracao\">R$ 2.379,40 \/24h<\/td>\r\n<\/tr><tr>\r\n<td class=\"ccargos\">\r\n<span data-balloon-length=\"medium\" aria-label=\"N\u00edvel Superior e habilita\u00e7\u00e3o legal para o exerc\u00edcio da profiss\u00e3o\" data-balloon-pos=\"up\">Engenheiro Agr\u00f4nomo<\/span><\/td>\r\n<td class=\"cvagas\">01<\/td>\r\n<td class=\"cremuneracao\">R$ 2.379,47 \/40h<\/td>\r\n<\/tr><tr>\r\n<td class=\"ccargos\">\r\n<span data-balloon-length=\"medium\" aria-label=\"N\u00edvel Superior em Farm\u00e1cia, acrescido de habilita\u00e7\u00e3o legal para exerc\u00edcio da profiss\u00e3o\" data-balloon-pos=\"up\">Farmac\u00eautico<\/span><\/td>\r\n<td class=\"cvagas\">01<\/td>\r\n<td class=\"cremuneracao\">R$ 2.379,47 \/40h<\/td>\r\n<\/tr><tr>\r\n<td class=\"ccargos\">\r\n<span data-balloon-length=\"medium\" aria-label=\"N\u00edvel Superior e habilita\u00e7\u00e3o legal para o exerc\u00edcio da profiss\u00e3o, inclusive Certifica\u00e7\u00e3o em ABA\" data-balloon-pos=\"up\">Fonoaudi\u00f3logo<\/span><\/td>\r\n<td class=\"cvagas\">01<\/td>\r\n<td class=\"cremuneracao\">R$ 2.379,47 \/30h<\/td>\r\n<\/tr><tr>\r\n<td class=\"ccargos\">\r\n<span data-balloon-length=\"medium\" aria-label=\"N\u00edvel Superior, acrescido de habilita\u00e7\u00e3o legal para exerc\u00edcio da profiss\u00e3o\" data-balloon-pos=\"up\">M\u00e9dico<\/span><\/td>\r\n<td class=\"cvagas\">03<\/td>\r\n<td class=\"cremuneracao\">R$ 2.379,47 \/40h<\/td>\r\n<\/tr><tr>\r\n<td class=\"ccargos\">\r\n<span data-balloon-length=\"medium\" aria-label=\"N\u00edvel Superior, acrescido de habilita\u00e7\u00e3o legal para exerc\u00edcio da profiss\u00e3o\" data-balloon-pos=\"up\">M\u00e9dico Veterin\u00e1rio<\/span><\/td>\r\n<td class=\"cvagas\">01<\/td>\r\n<td class=\"cremuneracao\">R$ 2.379,47 \/40h<\/td>\r\n<\/tr><tr>\r\n<td class=\"ccargos\">\r\n<span data-balloon-length=\"medium\" aria-label=\"N\u00edvel Superior, acrescido de habilita\u00e7\u00e3o legal para exerc\u00edcio da profiss\u00e3o\" data-balloon-pos=\"up\">Nutricionista<\/span><\/td>\r\n<td class=\"cvagas\">01<\/td>\r\n<td class=\"cremuneracao\">R$ 2.379,47 \/40h<\/td>\r\n<\/tr><tr>\r\n<td class=\"ccargos\">\r\n<span data-balloon-length=\"medium\" aria-label=\"N\u00edvel Superior e habilita\u00e7\u00e3o legal para o exerc\u00edcio da profiss\u00e3o\" data-balloon-pos=\"up\">Odont\u00f3logo - CEO (Especialidade: Cirurgia e Traumatologia Buco-Maxilo-Facial)<\/span><\/td>\r\n<td class=\"cvagas\">01<\/td>\r\n<td class=\"cremuneracao\">R$ 2.379,47 \/30h<\/td>\r\n<\/tr><tr>\r\n<td class=\"ccargos\">\r\n<span data-balloon-length=\"medium\" aria-label=\"N\u00edvel Superior e habilita\u00e7\u00e3o legal para o exerc\u00edcio da profiss\u00e3o\" data-balloon-pos=\"up\">Odont\u00f3logo - CEO (Especialidade: Endodontia)<\/span><\/td>\r\n<td class=\"cvagas\">01<\/td>\r\n<td class=\"cremuneracao\">R$ 2.379,47 \/30h<\/td>\r\n<\/tr><tr>\r\n<td class=\"ccargos\">\r\n<span data-balloon-length=\"medium\" aria-label=\"N\u00edvel Superior, acrescido de habilita\u00e7\u00e3o legal para exerc\u00edcio da profiss\u00e3o\" data-balloon-pos=\"up\">Odont\u00f3logo - CEO (Especialidade: Periodontia)<\/span><\/td>\r\n<td class=\"cvagas\">01<\/td>\r\n<td class=\"cremuneracao\">R$ 2.379,47 \/30h<\/td>\r\n<\/tr><tr>\r\n<td class=\"ccargos\">\r\n<span data-balloon-length=\"medium\" aria-label=\"N\u00edvel Superior em Odontologia, acrescido de habilita\u00e7\u00e3o legal para exerc\u00edcio da profiss\u00e3o\" data-balloon-pos=\"up\">Odont\u00f3logo PSF<\/span><\/td>\r\n<td class=\"cvagas\">01<\/td>\r\n<td class=\"cremuneracao\">R$ 2.379,47 \/40h<\/td>\r\n<\/tr><tr>\r\n<td class=\"ccargos\">\r\n<span data-balloon-length=\"medium\" aria-label=\"N\u00edvel Superior, acrescido de habilita\u00e7\u00e3o legal para exerc\u00edcio da profiss\u00e3o\" data-balloon-pos=\"up\">Psic\u00f3logo<\/span><\/td>\r\n<td class=\"cvagas\">01<\/td>\r\n<td class=\"cremuneracao\">R$ 2.379,47 \/30h<\/td>\r\n<\/tr><tr>\r\n<td class=\"ccargos\">\r\n<span data-balloon-length=\"medium\" aria-label=\"N\u00edvel Superior e habilita\u00e7\u00e3o legal para o exerc\u00edcio da profiss\u00e3o\" data-balloon-pos=\"up\">Psicopedagogo<\/span><\/td>\r\n<td class=\"cvagas\">01<\/td>\r\n<td class=\"cremuneracao\">R$ 2.379,47 \/30h<\/td>\r\n<\/tr><tr>\r\n<td class=\"ccargos\">\r\n<span data-balloon-length=\"medium\" aria-label=\"Curso Superior em Servi\u00e7o Social e registro no respectivo conselho de classe (CRESS)\" data-balloon-pos=\"up\">Assistente Social Educacional<\/span><\/td>\r\n<td class=\"cvagas\">01<\/td>\r\n<td class=\"cremuneracao\">R$ 2.379,47 \/30h<\/td>\r\n<\/tr><tr>\r\n<td class=\"ccargos\">\r\n<span data-balloon-length=\"medium\" aria-label=\"Licenciatura Plena em Pedagogia com habilita\u00e7\u00e3o para a Educa\u00e7\u00e3o Infantil\" data-balloon-pos=\"up\">Professor P1<\/span><\/td>\r\n<td class=\"cvagas\">03<\/td>\r\n<td class=\"cremuneracao\">R$ 3.689,23 \/30h<\/td>\r\n<\/tr><tr>\r\n<td class=\"ccargos\">\r\n<span data-balloon-length=\"medium\" aria-label=\"Licenciatura em Pedagogia ou curso normal superior com habilita\u00e7\u00e3o para os anos iniciais\" data-balloon-pos=\"up\">Professor P2<\/span><\/td>\r\n<td class=\"cvagas\">03<\/td>\r\n<td class=\"cremuneracao\">R$ 3.984,37 \/30h<\/td>\r\n<\/tr><tr>\r\n<td class=\"ccargos\">\r\n<span data-balloon-length=\"medium\" aria-label=\"Licenciatura plena em Pedagogia com forma\u00e7\u00e3o espec\u00edfica ou cursos de aperfei\u00e7oamento na \u00e1rea de Educa\u00e7\u00e3o Especial e\/ou AEE, conforme legisla\u00e7\u00e3o vigente, e habilita\u00e7\u00e3o para atuar no Atendimento Educacional Especializado\" data-balloon-pos=\"up\">Professor P3 AEE<\/span><\/td>\r\n<td class=\"cvagas\">02<\/td>\r\n<td class=\"cremuneracao\">R$ 3.984,37 \/30h<\/td>\r\n<\/tr><tr>\r\n<td class=\"ccargos\">\r\n<span data-balloon-length=\"medium\" aria-label=\"Licenciatura plena em Ci\u00eancias da Natureza ou em uma de suas \u00e1reas espec\u00edficas (F\u00edsica, Qu\u00edmica, Biologia), com complementa\u00e7\u00e3o pedag\u00f3gica ou forma\u00e7\u00e3o que habilite para atuar no componente Ci\u00eancias da Natureza, conforme legisla\u00e7\u00e3o educacional vigente\" data-balloon-pos=\"up\">Professor P3 - Ci\u00eancias da Natureza<\/span><\/td>\r\n<td class=\"cvagas\">01<\/td>\r\n<td class=\"cremuneracao\">R$ 3.984,37 \/30h<\/td>\r\n<\/tr><tr>\r\n<td class=\"ccargos\">\r\n<span data-balloon-length=\"medium\" aria-label=\"Licenciatura plena em Letras, com habilita\u00e7\u00e3o em L\u00edngua Inglesa\" data-balloon-pos=\"up\">Professor P3 - L\u00edngua Inglesa<\/span><\/td>\r\n<td class=\"cvagas\">01<\/td>\r\n<td class=\"cremuneracao\">R$ 3.984,37 \/30h<\/td>\r\n<\/tr><tr>\r\n<td class=\"ccargos\">\r\n<span data-balloon-length=\"medium\" aria-label=\"Licenciatura plena em Matem\u00e1tica\" data-balloon-pos=\"up\">Professor P3 - Matem\u00e1tica<\/span><\/td>\r\n<td class=\"cvagas\">01<\/td>\r\n<td class=\"cremuneracao\">R$ 3.984,37 \/30h<\/td>\r\n<\/tr><tr>\r\n<td class=\"ccargos\">\r\n<span data-balloon-length=\"medium\" aria-label=\"Curso Superior em Psicologia e registro no respectivo conselho de classe (CRP)\" data-balloon-pos=\"up\">Psic\u00f3logo Educacional<\/span><\/td>\r\n<td class=\"cvagas\">01<\/td>\r\n<td class=\"cremuneracao\">R$ 2.379,47 \/30h<\/td>\r\n<\/tr><tr>\r\n<td class=\"ccargos\">\r\n<span data-balloon-length=\"medium\" aria-label=\"Curso Superior em Pedagogia ou Psicologia com especializa\u00e7\u00e3o em Psicopedagogia e registro no conselho competente, quando aplic\u00e1vel\" data-balloon-pos=\"up\">Psicopedagogo Educacional<\/span><\/td>\r\n<td class=\"cvagas\">01<\/td>\r\n<td class=\"cremuneracao\">R$ 2.379,47 \/30h<\/td>\r\n<\/tr>\r\n    <\/tbody>\r\n  <\/table>\r\n<\/div>"},"_links":{"self":[{"href":"https:\/\/www.agrobase.com.br\/concursos\/wp-json\/wp\/v2\/posts\/271056","targetHints":{"allow":["GET"]}}],"collection":[{"href":"https:\/\/www.agrobase.com.br\/concursos\/wp-json\/wp\/v2\/posts"}],"about":[{"href":"https:\/\/www.agrobase.com.br\/concursos\/wp-json\/wp\/v2\/types\/post"}],"author":[{"embeddable":true,"href":"https:\/\/www.agrobase.com.br\/concursos\/wp-json\/wp\/v2\/users\/7"}],"replies":[{"embeddable":true,"href":"https:\/\/www.agrobase.com.br\/concursos\/wp-json\/wp\/v2\/comments?post=271056"}],"version-history":[{"count":2,"href":"https:\/\/www.agrobase.com.br\/concursos\/wp-json\/wp\/v2\/posts\/271056\/revisions"}],"predecessor-version":[{"id":271061,"href":"https:\/\/www.agrobase.com.br\/concursos\/wp-json\/wp\/v2\/posts\/271056\/revisions\/271061"}],"wp:featuredmedia":[{"embeddable":true,"href":"https:\/\/www.agrobase.com.br\/concursos\/wp-json\/wp\/v2\/media\/271055"}],"wp:attachment":[{"href":"https:\/\/www.agrobase.com.br\/concursos\/wp-json\/wp\/v2\/media?parent=271056"}],"wp:term":[{"taxonomy":"category","embeddable":true,"href":"https:\/\/www.agrobase.com.br\/concursos\/wp-json\/wp\/v2\/categories?post=271056"},{"taxonomy":"post_tag","embeddable":true,"href":"https:\/\/www.agrobase.com.br\/concursos\/wp-json\/wp\/v2\/tags?post=271056"},{"taxonomy":"_amplo","embeddable":true,"href":"https:\/\/www.agrobase.com.br\/concursos\/wp-json\/wp\/v2\/_amplo?post=271056"},{"taxonomy":"destaque","embeddable":true,"href":"https:\/\/www.agrobase.com.br\/concursos\/wp-json\/wp\/v2\/destaque?post=271056"},{"taxonomy":"instituicoes","embeddable":true,"href":"https:\/\/www.agrobase.com.br\/concursos\/wp-json\/wp\/v2\/instituicoes?post=271056"}],"curies":[{"name":"wp","href":"https:\/\/api.w.org\/{rel}","templated":true}]}}