{"id":270983,"date":"2025-09-08T08:38:03","date_gmt":"2025-09-08T11:38:03","guid":{"rendered":"https:\/\/www.agrobase.com.br\/concursos\/?p=270983"},"modified":"2025-09-05T14:38:21","modified_gmt":"2025-09-05T17:38:21","slug":"uefs-ba-concurso-01-2025","status":"publish","type":"post","link":"https:\/\/www.agrobase.com.br\/concursos\/2025\/uefs-ba-concurso-01-2025\/","title":{"rendered":"UEFS (BA) &#8211; Concurso 01\/2025"},"content":{"rendered":"<h2>Informa\u00e7\u00f5es Gerais<\/h2>\n<p>A Universidade Estadual de Feira de Santana (UEFS) publicou o <strong>Edital n\u00ba 01\/2025<\/strong> para seu novo Concurso P\u00fablico, destinado ao provimento de cargos na carreira do Magist\u00e9rio Superior. O certame visa preencher <strong>21 vagas efetivas<\/strong> para a classe de Professor Auxiliar, n\u00edvel A, com contrata\u00e7\u00e3o sob o regime Estatut\u00e1rio do Estado da Bahia. Todas as oportunidades exigem n\u00edvel superior, com gradua\u00e7\u00e3o e p\u00f3s-gradua\u00e7\u00e3o espec\u00edficas para cada \u00e1rea de estudo.<\/p>\n<p>As vagas abrangem diversos departamentos acad\u00eamicos, incluindo \u00e1reas como Psicologia, Direito, Educa\u00e7\u00e3o F\u00edsica, Computa\u00e7\u00e3o, Qu\u00edmica, Letras, Filosofia, Odontologia, Enfermagem e Engenharias. Dentre as oportunidades, destacam-se vagas de grande interesse para profissionais das ci\u00eancias agr\u00e1rias e biol\u00f3gicas, como <strong>Biologia<\/strong>, <strong>Zootecnia<\/strong> e <strong>Engenharia Ambiental<\/strong> (na \u00e1rea de Saneamento Ambiental).<\/p>\n<p>Este concurso representa uma excelente oportunidade para ingressar na carreira acad\u00eamica em uma das mais importantes institui\u00e7\u00f5es de ensino superior da Bahia. Continue a leitura para conferir os detalhes sobre as inscri\u00e7\u00f5es, etapas do processo seletivo e o cronograma de resultados.<\/p>\n<h2>Inscri\u00e7\u00f5es<\/h2>\n<p>As inscri\u00e7\u00f5es para o concurso da UEFS est\u00e3o abertas e devem ser realizadas exclusivamente pela internet. O per\u00edodo para se candidatar inicia \u00e0s <strong>10h do dia 10 de setembro de 2025 e encerra \u00e0s 23h59 do dia 29 de setembro de 2025<\/strong>. Para efetivar a participa\u00e7\u00e3o, \u00e9 necess\u00e1rio preencher o formul\u00e1rio eletr\u00f4nico no site oficial da Coordena\u00e7\u00e3o de Sele\u00e7\u00e3o e Admiss\u00e3o (CSA) da UEFS.<\/p>\n<p>O valor da taxa de inscri\u00e7\u00e3o \u00e9 de <strong>R$ 200,00<\/strong> para todos os cargos de Professor Auxiliar. O pagamento deve ser feito por meio de boleto banc\u00e1rio, que pode ser gerado no portal de inscri\u00e7\u00f5es at\u00e9 o \u00faltimo dia do prazo. \u00c9 importante ressaltar que o pagamento do boleto pode ser efetuado at\u00e9 o dia 30 de setembro de 2025. A universidade n\u00e3o aceitar\u00e1 pagamentos via PIX, transfer\u00eancia ou dep\u00f3sito.<\/p>\n<p>Para se inscrever, o candidato dever\u00e1 criar uma conta de usu\u00e1rio no sistema da CSA, preencher todos os dados solicitados e fazer o upload da documenta\u00e7\u00e3o exigida em formato PDF. Ap\u00f3s a finaliza\u00e7\u00e3o, \u00e9 fundamental gerar o comprovante de inscri\u00e7\u00e3o e o boleto para pagamento. A homologa\u00e7\u00e3o da inscri\u00e7\u00e3o depende da confirma\u00e7\u00e3o do pagamento ou da aprova\u00e7\u00e3o de eventual pedido de isen\u00e7\u00e3o, cujas regras devem ser consultadas no edital. Acompanhe todas as etapas e comunicados na \u00e1rea do candidato no site da UEFS.<\/p>\n<p>Para garantir sua participa\u00e7\u00e3o e conhecer todos os requisitos, leia atentamente o edital completo antes de realizar a inscri\u00e7\u00e3o.<\/p>\n<h2>Etapas e Provas<\/h2>\n<p>O processo seletivo para o cargo de Professor Auxiliar da UEFS ser\u00e1 composto por tr\u00eas etapas distintas, todas realizadas em Feira de Santana (BA). A aprova\u00e7\u00e3o em cada fase \u00e9 requisito para avan\u00e7ar para a seguinte. As datas, hor\u00e1rios e locais espec\u00edficos ser\u00e3o divulgados no site da organizadora.<\/p>\n<p>As etapas do concurso s\u00e3o:<\/p>\n<ul>\n<li><strong>Prova Escrita:<\/strong> De car\u00e1ter eliminat\u00f3rio e classificat\u00f3rio, consistir\u00e1 em uma disserta\u00e7\u00e3o sobre um ponto \u00fanico sorteado no momento da prova. Ter\u00e1 dura\u00e7\u00e3o de 5 horas, sendo que na primeira hora os candidatos poder\u00e3o consultar material bibliogr\u00e1fico. Para ser aprovado, o candidato dever\u00e1 obter nota m\u00e9dia igual ou superior a 7,0.<\/li>\n<li><strong>Prova Did\u00e1tica:<\/strong> Tamb\u00e9m de car\u00e1ter eliminat\u00f3rio e classificat\u00f3rio, esta etapa consiste em uma aula expositiva em sess\u00e3o p\u00fablica, com dura\u00e7\u00e3o entre 40 e 50 minutos. O tema da aula ser\u00e1 sorteado com, no m\u00ednimo, 24 horas de anteced\u00eancia. A avalia\u00e7\u00e3o considerar\u00e1 o dom\u00ednio do conte\u00fado, a clareza e a capacidade pedag\u00f3gica do candidato, que tamb\u00e9m precisar\u00e1 de m\u00e9dia m\u00ednima de 7,0 para ser aprovado.<\/li>\n<li><strong>Prova de T\u00edtulos:<\/strong> De car\u00e1ter exclusivamente classificat\u00f3rio, esta fase avaliar\u00e1 a forma\u00e7\u00e3o acad\u00eamica, a produ\u00e7\u00e3o cient\u00edfica, t\u00e9cnica e cultural, e as atividades did\u00e1tico-pedag\u00f3gicas do candidato. A pontua\u00e7\u00e3o ser\u00e1 atribu\u00edda com base nos documentos comprobat\u00f3rios enviados no ato da inscri\u00e7\u00e3o, conforme os crit\u00e9rios detalhados no edital.<\/li>\n<\/ul>\n<p>Para obter informa\u00e7\u00f5es completas sobre o conte\u00fado program\u00e1tico, os crit\u00e9rios de avalia\u00e7\u00e3o de cada etapa e o cronograma detalhado, \u00e9 indispens\u00e1vel a leitura do edital e seus anexos.<\/p>\n<h2>Resultados e Gabarito<\/h2>\n<p>A nota final dos candidatos ser\u00e1 calculada pela m\u00e9dia aritm\u00e9tica das pontua\u00e7\u00f5es obtidas nas provas Escrita, Did\u00e1tica e de T\u00edtulos. Em caso de empate na classifica\u00e7\u00e3o final, ser\u00e3o aplicados os seguintes crit\u00e9rios de desempate, em ordem de prioridade: idade igual ou superior a 60 anos, maior nota na Prova Did\u00e1tica, maior nota na Prova Escrita, maior nota na Prova de T\u00edtulos, ter exercido a fun\u00e7\u00e3o de jurado e, por fim, maior idade.<\/p>\n<p>O cronograma oficial prev\u00ea a publica\u00e7\u00e3o do resultado das provas no dia <strong>14 de novembro de 2025<\/strong>. O resultado provis\u00f3rio do concurso ser\u00e1 divulgado at\u00e9 <strong>13 de dezembro de 2025<\/strong>, ap\u00f3s a homologa\u00e7\u00e3o pelos Conselhos Departamentais. A homologa\u00e7\u00e3o do resultado final, ap\u00f3s a an\u00e1lise de todos os recursos, est\u00e1 prevista para ser publicada at\u00e9 <strong>17 de janeiro de 2025<\/strong> no Di\u00e1rio Oficial do Estado da Bahia (DOE) e no site da UEFS.<\/p>\n<p>A convoca\u00e7\u00e3o dos aprovados, respeitando a ordem de classifica\u00e7\u00e3o e o n\u00famero de vagas, ser\u00e1 realizada por meio de Aviso de Convoca\u00e7\u00e3o publicado no DOE. Os candidatos nomeados dever\u00e3o passar por inspe\u00e7\u00e3o m\u00e9dica e apresentar a documenta\u00e7\u00e3o exigida para a posse.<\/p>\n<p>\u00c9 de responsabilidade exclusiva do candidato acompanhar todas as publica\u00e7\u00f5es, comunicados e resultados referentes ao concurso nos canais oficiais: o site <strong>http:\/\/csa.uefs.br\/index.php\/professor251<\/strong> e o Di\u00e1rio Oficial do Estado da Bahia.<\/p>\n","protected":false},"excerpt":{"rendered":"<p>Concurso UEFS (BA) com edital publicado! Vagas p\/ Professor Auxiliar (Superior). Inscri\u00e7\u00f5es a partir de 10\/09. Sal\u00e1rio R$ 4.8k. Confira detalhes!<\/p>\n","protected":false},"author":7,"featured_media":270982,"comment_status":"open","ping_status":"open","sticky":false,"template":"","format":"standard","meta":{"_acf_changed":false,"_breakdance_hide_in_design_set":false,"_breakdance_tags":"","footnotes":""},"categories":[4,6433,126,10,6434,12,13,14,151,16,112,111,20,6871,116,22,24,26,6435,28],"tags":[42],"_amplo":[],"destaque":[],"instituicoes":[],"class_list":["post-270983","post","type-post","status-publish","format-standard","has-post-thumbnail","hentry","category-agronomia","category-biologia-licenciatura","category-ciencia-computacao","category-direito","category-educacao-fisica-licenciatura","category-enfermagem","category-engenharia-ambiental","category-engenharia","category-engenharia-computacao","category-engenharia-sanitaria","category-filosofia","category-geografia","category-letras","category-letras-ingles","category-matematica","category-veterinaria","category-odontologia","category-psicologia","category-quimica-licenciatura","category-zootecnia","tag-bahia"],"acf":{"_tipo_vagas":"vagas","_numero_vagas":"","_quadro_vagas":"","_cargos":"diversos","_cargos_especificos":"","_salario_max":"R$ 4828.84","_abertura":"20250910","_encerramento":"20250929","_inscricoes":"http:\/\/csa.uefs.br\/index.php\/professor251","_executora_concurso":"","_instituicao_concurso":[],"_link_adicional":null,"_anexos":null,"_produtos":null,"_vagas":"21 vagas","_salario_min":"R$ 4828.84","_instituicao":"UEFS","_edital":"https:\/\/www.agrobase.com.br\/concursos\/wp-content\/uploads\/sites\/4\/2025\/09\/edital-01-2025-uefs-ba.pdf","_anexos_edital":"","_fund_incompleto":"","_fund_completo":"","_medio":"","_superior":"<div>\r\n<table class=\"quadro\">\r\n<thead>\r\n<tr>\r\n<th class=\"hcargo\">Cargo<\/th>\r\n<th class=\"hvagas\">Vagas<\/th>\r\n<th class=\"hremuneracao\">Remunera\u00e7\u00e3o<\/th>\r\n<\/tr>\r\n<\/thead>\r\n    <tbody>\r\n      <tr>\r\n<td class=\"ccargos\">\r\n<span data-balloon-length=\"medium\" aria-label=\"Gradua\u00e7\u00e3o em Psicologia com p\u00f3s-gradua\u00e7\u00e3o (m\u00ednimo Especializa\u00e7\u00e3o) em Psicologia, Sa\u00fade Mental ou \u00e1reas afins.\" data-balloon-pos=\"up\">Fundamentos e Psicologia Geral<\/span><\/td>\r\n<td class=\"cvagas\">01<\/td>\r\n<td class=\"cremuneracao\">R$ 4.828,84 \/40h<\/td>\r\n<\/tr><tr>\r\n<td class=\"ccargos\">\r\n<span data-balloon-length=\"medium\" aria-label=\"Gradua\u00e7\u00e3o em Psicologia com p\u00f3s-gradua\u00e7\u00e3o (m\u00ednimo Especializa\u00e7\u00e3o) em Psicologia, Sa\u00fade Mental ou \u00e1reas afins.\" data-balloon-pos=\"up\">Psicologia Organizacional e do Trabalho<\/span><\/td>\r\n<td class=\"cvagas\">01<\/td>\r\n<td class=\"cremuneracao\">R$ 4.828,84 \/40h<\/td>\r\n<\/tr><tr>\r\n<td class=\"ccargos\">\r\n<span data-balloon-length=\"medium\" aria-label=\"Gradua\u00e7\u00e3o em Psicologia com p\u00f3s-gradua\u00e7\u00e3o (m\u00ednimo Especializa\u00e7\u00e3o) em Psicologia, Sa\u00fade Mental ou \u00e1reas afins.\" data-balloon-pos=\"up\">Psicologia das Rela\u00e7\u00f5es \u00c9tnico-raciais<\/span><\/td>\r\n<td class=\"cvagas\">01<\/td>\r\n<td class=\"cremuneracao\">R$ 4.828,84 \/40h<\/td>\r\n<\/tr><tr>\r\n<td class=\"ccargos\">\r\n<span data-balloon-length=\"medium\" aria-label=\"Gradua\u00e7\u00e3o em Direito com p\u00f3s-gradua\u00e7\u00e3o (m\u00ednimo Especializa\u00e7\u00e3o) em Direito ou \u00e1reas afins.\" data-balloon-pos=\"up\">Direito Constitucional\/ Teoria do Estado e Direito Eleitoral<\/span><\/td>\r\n<td class=\"cvagas\">01<\/td>\r\n<td class=\"cremuneracao\">R$  \/40h<\/td>\r\n<\/tr><tr>\r\n<td class=\"ccargos\">\r\n<span data-balloon-length=\"medium\" aria-label=\"Gradua\u00e7\u00e3o em Educa\u00e7\u00e3o F\u00edsica com p\u00f3s-gradua\u00e7\u00e3o (m\u00ednimo Especializa\u00e7\u00e3o) em Educa\u00e7\u00e3o F\u00edsica ou Educa\u00e7\u00e3o.\" data-balloon-pos=\"up\">Metodologia da Ensino e Est\u00e1gio Supervisionado em Educa\u00e7\u00e3o F\u00edsica<\/span><\/td>\r\n<td class=\"cvagas\">01<\/td>\r\n<td class=\"cremuneracao\">R$ 4.828,84 \/40h<\/td>\r\n<\/tr><tr>\r\n<td class=\"ccargos\">\r\n<span data-balloon-length=\"medium\" aria-label=\"Gradua\u00e7\u00e3o em Geografia com p\u00f3s-gradua\u00e7\u00e3o (m\u00ednimo Especializa\u00e7\u00e3o) em Geografia ou \u00e1reas afins.\" data-balloon-pos=\"up\">Metodologia e Pr\u00e1tica do Ensino de Geografia<\/span><\/td>\r\n<td class=\"cvagas\">01<\/td>\r\n<td class=\"cremuneracao\">R$ 4.828,84 \/40h<\/td>\r\n<\/tr><tr>\r\n<td class=\"ccargos\">\r\n<span data-balloon-length=\"medium\" aria-label=\"Gradua\u00e7\u00e3o em Matem\u00e1tica com p\u00f3s-gradua\u00e7\u00e3o (m\u00ednimo Especializa\u00e7\u00e3o) em Educa\u00e7\u00e3o Matem\u00e1tica ou \u00e1reas afins.\" data-balloon-pos=\"up\">Pr\u00e1tica de Ensino em Matem\u00e1tica<\/span><\/td>\r\n<td class=\"cvagas\">01<\/td>\r\n<td class=\"cremuneracao\">R$ 4.828,84 \/40h<\/td>\r\n<\/tr><tr>\r\n<td class=\"ccargos\">\r\n<span data-balloon-length=\"medium\" aria-label=\"Gradua\u00e7\u00e3o em Ci\u00eancia da Computa\u00e7\u00e3o, Engenharia da Computa\u00e7\u00e3o ou Sistemas de Informa\u00e7\u00e3o com p\u00f3s-gradua\u00e7\u00e3o (m\u00ednimo Especializa\u00e7\u00e3o) em Engenharia de Software ou \u00e1reas afins.\" data-balloon-pos=\"up\">Programa\u00e7\u00e3o e Engenharia de Software<\/span><\/td>\r\n<td class=\"cvagas\">01<\/td>\r\n<td class=\"cremuneracao\">R$ 4.828,84 \/40h<\/td>\r\n<\/tr><tr>\r\n<td class=\"ccargos\">\r\n<span data-balloon-length=\"medium\" aria-label=\"Gradua\u00e7\u00e3o em Qu\u00edmica (Bacharelado) ou Engenharia Qu\u00edmica com p\u00f3s-gradua\u00e7\u00e3o (m\u00ednimo Especializa\u00e7\u00e3o) em Qu\u00edmica ou \u00e1reas afins.\" data-balloon-pos=\"up\">Qu\u00edmica Geral e Qu\u00edmica Org\u00e2nica<\/span><\/td>\r\n<td class=\"cvagas\">01<\/td>\r\n<td class=\"cremuneracao\">R$ 4.828,84 \/40h<\/td>\r\n<\/tr><tr>\r\n<td class=\"ccargos\">\r\n<span data-balloon-length=\"medium\" aria-label=\"Gradua\u00e7\u00e3o em Letras (Libras com p\u00f3s-gradua\u00e7\u00e3o (m\u00ednimo Especializa\u00e7\u00e3o) em Libras) ou Licenciatura em qualquer \u00e1rea do conhecimento com p\u00f3s-gradua\u00e7\u00e3o (m\u00ednimo Especializa\u00e7\u00e3o) em Libras.\" data-balloon-pos=\"up\">Libras - No\u00e7\u00f5es B\u00e1sicas<\/span><\/td>\r\n<td class=\"cvagas\">01<\/td>\r\n<td class=\"cremuneracao\">R$ 4.828,84 \/40h<\/td>\r\n<\/tr><tr>\r\n<td class=\"ccargos\">\r\n<span data-balloon-length=\"medium\" aria-label=\"Gradua\u00e7\u00e3o em Letras (Ingl\u00eas) com p\u00f3s-gradua\u00e7\u00e3o (m\u00ednimo Especializa\u00e7\u00e3o) em L\u00edngua e Literatura de L\u00edngua Inglesa ou \u00e1reas afins.\" data-balloon-pos=\"up\">L\u00edngua e Literatura de L\u00edngua Inglesa<\/span><\/td>\r\n<td class=\"cvagas\">01<\/td>\r\n<td class=\"cremuneracao\">R$ 4.828,84 \/40h<\/td>\r\n<\/tr><tr>\r\n<td class=\"ccargos\">\r\n<span data-balloon-length=\"medium\" aria-label=\"Gradua\u00e7\u00e3o em Ci\u00eancias Biol\u00f3gicas, Gen\u00e9tica ou Biologia com p\u00f3s-gradua\u00e7\u00e3o (m\u00ednimo Especializa\u00e7\u00e3o) em Gen\u00e9tica ou \u00e1reas afins.\" data-balloon-pos=\"up\">Biologia e Gen\u00e9tica Curricular<\/span><\/td>\r\n<td class=\"cvagas\">01<\/td>\r\n<td class=\"cremuneracao\">R$ 4.828,84 \/40h<\/td>\r\n<\/tr><tr>\r\n<td class=\"ccargos\">\r\n<span data-balloon-length=\"medium\" aria-label=\"Gradua\u00e7\u00e3o em Ci\u00eancias Biol\u00f3gicas ou Biologia com p\u00f3s-gradua\u00e7\u00e3o (m\u00ednimo Especializa\u00e7\u00e3o) em Biologia, Sa\u00fade ou Educa\u00e7\u00e3o ou \u00e1reas afins.\" data-balloon-pos=\"up\">Biologia e Educa\u00e7\u00e3o<\/span><\/td>\r\n<td class=\"cvagas\">01<\/td>\r\n<td class=\"cremuneracao\">R$  \/40h<\/td>\r\n<\/tr><tr>\r\n<td class=\"ccargos\">\r\n<span data-balloon-length=\"medium\" aria-label=\"Gradua\u00e7\u00e3o em Zootecnia ou Engenharia de Alimentos e Zootecnia com p\u00f3s-gradua\u00e7\u00e3o (m\u00ednimo Especializa\u00e7\u00e3o) em Zootecnia Animal ou \u00e1reas afins.\" data-balloon-pos=\"up\">Zootecnia<\/span><\/td>\r\n<td class=\"cvagas\">01<\/td>\r\n<td class=\"cremuneracao\">R$ 4.828,84 \/40h<\/td>\r\n<\/tr><tr>\r\n<td class=\"ccargos\">\r\n<span data-balloon-length=\"medium\" aria-label=\"Gradua\u00e7\u00e3o em Filosofia com p\u00f3s-gradua\u00e7\u00e3o (m\u00ednimo Especializa\u00e7\u00e3o) em Filosofia.\" data-balloon-pos=\"up\">Filosofia da Ci\u00eancia<\/span><\/td>\r\n<td class=\"cvagas\">01<\/td>\r\n<td class=\"cremuneracao\">R$ 4.828,84 \/40h<\/td>\r\n<\/tr><tr>\r\n<td class=\"ccargos\">\r\n<span data-balloon-length=\"medium\" aria-label=\"Gradua\u00e7\u00e3o em Odontologia com p\u00f3s-gradua\u00e7\u00e3o (m\u00ednimo Especializa\u00e7\u00e3o) em Endodontia.\" data-balloon-pos=\"up\">Cl\u00ednica Odontol\u00f3gica<\/span><\/td>\r\n<td class=\"cvagas\">01<\/td>\r\n<td class=\"cremuneracao\">R$ 4.828,84 \/40h<\/td>\r\n<\/tr><tr>\r\n<td class=\"ccargos\">\r\n<span data-balloon-length=\"medium\" aria-label=\"Gradua\u00e7\u00e3o em Enfermagem com p\u00f3s-gradua\u00e7\u00e3o (m\u00ednimo Especializa\u00e7\u00e3o) em: Gerontologia; Enfermagem Gerontol\u00f3gica ou \u00e1reas afins.\" data-balloon-pos=\"up\">Enfermagem na Sa\u00fade do Adulto e do Idoso<\/span><\/td>\r\n<td class=\"cvagas\">01<\/td>\r\n<td class=\"cremuneracao\">R$ 4.828,84 \/40h<\/td>\r\n<\/tr><tr>\r\n<td class=\"ccargos\">\r\n<span data-balloon-length=\"medium\" aria-label=\"Gradua\u00e7\u00e3o em Odontologia com p\u00f3s-gradua\u00e7\u00e3o (m\u00ednimo Especializa\u00e7\u00e3o) em Sa\u00fade Coletiva ou \u00e1reas afins.\" data-balloon-pos=\"up\">Sa\u00fade Coletiva - Odontologia<\/span><\/td>\r\n<td class=\"cvagas\">01<\/td>\r\n<td class=\"cremuneracao\">R$  \/40h<\/td>\r\n<\/tr><tr>\r\n<td class=\"ccargos\">\r\n<span data-balloon-length=\"medium\" aria-label=\"Gradua\u00e7\u00e3o em Engenharia Civil com p\u00f3s-gradua\u00e7\u00e3o (m\u00ednimo Especializa\u00e7\u00e3o) em Constru\u00e7\u00e3o Civil ou \u00e1reas afins.\" data-balloon-pos=\"up\">Constru\u00e7\u00e3o Civil<\/span><\/td>\r\n<td class=\"cvagas\">01<\/td>\r\n<td class=\"cremuneracao\">R$ 4.828,84 \/40h<\/td>\r\n<\/tr><tr>\r\n<td class=\"ccargos\">\r\n<span data-balloon-length=\"medium\" aria-label=\"Gradua\u00e7\u00e3o em Engenharia Civil com p\u00f3s-gradua\u00e7\u00e3o (m\u00ednimo Especializa\u00e7\u00e3o) em Geotecnia ou \u00e1reas afins.\" data-balloon-pos=\"up\">Geotecnia e Infraestrutura de Transportes<\/span><\/td>\r\n<td class=\"cvagas\">01<\/td>\r\n<td class=\"cremuneracao\">R$ 4.828,84 \/40h<\/td>\r\n<\/tr><tr>\r\n<td class=\"ccargos\">\r\n<span data-balloon-length=\"medium\" aria-label=\"Gradua\u00e7\u00e3o em Engenharia Civil ou Engenharia Sanit\u00e1ria e Ambiental ou \u00e1reas afins com p\u00f3s-gradua\u00e7\u00e3o (m\u00ednimo Especializa\u00e7\u00e3o) na \u00e1rea do concurso.\" data-balloon-pos=\"up\">Saneamento Ambiental e Instala\u00e7\u00f5es Hidrossanit\u00e1rias Prediais<\/span><\/td>\r\n<td class=\"cvagas\">01<\/td>\r\n<td class=\"cremuneracao\">R$ 4.828,84 \/40h<\/td>\r\n<\/tr>\r\n    <\/tbody>\r\n  <\/table>\r\n<\/div>"},"_links":{"self":[{"href":"https:\/\/www.agrobase.com.br\/concursos\/wp-json\/wp\/v2\/posts\/270983","targetHints":{"allow":["GET"]}}],"collection":[{"href":"https:\/\/www.agrobase.com.br\/concursos\/wp-json\/wp\/v2\/posts"}],"about":[{"href":"https:\/\/www.agrobase.com.br\/concursos\/wp-json\/wp\/v2\/types\/post"}],"author":[{"embeddable":true,"href":"https:\/\/www.agrobase.com.br\/concursos\/wp-json\/wp\/v2\/users\/7"}],"replies":[{"embeddable":true,"href":"https:\/\/www.agrobase.com.br\/concursos\/wp-json\/wp\/v2\/comments?post=270983"}],"version-history":[{"count":2,"href":"https:\/\/www.agrobase.com.br\/concursos\/wp-json\/wp\/v2\/posts\/270983\/revisions"}],"predecessor-version":[{"id":270986,"href":"https:\/\/www.agrobase.com.br\/concursos\/wp-json\/wp\/v2\/posts\/270983\/revisions\/270986"}],"wp:featuredmedia":[{"embeddable":true,"href":"https:\/\/www.agrobase.com.br\/concursos\/wp-json\/wp\/v2\/media\/270982"}],"wp:attachment":[{"href":"https:\/\/www.agrobase.com.br\/concursos\/wp-json\/wp\/v2\/media?parent=270983"}],"wp:term":[{"taxonomy":"category","embeddable":true,"href":"https:\/\/www.agrobase.com.br\/concursos\/wp-json\/wp\/v2\/categories?post=270983"},{"taxonomy":"post_tag","embeddable":true,"href":"https:\/\/www.agrobase.com.br\/concursos\/wp-json\/wp\/v2\/tags?post=270983"},{"taxonomy":"_amplo","embeddable":true,"href":"https:\/\/www.agrobase.com.br\/concursos\/wp-json\/wp\/v2\/_amplo?post=270983"},{"taxonomy":"destaque","embeddable":true,"href":"https:\/\/www.agrobase.com.br\/concursos\/wp-json\/wp\/v2\/destaque?post=270983"},{"taxonomy":"instituicoes","embeddable":true,"href":"https:\/\/www.agrobase.com.br\/concursos\/wp-json\/wp\/v2\/instituicoes?post=270983"}],"curies":[{"name":"wp","href":"https:\/\/api.w.org\/{rel}","templated":true}]}}