{"id":270971,"date":"2025-09-08T08:10:58","date_gmt":"2025-09-08T11:10:58","guid":{"rendered":"https:\/\/www.agrobase.com.br\/concursos\/?p=270971"},"modified":"2025-09-05T14:01:07","modified_gmt":"2025-09-05T17:01:07","slug":"ufu-mg-selecao-simplificada-156-2025","status":"publish","type":"post","link":"https:\/\/www.agrobase.com.br\/concursos\/2025\/ufu-mg-selecao-simplificada-156-2025\/","title":{"rendered":"UFU (MG) &#8211; Sele\u00e7\u00e3o Simplificada 156\/2025"},"content":{"rendered":"<h2>Informa\u00e7\u00f5es Gerais<\/h2>\n<p>A Universidade Federal de Uberl\u00e2ndia (UFU) publicou o edital PROGEP \u2116 156\/2025, que rege o processo seletivo simplificado para a contrata\u00e7\u00e3o tempor\u00e1ria de Professor Visitante e Pesquisador Visitante Estrangeiro. O certame visa preencher vagas em diversas \u00e1reas do conhecimento, sob o regime da Lei n\u00ba 8.745\/1993, que disp\u00f5e sobre a contrata\u00e7\u00e3o por tempo determinado para atender a necessidade de excepcional interesse p\u00fablico.<\/p>\n<p>As oportunidades s\u00e3o destinadas a candidatos com t\u00edtulo de Doutor, contemplando setores como Ci\u00eancia da Computa\u00e7\u00e3o, Engenharias, Astronomia e Psicologia. <strong>\u00c9 uma excelente oportunidade para profissionais da \u00e1rea de Biologia<\/strong>, pois h\u00e1 vagas para a \u00e1rea de Biodiversidade, com exig\u00eancia de doutorado em Bot\u00e2nica, Biologia Vegetal ou Ecologia.<\/p>\n<p>Este processo seletivo \u00e9 uma porta de entrada para atuar em uma das mais importantes institui\u00e7\u00f5es de ensino superior do pa\u00eds. Nas se\u00e7\u00f5es a seguir, voc\u00ea encontrar\u00e1 todos os detalhes sobre as inscri\u00e7\u00f5es, as etapas de avalia\u00e7\u00e3o e o cronograma de resultados para se preparar da melhor forma.<\/p>\n<h2>Inscri\u00e7\u00f5es<\/h2>\n<p>As inscri\u00e7\u00f5es para o processo seletivo da UFU estar\u00e3o abertas das <strong>15h do dia 10 de setembro de 2025 at\u00e9 as 14h59 do dia 25 de setembro de 2025<\/strong>. Os interessados dever\u00e3o realizar o procedimento presencialmente na Unidade Acad\u00eamica respons\u00e1vel pela vaga ou por e-mail, conforme as orienta\u00e7\u00f5es que ser\u00e3o detalhadas nos editais espec\u00edficos de cada \u00e1rea.<\/p>\n<p>O valor da taxa de inscri\u00e7\u00e3o \u00e9 de <strong>R$ 228,00<\/strong> para todos os cargos. O pagamento deve ser efetuado por meio de Guia de Recolhimento da Uni\u00e3o (GRU), que ser\u00e1 emitida pela Secretaria da Unidade Acad\u00eamica mediante solicita\u00e7\u00e3o do candidato. \u00c9 fundamental apresentar o comprovante de pagamento no ato da inscri\u00e7\u00e3o, dentro do prazo estipulado. O edital n\u00e3o menciona procedimentos para solicita\u00e7\u00e3o de isen\u00e7\u00e3o da taxa.<\/p>\n<p>O requerimento de inscri\u00e7\u00e3o e todas as informa\u00e7\u00f5es oficiais, incluindo os contatos das Unidades Acad\u00eamicas, est\u00e3o dispon\u00edveis no site oficial do processo seletivo. Ap\u00f3s a inscri\u00e7\u00e3o, \u00e9 de responsabilidade do candidato acompanhar as publica\u00e7\u00f5es e eventuais retifica\u00e7\u00f5es. Para garantir sua participa\u00e7\u00e3o, leia atentamente o edital completo e os editais complementares de cada vaga.<\/p>\n<h2>Etapas e Provas<\/h2>\n<p>O processo seletivo da UFU para Professor Visitante ser\u00e1 estruturado em m\u00faltiplas etapas de avalia\u00e7\u00e3o, cujo car\u00e1ter (eliminat\u00f3rio e\/ou classificat\u00f3rio) e detalhes ser\u00e3o definidos em editais complementares para cada vaga. Os candidatos devem estar preparados para as seguintes modalidades:<\/p>\n<ul>\n<li><strong>Prova Escrita:<\/strong> De car\u00e1ter eliminat\u00f3rio e\/ou classificat\u00f3rio, consistir\u00e1 na resolu\u00e7\u00e3o de quest\u00f5es objetivas ou discursivas sobre os conte\u00fados program\u00e1ticos. A dura\u00e7\u00e3o m\u00e1xima ser\u00e1 de 4 horas.<\/li>\n<li><strong>Prova Did\u00e1tica:<\/strong> Tamb\u00e9m eliminat\u00f3ria e\/ou classificat\u00f3ria, ser\u00e1 uma aula com dura\u00e7\u00e3o de 40 a 50 minutos sobre um tema sorteado com anteced\u00eancia. A banca poder\u00e1 realizar uma argui\u00e7\u00e3o de at\u00e9 30 minutos ap\u00f3s a apresenta\u00e7\u00e3o.<\/li>\n<li><strong>Prova Pr\u00e1tica:<\/strong> Prevista para algumas \u00e1reas, avaliar\u00e1 a capacidade t\u00e9cnica do candidato na execu\u00e7\u00e3o de procedimentos espec\u00edficos.<\/li>\n<li><strong>Prova Oral:<\/strong> Consistir\u00e1 em uma argui\u00e7\u00e3o pela comiss\u00e3o julgadora sobre temas do conte\u00fado program\u00e1tico, com dura\u00e7\u00e3o m\u00e1xima de 50 minutos.<\/li>\n<li><strong>Defesa de Projeto:<\/strong> Avalia\u00e7\u00e3o de um projeto de ensino, pesquisa ou extens\u00e3o relacionado \u00e0 \u00e1rea do certame, com argui\u00e7\u00e3o pela banca.<\/li>\n<li><strong>An\u00e1lise de T\u00edtulos e Experi\u00eancia Profissional:<\/strong> Etapa classificat\u00f3ria que pontuar\u00e1 a forma\u00e7\u00e3o acad\u00eamica, experi\u00eancia docente e profissional, e produ\u00e7\u00e3o intelectual dos candidatos aprovados nas fases anteriores.<\/li>\n<\/ul>\n<p>As provas poder\u00e3o ser organizadas em fases eliminat\u00f3rias e, em alguns casos, realizadas de forma remota. Para conhecer os crit\u00e9rios de avalia\u00e7\u00e3o, o conte\u00fado program\u00e1tico e o cronograma espec\u00edfico de cada vaga, \u00e9 indispens\u00e1vel a leitura atenta do edital principal e dos editais complementares.<\/p>\n<h2>Resultados e Gabarito<\/h2>\n<p>A divulga\u00e7\u00e3o de todos os atos do processo seletivo, incluindo listas de inscri\u00e7\u00f5es deferidas, cronogramas e resultados, ser\u00e1 centralizada no site oficial da UFU. O resultado do deferimento das inscri\u00e7\u00f5es, por exemplo, ser\u00e1 publicado em at\u00e9 5 dias \u00fateis ap\u00f3s o t\u00e9rmino do prazo de pagamento.<\/p>\n<p>A classifica\u00e7\u00e3o final ser\u00e1 determinada pela ordem decrescente da soma das notas obtidas em cada prova, multiplicadas por seus respectivos pesos. Para ser aprovado, o candidato n\u00e3o poder\u00e1 obter nota inferior a 70 pontos em nenhuma das provas de car\u00e1ter eliminat\u00f3rio. Os crit\u00e9rios de desempate seguir\u00e3o a seguinte ordem de prioridade:<\/p>\n<ul>\n<li>Idade igual ou superior a 60 anos;<\/li>\n<li>Maior nota na prova de maior peso;<\/li>\n<li>Maior idade.<\/li>\n<\/ul>\n<p>Ap\u00f3s a conclus\u00e3o de todas as etapas e prazos recursais, o resultado final ser\u00e1 homologado pela Pr\u00f3-Reitoria de Gest\u00e3o de Pessoas (PROGEP) e publicado no Di\u00e1rio Oficial da Uni\u00e3o. A convoca\u00e7\u00e3o dos aprovados para a contrata\u00e7\u00e3o seguir\u00e1 a ordem de classifica\u00e7\u00e3o e ser\u00e1 comunicada pelos canais oficiais.<\/p>\n<p>\u00c9 de responsabilidade exclusiva do candidato acompanhar todas as publica\u00e7\u00f5es no site da UFU e no Di\u00e1rio Oficial para n\u00e3o perder nenhuma informa\u00e7\u00e3o importante sobre o andamento do certame.<\/p>\n","protected":false},"excerpt":{"rendered":"<p>Sele\u00e7\u00e3o Simplificada UFU (MG) com edital publicado! Vagas p\/ Professores (Superior). Inscri\u00e7\u00f5es a partir de 10\/09. Confira detalhes!<\/p>\n","protected":false},"author":7,"featured_media":270970,"comment_status":"open","ping_status":"open","sticky":false,"template":"","format":"standard","meta":{"_acf_changed":false,"_breakdance_hide_in_design_set":false,"_breakdance_tags":"","footnotes":""},"categories":[6433,126,97,151,103,142,6436,26],"tags":[50],"_amplo":[],"destaque":[],"instituicoes":[],"class_list":["post-270971","post","type-post","status-publish","format-standard","has-post-thumbnail","hentry","category-biologia-licenciatura","category-ciencia-computacao","category-ecologia","category-engenharia-computacao","category-engenharia-eletrica","category-engenharia-eletronica","category-fisica-licenciatura","category-psicologia","tag-minas-gerais"],"acf":{"_tipo_vagas":"vagas","_numero_vagas":"","_quadro_vagas":"","_cargos":"diversos","_cargos_especificos":"","_salario_max":"R$ 24.802,62","_abertura":"20250910","_encerramento":"20250925","_inscricoes":"https:\/\/www.portalselecao.ufu.br","_executora_concurso":"","_instituicao_concurso":[],"_link_adicional":null,"_anexos":null,"_produtos":null,"_vagas":"6 vagas","_salario_min":"R$ 6.520,81","_instituicao":"UFU","_edital":"https:\/\/www.agrobase.com.br\/concursos\/wp-content\/uploads\/sites\/4\/2025\/09\/edital-156-2025-ufu-mg.pdf","_anexos_edital":"","_fund_incompleto":"","_fund_completo":"","_medio":"","_superior":"<div>\r\n<table class=\"quadro\">\r\n<thead>\r\n<tr>\r\n<th class=\"hcargo\">Cargo<\/th>\r\n<th class=\"hvagas\">Vagas<\/th>\r\n\r\n<\/tr>\r\n<\/thead>\r\n    <tbody>\r\n      <tr>\r\n<td class=\"ccargos\">\r\n<span data-balloon-length=\"medium\" aria-label=\"Doutorado em Ci\u00eancia da Computa\u00e7\u00e3o; ou Bioinform\u00e1tica; ou Biologia Computacional e Sistemas; ou Ci\u00eancias computacionais; ou Ci\u00eancias da Computa\u00e7\u00e3o; ou Ci\u00eancias da Computa\u00e7\u00e3o e Matem\u00e1tica Computacional; ou Computa\u00e7\u00e3o; ou Computa\u00e7\u00e3o Aplicada; ou Engenharia da Computa\u00e7\u00e3o; ou Engenharia de Sistemas e Computa\u00e7\u00e3o; ou Engenharia de Teleinform\u00e1tica; ou Engenharia El\u00e9trica e Computa\u00e7\u00e3o; ou Engenharia El\u00e9trica e de Computa\u00e7\u00e3o; ou Engenharia El\u00e9trica e Inform\u00e1tica Industrial; ou Engenharia Eletr\u00f4nica e Computa\u00e7\u00e3o; ou F\u00edsica Computacional; ou Gest\u00e3o e Inform\u00e1tica em Sa\u00fade; ou Inform\u00e1tica; ou Inform\u00e1tica Aplicada; ou Inform\u00e1tica e Gest\u00e3o do Conhecimento; ou Inform\u00e1tica na Educa\u00e7\u00e3o; ou Modelagem Computacional; ou Modelagem Computacional e Tecnologia Industrial; ou Modelagem Matem\u00e1tica e Computacional; ou Sistemas e Computa\u00e7\u00e3o; ser portador do t\u00edtulo de doutor h\u00e1, no m\u00ednimo, 2 (dois) anos; ser docente ou pesquisador de reconhecida compet\u00eancia na \u00e1rea do concurso, comprovando que foi palestrante convidado em evento na \u00e1rea do concurso ou que tenha ministrado pelo menos 1 disciplina na \u00e1rea do concurso; e ter produ\u00e7\u00e3o cient\u00edfica relevante, nos \u00faltimos 5 (cinco) anos, sendo pelo menos 1 trabalho classificado no Qualis CAPES B4 ou superior\" data-balloon-pos=\"up\">Professor(a) de Ci\u00eancia da Computa\u00e7\u00e3o<\/span><\/td>\r\n<td class=\"cvagas\">02<\/td>\r\n\r\n<\/tr><tr>\r\n<td class=\"ccargos\">\r\n<span data-balloon-length=\"medium\" aria-label=\"I - Ser portador do t\u00edtulo de doutor em Engenharia El\u00e9trica ou em Engenharia Eletr\u00f4nica ou em Engenharia de Telecomunica\u00e7\u00f5es ou Engenharia de Computa\u00e7\u00e3o ou Engenharia de Controle e Automa\u00e7\u00e3o h\u00e1, no m\u00ednimo, 2 (dois) anos; II - Ser docente ou pesquisador de reconhecida compet\u00eancia em sua \u00e1rea, comprovando que participou ou participa de projeto de pesquisa na \u00e1rea do concurso ou que tenha ministrado pelo menos 1 disciplina na \u00e1rea do certame; e III - ter produ\u00e7\u00e3o cient\u00edfica relevante nos \u00faltimos cinco anos, com comprova\u00e7\u00e3o de pelo menos dois artigos em peri\u00f3dicos com corpo editorial, na \u00e1rea do certame\" data-balloon-pos=\"up\">Professor(a) de Engenharias\/Engenharia de Eletr\u00f4nica e de Telecomunica\u00e7\u00f5es<\/span><\/td>\r\n<td class=\"cvagas\">01<\/td>\r\n\r\n<\/tr><tr>\r\n<td class=\"ccargos\">\r\n<span data-balloon-length=\"medium\" aria-label=\"I. Doutorado em Bot\u00e2nica ou Biologia Vegetal ou Ecologia, ou PhD na \u00e1rea de Bot\u00e2nica ou Biologia Vegetal ou Ecologia h\u00e1, no m\u00ednimo, 2 (dois) anos; II- Ter experi\u00eancia docente, com disciplina ministrada em cursos de gradua\u00e7\u00e3o ou p\u00f3s-gradua\u00e7\u00e3o na \u00e1rea do certame; III - Ter produ\u00e7\u00e3o cient\u00edfica relevante, com pelo menos dois trabalhos publicados em peri\u00f3dicos cient\u00edficos classificados pela CAPES\/Biodiversidade como Qualis A1 ou A2, nos \u00faltimos 5 (cinco) anos, na \u00e1rea do certame\" data-balloon-pos=\"up\">Professor(a) de Biodiversidade<\/span><\/td>\r\n<td class=\"cvagas\">01<\/td>\r\n\r\n<\/tr><tr>\r\n<td class=\"ccargos\">\r\n<span data-balloon-length=\"medium\" aria-label=\"I - ser portador do t\u00edtulo de doutor em F\u00edsica ou Astronomia h\u00e1 pelo menos 2 (dois) anos; e II - ser pesquisador de reconhecida compet\u00eancia na \u00e1rea do concurso, comprovando que foi palestrante em plen\u00e1ria em evento na \u00e1rea do concurso ou que tenha ministrado pelo menos uma disciplina na \u00e1rea do concurso; e III - ter produ\u00e7\u00e3o cient\u00edfica relevante na \u00e1rea do concurso nos \u00faltimos 5 anos, comprovando que publicou pelo menos um artigo com classifica\u00e7\u00e3o Qualis A na \u00e1rea do concurso\" data-balloon-pos=\"up\">Professor(a) de Astronomia\/Sub\u00e1reas: (i) Astrof\u00edsica do Sistema Solar e Sistemas Planet\u00e1rios, (ii) Astronomia de Posi\u00e7\u00e3o e Mec\u00e2nica Celeste, (iii) Astronomia Observacional<\/span><\/td>\r\n<td class=\"cvagas\">01<\/td>\r\n\r\n<\/tr><tr>\r\n<td class=\"ccargos\">\r\n<span data-balloon-length=\"medium\" aria-label=\"I - Possuir gradua\u00e7\u00e3o e ser portador do t\u00edtulo de Doutor(a) h\u00e1 no m\u00ednimo 2 (dois) anos em Psicologia, ou em Educa\u00e7\u00e3o, ou em Sa\u00fade; II- Ser docente e\/ou pesquisador(a) de reconhecida compet\u00eancia em sua \u00e1rea, comprovando que j\u00e1 ministrou disciplina na \u00e1rea ou que j\u00e1 ministrou palestra ou minicurso em evento da \u00e1rea; e III - Ter produ\u00e7\u00e3o cient\u00edfica relevante nos \u00faltimos cinco anos, comprovando que publicou pelo menos um artigo em peri\u00f3dico Qualis A da Capes (quadri\u00eanio 2017-2020) na \u00e1rea do certame\" data-balloon-pos=\"up\">Professor(a) de Psicologia<\/span><\/td>\r\n<td class=\"cvagas\">01<\/td>\r\n\r\n<\/tr>\r\n    <\/tbody>\r\n  <\/table>\r\n<\/div>"},"_links":{"self":[{"href":"https:\/\/www.agrobase.com.br\/concursos\/wp-json\/wp\/v2\/posts\/270971","targetHints":{"allow":["GET"]}}],"collection":[{"href":"https:\/\/www.agrobase.com.br\/concursos\/wp-json\/wp\/v2\/posts"}],"about":[{"href":"https:\/\/www.agrobase.com.br\/concursos\/wp-json\/wp\/v2\/types\/post"}],"author":[{"embeddable":true,"href":"https:\/\/www.agrobase.com.br\/concursos\/wp-json\/wp\/v2\/users\/7"}],"replies":[{"embeddable":true,"href":"https:\/\/www.agrobase.com.br\/concursos\/wp-json\/wp\/v2\/comments?post=270971"}],"version-history":[{"count":2,"href":"https:\/\/www.agrobase.com.br\/concursos\/wp-json\/wp\/v2\/posts\/270971\/revisions"}],"predecessor-version":[{"id":270974,"href":"https:\/\/www.agrobase.com.br\/concursos\/wp-json\/wp\/v2\/posts\/270971\/revisions\/270974"}],"wp:featuredmedia":[{"embeddable":true,"href":"https:\/\/www.agrobase.com.br\/concursos\/wp-json\/wp\/v2\/media\/270970"}],"wp:attachment":[{"href":"https:\/\/www.agrobase.com.br\/concursos\/wp-json\/wp\/v2\/media?parent=270971"}],"wp:term":[{"taxonomy":"category","embeddable":true,"href":"https:\/\/www.agrobase.com.br\/concursos\/wp-json\/wp\/v2\/categories?post=270971"},{"taxonomy":"post_tag","embeddable":true,"href":"https:\/\/www.agrobase.com.br\/concursos\/wp-json\/wp\/v2\/tags?post=270971"},{"taxonomy":"_amplo","embeddable":true,"href":"https:\/\/www.agrobase.com.br\/concursos\/wp-json\/wp\/v2\/_amplo?post=270971"},{"taxonomy":"destaque","embeddable":true,"href":"https:\/\/www.agrobase.com.br\/concursos\/wp-json\/wp\/v2\/destaque?post=270971"},{"taxonomy":"instituicoes","embeddable":true,"href":"https:\/\/www.agrobase.com.br\/concursos\/wp-json\/wp\/v2\/instituicoes?post=270971"}],"curies":[{"name":"wp","href":"https:\/\/api.w.org\/{rel}","templated":true}]}}