{"id":270948,"date":"2025-09-08T07:20:08","date_gmt":"2025-09-08T10:20:08","guid":{"rendered":"https:\/\/www.agrobase.com.br\/concursos\/?p=270948"},"modified":"2025-09-05T12:07:05","modified_gmt":"2025-09-05T15:07:05","slug":"sesa-es-selecao-emergencial-11-2025","status":"publish","type":"post","link":"https:\/\/www.agrobase.com.br\/concursos\/2025\/sesa-es-selecao-emergencial-11-2025\/","title":{"rendered":"SESA (ES) &#8211; Sele\u00e7\u00e3o Emergencial 11\/2025"},"content":{"rendered":"<h2>Informa\u00e7\u00f5es Gerais<\/h2>\n<p>A Secretaria de Estado da Sa\u00fade do Esp\u00edrito Santo (SESA) publicou o edital do Processo Seletivo Emergencial n\u00ba 011\/2025, destinado \u00e0 forma\u00e7\u00e3o de cadastro de reserva para profissionais de n\u00edvel superior. O objetivo \u00e9 atender \u00e0s necessidades tempor\u00e1rias do Laborat\u00f3rio Central de Sa\u00fade P\u00fablica do Esp\u00edrito Santo (LACEN). A contrata\u00e7\u00e3o ser\u00e1 em regime de designa\u00e7\u00e3o tempor\u00e1ria, com base na Lei Complementar n\u00ba 809\/2015, e o certame ter\u00e1 validade de quatro meses.<\/p>\n<p>As oportunidades contemplam diversas \u00e1reas de forma\u00e7\u00e3o. <strong>Destacam-se as vagas para graduados em Biologia, Nutri\u00e7\u00e3o e Engenharia de Alimentos<\/strong>, al\u00e9m de outras forma\u00e7\u00f5es como Farm\u00e1cia, Biomedicina e Biotecnologia. Se voc\u00ea possui forma\u00e7\u00e3o superior e busca uma oportunidade no setor p\u00fablico de sa\u00fade, continue a leitura para conferir os detalhes sobre as inscri\u00e7\u00f5es, etapas e resultados deste processo seletivo.<\/p>\n<h2>Inscri\u00e7\u00f5es<\/h2>\n<p>As inscri\u00e7\u00f5es para o processo seletivo da SESA ser\u00e3o realizadas exclusivamente pela internet. O per\u00edodo previsto para se candidatar vai <strong>das 10h do dia 04 de setembro de 2025 at\u00e9 as 10h do dia 15 de setembro de 2025<\/strong>, considerando o fuso hor\u00e1rio de Bras\u00edlia\/DF. Os interessados dever\u00e3o preencher o formul\u00e1rio eletr\u00f4nico dispon\u00edvel no site oficial da sele\u00e7\u00e3o.<\/p>\n<p>N\u00e3o h\u00e1 men\u00e7\u00e3o a taxas de inscri\u00e7\u00e3o no edital. Cada candidato poder\u00e1 realizar apenas uma inscri\u00e7\u00e3o por CPF, e todas as informa\u00e7\u00f5es prestadas s\u00e3o de sua inteira responsabilidade, n\u00e3o sendo permitidas altera\u00e7\u00f5es ap\u00f3s o t\u00e9rmino do prazo. Ao finalizar o cadastro, o sistema gerar\u00e1 uma ficha de inscri\u00e7\u00e3o, que dever\u00e1 ser guardada para futuras comprova\u00e7\u00f5es. \u00c9 fundamental que o candidato acompanhe todas as atualiza\u00e7\u00f5es na sua \u00e1rea restrita no portal da sele\u00e7\u00e3o. Para garantir a correta participa\u00e7\u00e3o, a leitura completa do edital \u00e9 indispens\u00e1vel.<\/p>\n<h2>Etapas e Provas<\/h2>\n<p>O processo seletivo ser\u00e1 realizado em etapas distintas, sendo a principal delas a an\u00e1lise de t\u00edtulos e experi\u00eancia profissional, que substitui a prova objetiva tradicional. A estrutura do certame \u00e9 a seguinte:<\/p>\n<ul>\n<li><strong>Inscri\u00e7\u00e3o (1\u00aa Etapa):<\/strong> Fase de car\u00e1ter habilitat\u00f3rio, realizada online, na qual o candidato informa seus dados e qualifica\u00e7\u00f5es.<\/li>\n<li><strong>Comprova\u00e7\u00e3o de Requisitos, Qualifica\u00e7\u00e3o e Experi\u00eancia Profissional (2\u00aa Etapa):<\/strong> De car\u00e1ter eliminat\u00f3rio e classificat\u00f3rio, esta etapa consiste na an\u00e1lise documental das informa\u00e7\u00f5es declaradas na inscri\u00e7\u00e3o. Os candidatos convocados dever\u00e3o enviar os documentos comprobat\u00f3rios por meio do sistema E-Docs. A pontua\u00e7\u00e3o ser\u00e1 atribu\u00edda com base nos t\u00edtulos de qualifica\u00e7\u00e3o e na experi\u00eancia profissional, que deve ser comprovada a partir de 01 de janeiro de 2014.<\/li>\n<li><strong>Formaliza\u00e7\u00e3o do Contrato (3\u00aa Etapa):<\/strong> Os candidatos aprovados e classificados dentro do n\u00famero de vagas necess\u00e1rias ser\u00e3o convocados para apresentar os documentos originais e realizar os exames admissionais para a assinatura do contrato.<\/li>\n<\/ul>\n<p>Para obter informa\u00e7\u00f5es detalhadas sobre os crit\u00e9rios de pontua\u00e7\u00e3o, os documentos aceitos e o conte\u00fado program\u00e1tico, \u00e9 fundamental consultar o edital completo.<\/p>\n<h2>Resultados e Gabarito<\/h2>\n<p>A lista de classifica\u00e7\u00e3o dos candidatos ser\u00e1 divulgada exclusivamente no site oficial da sele\u00e7\u00e3o, www.selecao.es.gov.br. As convoca\u00e7\u00f5es para a comprova\u00e7\u00e3o de documentos (2\u00aa etapa) e para a formaliza\u00e7\u00e3o do contrato (3\u00aa etapa) ocorrer\u00e3o a qualquer momento durante a vig\u00eancia do edital, de acordo com a necessidade da administra\u00e7\u00e3o p\u00fablica.<\/p>\n<p>Em caso de empate na classifica\u00e7\u00e3o final, ser\u00e3o aplicados os seguintes crit\u00e9rios de desempate, nesta ordem:<\/p>\n<ul>\n<li>Maior pontua\u00e7\u00e3o na qualifica\u00e7\u00e3o profissional;<\/li>\n<li>Maior pontua\u00e7\u00e3o na experi\u00eancia profissional;<\/li>\n<li>Maior idade.<\/li>\n<\/ul>\n<p>O processo seletivo ter\u00e1 validade de quatro meses, e os candidatos classificados compor\u00e3o o cadastro de reserva. A convoca\u00e7\u00e3o para a contrata\u00e7\u00e3o ser\u00e1 realizada por meio de publica\u00e7\u00e3o no site da sele\u00e7\u00e3o. \u00c9 de responsabilidade exclusiva do candidato acompanhar todas as publica\u00e7\u00f5es oficiais no portal da banca organizadora para n\u00e3o perder prazos e convoca\u00e7\u00f5es.<\/p>\n","protected":false},"excerpt":{"rendered":"<p>Processo Seletivo SESA (ES) com edital publicado! Vagas p\/ T\u00e9cnicos Sup. em Biologia e Gest\u00e3o. Inscri\u00e7\u00f5es a partir de 04\/09. Sal\u00e1rio R$ 5.5k. Confira detalhes!<\/p>\n","protected":false},"author":7,"featured_media":270947,"comment_status":"open","ping_status":"open","sticky":false,"template":"","format":"standard","meta":{"_acf_changed":false,"_breakdance_hide_in_design_set":false,"_breakdance_tags":"","footnotes":""},"categories":[6,6433,7,106,8,79,102,17,23,6525],"tags":[45],"_amplo":[6428],"destaque":[],"instituicoes":[],"class_list":["post-270948","post","type-post","status-publish","format-standard","has-post-thumbnail","hentry","category-biologia","category-biologia-licenciatura","category-biomedicina","category-bioquimica","category-biotecnologia","category-engenharia-alimentos","category-engenharia-quimica","category-farmacia","category-nutricao","category-tecnologia-de-alimentos","tag-espirito-santo","_amplo-nivel-superior"],"acf":{"_tipo_vagas":"vagas","_numero_vagas":"","_quadro_vagas":"","_cargos":"diversos","_cargos_especificos":"","_salario_max":"R$ 5589.89","_abertura":"20250904","_encerramento":"20250915","_inscricoes":"https:\/\/www.selecao.es.gov.br","_executora_concurso":"","_instituicao_concurso":[],"_link_adicional":null,"_anexos":null,"_produtos":null,"_vagas":"CR","_salario_min":"R$ 5589.89","_instituicao":"SESA","_edital":"https:\/\/www.agrobase.com.br\/concursos\/wp-content\/uploads\/sites\/4\/2025\/09\/edital-11-2025-sesa-es.pdf","_anexos_edital":"","_fund_incompleto":"","_fund_completo":"","_medio":"","_superior":"<div>\r\n<table class=\"quadro\">\r\n<thead>\r\n<tr>\r\n<th class=\"hcargo\">Cargo<\/th>\r\n<th class=\"hvagas\">Vagas<\/th>\r\n<th class=\"hremuneracao\">Remunera\u00e7\u00e3o<\/th>\r\n<\/tr>\r\n<\/thead>\r\n    <tbody>\r\n      <tr>\r\n<td class=\"ccargos\">\r\n<span data-balloon-length=\"medium\" aria-label=\"Diploma de conclus\u00e3o de curso de n\u00edvel superior em Farm\u00e1cia Bioqu\u00edmica, Farm\u00e1cia graduado de acordo com a resolu\u00e7\u00e3o CNE\/CES 02, de fevereiro de 2002, Ci\u00eancias Biol\u00f3gicas, Biomedicina, Biotecnologia, todos fornecidos por institui\u00e7\u00e3o de ensino superior reconhecida pelo MEC. Registro no Conselho de Classe. Comprovar experi\u00eancia m\u00ednima de 06 (seis) meses em t\u00e9cnicas de diagn\u00f3stico molecular, de 01 de janeiro de 2014, at\u00e9 a data da inscri\u00e7\u00e3o.\" data-balloon-pos=\"up\">T\u00c9CNICO DE N\u00cdVEL SUPERIOR II (BIOLOGIA MOLECULAR)<\/span><\/td>\r\n<td class=\"cvagas\">CR<\/td>\r\n<td class=\"cremuneracao\">R$ 5.589,89 \/40h<\/td>\r\n<\/tr><tr>\r\n<td class=\"ccargos\">\r\n<span data-balloon-length=\"medium\" aria-label=\"Diploma de conclus\u00e3o de curso de n\u00edvel superior em Nutri\u00e7\u00e3o; Engenharia de Alimentos; Tecnologia de Alimentos; Biomedicina; Bioecnologia; Engenharia Qu\u00edmica, Biomedicina; Biotecnologia; Ci\u00eancias Biol\u00f3gicas; Farm\u00e1cia-Bioqu\u00edmica ou curso de Farm\u00e1cia graduado de acordo com a resolu\u00e7\u00e3o CNE\/CES 02, de fevereiro de 2002, todos fornecidos por institui\u00e7\u00e3o de ensino superior reconhecida pelo MEC. Registro no Conselho de Classe. Comprovar experi\u00eancia m\u00ednima de 06 (seis) meses em Bromatologia (an\u00e1lises microbiol\u00f3gicas, f\u00edsico-qu\u00edmicas, microsc\u00f3picas, rotulagem; preparo de meios de cultura; controle de qualidade; triagem de amostras de alimentos\/produtos, dentre outras experi\u00eancias relacionadas a alimentos, bebidas e produtos para consumo humano), de 01 de janeiro de 2014, at\u00e9 a data da inscri\u00e7\u00e3o.\" data-balloon-pos=\"up\">T\u00c9CNICO DE N\u00cdVEL SUPERIOR IX (BROMATOLOGIA)<\/span><\/td>\r\n<td class=\"cvagas\">CR<\/td>\r\n<td class=\"cremuneracao\">R$ 5.589,89 \/40h<\/td>\r\n<\/tr><tr>\r\n<td class=\"ccargos\">\r\n<span data-balloon-length=\"medium\" aria-label=\"Diploma registrado de conclus\u00e3o de curso de n\u00edvel superior, fornecido por institui\u00e7\u00e3o de ensino superior reconhecida pelo MEC. Registro no Conselho de Classe. Comprovar experi\u00eancia m\u00ednima de 06 (seis) meses em gest\u00e3o p\u00fablica, em processos licitat\u00f3rios em \u00f3rg\u00e3os p\u00fablicos, de 01 janeiro de 2014, at\u00e9 a data da inscri\u00e7\u00e3o.\" data-balloon-pos=\"up\">T\u00c9CNICO DE N\u00cdVEL SUPERIOR XIV (GEST\u00c3O P\u00daBLICA)<\/span><\/td>\r\n<td class=\"cvagas\">CR<\/td>\r\n<td class=\"cremuneracao\">R$ 5.589,89 \/40h<\/td>\r\n<\/tr>\r\n    <\/tbody>\r\n  <\/table>\r\n<\/div>"},"_links":{"self":[{"href":"https:\/\/www.agrobase.com.br\/concursos\/wp-json\/wp\/v2\/posts\/270948","targetHints":{"allow":["GET"]}}],"collection":[{"href":"https:\/\/www.agrobase.com.br\/concursos\/wp-json\/wp\/v2\/posts"}],"about":[{"href":"https:\/\/www.agrobase.com.br\/concursos\/wp-json\/wp\/v2\/types\/post"}],"author":[{"embeddable":true,"href":"https:\/\/www.agrobase.com.br\/concursos\/wp-json\/wp\/v2\/users\/7"}],"replies":[{"embeddable":true,"href":"https:\/\/www.agrobase.com.br\/concursos\/wp-json\/wp\/v2\/comments?post=270948"}],"version-history":[{"count":1,"href":"https:\/\/www.agrobase.com.br\/concursos\/wp-json\/wp\/v2\/posts\/270948\/revisions"}],"predecessor-version":[{"id":270950,"href":"https:\/\/www.agrobase.com.br\/concursos\/wp-json\/wp\/v2\/posts\/270948\/revisions\/270950"}],"wp:featuredmedia":[{"embeddable":true,"href":"https:\/\/www.agrobase.com.br\/concursos\/wp-json\/wp\/v2\/media\/270947"}],"wp:attachment":[{"href":"https:\/\/www.agrobase.com.br\/concursos\/wp-json\/wp\/v2\/media?parent=270948"}],"wp:term":[{"taxonomy":"category","embeddable":true,"href":"https:\/\/www.agrobase.com.br\/concursos\/wp-json\/wp\/v2\/categories?post=270948"},{"taxonomy":"post_tag","embeddable":true,"href":"https:\/\/www.agrobase.com.br\/concursos\/wp-json\/wp\/v2\/tags?post=270948"},{"taxonomy":"_amplo","embeddable":true,"href":"https:\/\/www.agrobase.com.br\/concursos\/wp-json\/wp\/v2\/_amplo?post=270948"},{"taxonomy":"destaque","embeddable":true,"href":"https:\/\/www.agrobase.com.br\/concursos\/wp-json\/wp\/v2\/destaque?post=270948"},{"taxonomy":"instituicoes","embeddable":true,"href":"https:\/\/www.agrobase.com.br\/concursos\/wp-json\/wp\/v2\/instituicoes?post=270948"}],"curies":[{"name":"wp","href":"https:\/\/api.w.org\/{rel}","templated":true}]}}