{"id":270938,"date":"2025-09-08T07:00:26","date_gmt":"2025-09-08T10:00:26","guid":{"rendered":"https:\/\/www.agrobase.com.br\/concursos\/?p=270938"},"modified":"2025-09-08T10:31:31","modified_gmt":"2025-09-08T13:31:31","slug":"iftm-mg-selecao-simplificada-27-2025","status":"publish","type":"post","link":"https:\/\/www.agrobase.com.br\/concursos\/2025\/iftm-mg-selecao-simplificada-27-2025\/","title":{"rendered":"IFTM (MG) &#8211; Sele\u00e7\u00e3o Simplificada 27\/2025"},"content":{"rendered":"<h2>Informa\u00e7\u00f5es Gerais<\/h2>\n<p>O Instituto Federal de Educa\u00e7\u00e3o, Ci\u00eancia e Tecnologia do Tri\u00e2ngulo Mineiro (IFTM) publicou o edital de seu Processo Seletivo Simplificado para a contrata\u00e7\u00e3o tempor\u00e1ria de Professores do Ensino B\u00e1sico, T\u00e9cnico e Tecnol\u00f3gico &#8211; Substitutos. O certame visa preencher <strong>3 (tr\u00eas) vagas imediatas<\/strong> para o Campus Uberaba, sob regime de contrata\u00e7\u00e3o tempor\u00e1ria, conforme a Lei n\u00ba 8.745\/1993.<\/p>\n<p>As oportunidades s\u00e3o destinadas a candidatos com n\u00edvel superior completo. O processo seletivo contempla vagas em \u00e1reas de grande relev\u00e2ncia, incluindo <strong>Biologia<\/strong> e a \u00e1rea <strong>Ambiental<\/strong>, que abrange forma\u00e7\u00f5es como Gest\u00e3o Ambiental e Engenharia Ambiental. H\u00e1 tamb\u00e9m uma vaga para a \u00e1rea de Extens\u00e3o. Para conhecer os detalhes sobre as etapas de sele\u00e7\u00e3o, inscri\u00e7\u00f5es e requisitos, continue a leitura das se\u00e7\u00f5es a seguir.<\/p>\n<h2>Inscri\u00e7\u00f5es<\/h2>\n<p>As inscri\u00e7\u00f5es para o processo seletivo do IFTM estar\u00e3o abertas no per\u00edodo de <strong>5 de setembro de 2025, a partir das 08h00, at\u00e9 as 15h59 do dia 14 de setembro de 2025<\/strong>. Os interessados poder\u00e3o se inscrever de duas formas: online, enviando a ficha de inscri\u00e7\u00e3o e os documentos necess\u00e1rios em formato PDF para o e-mail <em>selecao.ura@iftm.edu.br<\/em>, ou presencialmente, na Coordena\u00e7\u00e3o de Gest\u00e3o de Pessoas do Campus Uberaba.<\/p>\n<p>N\u00e3o h\u00e1 men\u00e7\u00e3o de taxa de inscri\u00e7\u00e3o no edital. A lista final de inscri\u00e7\u00f5es deferidas ser\u00e1 divulgada no portal oficial do IFTM. \u00c9 fundamental que o candidato prepare toda a documenta\u00e7\u00e3o exigida, como documento de identifica\u00e7\u00e3o oficial com foto e CPF, para evitar o indeferimento da inscri\u00e7\u00e3o. Para acessar a ficha de inscri\u00e7\u00e3o e obter mais informa\u00e7\u00f5es, visite o site <a href=\"https:\/\/iftm.edu.br\/concursos\/\" target=\"_blank\" rel=\"noopener noreferrer\">https:\/\/iftm.edu.br\/concursos\/<\/a>. Recomenda-se a leitura completa do edital para conferir todos os procedimentos.<\/p>\n<h2>Etapas e Provas<\/h2>\n<p>O processo seletivo simplificado do IFTM ser\u00e1 composto por duas etapas principais, aplic\u00e1veis a todos os candidatos:<\/p>\n<ul>\n<li><strong>Prova de Desempenho Did\u00e1tico-Pedag\u00f3gico:<\/strong> De car\u00e1ter eliminat\u00f3rio e classificat\u00f3rio, esta etapa consiste em uma apresenta\u00e7\u00e3o oral sobre um tema sorteado, com dura\u00e7\u00e3o de 30 minutos, seguida por uma argui\u00e7\u00e3o de at\u00e9 10 minutos pela banca examinadora. A prova vale 100 pontos, e o candidato precisa obter uma nota m\u00ednima de 50 pontos para ser classificado.<\/li>\n<li><strong>Avalia\u00e7\u00e3o de T\u00edtulos e Experi\u00eancia Profissional:<\/strong> De car\u00e1ter apenas classificat\u00f3rio, esta fase \u00e9 destinada aos candidatos aprovados na etapa anterior. Ser\u00e3o pontuados diplomas de Doutorado, Mestrado e Especializa\u00e7\u00e3o, al\u00e9m da experi\u00eancia comprovada no magist\u00e9rio, com um valor m\u00e1ximo de 25 pontos.<\/li>\n<\/ul>\n<p>Para informa\u00e7\u00f5es detalhadas sobre os crit\u00e9rios de avalia\u00e7\u00e3o, temas para a prova did\u00e1tica e o cronograma completo, \u00e9 indispens\u00e1vel a consulta ao edital oficial do certame.<\/p>\n<h2>Resultados e Gabarito<\/h2>\n<p>Os resultados preliminares e finais do processo seletivo ser\u00e3o divulgados no site oficial do IFTM, no endere\u00e7o <a href=\"https:\/\/iftm.edu.br\/concursos\/\" target=\"_blank\" rel=\"noopener noreferrer\">https:\/\/iftm.edu.br\/concursos\/<\/a>, conforme as datas estabelecidas no cronograma do edital. A classifica\u00e7\u00e3o final ser\u00e1 determinada pela soma dos pontos obtidos na prova de desempenho did\u00e1tico-pedag\u00f3gico e na avalia\u00e7\u00e3o de t\u00edtulos.<\/p>\n<p>Em caso de empate, os crit\u00e9rios de desempate seguir\u00e3o a seguinte ordem: idade igual ou superior a 60 anos, maior nota na prova did\u00e1tica, maior tempo de experi\u00eancia no magist\u00e9rio, maior titula\u00e7\u00e3o e, por fim, maior idade entre os candidatos com menos de 60 anos. A convoca\u00e7\u00e3o dos aprovados seguir\u00e1 rigorosamente a ordem de classifica\u00e7\u00e3o final, e a aprova\u00e7\u00e3o gera uma expectativa de direito \u00e0 contrata\u00e7\u00e3o.<\/p>\n<p>\u00c9 de responsabilidade exclusiva do candidato acompanhar todas as publica\u00e7\u00f5es, incluindo resultados, convoca\u00e7\u00f5es e eventuais retifica\u00e7\u00f5es, no site da institui\u00e7\u00e3o e no Di\u00e1rio Oficial da Uni\u00e3o.<\/p>\n","protected":false},"excerpt":{"rendered":"<p>Sel. Simplificada IFTM (MG) com edital publicado! Vagas p\/ Prof. Substituto (Superior). Inscri\u00e7\u00f5es a partir de 05\/09. Confira detalhes!<\/p>\n","protected":false},"author":7,"featured_media":270937,"comment_status":"open","ping_status":"open","sticky":false,"template":"","format":"standard","meta":{"_acf_changed":false,"_breakdance_hide_in_design_set":false,"_breakdance_tags":"","footnotes":""},"categories":[6,6433,147,13,155],"tags":[50],"_amplo":[],"destaque":[],"instituicoes":[],"class_list":["post-270938","post","type-post","status-publish","format-standard","has-post-thumbnail","hentry","category-biologia","category-biologia-licenciatura","category-economia-domestica","category-engenharia-ambiental","category-gestao-ambiental","tag-minas-gerais"],"acf":{"_tipo_vagas":"vagas","_numero_vagas":"","_quadro_vagas":"","_cargos":"diversos","_cargos_especificos":"","_salario_max":"R$ 8.058,29","_abertura":"20250905","_encerramento":"20250914","_inscricoes":"https:\/\/iftm.edu.br\/concursos\/","_executora_concurso":"","_instituicao_concurso":[],"_link_adicional":null,"_anexos":null,"_produtos":null,"_vagas":"3 vagas","_salario_min":"R$ 4.326,60","_instituicao":"IFTM","_edital":"https:\/\/www.agrobase.com.br\/concursos\/wp-content\/uploads\/sites\/4\/2025\/09\/edital-27-2025-iftm-mg.pdf","_anexos_edital":"","_fund_incompleto":"","_fund_completo":"","_medio":"","_superior":"<div>\r\n<table class=\"quadro\">\r\n<thead>\r\n<tr>\r\n<th class=\"hcargo\">Cargo<\/th>\r\n<th class=\"hvagas\">Vagas<\/th>\r\n<th class=\"hremuneracao\">Remunera\u00e7\u00e3o<\/th>\r\n<\/tr>\r\n<\/thead>\r\n    <tbody>\r\n      <tr>\r\n<td class=\"ccargos\">\r\n<span data-balloon-length=\"medium\" aria-label=\"Diploma, devidamente registrado, de conclus\u00e3o de curso superior de gradua\u00e7\u00e3o, reconhecido pelo \u00f3rg\u00e3o governamental competente, em Bacharelado em Gest\u00e3o Ambiental ou Engenharia Ambiental ou Tecnologia em Gest\u00e3o Ambiental.\" data-balloon-pos=\"up\">Professor Substituto - \u00c1rea Ambiental<\/span><\/td>\r\n<td class=\"cvagas\">01<\/td>\r\n<td class=\"cremuneracao\">R$ 0,00 \/40h<\/td>\r\n<\/tr><tr>\r\n<td class=\"ccargos\">\r\n<span data-balloon-length=\"medium\" aria-label=\"Diploma, devidamente registrado, de conclus\u00e3o de curso superior de gradua\u00e7\u00e3o, reconhecido pelo \u00f3rg\u00e3o governamental competente, em Economia dom\u00e9stica ou Licenciatura em Ci\u00eancias Agr\u00edcola ou Tecnologia em Desenvolvimento Social.\" data-balloon-pos=\"up\">Professor Substituto - \u00c1rea Extens\u00e3o<\/span><\/td>\r\n<td class=\"cvagas\">01<\/td>\r\n<td class=\"cremuneracao\">R$ 0,00 \/40h<\/td>\r\n<\/tr><tr>\r\n<td class=\"ccargos\">\r\n<span data-balloon-length=\"medium\" aria-label=\"Diploma, devidamente registrado, de conclus\u00e3o de curso superior de gradua\u00e7\u00e3o, reconhecido pelo \u00f3rg\u00e3o governamental competente, em Licenciatura em Biologia ou Bacharelado em Biologia.\" data-balloon-pos=\"up\">Professor Substituto - \u00c1rea Biologia<\/span><\/td>\r\n<td class=\"cvagas\">01<\/td>\r\n<td class=\"cremuneracao\">R$ 0,00 \/40h<\/td>\r\n<\/tr>\r\n    <\/tbody>\r\n  <\/table>\r\n<\/div>"},"_links":{"self":[{"href":"https:\/\/www.agrobase.com.br\/concursos\/wp-json\/wp\/v2\/posts\/270938","targetHints":{"allow":["GET"]}}],"collection":[{"href":"https:\/\/www.agrobase.com.br\/concursos\/wp-json\/wp\/v2\/posts"}],"about":[{"href":"https:\/\/www.agrobase.com.br\/concursos\/wp-json\/wp\/v2\/types\/post"}],"author":[{"embeddable":true,"href":"https:\/\/www.agrobase.com.br\/concursos\/wp-json\/wp\/v2\/users\/7"}],"replies":[{"embeddable":true,"href":"https:\/\/www.agrobase.com.br\/concursos\/wp-json\/wp\/v2\/comments?post=270938"}],"version-history":[{"count":2,"href":"https:\/\/www.agrobase.com.br\/concursos\/wp-json\/wp\/v2\/posts\/270938\/revisions"}],"predecessor-version":[{"id":270941,"href":"https:\/\/www.agrobase.com.br\/concursos\/wp-json\/wp\/v2\/posts\/270938\/revisions\/270941"}],"wp:featuredmedia":[{"embeddable":true,"href":"https:\/\/www.agrobase.com.br\/concursos\/wp-json\/wp\/v2\/media\/270937"}],"wp:attachment":[{"href":"https:\/\/www.agrobase.com.br\/concursos\/wp-json\/wp\/v2\/media?parent=270938"}],"wp:term":[{"taxonomy":"category","embeddable":true,"href":"https:\/\/www.agrobase.com.br\/concursos\/wp-json\/wp\/v2\/categories?post=270938"},{"taxonomy":"post_tag","embeddable":true,"href":"https:\/\/www.agrobase.com.br\/concursos\/wp-json\/wp\/v2\/tags?post=270938"},{"taxonomy":"_amplo","embeddable":true,"href":"https:\/\/www.agrobase.com.br\/concursos\/wp-json\/wp\/v2\/_amplo?post=270938"},{"taxonomy":"destaque","embeddable":true,"href":"https:\/\/www.agrobase.com.br\/concursos\/wp-json\/wp\/v2\/destaque?post=270938"},{"taxonomy":"instituicoes","embeddable":true,"href":"https:\/\/www.agrobase.com.br\/concursos\/wp-json\/wp\/v2\/instituicoes?post=270938"}],"curies":[{"name":"wp","href":"https:\/\/api.w.org\/{rel}","templated":true}]}}