{"id":270924,"date":"2025-09-05T08:20:13","date_gmt":"2025-09-05T11:20:13","guid":{"rendered":"https:\/\/www.agrobase.com.br\/concursos\/?p=270924"},"modified":"2025-09-04T15:29:40","modified_gmt":"2025-09-04T18:29:40","slug":"prefeitura-cuiaba-mt-selecao-simplificada-04-2025","status":"publish","type":"post","link":"https:\/\/www.agrobase.com.br\/concursos\/2025\/prefeitura-cuiaba-mt-selecao-simplificada-04-2025\/","title":{"rendered":"Prefeitura Cuiab\u00e1 (MT) &#8211; Sele\u00e7\u00e3o Simplificada 04\/2025"},"content":{"rendered":"<h2>Informa\u00e7\u00f5es Gerais<\/h2>\n<p>O edital do <strong>Processo Seletivo Simplificado da Prefeitura de Cuiab\u00e1<\/strong> foi publicado, oferecendo uma excelente oportunidade para profissionais da educa\u00e7\u00e3o. Organizado pelo Instituto SELECON, o certame visa a contrata\u00e7\u00e3o tempor\u00e1ria e a forma\u00e7\u00e3o de cadastro de reserva para atua\u00e7\u00e3o na Secretaria Municipal de Educa\u00e7\u00e3o (SME) durante o ano letivo de 2026. As vagas abrangem os n\u00edveis <strong>m\u00e9dio, m\u00e9dio profissionalizante e superior<\/strong>, sob regime de Contrato de Presta\u00e7\u00e3o de Servi\u00e7os por Tempo Determinado, com contribui\u00e7\u00f5es previdenci\u00e1rias via INSS.<\/p>\n<p>As oportunidades s\u00e3o voltadas para diversas fun\u00e7\u00f5es na \u00e1rea da educa\u00e7\u00e3o, incluindo professores, t\u00e9cnicos e pessoal de apoio. Para os profissionais de \u00e1reas espec\u00edficas, destacam-se as vagas para <strong>T\u00e9cnico de N\u00edvel Superior &#8211; Nutricionista<\/strong> e <strong>T\u00e9cnico de N\u00edvel Superior &#8211; Engenharia Ambiental e Sanitarista<\/strong>, que integram o quadro de cadastro de reserva.<\/p>\n<p>Se voc\u00ea busca uma coloca\u00e7\u00e3o no servi\u00e7o p\u00fablico e atende aos requisitos, este processo seletivo pode ser o seu pr\u00f3ximo passo profissional. Continue a leitura para conferir os detalhes sobre inscri\u00e7\u00f5es, etapas e cronograma completo.<\/p>\n<h2>Inscri\u00e7\u00f5es<\/h2>\n<p>As inscri\u00e7\u00f5es para o Processo Seletivo da SME Cuiab\u00e1 estar\u00e3o abertas a partir do dia <strong>01 de setembro de 2025 e se encerram \u00e0s 23h59 do dia 02 de outubro de 2025<\/strong>. Todo o procedimento deve ser realizado exclusivamente pela internet, atrav\u00e9s do site oficial da banca organizadora, o Instituto Selecon.<\/p>\n<p>Os valores da taxa de inscri\u00e7\u00e3o foram definidos de acordo com o n\u00edvel de escolaridade:<\/p>\n<ul>\n<li><strong>R$ 75,00<\/strong> para cargos de n\u00edvel m\u00e9dio e m\u00e9dio profissionalizante;<\/li>\n<li><strong>R$ 85,00<\/strong> para cargos de n\u00edvel superior.<\/li>\n<\/ul>\n<p>O pagamento deve ser efetuado por meio de boleto banc\u00e1rio, que ser\u00e1 gerado ao final do processo de inscri\u00e7\u00e3o online. Candidatos que desejam solicitar a isen\u00e7\u00e3o da taxa devem seguir os procedimentos e prazos descritos no edital. Caso o pedido de isen\u00e7\u00e3o seja indeferido, ser\u00e1 necess\u00e1rio emitir e pagar o boleto at\u00e9 a data de vencimento para garantir a participa\u00e7\u00e3o no certame.<\/p>\n<p>\u00c9 fundamental que o candidato acompanhe todas as etapas da sua inscri\u00e7\u00e3o diretamente no portal do Instituto Selecon. Para garantir sua participa\u00e7\u00e3o e conhecer todas as regras, leia atentamente o edital completo.<\/p>\n<h2>Etapas e Provas<\/h2>\n<p>O processo seletivo ser\u00e1 composto por duas etapas principais, estruturadas de acordo com o n\u00edvel de escolaridade do cargo pretendido. A prepara\u00e7\u00e3o adequada para cada fase \u00e9 crucial para a aprova\u00e7\u00e3o.<\/p>\n<p>Confira a estrutura de avalia\u00e7\u00e3o:<\/p>\n<ul>\n<li><strong>Etapa 1: Prova Objetiva de Conhecimentos<\/strong>\n<ul>\n<li><strong>Car\u00e1ter:<\/strong> Eliminat\u00f3rio e classificat\u00f3rio.<\/li>\n<li><strong>Aplic\u00e1vel a:<\/strong> Todos os cargos (n\u00edvel m\u00e9dio, m\u00e9dio profissionalizante e superior).<\/li>\n<li><strong>Formato:<\/strong> 20 quest\u00f5es de m\u00faltipla escolha sobre Conhecimentos B\u00e1sicos e Espec\u00edficos, com quatro alternativas cada.<\/li>\n<li><strong>Pontua\u00e7\u00e3o:<\/strong> A prova valer\u00e1 um total de 200 pontos. Ser\u00e1 eliminado o candidato que obtiver nota zero em qualquer uma das \u00e1reas de conhecimento.<\/li>\n<li><strong>Dura\u00e7\u00e3o:<\/strong> 3 horas.<\/li>\n<\/ul>\n<\/li>\n<li><strong>Etapa 2: An\u00e1lise de T\u00edtulos<\/strong>\n<ul>\n<li><strong>Car\u00e1ter:<\/strong> Classificat\u00f3rio.<\/li>\n<li><strong>Aplic\u00e1vel a:<\/strong> Apenas para os cargos de n\u00edvel superior.<\/li>\n<li><strong>Procedimento:<\/strong> Ser\u00e3o convocados para esta fase os candidatos mais bem classificados na prova objetiva, em n\u00famero correspondente a at\u00e9 tr\u00eas vezes o total de vagas de cada cargo. Os documentos dever\u00e3o ser enviados via upload no site da banca organizadora.<\/li>\n<li><strong>Pontua\u00e7\u00e3o:<\/strong> Ser\u00e3o pontuados t\u00edtulos de p\u00f3s-gradua\u00e7\u00e3o (Especializa\u00e7\u00e3o, Mestrado e Doutorado) na \u00e1rea de atua\u00e7\u00e3o, n\u00e3o sendo a pontua\u00e7\u00e3o cumulativa.<\/li>\n<\/ul>\n<\/li>\n<\/ul>\n<p>Para obter informa\u00e7\u00f5es detalhadas sobre o conte\u00fado program\u00e1tico, os crit\u00e9rios de avalia\u00e7\u00e3o de cada etapa e o cronograma completo, \u00e9 indispens\u00e1vel a leitura do edital oficial.<\/p>\n<h2>Resultados e Gabarito<\/h2>\n<p>A divulga\u00e7\u00e3o dos resultados ocorrer\u00e1 de forma escalonada, permitindo que os candidatos acompanhem cada fase do processo seletivo. O gabarito preliminar da prova objetiva ser\u00e1 publicado em <strong>20 de outubro de 2025<\/strong>, e o gabarito definitivo, ap\u00f3s o per\u00edodo de recursos, em <strong>28 de outubro de 2025<\/strong>. O resultado final do certame est\u00e1 previsto para <strong>28 de novembro de 2025<\/strong>.<\/p>\n<p>A classifica\u00e7\u00e3o final ser\u00e1 determinada pela soma dos pontos obtidos na prova objetiva e, para os cargos de n\u00edvel superior, na an\u00e1lise de t\u00edtulos. Em caso de empate, os crit\u00e9rios de desempate seguir\u00e3o a seguinte ordem:<\/p>\n<ol>\n<li>Idade, conforme o Estatuto do Idoso;<\/li>\n<li>Maior pontua\u00e7\u00e3o em Conhecimentos Espec\u00edficos;<\/li>\n<li>Maior pontua\u00e7\u00e3o em Conhecimentos Gerais;<\/li>\n<li>Maior pontua\u00e7\u00e3o na An\u00e1lise de T\u00edtulos (quando aplic\u00e1vel);<\/li>\n<li>Maior idade entre os candidatos n\u00e3o idosos.<\/li>\n<\/ol>\n<p>A homologa\u00e7\u00e3o do resultado final ser\u00e1 publicada no site do Instituto Selecon e na Gazeta Municipal. A convoca\u00e7\u00e3o dos aprovados seguir\u00e1 a ordem de classifica\u00e7\u00e3o e dever\u00e1 ser acompanhada por meio dessas mesmas publica\u00e7\u00f5es oficiais.<\/p>\n<p>\u00c9 de responsabilidade exclusiva do candidato acompanhar todas as publica\u00e7\u00f5es, convoca\u00e7\u00f5es e comunicados referentes ao processo seletivo no site da banca organizadora e nos meios de comunica\u00e7\u00e3o oficiais do Munic\u00edpio de Cuiab\u00e1.<\/p>\n","protected":false},"excerpt":{"rendered":"<p>Sel. Simplificada Pref. Cuiab\u00e1 (MT) com edital publicado! Vagas p\/ Professor e T\u00e9c. Infantil (M\u00e9dio a Sup.). Inscri\u00e7\u00f5es a partir de 01\/09. Confira detalhes!<\/p>\n","protected":false},"author":7,"featured_media":270923,"comment_status":"open","ping_status":"open","sticky":false,"template":"","format":"standard","meta":{"_acf_changed":false,"_breakdance_hide_in_design_set":false,"_breakdance_tags":"","footnotes":""},"categories":[126,141,6434,13,14,16,19,23,25,26,101],"tags":[47],"_amplo":[],"destaque":[],"instituicoes":[],"class_list":["post-270924","post","type-post","status-publish","format-standard","has-post-thumbnail","hentry","category-ciencia-computacao","category-educacao-artistica","category-educacao-fisica-licenciatura","category-engenharia-ambiental","category-engenharia","category-engenharia-sanitaria","category-fonoaudiologia","category-nutricao","category-pedagogia","category-psicologia","category-servico-social","tag-mato-grosso"],"acf":{"_tipo_vagas":"vagas","_numero_vagas":"","_quadro_vagas":"","_cargos":"diversos","_cargos_especificos":"","_salario_max":"R$ 5410.05","_abertura":"20250901","_encerramento":"20251002","_inscricoes":"https:\/\/selecon.org.br\/","_executora_concurso":"","_instituicao_concurso":[],"_link_adicional":null,"_anexos":null,"_produtos":null,"_vagas":"2085 vagas + CR","_salario_min":"R$ 1818.14","_instituicao":"Prefeitura de Cuiab\u00e1","_edital":"https:\/\/www.agrobase.com.br\/concursos\/wp-content\/uploads\/sites\/4\/2025\/09\/edital-04-2025-prefeitura-de-cuiaba-mt-1-1.pdf","_anexos_edital":"https:\/\/www.agrobase.com.br\/concursos\/wp-content\/uploads\/sites\/4\/2025\/09\/anexos-edital-04-2025-prefeitura-de-cuiaba-mt.pdf","_fund_incompleto":"","_fund_completo":"","_medio":"<div>\r\n<table class=\"quadro\">\r\n<thead>\r\n<tr>\r\n<th class=\"hcargo\">Cargo<\/th>\r\n<th class=\"hvagas\">Vagas<\/th>\r\n<th class=\"hremuneracao\">Remunera\u00e7\u00e3o<\/th>\r\n<\/tr>\r\n<\/thead>\r\n    <tbody>\r\n      <td class=\"ccargos\">\r\n<span data-balloon-length=\"medium\" aria-label=\"Diploma\/ Certificado do Ensino m\u00e9dio ou Atestado\/Certificado de conclus\u00e3o, acompanhado do Hist\u00f3rico Escolar no ensino m\u00e9dio - Certificado de profici\u00eancia em Libras\/atesto\" data-balloon-pos=\"up\">Instrutor de Libras<\/span><\/td>\r\n<td class=\"cvagas\">30<\/td>\r\n<td class=\"cremuneracao\">R$ 2.793,66 \/30h<\/td>\r\n<\/tr><td class=\"ccargos\">\r\n<span data-balloon-length=\"medium\" aria-label=\"Diploma\/ Certificado do Ensino m\u00e9dio ou Atestado\/Certificado de conclus\u00e3o, acompanhado do Hist\u00f3rico Escolar no ensino m\u00e9dio - Certificado de profici\u00eancia em Libras\/atesto\" data-balloon-pos=\"up\">Int\u00e9rprete de Libras<\/span><\/td>\r\n<td class=\"cvagas\">30<\/td>\r\n<td class=\"cremuneracao\">R$ 2.793,66 \/30h<\/td>\r\n<\/tr><td class=\"ccargos\">\r\n<span data-balloon-length=\"medium\" aria-label=\"Diploma\/ Certificado do Ensino m\u00e9dio ou Atestado\/Certificado de conclus\u00e3o, acompanhado do Hist\u00f3rico Escolar no ensino m\u00e9dio Profissionalizante em Magist\u00e9rio; Diploma de gradua\u00e7\u00e3o de Licenciatura Plena em Pedagogia ou Normal Superior, devidamente registrado.\" data-balloon-pos=\"up\">T\u00e9cnico em Desenvolvimento Infantil<\/span><\/td>\r\n<td class=\"cvagas\">500<\/td>\r\n<td class=\"cremuneracao\">R$ 2.793,66 \/30h<\/td>\r\n<\/tr><td class=\"ccargos\">\r\n<span data-balloon-length=\"medium\" aria-label=\"Diploma\/ Certificado do Ensino m\u00e9dio ou Atestado\/Certificado de conclus\u00e3o, acompanhado do Hist\u00f3rico Escolar no ensino m\u00e9dio\" data-balloon-pos=\"up\">T\u00e9cnico em Nutri\u00e7\u00e3o Escolar (Merendeira)<\/span><\/td>\r\n<td class=\"cvagas\">350<\/td>\r\n<td class=\"cremuneracao\">R$ 1.818,14 \/30h<\/td>\r\n<\/tr><td class=\"ccargos\">\r\n<span data-balloon-length=\"medium\" aria-label=\"Diploma\/ Certificado do Ensino m\u00e9dio ou Atestado\/Certificado de conclus\u00e3o, acompanhado do Hist\u00f3rico Escolar no ensino m\u00e9dio\" data-balloon-pos=\"up\">T\u00e9cnico em Manuten\u00e7\u00e3o e Infraestrutura - Auxiliar de Servi\u00e7os Gerais<\/span><\/td>\r\n<td class=\"cvagas\">350<\/td>\r\n<td class=\"cremuneracao\">R$ 1.818,14 \/30h<\/td>\r\n<\/tr><td class=\"ccargos\">\r\n<span data-balloon-length=\"medium\" aria-label=\"Diploma\/ Certificado do Ensino m\u00e9dio ou Atestado\/Certificado de conclus\u00e3o, acompanhado do Hist\u00f3rico Escolar no ensino m\u00e9dio - Carteira Nacional de Habilita\u00e7\u00e3o - categoria \u201cD\u201d\" data-balloon-pos=\"up\">T\u00e9cnico em Manuten\u00e7\u00e3o e Infraestrutura - Motorista CNH \"D\"<\/span><\/td>\r\n<td class=\"cvagas\">05<\/td>\r\n<td class=\"cremuneracao\">R$ 1.818,14 \/30h<\/td>\r\n<\/tr>\r\n    <\/tbody>\r\n  <\/table>\r\n<\/div>","_superior":"<div>\r\n<table class=\"quadro\">\r\n<thead>\r\n<tr>\r\n<th class=\"hcargo\">Cargo<\/th>\r\n<th class=\"hvagas\">Vagas<\/th>\r\n<th class=\"hremuneracao\">Remunera\u00e7\u00e3o<\/th>\r\n<\/tr>\r\n<\/thead>\r\n    <tbody>\r\n      <tr>\r\n<td class=\"ccargos\">\r\n<span data-balloon-length=\"medium\" aria-label=\"Diploma de gradua\u00e7\u00e3o de Licenciatura Plena, devidamente registrado, em uma das seguintes modalidades: Artes Visuais, Dan\u00e7a, M\u00fasica, Artes C\u00eanicas\/Teatro; ou Educa\u00e7\u00e3o Art\u00edstica com habilita\u00e7\u00e3o em alguma das modalidades j\u00e1 citadas\" data-balloon-pos=\"up\">Professor: Educa\u00e7\u00e3o Art\u00edstica\/Arte<\/span><\/td>\r\n<td class=\"cvagas\">150<\/td>\r\n<td class=\"cremuneracao\">R$ 3.990,97 \/20h<\/td>\r\n<\/tr><tr>\r\n<td class=\"ccargos\">\r\n<span data-balloon-length=\"medium\" aria-label=\"\" data-balloon-pos=\"up\">Professor: Ingl\u00eas<\/span><\/td>\r\n<td class=\"cvagas\">CR<\/td>\r\n<td class=\"cremuneracao\">R$ 3.990,97 \/20h<\/td>\r\n<\/tr><tr>\r\n<td class=\"ccargos\">\r\n<span data-balloon-length=\"medium\" aria-label=\"Diploma de gradua\u00e7\u00e3o de Licenciatura Plena em Educa\u00e7\u00e3o F\u00edsica, devidamente registrado. Registro no CREF\" data-balloon-pos=\"up\">Professor: Educa\u00e7\u00e3o F\u00edsica<\/span><\/td>\r\n<td class=\"cvagas\">90<\/td>\r\n<td class=\"cremuneracao\">R$ 3.990,97 \/20h<\/td>\r\n<\/tr><tr>\r\n<td class=\"ccargos\">\r\n<span data-balloon-length=\"medium\" aria-label=\"Diploma de gradua\u00e7\u00e3o de Licenciatura Plena em Pedagogia ou Normal Superior, devidamente registrado.\" data-balloon-pos=\"up\">Professor: Pedagogo<\/span><\/td>\r\n<td class=\"cvagas\">420<\/td>\r\n<td class=\"cremuneracao\">R$ 3.990,97 \/20h<\/td>\r\n<\/tr><tr>\r\n<td class=\"ccargos\">\r\n<span data-balloon-length=\"medium\" aria-label=\"Diploma de Licenciatura Plena em Pedagogia com especializa\u00e7\u00e3o em L\u00edngua Brasileira de Sinais LIBRAS. - Certificado de profici\u00eancia em Libras\/atesto.\" data-balloon-pos=\"up\">Pedagogo Bilingue em LIBRAS<\/span><\/td>\r\n<td class=\"cvagas\">CR<\/td>\r\n<td class=\"cremuneracao\">R$ 5.410,05 \/<\/td>\r\n<\/tr><tr>\r\n<td class=\"ccargos\">\r\n<span data-balloon-length=\"medium\" aria-label=\"Diploma de Licenciatura Plena em Pedagogia com especializa\u00e7\u00e3o em Atendimento Educacional Especializado e\/ou Educa\u00e7\u00e3o Especial.\" data-balloon-pos=\"up\">Pedagogo para sala de recurso multifuncional<\/span><\/td>\r\n<td class=\"cvagas\">60<\/td>\r\n<td class=\"cremuneracao\">R$ 5.410,05 \/<\/td>\r\n<\/tr><tr>\r\n<td class=\"ccargos\">\r\n<span data-balloon-length=\"medium\" aria-label=\"Diploma de Gradua\u00e7\u00e3o em Nutri\u00e7\u00e3o.\" data-balloon-pos=\"up\">T\u00e9cnico de N\u00edvel Superior - Nutricionista<\/span><\/td>\r\n<td class=\"cvagas\">CR<\/td>\r\n<td class=\"cremuneracao\">R$ 5.410,05 \/30h<\/td>\r\n<\/tr><tr>\r\n<td class=\"ccargos\">\r\n<span data-balloon-length=\"medium\" aria-label=\"Diploma de Gradua\u00e7\u00e3o em Fonoaudiologia\" data-balloon-pos=\"up\">T\u00e9cnico de N\u00edvel Superior - Fonoaudi\u00f3logo<\/span><\/td>\r\n<td class=\"cvagas\">CR<\/td>\r\n<td class=\"cremuneracao\">R$ 5.410,05 \/30h<\/td>\r\n<\/tr><tr>\r\n<td class=\"ccargos\">\r\n<span data-balloon-length=\"medium\" aria-label=\"Diploma de Gradua\u00e7\u00e3o em Psicologia\" data-balloon-pos=\"up\">T\u00e9cnico de N\u00edvel Superior - Psic\u00f3logo<\/span><\/td>\r\n<td class=\"cvagas\">CR<\/td>\r\n<td class=\"cremuneracao\">R$ 5.410,05 \/30h<\/td>\r\n<\/tr><tr>\r\n<td class=\"ccargos\">\r\n<span data-balloon-length=\"medium\" aria-label=\"Diploma de Gradua\u00e7\u00e3o em Engenharia Ambiental e sanitarista\" data-balloon-pos=\"up\">T\u00e9cnico de N\u00edvel Superior - Engenharia Ambiental e Sanitarista<\/span><\/td>\r\n<td class=\"cvagas\">CR<\/td>\r\n<td class=\"cremuneracao\">R$ 5.410,05 \/30h<\/td>\r\n<\/tr><tr>\r\n<td class=\"ccargos\">\r\n<span data-balloon-length=\"medium\" aria-label=\"Diploma de Gradua\u00e7\u00e3o em Engenharia Civil\" data-balloon-pos=\"up\">T\u00e9cnico de N\u00edvel Superior - Engenheiro Civil<\/span><\/td>\r\n<td class=\"cvagas\">CR<\/td>\r\n<td class=\"cremuneracao\">R$ 5.410,05 \/30h<\/td>\r\n<\/tr><tr>\r\n<td class=\"ccargos\">\r\n<span data-balloon-length=\"medium\" aria-label=\"Diploma de Gradua\u00e7\u00e3o em Servi\u00e7o Social\" data-balloon-pos=\"up\">T\u00e9cnico de N\u00edvel Superior - Assistente Social<\/span><\/td>\r\n<td class=\"cvagas\">CR<\/td>\r\n<td class=\"cremuneracao\">R$ 5.410,05 \/30h<\/td>\r\n<\/tr><tr>\r\n<td class=\"ccargos\">\r\n<span data-balloon-length=\"medium\" aria-label=\"Diploma de Gradua\u00e7\u00e3o em Ci\u00eancia da Computa\u00e7\u00e3o\" data-balloon-pos=\"up\">T\u00e9cnico de N\u00edvel Superior - Ci\u00eancia da Computa\u00e7\u00e3o<\/span><\/td>\r\n<td class=\"cvagas\">CR<\/td>\r\n<td class=\"cremuneracao\">R$ 5.410,05 \/30h<\/td>\r\n<\/tr>\r\n    <\/tbody>\r\n  <\/table>\r\n<\/div>"},"_links":{"self":[{"href":"https:\/\/www.agrobase.com.br\/concursos\/wp-json\/wp\/v2\/posts\/270924","targetHints":{"allow":["GET"]}}],"collection":[{"href":"https:\/\/www.agrobase.com.br\/concursos\/wp-json\/wp\/v2\/posts"}],"about":[{"href":"https:\/\/www.agrobase.com.br\/concursos\/wp-json\/wp\/v2\/types\/post"}],"author":[{"embeddable":true,"href":"https:\/\/www.agrobase.com.br\/concursos\/wp-json\/wp\/v2\/users\/7"}],"replies":[{"embeddable":true,"href":"https:\/\/www.agrobase.com.br\/concursos\/wp-json\/wp\/v2\/comments?post=270924"}],"version-history":[{"count":2,"href":"https:\/\/www.agrobase.com.br\/concursos\/wp-json\/wp\/v2\/posts\/270924\/revisions"}],"predecessor-version":[{"id":270928,"href":"https:\/\/www.agrobase.com.br\/concursos\/wp-json\/wp\/v2\/posts\/270924\/revisions\/270928"}],"wp:featuredmedia":[{"embeddable":true,"href":"https:\/\/www.agrobase.com.br\/concursos\/wp-json\/wp\/v2\/media\/270923"}],"wp:attachment":[{"href":"https:\/\/www.agrobase.com.br\/concursos\/wp-json\/wp\/v2\/media?parent=270924"}],"wp:term":[{"taxonomy":"category","embeddable":true,"href":"https:\/\/www.agrobase.com.br\/concursos\/wp-json\/wp\/v2\/categories?post=270924"},{"taxonomy":"post_tag","embeddable":true,"href":"https:\/\/www.agrobase.com.br\/concursos\/wp-json\/wp\/v2\/tags?post=270924"},{"taxonomy":"_amplo","embeddable":true,"href":"https:\/\/www.agrobase.com.br\/concursos\/wp-json\/wp\/v2\/_amplo?post=270924"},{"taxonomy":"destaque","embeddable":true,"href":"https:\/\/www.agrobase.com.br\/concursos\/wp-json\/wp\/v2\/destaque?post=270924"},{"taxonomy":"instituicoes","embeddable":true,"href":"https:\/\/www.agrobase.com.br\/concursos\/wp-json\/wp\/v2\/instituicoes?post=270924"}],"curies":[{"name":"wp","href":"https:\/\/api.w.org\/{rel}","templated":true}]}}