{"id":270872,"date":"2025-09-04T08:24:27","date_gmt":"2025-09-04T11:24:27","guid":{"rendered":"https:\/\/www.agrobase.com.br\/concursos\/?p=270872"},"modified":"2025-09-03T15:25:34","modified_gmt":"2025-09-03T18:25:34","slug":"prefeitura-canaa-dos-carajas-pa-selecao-simplificada-02-2025","status":"publish","type":"post","link":"https:\/\/www.agrobase.com.br\/concursos\/2025\/prefeitura-canaa-dos-carajas-pa-selecao-simplificada-02-2025\/","title":{"rendered":"Prefeitura Cana\u00e3 dos Caraj\u00e1s (PA) &#8211; Sele\u00e7\u00e3o Simplificada 02\/2025"},"content":{"rendered":"<h2>Informa\u00e7\u00f5es Gerais<\/h2>\n<p>A Secretaria Municipal de Educa\u00e7\u00e3o de Cana\u00e3 dos Caraj\u00e1s, no Par\u00e1, publicou o edital n\u00ba 002\/2025-SEMED\/GS para seu Processo Seletivo Simplificado (PSS) de 2025. O certame visa a contrata\u00e7\u00e3o tempor\u00e1ria de docentes para a educa\u00e7\u00e3o b\u00e1sica da rede municipal, com o objetivo de preencher vagas imediatas e formar cadastro de reserva. Todas as oportunidades s\u00e3o para cargos de n\u00edvel superior, abrangendo diversas \u00e1reas do magist\u00e9rio.<\/p>\n<p>Este processo seletivo \u00e9 uma excelente oportunidade para profissionais da educa\u00e7\u00e3o que buscam uma coloca\u00e7\u00e3o no servi\u00e7o p\u00fablico. As vagas contemplam \u00e1reas como Pedagogia, Letras, Matem\u00e1tica, Hist\u00f3ria, Geografia e Educa\u00e7\u00e3o F\u00edsica. <strong>\u00c9 importante destacar que h\u00e1 vagas para a \u00e1rea de Ci\u00eancias, incluindo a disciplina de Biologia<\/strong>, um dos focos de interesse para nosso p\u00fablico. O contrato dos aprovados ter\u00e1 validade inicial de um ano, podendo ser prorrogado por igual per\u00edodo. Continue a leitura para obter informa\u00e7\u00f5es detalhadas sobre as inscri\u00e7\u00f5es, etapas e cronograma deste certame.<\/p>\n<p>,<\/p>\n<h2>Inscri\u00e7\u00f5es<\/h2>\n<p>As inscri\u00e7\u00f5es para o Processo Seletivo Simplificado da SEMED de Cana\u00e3 dos Caraj\u00e1s\/PA ser\u00e3o realizadas exclusivamente pela internet, no site da banca examinadora, que ser\u00e1 divulgado nos canais oficiais do munic\u00edpio. O per\u00edodo para se inscrever vai de <strong>25 de junho de 2025 at\u00e9 31 de agosto de 2025<\/strong>. O valor da taxa de inscri\u00e7\u00e3o \u00e9 de R$ 70,00 para todos os cargos. O pagamento deve ser efetuado por meio de boleto banc\u00e1rio ou PIX, utilizando o QR Code gerado no sistema de inscri\u00e7\u00e3o, at\u00e9 a data de vencimento.<\/p>\n<p>Candidatos que se enquadrem nos crit\u00e9rios de Pessoa com Defici\u00eancia (PcD) ou hipossufici\u00eancia poder\u00e3o solicitar a isen\u00e7\u00e3o da taxa, conforme as regras do edital. \u00c9 fundamental que o candidato preencha o formul\u00e1rio com aten\u00e7\u00e3o, pois s\u00f3 \u00e9 permitida uma inscri\u00e7\u00e3o por CPF e n\u00e3o ser\u00e1 poss\u00edvel alterar o cargo ap\u00f3s o pagamento. A confirma\u00e7\u00e3o da inscri\u00e7\u00e3o ocorrer\u00e1 ap\u00f3s a compensa\u00e7\u00e3o banc\u00e1ria do pagamento. Para garantir a participa\u00e7\u00e3o, \u00e9 imprescind\u00edvel a leitura completa do edital.<\/p>\n<h2>Etapas e Provas<\/h2>\n<p>O processo de sele\u00e7\u00e3o dos candidatos ser\u00e1 realizado em tr\u00eas etapas principais, sendo as duas \u00faltimas de car\u00e1ter eliminat\u00f3rio e classificat\u00f3rio. A estrutura foi pensada para avaliar tanto a forma\u00e7\u00e3o e experi\u00eancia quanto o conhecimento t\u00e9cnico dos participantes.<\/p>\n<ul>\n<li><strong>Etapa I \u2013 Inscri\u00e7\u00e3o:<\/strong> Fase inicial onde o candidato realiza seu cadastro online e anexa todos os documentos comprobat\u00f3rios necess\u00e1rios para a etapa seguinte. A documenta\u00e7\u00e3o deve ser enviada exclusivamente durante o per\u00edodo de inscri\u00e7\u00f5es.<\/li>\n<li><strong>Etapa II \u2013 Avalia\u00e7\u00e3o Curricular e Documental (ACD):<\/strong> De car\u00e1ter eliminat\u00f3rio e classificat\u00f3rio, esta etapa consiste na an\u00e1lise dos documentos enviados na inscri\u00e7\u00e3o. Ser\u00e3o pontuados os t\u00edtulos, qualifica\u00e7\u00f5es e a experi\u00eancia profissional do candidato no cargo pretendido. A pontua\u00e7\u00e3o m\u00e1xima \u00e9 de 100 pontos, sendo necess\u00e1rio atingir o m\u00ednimo de 30 pontos para n\u00e3o ser eliminado. A n\u00e3o comprova\u00e7\u00e3o dos requisitos m\u00ednimos para o cargo tamb\u00e9m resulta na elimina\u00e7\u00e3o.<\/li>\n<li><strong>Etapa III \u2013 Prova Nacional Docente (PND):<\/strong> Os candidatos dever\u00e3o, obrigatoriamente, estar inscritos e realizar a Prova Nacional Docente (PND) de 2025, organizada pelo INEP. A nota obtida nesta prova ser\u00e1 somada \u00e0 pontua\u00e7\u00e3o da Avalia\u00e7\u00e3o Curricular para compor a nota final. O candidato que n\u00e3o atingir o desempenho m\u00ednimo estabelecido pelo INEP na PND ou n\u00e3o enviar o c\u00f3digo de verifica\u00e7\u00e3o do seu boletim de resultados no prazo estipulado ser\u00e1 eliminado do PSS.<\/li>\n<\/ul>\n<p>Para obter detalhes sobre os crit\u00e9rios de pontua\u00e7\u00e3o, o conte\u00fado program\u00e1tico da PND e o cronograma completo, \u00e9 fundamental a leitura atenta do edital e de suas eventuais retifica\u00e7\u00f5es.<\/p>\n<h2>Resultados e Gabarito<\/h2>\n<p>A classifica\u00e7\u00e3o final dos candidatos ser\u00e1 baseada na soma das notas obtidas na Avalia\u00e7\u00e3o Curricular e Documental (ACD) e na Prova Nacional Docente (PND). O resultado preliminar do PSS est\u00e1 previsto para ser divulgado em <strong>20 de dezembro de 2025<\/strong>, seguido por um per\u00edodo para interposi\u00e7\u00e3o de recursos. O resultado final definitivo est\u00e1 programado para <strong>23 de dezembro de 2025<\/strong>.<\/p>\n<p>Em caso de empate na pontua\u00e7\u00e3o final, os crit\u00e9rios de desempate seguir\u00e3o a seguinte ordem: 1\u00ba) idade igual ou superior a 60 anos; 2\u00ba) maior nota na Prova Nacional Docente (PND); 3\u00ba) maior nota na Avalia\u00e7\u00e3o Curricular e Documental (ACD); 4\u00ba) candidato mais idoso (para os com idade inferior a 60 anos). A homologa\u00e7\u00e3o do resultado final do processo seletivo est\u00e1 prevista para ocorrer at\u00e9 <strong>31 de dezembro de 2025<\/strong>.<\/p>\n<p>Ap\u00f3s a homologa\u00e7\u00e3o, a convoca\u00e7\u00e3o dos candidatos aprovados e classificados dentro do n\u00famero de vagas ser\u00e1 realizada pela Secretaria Municipal de Educa\u00e7\u00e3o de Cana\u00e3 dos Caraj\u00e1s. As convoca\u00e7\u00f5es ser\u00e3o publicadas nos canais oficiais, como o portal do munic\u00edpio e o Di\u00e1rio Oficial. \u00c9 de responsabilidade exclusiva do candidato acompanhar todas as publica\u00e7\u00f5es referentes ao certame.<\/p>\n","protected":false},"excerpt":{"rendered":"<p>Sel. Simplificada Pref. Cana\u00e3 dos Caraj\u00e1s (PA) com edital publicado! Vagas p\/ Professores (Superior). Inscri\u00e7\u00f5es a partir de 25\/06. Sal\u00e1rio R$ 4.9k. Confira detalhes!<\/p>\n","protected":false},"author":7,"featured_media":270871,"comment_status":"open","ping_status":"open","sticky":false,"template":"","format":"standard","meta":{"_acf_changed":false,"_breakdance_hide_in_design_set":false,"_breakdance_tags":"","footnotes":""},"categories":[6433,141,6434,6436,111,100,20,6871,116,25,6435],"tags":[51],"_amplo":[],"destaque":[],"instituicoes":[],"class_list":["post-270872","post","type-post","status-publish","format-standard","has-post-thumbnail","hentry","category-biologia-licenciatura","category-educacao-artistica","category-educacao-fisica-licenciatura","category-fisica-licenciatura","category-geografia","category-historia","category-letras","category-letras-ingles","category-matematica","category-pedagogia","category-quimica-licenciatura","tag-para"],"acf":{"_tipo_vagas":"vagas","_numero_vagas":"","_quadro_vagas":"","_cargos":"diversos","_cargos_especificos":"","_salario_max":"R$ 4905.73","_abertura":"20250625","_encerramento":"20250831","_inscricoes":"https:\/\/www.canaadoscarajas.pa.gov.br\/novo\/","_executora_concurso":"","_instituicao_concurso":[],"_link_adicional":null,"_anexos":null,"_produtos":null,"_vagas":"1086 vagas + CR","_salario_min":"R$ 4905.73","_instituicao":"Prefeitura de Cana\u00e3 dos Caraj\u00e1s","_edital":"https:\/\/www.agrobase.com.br\/concursos\/wp-content\/uploads\/sites\/4\/2025\/09\/edital-02-2025-prefeitura-de-canaa-dos-carajas-pa.pdf","_anexos_edital":"","_fund_incompleto":"","_fund_completo":"","_medio":"","_superior":"<div>\r\n<table class=\"quadro\">\r\n<thead>\r\n<tr>\r\n<th class=\"hcargo\">Cargo<\/th>\r\n<th class=\"hvagas\">Vagas<\/th>\r\n<th class=\"hremuneracao\">Remunera\u00e7\u00e3o<\/th>\r\n<\/tr>\r\n<\/thead>\r\n    <tbody>\r\n      <tr>\r\n<td class=\"ccargos\">\r\n<span data-balloon-length=\"medium\" aria-label=\"Licenciatura em Educa\u00e7\u00e3o Art\u00edstica, fornecido por institui\u00e7\u00e3o de ensino superior reconhecida pelo Minist\u00e9rio da Educa\u00e7\u00e3o.\" data-balloon-pos=\"up\">PROFESSOR DE ARTES - PED-VI<\/span><\/td>\r\n<td class=\"cvagas\">10 + CR<\/td>\r\n<td class=\"cremuneracao\">R$ 4.905,73 \/20h<\/td>\r\n<\/tr><tr>\r\n<td class=\"ccargos\">\r\n<span data-balloon-length=\"medium\" aria-label=\"Diploma de conclus\u00e3o de curso de gradua\u00e7\u00e3o de licenciatura em Ci\u00eancias, Biologia, f\u00edsica ou Qu\u00edmica, fornecido por institui\u00e7\u00e3o de ensino superior reconhecida pelo Minist\u00e9rio da Educa\u00e7\u00e3o.\" data-balloon-pos=\"up\">PROFESSOR DE CI\u00caNCIAS NATURAIS; F\u00cdSICA; BIOLOGIA; QU\u00cdMICA - PED-VI<\/span><\/td>\r\n<td class=\"cvagas\">12 + CR<\/td>\r\n<td class=\"cremuneracao\">R$ 4.905,73 \/20h<\/td>\r\n<\/tr><tr>\r\n<td class=\"ccargos\">\r\n<span data-balloon-length=\"medium\" aria-label=\"Licenciatura em Pedagogia, nos termos da legisla\u00e7\u00e3o pertinente.\" data-balloon-pos=\"up\">PROFESSOR DE EDUCA\u00c7\u00c3O B\u00c1SICA PEB-III<\/span><\/td>\r\n<td class=\"cvagas\">245 + CR<\/td>\r\n<td class=\"cremuneracao\">R$ 4.905,73 \/20h<\/td>\r\n<\/tr><tr>\r\n<td class=\"ccargos\">\r\n<span data-balloon-length=\"medium\" aria-label=\"Licenciatura em Pedagogia, com habilita\u00e7\u00e3o em Educa\u00e7\u00e3o do Campo ou Licenciatura em qualquer \u00e1rea com Especializa\u00e7\u00e3o em Educa\u00e7\u00e3o do campo, nos termos da legisla\u00e7\u00e3o pertinente.\" data-balloon-pos=\"up\">PROFESSOR DE EDUCA\u00c7\u00c3O DO CAMPO - PEC-V<\/span><\/td>\r\n<td class=\"cvagas\">03 + CR<\/td>\r\n<td class=\"cremuneracao\">R$ 4.905,73 \/20h<\/td>\r\n<\/tr><tr>\r\n<td class=\"ccargos\">\r\n<span data-balloon-length=\"medium\" aria-label=\"Licenciatura em Pedagogia com Habilita\u00e7\u00e3o em Educa\u00e7\u00e3o Especial, ou Licenciatura em qualquer \u00e1rea com Especializa\u00e7\u00e3o em Educa\u00e7\u00e3o Especial, nos termos da legisla\u00e7\u00e3o pertinente.\" data-balloon-pos=\"up\">PROFESSOR DE EDUCA\u00c7\u00c3O ESPECIAL - PEE-IV<\/span><\/td>\r\n<td class=\"cvagas\">21 + CR<\/td>\r\n<td class=\"cremuneracao\">R$ 4.905,73 \/20h<\/td>\r\n<\/tr><tr>\r\n<td class=\"ccargos\">\r\n<span data-balloon-length=\"medium\" aria-label=\"Licenciatura em Educa\u00e7\u00e3o F\u00edsica, fornecido por institui\u00e7\u00e3o de ensino superior reconhecida pelo Minist\u00e9rio da Educa\u00e7\u00e3o, e registro regular no Conselho Regional de Educa\u00e7\u00e3o F\u00edsica.\" data-balloon-pos=\"up\">PROFESSOR DE EDUCA\u00c7\u00c3O F\u00cdSICA - PED-VI<\/span><\/td>\r\n<td class=\"cvagas\">21 + CR<\/td>\r\n<td class=\"cremuneracao\">R$ 4.905,73 \/20h<\/td>\r\n<\/tr><tr>\r\n<td class=\"ccargos\">\r\n<span data-balloon-length=\"medium\" aria-label=\"Licenciatura em Pedagogia com Especializa\u00e7\u00e3o em Educa\u00e7\u00e3o Infantil, nos termos da legisla\u00e7\u00e3o pertinente.\" data-balloon-pos=\"up\">PROFESSOR DE EDUCA\u00c7\u00c3O INFANTIL - PEI-II<\/span><\/td>\r\n<td class=\"cvagas\">129 + CR<\/td>\r\n<td class=\"cremuneracao\">R$ 4.905,73 \/20h<\/td>\r\n<\/tr><tr>\r\n<td class=\"ccargos\">\r\n<span data-balloon-length=\"medium\" aria-label=\"Licenciatura em Geografia, fornecido por institui\u00e7\u00e3o de ensino superior reconhecida pelo Minist\u00e9rio da Educa\u00e7\u00e3o.\" data-balloon-pos=\"up\">PROFESSOR DE GEOGRAFIA - PED-VI<\/span><\/td>\r\n<td class=\"cvagas\">15 + CR<\/td>\r\n<td class=\"cremuneracao\">R$ 4.905,73 \/20h<\/td>\r\n<\/tr><tr>\r\n<td class=\"ccargos\">\r\n<span data-balloon-length=\"medium\" aria-label=\"Licenciatura em Hist\u00f3ria, fornecido por institui\u00e7\u00e3o de ensino superior reconhecida pelo Minist\u00e9rio da Educa\u00e7\u00e3o.\" data-balloon-pos=\"up\">PROFESSOR DE HIST\u00d3RIA - PED-VI<\/span><\/td>\r\n<td class=\"cvagas\">14 + CR<\/td>\r\n<td class=\"cremuneracao\">R$ 4.905,73 \/20h<\/td>\r\n<\/tr><tr>\r\n<td class=\"ccargos\">\r\n<span data-balloon-length=\"medium\" aria-label=\"Licenciatura em Letras, com habilita\u00e7\u00e3o em Ingl\u00eas, fornecido por institui\u00e7\u00e3o de ensino superior reconhecida pelo Minist\u00e9rio da Educa\u00e7\u00e3o.\" data-balloon-pos=\"up\">PROFESSOR DE L\u00cdNGUA INGLESA - PED-VI<\/span><\/td>\r\n<td class=\"cvagas\">12 + CR<\/td>\r\n<td class=\"cremuneracao\">R$ 4.905,73 \/20h<\/td>\r\n<\/tr><tr>\r\n<td class=\"ccargos\">\r\n<span data-balloon-length=\"medium\" aria-label=\"Licenciatura em Letras, com habilita\u00e7\u00e3o em L\u00edngua Portuguesa fornecido por institui\u00e7\u00e3o de ensino superior, reconhecida pelo Minist\u00e9rio da Educa\u00e7\u00e3o.\" data-balloon-pos=\"up\">PROFESSOR DE L\u00cdNGUA PORTUGUESA - PED-VI<\/span><\/td>\r\n<td class=\"cvagas\">41 + CR<\/td>\r\n<td class=\"cremuneracao\">R$ 4.905,73 \/20h<\/td>\r\n<\/tr><tr>\r\n<td class=\"ccargos\">\r\n<span data-balloon-length=\"medium\" aria-label=\"Licenciatura em Matem\u00e1tica, fornecido por institui\u00e7\u00e3o de ensino superior reconhecida pelo Minist\u00e9rio da Educa\u00e7\u00e3o.\" data-balloon-pos=\"up\">PROFESSOR DE MATEMATICA - PED-VI<\/span><\/td>\r\n<td class=\"cvagas\">29 + CR<\/td>\r\n<td class=\"cremuneracao\">R$ 4.905,73 \/20h<\/td>\r\n<\/tr>\r\n    <\/tbody>\r\n  <\/table>\r\n<\/div>"},"_links":{"self":[{"href":"https:\/\/www.agrobase.com.br\/concursos\/wp-json\/wp\/v2\/posts\/270872","targetHints":{"allow":["GET"]}}],"collection":[{"href":"https:\/\/www.agrobase.com.br\/concursos\/wp-json\/wp\/v2\/posts"}],"about":[{"href":"https:\/\/www.agrobase.com.br\/concursos\/wp-json\/wp\/v2\/types\/post"}],"author":[{"embeddable":true,"href":"https:\/\/www.agrobase.com.br\/concursos\/wp-json\/wp\/v2\/users\/7"}],"replies":[{"embeddable":true,"href":"https:\/\/www.agrobase.com.br\/concursos\/wp-json\/wp\/v2\/comments?post=270872"}],"version-history":[{"count":2,"href":"https:\/\/www.agrobase.com.br\/concursos\/wp-json\/wp\/v2\/posts\/270872\/revisions"}],"predecessor-version":[{"id":270875,"href":"https:\/\/www.agrobase.com.br\/concursos\/wp-json\/wp\/v2\/posts\/270872\/revisions\/270875"}],"wp:featuredmedia":[{"embeddable":true,"href":"https:\/\/www.agrobase.com.br\/concursos\/wp-json\/wp\/v2\/media\/270871"}],"wp:attachment":[{"href":"https:\/\/www.agrobase.com.br\/concursos\/wp-json\/wp\/v2\/media?parent=270872"}],"wp:term":[{"taxonomy":"category","embeddable":true,"href":"https:\/\/www.agrobase.com.br\/concursos\/wp-json\/wp\/v2\/categories?post=270872"},{"taxonomy":"post_tag","embeddable":true,"href":"https:\/\/www.agrobase.com.br\/concursos\/wp-json\/wp\/v2\/tags?post=270872"},{"taxonomy":"_amplo","embeddable":true,"href":"https:\/\/www.agrobase.com.br\/concursos\/wp-json\/wp\/v2\/_amplo?post=270872"},{"taxonomy":"destaque","embeddable":true,"href":"https:\/\/www.agrobase.com.br\/concursos\/wp-json\/wp\/v2\/destaque?post=270872"},{"taxonomy":"instituicoes","embeddable":true,"href":"https:\/\/www.agrobase.com.br\/concursos\/wp-json\/wp\/v2\/instituicoes?post=270872"}],"curies":[{"name":"wp","href":"https:\/\/api.w.org\/{rel}","templated":true}]}}