{"id":270866,"date":"2025-09-04T10:12:11","date_gmt":"2025-09-04T13:12:11","guid":{"rendered":"https:\/\/www.agrobase.com.br\/concursos\/?p=270866"},"modified":"2025-09-04T10:12:11","modified_gmt":"2025-09-04T13:12:11","slug":"prefeitura-boqueirao-pb-concurso-01-2025","status":"publish","type":"post","link":"https:\/\/www.agrobase.com.br\/concursos\/2025\/prefeitura-boqueirao-pb-concurso-01-2025\/","title":{"rendered":"Prefeitura Boqueir\u00e3o (PB) &#8211; Concurso 01\/2025"},"content":{"rendered":"<h2>Informa\u00e7\u00f5es Gerais<\/h2>\n<p>A Prefeitura Municipal de Boqueir\u00e3o, na Para\u00edba, publicou o edital n\u00ba 001\/2025 para seu novo Concurso P\u00fablico, organizado pela banca \u00c1pice Consultoria. O certame visa o preenchimento de vagas efetivas imediatas e a forma\u00e7\u00e3o de cadastro de reserva para o quadro permanente de pessoal, sob o Regime Jur\u00eddico \u00danico (Estatut\u00e1rio).<\/p>\n<p>As oportunidades abrangem os n\u00edveis de escolaridade fundamental (incompleto e completo), m\u00e9dio, t\u00e9cnico e superior, com vagas em diversas \u00e1reas, como administrativa, operacional, sa\u00fade e educa\u00e7\u00e3o. <strong>Para os profissionais das \u00e1reas de ci\u00eancias agr\u00e1rias e biol\u00f3gicas, destacam-se as vagas para Nutricionista, Biom\u00e9dico e Professor de Ci\u00eancias (com forma\u00e7\u00e3o em Ci\u00eancias Biol\u00f3gicas)<\/strong>.<\/p>\n<p>Este concurso representa uma excelente oportunidade para ingressar no servi\u00e7o p\u00fablico municipal. Nas se\u00e7\u00f5es seguintes, voc\u00ea encontrar\u00e1 todos os detalhes sobre o processo de inscri\u00e7\u00e3o, as etapas de avalia\u00e7\u00e3o e o cronograma de resultados para planejar sua participa\u00e7\u00e3o.<\/p>\n<h2>Inscri\u00e7\u00f5es<\/h2>\n<p>As inscri\u00e7\u00f5es para o concurso da Prefeitura de Boqueir\u00e3o\/PB ser\u00e3o realizadas exclusivamente pela internet, no site da banca organizadora. O per\u00edodo para se inscrever inicia \u00e0s <strong>09h do dia 02 de setembro de 2025 e encerra \u00e0s 23h59 do dia 30 de setembro de 2025<\/strong>.<\/p>\n<p>Os valores da taxa de inscri\u00e7\u00e3o foram definidos de acordo com o n\u00edvel de escolaridade do cargo pretendido:<\/p>\n<ul>\n<li><strong>N\u00edvel Fundamental:<\/strong> R$ 45,00<\/li>\n<li><strong>N\u00edvel M\u00e9dio\/T\u00e9cnico:<\/strong> R$ 50,00<\/li>\n<li><strong>N\u00edvel Superior:<\/strong> R$ 70,00<\/li>\n<\/ul>\n<p>Para confirmar a participa\u00e7\u00e3o, o candidato dever\u00e1 preencher o formul\u00e1rio online no site <em>www.apiceconsultoria.com<\/em> e efetuar o pagamento da taxa por meio de boleto banc\u00e1rio ou Pix (via QR Code) at\u00e9 o dia <strong>03 de outubro de 2025<\/strong>. Pagamentos realizados por outros meios, como dep\u00f3sito, DOC ou TED, n\u00e3o ser\u00e3o considerados v\u00e1lidos. \u00c9 de responsabilidade do candidato acompanhar a confirma\u00e7\u00e3o da sua inscri\u00e7\u00e3o na \u00e1rea restrita do site da organizadora.<\/p>\n<p>Para conhecer todas as regras e procedimentos, \u00e9 fundamental a leitura completa do edital.<\/p>\n<h2>Etapas e Provas<\/h2>\n<p>O processo seletivo do Concurso de Boqueir\u00e3o\/PB ser\u00e1 estruturado em diferentes etapas, variando conforme o cargo. Todos os candidatos ser\u00e3o submetidos \u00e0 Prova Escrita Objetiva, de car\u00e1ter eliminat\u00f3rio e classificat\u00f3rio.<\/p>\n<p>As etapas previstas s\u00e3o:<\/p>\n<ul>\n<li><strong>Prova Escrita Objetiva (para todos os cargos):<\/strong> Composta por 50 quest\u00f5es de m\u00faltipla escolha, ter\u00e1 dura\u00e7\u00e3o de 2 a 3 horas e pontua\u00e7\u00e3o m\u00e1xima de 100 pontos. Para ser aprovado, o candidato dever\u00e1 obter no m\u00ednimo 50% de acerto total e n\u00e3o zerar em nenhuma \u00e1rea de conhecimento. A aplica\u00e7\u00e3o est\u00e1 prevista para o dia <strong>23 de novembro de 2025<\/strong>.<\/li>\n<li><strong>Prova Pr\u00e1tica (para cargos espec\u00edficos):<\/strong> De car\u00e1ter eliminat\u00f3rio e classificat\u00f3rio, ser\u00e1 aplicada aos candidatos mais bem classificados na prova objetiva para os cargos de Eletricista, Motorista (categorias B e D), Motorista de Transporte Escolar e Operador de M\u00e1quinas Pesadas. A prova valer\u00e1 100 pontos, com nota m\u00ednima de 50 para aprova\u00e7\u00e3o.<\/li>\n<li><strong>Prova de T\u00edtulos (para todos os cargos de n\u00edvel superior):<\/strong> De car\u00e1ter apenas classificat\u00f3rio, esta etapa avaliar\u00e1 a forma\u00e7\u00e3o acad\u00eamica e a experi\u00eancia profissional dos candidatos aprovados na prova objetiva. A pontua\u00e7\u00e3o m\u00e1xima \u00e9 de 50 pontos.<\/li>\n<li><strong>Comprova\u00e7\u00e3o de Requisitos (para Agente Comunit\u00e1rio de Sa\u00fade):<\/strong> Etapa de car\u00e1ter eliminat\u00f3rio que exige que o candidato resida na \u00e1rea de atua\u00e7\u00e3o da comunidade desde a data de publica\u00e7\u00e3o do edital.<\/li>\n<\/ul>\n<p>Para informa\u00e7\u00f5es detalhadas sobre o conte\u00fado program\u00e1tico, crit\u00e9rios de avalia\u00e7\u00e3o e cronograma completo de cada etapa, consulte o edital oficial do concurso.<\/p>\n<h2>Resultados e Gabarito<\/h2>\n<p>A divulga\u00e7\u00e3o dos resultados do Concurso de Boqueir\u00e3o\/PB seguir\u00e1 um cronograma espec\u00edfico para cada etapa. O gabarito preliminar da prova objetiva ser\u00e1 publicado em at\u00e9 24 horas ap\u00f3s a aplica\u00e7\u00e3o, no dia <strong>24 de novembro de 2025<\/strong>, e o gabarito definitivo em <strong>05 de dezembro de 2025<\/strong>. O resultado final de todas as fases est\u00e1 previsto para <strong>30 de dezembro de 2025<\/strong>.<\/p>\n<p>A classifica\u00e7\u00e3o final ser\u00e1 feita em ordem decrescente da nota total obtida. Os crit\u00e9rios de desempate variam por n\u00edvel de escolaridade, mas priorizam, sucessivamente: idade igual ou superior a 60 anos, maior nota em Conhecimentos Espec\u00edficos (para n\u00edveis m\u00e9dio e superior) ou Portugu\u00eas (n\u00edvel fundamental) e, por \u00faltimo, maior idade.<\/p>\n<p>Ap\u00f3s a apura\u00e7\u00e3o de todos os resultados, a banca organizadora encaminhar\u00e1 o relat\u00f3rio final para a Prefeitura, que realizar\u00e1 a homologa\u00e7\u00e3o e a publicar\u00e1 no Di\u00e1rio Oficial do Munic\u00edpio. A convoca\u00e7\u00e3o dos aprovados para a posse ocorrer\u00e1 por meio de Edital de Convoca\u00e7\u00e3o, tamb\u00e9m divulgado nos meios oficiais.<\/p>\n<p>\u00c9 de responsabilidade exclusiva do candidato acompanhar todas as publica\u00e7\u00f5es de resultados, convoca\u00e7\u00f5es e comunicados no site da banca \u00c1pice Consultoria e no Di\u00e1rio Oficial do Munic\u00edpio.<\/p>\n","protected":false},"excerpt":{"rendered":"<p>Concurso Pref. Boqueir\u00e3o (PB) com edital publicado! Vagas p\/ Professor e Sa\u00fade (Fund. a Sup.). Inscri\u00e7\u00f5es a partir de 02\/09. Sal\u00e1rios at\u00e9 R$ 3.9k. Confira detalhes!<\/p>\n","protected":false},"author":7,"featured_media":270865,"comment_status":"open","ping_status":"open","sticky":false,"template":"","format":"standard","meta":{"_acf_changed":false,"_breakdance_hide_in_design_set":false,"_breakdance_tags":"","footnotes":""},"categories":[3,6433,7,9,10,117,6434,12,17,6436,18,19,111,100,20,6871,23,25,26,6435,101,108,161],"tags":[53],"_amplo":[],"destaque":[],"instituicoes":[],"class_list":["post-270866","post","type-post","status-publish","format-standard","has-post-thumbnail","hentry","category-administracao","category-biologia-licenciatura","category-biomedicina","category-ciencias-contabeis","category-direito","category-economia","category-educacao-fisica-licenciatura","category-enfermagem","category-farmacia","category-fisica-licenciatura","category-fisioterapia","category-fonoaudiologia","category-geografia","category-historia","category-letras","category-letras-ingles","category-nutricao","category-pedagogia","category-psicologia","category-quimica-licenciatura","category-servico-social","category-tecnico-enfermagem","category-tecnico-laboratorio","tag-paraiba"],"acf":{"_tipo_vagas":"vagas","_numero_vagas":"","_quadro_vagas":"","_cargos":"diversos","_cargos_especificos":"","_salario_max":"R$ 3940.3","_abertura":"20250902","_encerramento":"20250930","_inscricoes":"https:\/\/www.apiceconsultoria.com","_executora_concurso":"","_instituicao_concurso":[],"_link_adicional":null,"_anexos":null,"_produtos":null,"_vagas":"103 vagas","_salario_min":"R$ 1518","_instituicao":"Prefeitura de Boqueir\u00e3o","_edital":"https:\/\/www.agrobase.com.br\/concursos\/wp-content\/uploads\/sites\/4\/2025\/09\/edital-01-2025-prefeitura-de-boqueirao-pb.pdf","_anexos_edital":"https:\/\/www.agrobase.com.br\/concursos\/wp-content\/uploads\/sites\/4\/2025\/09\/anexos-edital-01-2025-prefeitura-de-boqueirao-pb.pdf","_fund_incompleto":"<div>\r\n<table class=\"quadro\">\r\n<thead>\r\n<tr>\r\n<th class=\"hcargo\">Cargo<\/th>\r\n<th class=\"hvagas\">Vagas<\/th>\r\n<th class=\"hremuneracao\">Remunera\u00e7\u00e3o<\/th>\r\n<\/tr>\r\n<\/thead>\r\n    <tbody>\r\n      <td class=\"ccargos\">\r\n<span data-balloon-length=\"medium\" aria-label=\"Ensino fundamental incompleto.\" data-balloon-pos=\"up\">AUXILIAR DE SERVI\u00c7OS GERAIS<\/span><\/td>\r\n<td class=\"cvagas\">15<\/td>\r\n<td class=\"cremuneracao\">R$ 1.518,00 \/40h<\/td>\r\n<\/tr><td class=\"ccargos\">\r\n<span data-balloon-length=\"medium\" aria-label=\"N\u00edvel fundamental incompleto.\" data-balloon-pos=\"up\">COZINHEIRO<\/span><\/td>\r\n<td class=\"cvagas\">03<\/td>\r\n<td class=\"cremuneracao\">R$ 1.518,00 \/40h<\/td>\r\n<\/tr><td class=\"ccargos\">\r\n<span data-balloon-length=\"medium\" aria-label=\"N\u00edvel fundamental incompleto\" data-balloon-pos=\"up\">ELETRICISTA<\/span><\/td>\r\n<td class=\"cvagas\">01<\/td>\r\n<td class=\"cremuneracao\">R$ 1.518,00 \/40h<\/td>\r\n<\/tr><td class=\"ccargos\">\r\n<span data-balloon-length=\"medium\" aria-label=\"N\u00edvel fundamental incompleto.\" data-balloon-pos=\"up\">LAVADEIRA<\/span><\/td>\r\n<td class=\"cvagas\">01<\/td>\r\n<td class=\"cremuneracao\">R$ 1.518,00 \/40h<\/td>\r\n<\/tr><td class=\"ccargos\">\r\n<span data-balloon-length=\"medium\" aria-label=\"Ensino fundamental incompleto.\" data-balloon-pos=\"up\">MAQUEIRO<\/span><\/td>\r\n<td class=\"cvagas\">01<\/td>\r\n<td class=\"cremuneracao\">R$ 1.518,00 \/40h<\/td>\r\n<\/tr><td class=\"ccargos\">\r\n<span data-balloon-length=\"medium\" aria-label=\"Ensino fundamental incompleto.\" data-balloon-pos=\"up\">MERENDEIRA<\/span><\/td>\r\n<td class=\"cvagas\">06<\/td>\r\n<td class=\"cremuneracao\">R$ 1.518,00 \/40h<\/td>\r\n<\/tr><td class=\"ccargos\">\r\n<span data-balloon-length=\"medium\" data-balloon-pos=\"up\">MOTORISTA \"B\"<\/span><\/td>\r\n<td class=\"cvagas\">08<\/td>\r\n<td class=\"cremuneracao\">R$ 1.518,00 \/40h<\/td>\r\n<\/tr><td class=\"ccargos\">\r\n<span data-balloon-length=\"medium\" data-balloon-pos=\"up\">MOTORISTA \"D\"<\/span><\/td>\r\n<td class=\"cvagas\">01<\/td>\r\n<td class=\"cremuneracao\">R$ 1.518,00 \/40h<\/td>\r\n<\/tr><td class=\"ccargos\">\r\n<span data-balloon-length=\"medium\" data-balloon-pos=\"up\">MOTORISTA DE TRANSPORTE ESCOLAR<\/span><\/td>\r\n<td class=\"cvagas\">05<\/td>\r\n<td class=\"cremuneracao\">R$ 1.518,00 \/40h<\/td>\r\n<\/tr><td class=\"ccargos\">\r\n<span data-balloon-length=\"medium\" aria-label=\"Ensino fundamental incompleto + Curso de forma\u00e7\u00e3o espec\u00edfico de Operador de M\u00e1quinas Pesadas.\" data-balloon-pos=\"up\">OPERADOR DE M\u00c1QUINAS PESADAS<\/span><\/td>\r\n<td class=\"cvagas\">01<\/td>\r\n<td class=\"cremuneracao\">R$ 1.518,00 \/40h<\/td>\r\n<\/tr>\r\n    <\/tbody>\r\n  <\/table>\r\n<\/div>","_fund_completo":"<div>\r\n<table class=\"quadro\">\r\n<thead>\r\n<tr>\r\n<th class=\"hcargo\">Cargo<\/th>\r\n<th class=\"hvagas\">Vagas<\/th>\r\n<th class=\"hremuneracao\">Remunera\u00e7\u00e3o<\/th>\r\n<\/tr>\r\n<\/thead>\r\n    <tbody>\r\n      <td class=\"ccargos\">\r\n<span data-balloon-length=\"medium\" aria-label=\"N\u00edvel fundamental completo.\" data-balloon-pos=\"up\">CUIDADOR - CAPS<\/span><\/td>\r\n<td class=\"cvagas\">02<\/td>\r\n<td class=\"cremuneracao\">R$ 1.518,00 \/40h<\/td>\r\n<\/tr>\r\n    <\/tbody>\r\n  <\/table>\r\n<\/div>","_medio":"<div>\r\n<table class=\"quadro\">\r\n<thead>\r\n<tr>\r\n<th class=\"hcargo\">Cargo<\/th>\r\n<th class=\"hvagas\">Vagas<\/th>\r\n<th class=\"hremuneracao\">Remunera\u00e7\u00e3o<\/th>\r\n<\/tr>\r\n<\/thead>\r\n    <tbody>\r\n      <td class=\"ccargos\">\r\n<span data-balloon-length=\"medium\" aria-label=\"Ensino m\u00e9dio completo.\" data-balloon-pos=\"up\">AGENTE ADMINISTRATIVO<\/span><\/td>\r\n<td class=\"cvagas\">05<\/td>\r\n<td class=\"cremuneracao\">R$ 1.518,00 \/40h<\/td>\r\n<\/tr><td class=\"ccargos\">\r\n<span data-balloon-length=\"medium\" aria-label=\"Ensino m\u00e9dio completo + curso introdut\u00f3rio *\" data-balloon-pos=\"up\">AGENTE COMUNIT\u00c1RIO DE SA\u00daDE - UBSF DA COMUNIDADE DAS LAGES<\/span><\/td>\r\n<td class=\"cvagas\">01<\/td>\r\n<td class=\"cremuneracao\">R$ 3.036,00 \/40h<\/td>\r\n<\/tr><td class=\"ccargos\">\r\n<span data-balloon-length=\"medium\" aria-label=\"Ensino m\u00e9dio completo e curso T\u00e9cnico em Auxiliar de Sa\u00fade Bucal.\" data-balloon-pos=\"up\">AUXILIAR DE SA\u00daDE BUCAL<\/span><\/td>\r\n<td class=\"cvagas\">01<\/td>\r\n<td class=\"cremuneracao\">R$ 1.518,00 \/40h<\/td>\r\n<\/tr><td class=\"ccargos\">\r\n<span data-balloon-length=\"medium\" aria-label=\"N\u00edvel m\u00e9dio completo.\" data-balloon-pos=\"up\">CUIDADOR ESCOLAR<\/span><\/td>\r\n<td class=\"cvagas\">04<\/td>\r\n<td class=\"cremuneracao\">R$ 1.518,00 \/40h<\/td>\r\n<\/tr><td class=\"ccargos\">\r\n<span data-balloon-length=\"medium\" aria-label=\"N\u00edvel m\u00e9dio completo.\" data-balloon-pos=\"up\">EDUCADOR SOCIAL<\/span><\/td>\r\n<td class=\"cvagas\">01<\/td>\r\n<td class=\"cremuneracao\">R$ 1.518,00 \/40h<\/td>\r\n<\/tr><td class=\"ccargos\">\r\n<span data-balloon-length=\"medium\" aria-label=\"Ensino m\u00e9dio completo\/curso de n\u00edvel m\u00e9dio na modalidade normal.\" data-balloon-pos=\"up\">INSPETOR ESCOLAR<\/span><\/td>\r\n<td class=\"cvagas\">02<\/td>\r\n<td class=\"cremuneracao\">R$ 1.518,00 \/40h<\/td>\r\n<\/tr><td class=\"ccargos\">\r\n<span data-balloon-length=\"medium\" aria-label=\"Ensino m\u00e9dio t\u00e9cnico na \u00e1rea de inform\u00e1tica.\" data-balloon-pos=\"up\">OPERADOR DE SISTEMA DE INFORM\u00c1TICA<\/span><\/td>\r\n<td class=\"cvagas\">01<\/td>\r\n<td class=\"cremuneracao\">R$ 1.518,00 \/40h<\/td>\r\n<\/tr><td class=\"ccargos\">\r\n<span data-balloon-length=\"medium\" aria-label=\"Ensino m\u00e9dio completo.\" data-balloon-pos=\"up\">RECEPCIONISTA<\/span><\/td>\r\n<td class=\"cvagas\">04<\/td>\r\n<td class=\"cremuneracao\">R$ 1.518,00 \/40h<\/td>\r\n<\/tr><td class=\"ccargos\">\r\n<span data-balloon-length=\"medium\" aria-label=\"Ensino m\u00e9dio completo com curso de T\u00e9cnico em Enfermagem e registro no respectivo conselho profissional.\" data-balloon-pos=\"up\">T\u00c9CNICO EM ENFERMAGEM<\/span><\/td>\r\n<td class=\"cvagas\">06<\/td>\r\n<td class=\"cremuneracao\">R$ 1.518,00 \/40h<\/td>\r\n<\/tr><td class=\"ccargos\">\r\n<span data-balloon-length=\"medium\" aria-label=\"Ensino m\u00e9dio completo com curso de T\u00e9cnico em Laborat\u00f3rio e registro no respectivo conselho profissional.\" data-balloon-pos=\"up\">T\u00c9CNICO EM LABORAT\u00d3RIO<\/span><\/td>\r\n<td class=\"cvagas\">02<\/td>\r\n<td class=\"cremuneracao\">R$ 1.518,00 \/40h<\/td>\r\n<\/tr><td class=\"ccargos\">\r\n<span data-balloon-length=\"medium\" aria-label=\"Ensino m\u00e9dio completo com curso de T\u00e9cnico em Radiologia e registro no respectivo conselho profissional\" data-balloon-pos=\"up\">T\u00c9CNICO EM RADIOLOGIA<\/span><\/td>\r\n<td class=\"cvagas\">01<\/td>\r\n<td class=\"cremuneracao\">R$ 1.518,00 \/24h<\/td>\r\n<\/tr>\r\n    <\/tbody>\r\n  <\/table>\r\n<\/div>","_superior":"<div>\r\n<table class=\"quadro\">\r\n<thead>\r\n<tr>\r\n<th class=\"hcargo\">Cargo<\/th>\r\n<th class=\"hvagas\">Vagas<\/th>\r\n<th class=\"hremuneracao\">Remunera\u00e7\u00e3o<\/th>\r\n<\/tr>\r\n<\/thead>\r\n    <tbody>\r\n      <tr>\r\n<td class=\"ccargos\">\r\n<span data-balloon-length=\"medium\" aria-label=\"Gradua\u00e7\u00e3o em Servi\u00e7o Social e registro no respectivo conselho profissional.\" data-balloon-pos=\"up\">ASSISTENTE SOCIAL<\/span><\/td>\r\n<td class=\"cvagas\">01<\/td>\r\n<td class=\"cremuneracao\">R$ 1.780,00 \/30h<\/td>\r\n<\/tr><tr>\r\n<td class=\"ccargos\">\r\n<span data-balloon-length=\"medium\" aria-label=\"Gradua\u00e7\u00e3o em Economia, Ci\u00eancias cont\u00e1beis, Direito, Administra\u00e7\u00e3o ou Gest\u00e3o P\u00fablica e registro no respectivo conselho profissional.\" data-balloon-pos=\"up\">AUDITOR FISCAL<\/span><\/td>\r\n<td class=\"cvagas\">01<\/td>\r\n<td class=\"cremuneracao\">R$ 2.500,00 \/40h<\/td>\r\n<\/tr><tr>\r\n<td class=\"ccargos\">\r\n<span data-balloon-length=\"medium\" aria-label=\"Gradua\u00e7\u00e3o em Biomedicina e registro no respectivo conselho profissional.\" data-balloon-pos=\"up\">BIOM\u00c9DICO<\/span><\/td>\r\n<td class=\"cvagas\">01<\/td>\r\n<td class=\"cremuneracao\">R$ 1.780,00 \/30h<\/td>\r\n<\/tr><tr>\r\n<td class=\"ccargos\">\r\n<span data-balloon-length=\"medium\" aria-label=\"Gradua\u00e7\u00e3o em Enfermagem e registro no respectivo conselho profissional.\" data-balloon-pos=\"up\">ENFERMEIRO<\/span><\/td>\r\n<td class=\"cvagas\">04<\/td>\r\n<td class=\"cremuneracao\">R$ 2.000,00 \/40h<\/td>\r\n<\/tr><tr>\r\n<td class=\"ccargos\">\r\n<span data-balloon-length=\"medium\" aria-label=\"Gradua\u00e7\u00e3o em Farm\u00e1cia e registro no respectivo conselho profissional.\" data-balloon-pos=\"up\">FARMAC\u00caUTICO<\/span><\/td>\r\n<td class=\"cvagas\">01<\/td>\r\n<td class=\"cremuneracao\">R$ 1.518,00 \/20h<\/td>\r\n<\/tr><tr>\r\n<td class=\"ccargos\">\r\n<span data-balloon-length=\"medium\" aria-label=\"Gradua\u00e7\u00e3o em Fisioterapia e registro no respectivo conselho profissional.\" data-balloon-pos=\"up\">FISIOTERAPEUTA<\/span><\/td>\r\n<td class=\"cvagas\">02<\/td>\r\n<td class=\"cremuneracao\">R$ 1.518,00 \/20h<\/td>\r\n<\/tr><tr>\r\n<td class=\"ccargos\">\r\n<span data-balloon-length=\"medium\" aria-label=\"Gradua\u00e7\u00e3o em Fonoaudiologia e registro no respectivo conselho profissional.\" data-balloon-pos=\"up\">FONOAUDI\u00d3LOGO<\/span><\/td>\r\n<td class=\"cvagas\">01<\/td>\r\n<td class=\"cremuneracao\">R$ 1.518,00 \/20h<\/td>\r\n<\/tr><tr>\r\n<td class=\"ccargos\">\r\n<span data-balloon-length=\"medium\" aria-label=\"Gradua\u00e7\u00e3o em Nutri\u00e7\u00e3o e registro no respectivo conselho profissional.\" data-balloon-pos=\"up\">NUTRICIONISTA<\/span><\/td>\r\n<td class=\"cvagas\">01<\/td>\r\n<td class=\"cremuneracao\">R$ 1.518,00 \/20h<\/td>\r\n<\/tr><tr>\r\n<td class=\"ccargos\">\r\n<span data-balloon-length=\"medium\" aria-label=\"Gradua\u00e7\u00e3o em licenciatura plena em pedagogia com P\u00f3s-gradua\u00e7\u00e3o em Educa\u00e7\u00e3o Especial e Inclusiva.\" data-balloon-pos=\"up\">PROFESSOR DE AEE<\/span><\/td>\r\n<td class=\"cvagas\">02<\/td>\r\n<td class=\"cremuneracao\">R$ 3.940,30 \/25h<\/td>\r\n<\/tr><tr>\r\n<td class=\"ccargos\">\r\n<span data-balloon-length=\"medium\" aria-label=\"Gradua\u00e7\u00e3o em Pedagogia com diploma emitido por institui\u00e7\u00f5es de ensino superior reconhecida pelo MEC.\" data-balloon-pos=\"up\">PROFESSOR EDUCA\u00c7\u00c3O B\u00c1SICA I - ZONA RURAL<\/span><\/td>\r\n<td class=\"cvagas\">03<\/td>\r\n<td class=\"cremuneracao\">R$ 3.940,30 \/25h<\/td>\r\n<\/tr><tr>\r\n<td class=\"ccargos\">\r\n<span data-balloon-length=\"medium\" aria-label=\"Curso de gradua\u00e7\u00e3o em licenciatura plena em pedagogia com diploma emitido por institui\u00e7\u00f5es de ensino superior reconhecida pelo MEC.\" data-balloon-pos=\"up\">PROFESSOR EDUCA\u00c7\u00c3O B\u00c1SICA I - ZONA URBANA<\/span><\/td>\r\n<td class=\"cvagas\">03<\/td>\r\n<td class=\"cremuneracao\">R$ 3.940,30 \/25h<\/td>\r\n<\/tr><tr>\r\n<td class=\"ccargos\">\r\n<span data-balloon-length=\"medium\" aria-label=\"Licenciatura em Ci\u00eancias Biol\u00f3gicas, Qu\u00edmica ou F\u00edsica.\" data-balloon-pos=\"up\">PROFESSOR EDUCA\u00c7\u00c3O B\u00c1SICA II \u2013 CI\u00caNCIAS<\/span><\/td>\r\n<td class=\"cvagas\">01<\/td>\r\n<td class=\"cremuneracao\">R$ 3.940,30 \/25h<\/td>\r\n<\/tr><tr>\r\n<td class=\"ccargos\">\r\n<span data-balloon-length=\"medium\" aria-label=\"Licenciatura em Educa\u00e7\u00e3o F\u00edsica.\" data-balloon-pos=\"up\">PROFESSOR EDUCA\u00c7\u00c3O B\u00c1SICA II \u2013 EDUCA\u00c7\u00c3O F\u00cdSICA<\/span><\/td>\r\n<td class=\"cvagas\">01<\/td>\r\n<td class=\"cremuneracao\">R$ 3.940,30 \/25h<\/td>\r\n<\/tr><tr>\r\n<td class=\"ccargos\">\r\n<span data-balloon-length=\"medium\" aria-label=\"Licenciatura em Geografia.\" data-balloon-pos=\"up\">PROFESSOR EDUCA\u00c7\u00c3O B\u00c1SICA II - GEOGRAFIA<\/span><\/td>\r\n<td class=\"cvagas\">01<\/td>\r\n<td class=\"cremuneracao\">R$ 3.940,30 \/25h<\/td>\r\n<\/tr><tr>\r\n<td class=\"ccargos\">\r\n<span data-balloon-length=\"medium\" aria-label=\"Licenciatura em Hist\u00f3ria.\" data-balloon-pos=\"up\">PROFESSOR EDUCA\u00c7\u00c3O B\u00c1SICA II - HIST\u00d3RIA<\/span><\/td>\r\n<td class=\"cvagas\">01<\/td>\r\n<td class=\"cremuneracao\">R$ 3.940,30 \/25h<\/td>\r\n<\/tr><tr>\r\n<td class=\"ccargos\">\r\n<span data-balloon-length=\"medium\" aria-label=\"Gradua\u00e7\u00e3o em Letras - Ingl\u00eas.\" data-balloon-pos=\"up\">PROFESSOR EDUCA\u00c7\u00c3O B\u00c1SICA II - INGL\u00caS<\/span><\/td>\r\n<td class=\"cvagas\">01<\/td>\r\n<td class=\"cremuneracao\">R$ 3.940,30 \/25h<\/td>\r\n<\/tr><tr>\r\n<td class=\"ccargos\">\r\n<span data-balloon-length=\"medium\" aria-label=\"Licenciatura em Letras - Portugu\u00eas.\" data-balloon-pos=\"up\">PROFESSOR EDUCA\u00c7\u00c3O B\u00c1SICA II - PORTUGU\u00caS<\/span><\/td>\r\n<td class=\"cvagas\">01<\/td>\r\n<td class=\"cremuneracao\">R$ 3.940,30 \/25h<\/td>\r\n<\/tr><tr>\r\n<td class=\"ccargos\">\r\n<span data-balloon-length=\"medium\" aria-label=\"Gradua\u00e7\u00e3o em Psicologia e registro no respectivo conselho profissional.\" data-balloon-pos=\"up\">PSIC\u00d3LOGO - ASSIST\u00caNCIA SOCIAL<\/span><\/td>\r\n<td class=\"cvagas\">01<\/td>\r\n<td class=\"cremuneracao\">R$ 1.518,00 \/20h<\/td>\r\n<\/tr><tr>\r\n<td class=\"ccargos\">\r\n<span data-balloon-length=\"medium\" aria-label=\"Gradua\u00e7\u00e3o em Psicologia e registro no respectivo conselho profissional\" data-balloon-pos=\"up\">PSIC\u00d3LOGO CL\u00cdNICO<\/span><\/td>\r\n<td class=\"cvagas\">03<\/td>\r\n<td class=\"cremuneracao\">R$ 1.518,00 \/20h<\/td>\r\n<\/tr><tr>\r\n<td class=\"ccargos\">\r\n<span data-balloon-length=\"medium\" aria-label=\"Gradua\u00e7\u00e3o em Psicologia e registro no respectivo conselho profissional.\" data-balloon-pos=\"up\">PSIC\u00d3LOGO EDUCACIONAL<\/span><\/td>\r\n<td class=\"cvagas\">01<\/td>\r\n<td class=\"cremuneracao\">R$ 1.518,00 \/25h<\/td>\r\n<\/tr>\r\n    <\/tbody>\r\n  <\/table>\r\n<\/div>"},"_links":{"self":[{"href":"https:\/\/www.agrobase.com.br\/concursos\/wp-json\/wp\/v2\/posts\/270866","targetHints":{"allow":["GET"]}}],"collection":[{"href":"https:\/\/www.agrobase.com.br\/concursos\/wp-json\/wp\/v2\/posts"}],"about":[{"href":"https:\/\/www.agrobase.com.br\/concursos\/wp-json\/wp\/v2\/types\/post"}],"author":[{"embeddable":true,"href":"https:\/\/www.agrobase.com.br\/concursos\/wp-json\/wp\/v2\/users\/7"}],"replies":[{"embeddable":true,"href":"https:\/\/www.agrobase.com.br\/concursos\/wp-json\/wp\/v2\/comments?post=270866"}],"version-history":[{"count":2,"href":"https:\/\/www.agrobase.com.br\/concursos\/wp-json\/wp\/v2\/posts\/270866\/revisions"}],"predecessor-version":[{"id":270870,"href":"https:\/\/www.agrobase.com.br\/concursos\/wp-json\/wp\/v2\/posts\/270866\/revisions\/270870"}],"wp:featuredmedia":[{"embeddable":true,"href":"https:\/\/www.agrobase.com.br\/concursos\/wp-json\/wp\/v2\/media\/270865"}],"wp:attachment":[{"href":"https:\/\/www.agrobase.com.br\/concursos\/wp-json\/wp\/v2\/media?parent=270866"}],"wp:term":[{"taxonomy":"category","embeddable":true,"href":"https:\/\/www.agrobase.com.br\/concursos\/wp-json\/wp\/v2\/categories?post=270866"},{"taxonomy":"post_tag","embeddable":true,"href":"https:\/\/www.agrobase.com.br\/concursos\/wp-json\/wp\/v2\/tags?post=270866"},{"taxonomy":"_amplo","embeddable":true,"href":"https:\/\/www.agrobase.com.br\/concursos\/wp-json\/wp\/v2\/_amplo?post=270866"},{"taxonomy":"destaque","embeddable":true,"href":"https:\/\/www.agrobase.com.br\/concursos\/wp-json\/wp\/v2\/destaque?post=270866"},{"taxonomy":"instituicoes","embeddable":true,"href":"https:\/\/www.agrobase.com.br\/concursos\/wp-json\/wp\/v2\/instituicoes?post=270866"}],"curies":[{"name":"wp","href":"https:\/\/api.w.org\/{rel}","templated":true}]}}