{"id":270849,"date":"2025-09-04T07:40:55","date_gmt":"2025-09-04T10:40:55","guid":{"rendered":"https:\/\/www.agrobase.com.br\/concursos\/?p=270849"},"modified":"2025-09-03T14:06:19","modified_gmt":"2025-09-03T17:06:19","slug":"prefeitura-charqueada-sp-concurso-01-2025","status":"publish","type":"post","link":"https:\/\/www.agrobase.com.br\/concursos\/2025\/prefeitura-charqueada-sp-concurso-01-2025\/","title":{"rendered":"Prefeitura Charqueada (SP) &#8211; Concurso 01\/2025"},"content":{"rendered":"<h2>Informa\u00e7\u00f5es Gerais<\/h2>\n<p>A Prefeitura Municipal de Charqueada, em S\u00e3o Paulo, publicou o edital normativo do Concurso P\u00fablico N\u00b0 001\/2025, organizado pela banca GL Consultoria. O certame tem como objetivo a forma\u00e7\u00e3o de cadastro reserva para empregos p\u00fablicos em seu quadro de pessoal, com contrata\u00e7\u00f5es regidas pela Consolida\u00e7\u00e3o das Leis do Trabalho (CLT).<\/p>\n<p>O concurso contempla oportunidades para candidatos de todos os n\u00edveis de escolaridade: fundamental (incompleto e completo), m\u00e9dio, t\u00e9cnico e superior. As vagas abrangem diversas \u00e1reas, como administra\u00e7\u00e3o, educa\u00e7\u00e3o, sa\u00fade, operacional e servi\u00e7os gerais. A validade do certame ser\u00e1 de dois anos, podendo ser prorrogada uma vez por igual per\u00edodo, garantindo a possibilidade de novas convoca\u00e7\u00f5es conforme a necessidade da administra\u00e7\u00e3o municipal.<\/p>\n<p>Este \u00e9 um processo seletivo abrangente, com diferentes etapas de avalia\u00e7\u00e3o de acordo com o cargo pretendido. Continue a leitura para entender os detalhes sobre as inscri\u00e7\u00f5es, as fases do concurso e o cronograma previsto.<\/p>\n<h2>Inscri\u00e7\u00f5es<\/h2>\n<p>As inscri\u00e7\u00f5es para o Concurso P\u00fablico da Prefeitura de Charqueada\/SP ser\u00e3o realizadas exclusivamente pela internet. O per\u00edodo para se candidatar inicia \u00e0s <strong>13h do dia 01 de setembro de 2025 e encerra \u00e0s 13h do dia 19 de setembro de 2025<\/strong>, seguindo o hor\u00e1rio de Bras\u00edlia\/DF.<\/p>\n<p>Para efetivar a participa\u00e7\u00e3o, o candidato dever\u00e1 preencher o formul\u00e1rio de inscri\u00e7\u00e3o no site da banca organizadora, <em>GL Consultoria<\/em>, e gerar o boleto banc\u00e1rio para pagamento da taxa. \u00c9 fundamental que o pagamento seja realizado at\u00e9 a data de vencimento, pois inscri\u00e7\u00f5es com pagamento efetuado ap\u00f3s o prazo ou com valor incorreto ser\u00e3o indeferidas. O edital n\u00e3o detalha os procedimentos para solicita\u00e7\u00e3o de isen\u00e7\u00e3o da taxa.<\/p>\n<p>Ap\u00f3s a inscri\u00e7\u00e3o, \u00e9 responsabilidade do candidato acompanhar a publica\u00e7\u00e3o do edital de homologa\u00e7\u00e3o para confirmar se sua participa\u00e7\u00e3o foi deferida. Todas as informa\u00e7\u00f5es e atualiza\u00e7\u00f5es devem ser consultadas na \u00e1rea do candidato no site da organizadora. Recomenda-se a leitura atenta e completa do edital para pleno conhecimento de todas as normas e condi\u00e7\u00f5es do certame.<\/p>\n<h2>Etapas e Provas<\/h2>\n<p>O processo seletivo ser\u00e1 composto por diferentes etapas, variando conforme o cargo escolhido. Todos os candidatos ser\u00e3o submetidos \u00e0 Prova Objetiva, e etapas adicionais ser\u00e3o aplicadas para cargos espec\u00edficos.<\/p>\n<ul>\n<li><strong>Prova Objetiva de M\u00faltipla Escolha:<\/strong> De car\u00e1ter <em>eliminat\u00f3rio e classificat\u00f3rio<\/em>, ser\u00e1 aplicada a todos os inscritos. A prova ter\u00e1 dura\u00e7\u00e3o de 2 horas e ser\u00e1 composta por 30 quest\u00f5es sobre L\u00edngua Portuguesa, Matem\u00e1tica e Racioc\u00ednio L\u00f3gico, Conhecimentos Gerais e Atualidades, e Conhecimentos Espec\u00edficos. Para ser aprovado, o candidato dever\u00e1 obter um aproveitamento m\u00ednimo de 50%.<\/li>\n<li><strong>Avalia\u00e7\u00e3o de T\u00edtulos:<\/strong> De car\u00e1ter exclusivamente <em>classificat\u00f3rio<\/em>, destinada aos cargos de n\u00edvel superior da \u00e1rea de educa\u00e7\u00e3o (Coordenador Pedag\u00f3gico, Diretor de Escola, Professores, Supervisor de Ensino) e para Engenheiro Civil II. A documenta\u00e7\u00e3o comprobat\u00f3ria (Doutorado, Mestrado e Especializa\u00e7\u00e3o) dever\u00e1 ser enviada digitalmente durante o per\u00edodo de inscri\u00e7\u00f5es.<\/li>\n<li><strong>Prova Pr\u00e1tica de Habilidades Operacionais e T\u00e9cnicas:<\/strong> De car\u00e1ter <em>classificat\u00f3rio e eliminat\u00f3rio<\/em>, para os cargos de Eletricista e Operador de M\u00e1quinas. Ser\u00e3o convocados os 15 candidatos mais bem classificados na prova objetiva para executar tarefas pr\u00e1ticas relacionadas \u00e0s atribui\u00e7\u00f5es do cargo.<\/li>\n<li><strong>Teste de Aptid\u00e3o F\u00edsica (TAF):<\/strong> De car\u00e1ter <em>eliminat\u00f3rio<\/em>, exclusivo para os cargos de Bra\u00e7al e Servi\u00e7os Gerais. Os 20 candidatos mais bem classificados na prova objetiva ser\u00e3o convocados para realizar testes de agachamento, transporte de carga e caminhada r\u00e1pida, sendo avaliados como Aptos ou Inaptos.<\/li>\n<\/ul>\n<p>Para obter informa\u00e7\u00f5es detalhadas sobre o conte\u00fado program\u00e1tico, crit\u00e9rios de avalia\u00e7\u00e3o e o cronograma de cada etapa, \u00e9 indispens\u00e1vel a consulta ao edital completo do concurso.<\/p>\n<h2>Resultados e Gabarito<\/h2>\n<p>O cronograma do concurso prev\u00ea a divulga\u00e7\u00e3o do gabarito preliminar da prova objetiva no mesmo dia de sua aplica\u00e7\u00e3o, em <strong>05 de outubro de 2025<\/strong>. Ap\u00f3s o per\u00edodo de recursos, os resultados finais da prova objetiva e da avalia\u00e7\u00e3o de t\u00edtulos ser\u00e3o publicados at\u00e9 o dia 15 de outubro de 2025. Os resultados das demais etapas, como a prova pr\u00e1tica e o TAF, ser\u00e3o divulgados em datas posteriores, conforme o andamento do certame.<\/p>\n<p>A classifica\u00e7\u00e3o final dos candidatos ser\u00e1 organizada em ordem decrescente da pontua\u00e7\u00e3o total. Em caso de empate, os crit\u00e9rios de desempate s\u00e3o, sucessivamente: idade igual ou superior a 60 anos, maior idade, maior pontua\u00e7\u00e3o em Conhecimentos Espec\u00edficos, ter exercido a fun\u00e7\u00e3o de jurado e, por \u00faltimo, o menor n\u00famero de inscri\u00e7\u00e3o.<\/p>\n<p>A homologa\u00e7\u00e3o do resultado final est\u00e1 prevista para ocorrer entre novembro e dezembro de 2025. A partir dessa data, a Prefeitura de Charqueada poder\u00e1 iniciar a convoca\u00e7\u00e3o dos aprovados, que ser\u00e1 publicada oficialmente no Di\u00e1rio Oficial Eletr\u00f4nico do Munic\u00edpio. Embora a administra\u00e7\u00e3o possa utilizar outros meios de comunica\u00e7\u00e3o, como telegrama e e-mail, a publica\u00e7\u00e3o no Di\u00e1rio Oficial \u00e9 o canal que o candidato deve obrigatoriamente acompanhar.<\/p>\n<p>\u00c9 de responsabilidade exclusiva do candidato acompanhar todas as publica\u00e7\u00f5es oficiais no site da banca organizadora, GL Consultoria, e nos canais de comunica\u00e7\u00e3o da Prefeitura de Charqueada para n\u00e3o perder nenhuma convoca\u00e7\u00e3o ou prazo.<\/p>\n","protected":false},"excerpt":{"rendered":"<p>Concurso Pref. Charqueada (SP) com edital publicado! Vagas p\/ Professor, Eng. Civil (Fund. a Sup.). Inscri\u00e7\u00f5es a partir de 01\/09. Sal\u00e1rios at\u00e9 R$ 6.5k. Confira detalhes!<\/p>\n","protected":false},"author":7,"featured_media":270848,"comment_status":"open","ping_status":"open","sticky":false,"template":"","format":"standard","meta":{"_acf_changed":false,"_breakdance_hide_in_design_set":false,"_breakdance_tags":"","footnotes":""},"categories":[6433,141,6434,14,111,100,6871,25,128,157],"tags":[62],"_amplo":[],"destaque":[],"instituicoes":[],"class_list":["post-270849","post","type-post","status-publish","format-standard","has-post-thumbnail","hentry","category-biologia-licenciatura","category-educacao-artistica","category-educacao-fisica-licenciatura","category-engenharia","category-geografia","category-historia","category-letras-ingles","category-pedagogia","category-tecnico-em-contabilidade","category-tecnico-seguranca-trabalho","tag-sao-paulo"],"acf":{"_tipo_vagas":"vagas","_numero_vagas":"","_quadro_vagas":"","_cargos":"diversos","_cargos_especificos":"","_salario_max":"R$ 6580","_abertura":"20250901","_encerramento":"20250919","_inscricoes":"https:\/\/www.glconsultoria.com.br","_executora_concurso":"","_instituicao_concurso":[],"_link_adicional":null,"_anexos":null,"_produtos":null,"_vagas":"CR","_salario_min":"R$ 1920","_instituicao":"Prefeitura de Charqueada","_edital":"https:\/\/www.agrobase.com.br\/concursos\/wp-content\/uploads\/sites\/4\/2025\/09\/edital-01-2025-prefeitura-de-charqueada-sp.pdf","_anexos_edital":"https:\/\/www.agrobase.com.br\/concursos\/wp-content\/uploads\/sites\/4\/2025\/09\/anexos-edital-01-2025-prefeitura-de-charqueada-sp.pdf","_fund_incompleto":"<div>\r\n<table class=\"quadro\">\r\n<thead>\r\n<tr>\r\n<th class=\"hcargo\">Cargo<\/th>\r\n<th class=\"hvagas\">Vagas<\/th>\r\n<th class=\"hremuneracao\">Remunera\u00e7\u00e3o<\/th>\r\n<\/tr>\r\n<\/thead>\r\n    <tbody>\r\n      <td class=\"ccargos\">\r\n<span data-balloon-length=\"medium\" aria-label=\"Ensino Fundamental Incompleto (m\u00ednimo 4\u00aa s\u00e9rie\/5\u00ba ano ou antigo curso prim\u00e1rio completo).\" data-balloon-pos=\"up\">Bra\u00e7al<\/span><\/td>\r\n<td class=\"cvagas\">CR<\/td>\r\n<td class=\"cremuneracao\">R$ 2.058,00 \/44h<\/td>\r\n<\/tr><td class=\"ccargos\">\r\n<span data-balloon-length=\"medium\" data-balloon-pos=\"up\">Operador de M\u00e1quinas<\/span><\/td>\r\n<td class=\"cvagas\">CR<\/td>\r\n<td class=\"cremuneracao\">R$ 2.942,00 \/44h<\/td>\r\n<\/tr><td class=\"ccargos\">\r\n<span data-balloon-length=\"medium\" aria-label=\"Fundamental Incompleto (m\u00ednimo 4.\u00aa s\u00e9rie\/5\u00ba ano ou antigo curso prim\u00e1rio completo)\" data-balloon-pos=\"up\">Servi\u00e7os Gerais<\/span><\/td>\r\n<td class=\"cvagas\">CR<\/td>\r\n<td class=\"cremuneracao\">R$ 1.920,00 \/42.5h<\/td>\r\n<\/tr>\r\n    <\/tbody>\r\n  <\/table>\r\n<\/div>","_fund_completo":"<div>\r\n<table class=\"quadro\">\r\n<thead>\r\n<tr>\r\n<th class=\"hcargo\">Cargo<\/th>\r\n<th class=\"hvagas\">Vagas<\/th>\r\n<th class=\"hremuneracao\">Remunera\u00e7\u00e3o<\/th>\r\n<\/tr>\r\n<\/thead>\r\n    <tbody>\r\n      <td class=\"ccargos\">\r\n<span data-balloon-length=\"medium\" data-balloon-pos=\"up\">Eletricista<\/span><\/td>\r\n<td class=\"cvagas\">CR<\/td>\r\n<td class=\"cremuneracao\">R$ 2.942,00 \/44h<\/td>\r\n<\/tr>\r\n    <\/tbody>\r\n  <\/table>\r\n<\/div>","_medio":"<div>\r\n<table class=\"quadro\">\r\n<thead>\r\n<tr>\r\n<th class=\"hcargo\">Cargo<\/th>\r\n<th class=\"hvagas\">Vagas<\/th>\r\n<th class=\"hremuneracao\">Remunera\u00e7\u00e3o<\/th>\r\n<\/tr>\r\n<\/thead>\r\n    <tbody>\r\n      <td class=\"ccargos\">\r\n<span data-balloon-length=\"medium\" data-balloon-pos=\"up\">Agente Comunit\u00e1rio de Sa\u00fade ESF<\/span><\/td>\r\n<td class=\"cvagas\">CR<\/td>\r\n<td class=\"cremuneracao\">R$ 3.265,00 \/40h<\/td>\r\n<\/tr><td class=\"ccargos\">\r\n<span data-balloon-length=\"medium\" data-balloon-pos=\"up\">Agente de Combate a Endemias<\/span><\/td>\r\n<td class=\"cvagas\">CR<\/td>\r\n<td class=\"cremuneracao\">R$ 3.265,00 \/40h<\/td>\r\n<\/tr><td class=\"ccargos\">\r\n<span data-balloon-length=\"medium\" data-balloon-pos=\"up\">Agente Fiscal<\/span><\/td>\r\n<td class=\"cvagas\">CR<\/td>\r\n<td class=\"cremuneracao\">R$ 3.063,00 \/40h<\/td>\r\n<\/tr><td class=\"ccargos\">\r\n<span data-balloon-length=\"medium\" aria-label=\"Curso T\u00e9cnico de N\u00edvel M\u00e9dio ou Superior em contabilidade e Registro ativo junto ao Conselho Regional de Contabilidade (CRC).\" data-balloon-pos=\"up\">Auxiliar Cont\u00e1bil<\/span><\/td>\r\n<td class=\"cvagas\">CR<\/td>\r\n<td class=\"cremuneracao\">R$ 5.524,00 \/40h<\/td>\r\n<\/tr><td class=\"ccargos\">\r\n<span data-balloon-length=\"medium\" aria-label=\"N\u00edvel m\u00e9dio completo.\" data-balloon-pos=\"up\">Escritur\u00e1rio<\/span><\/td>\r\n<td class=\"cvagas\">CR<\/td>\r\n<td class=\"cremuneracao\">R$ 2.778,00 \/40h<\/td>\r\n<\/tr><td class=\"ccargos\">\r\n<span data-balloon-length=\"medium\" data-balloon-pos=\"up\">T\u00e9cnico em Seguran\u00e7a do Trabalho<\/span><\/td>\r\n<td class=\"cvagas\">CR<\/td>\r\n<td class=\"cremuneracao\">R$ 3.767,00 \/44h<\/td>\r\n<\/tr><td class=\"ccargos\">\r\n<span data-balloon-length=\"medium\" aria-label=\"Curso T\u00e9cnico ou Superior em Contabilidade e Registro ativo junto ao Conselho Regional de Contabilidade (CRC).\" data-balloon-pos=\"up\">Tesoureiro<\/span><\/td>\r\n<td class=\"cvagas\">CR<\/td>\r\n<td class=\"cremuneracao\">R$ 4.420,00 \/40h<\/td>\r\n<\/tr>\r\n    <\/tbody>\r\n  <\/table>\r\n<\/div>","_superior":"<div>\r\n<table class=\"quadro\">\r\n<thead>\r\n<tr>\r\n<th class=\"hcargo\">Cargo<\/th>\r\n<th class=\"hvagas\">Vagas<\/th>\r\n<th class=\"hremuneracao\">Remunera\u00e7\u00e3o<\/th>\r\n<\/tr>\r\n<\/thead>\r\n    <tbody>\r\n      <tr>\r\n<td class=\"ccargos\">\r\n<span data-balloon-length=\"medium\" aria-label=\"Experi\u00eancia m\u00ednima de 5 (cinco) anos de efetivo exerc\u00edcio no Magist\u00e9rio (doc\u00eancia) na rede p\u00fablica ou particular de ensino; Habilita\u00e7\u00e3o espec\u00edfica na \u00e1rea de atua\u00e7\u00e3o ou p\u00f3s-gradua\u00e7\u00e3o em gest\u00e3o escolar, ou Mestrado ou Doutorado na \u00e1rea da Educa\u00e7\u00e3o.\" data-balloon-pos=\"up\">Coordenador Pedag\u00f3gico<\/span><\/td>\r\n<td class=\"cvagas\">CR<\/td>\r\n<td class=\"cremuneracao\">R$ 5.564,00 \/44h<\/td>\r\n<\/tr><tr>\r\n<td class=\"ccargos\">\r\n<span data-balloon-length=\"medium\" aria-label=\"Experi\u00eancia m\u00ednima de 8 (oito) anos de efetivo exerc\u00edcio no Magist\u00e9rio (doc\u00eancia) na rede p\u00fablica ou particular de ensino; Habilita\u00e7\u00e3o espec\u00edfica na \u00e1rea de atua\u00e7\u00e3o ou p\u00f3s-gradua\u00e7\u00e3o em gest\u00e3o escolar, ou Mestrado, ou Doutorado na \u00e1rea da Educa\u00e7\u00e3o.\" data-balloon-pos=\"up\">Diretor de Escola<\/span><\/td>\r\n<td class=\"cvagas\">CR<\/td>\r\n<td class=\"cremuneracao\">R$ 6.072,00 \/44h<\/td>\r\n<\/tr><tr>\r\n<td class=\"ccargos\">\r\n<span data-balloon-length=\"medium\" aria-label=\"Superior Completo em Engenharia Civil e Registro junto ao CREA (Conselho Regional de Engenharia e Agronomia).\" data-balloon-pos=\"up\">Engenheiro Civil II<\/span><\/td>\r\n<td class=\"cvagas\">CR<\/td>\r\n<td class=\"cremuneracao\">R$ 5.524,00 \/40h<\/td>\r\n<\/tr><tr>\r\n<td class=\"ccargos\">\r\n<span data-balloon-length=\"medium\" aria-label=\"Licenciatura Plena na disciplina ou registro no MEC da disciplina. Forma\u00e7\u00e3o, complementa\u00e7\u00e3o nos termos da legisla\u00e7\u00e3o vigente.\" data-balloon-pos=\"up\">Professor de Educa\u00e7\u00e3o B\u00e1sica II - Art\u00edstica<\/span><\/td>\r\n<td class=\"cvagas\">CR<\/td>\r\n<td class=\"cremuneracao\">R$ 2.748,00 \/21h<\/td>\r\n<\/tr><tr>\r\n<td class=\"ccargos\">\r\n<span data-balloon-length=\"medium\" aria-label=\"Licenciatura Plena na disciplina ou registro no MEC da disciplina. Forma\u00e7\u00e3o, complementa\u00e7\u00e3o nos termos da legisla\u00e7\u00e3o vigente.\" data-balloon-pos=\"up\">Professor de Educa\u00e7\u00e3o B\u00e1sica II - Ci\u00eancias<\/span><\/td>\r\n<td class=\"cvagas\">CR<\/td>\r\n<td class=\"cremuneracao\">R$ 3.010,00 \/23h<\/td>\r\n<\/tr><tr>\r\n<td class=\"ccargos\">\r\n<span data-balloon-length=\"medium\" aria-label=\"Licenciatura Plena em Pedagogia com Habilita\u00e7\u00e3o na \u00c1rea de Educa\u00e7\u00e3o Especial e\/ou Especializa\u00e7\u00e3o, por meio de cursos de p\u00f3s-gradua\u00e7\u00e3o em Educa\u00e7\u00e3o Especial, com no m\u00ednimo 360 horas.\" data-balloon-pos=\"up\">Professor de Educa\u00e7\u00e3o B\u00e1sica II - Educa\u00e7\u00e3o Especial<\/span><\/td>\r\n<td class=\"cvagas\">CR<\/td>\r\n<td class=\"cremuneracao\">R$ 3.926,00 \/30h<\/td>\r\n<\/tr><tr>\r\n<td class=\"ccargos\">\r\n<span data-balloon-length=\"medium\" aria-label=\"Licenciatura Plena na disciplina ou registro no MEC da disciplina. Forma\u00e7\u00e3o, complementa\u00e7\u00e3o nos termos da legisla\u00e7\u00e3o vigente.\" data-balloon-pos=\"up\">Professor de Educa\u00e7\u00e3o B\u00e1sica II - Educa\u00e7\u00e3o F\u00edsica<\/span><\/td>\r\n<td class=\"cvagas\">CR<\/td>\r\n<td class=\"cremuneracao\">R$ 2.748,00 \/21h<\/td>\r\n<\/tr><tr>\r\n<td class=\"ccargos\">\r\n<span data-balloon-length=\"medium\" aria-label=\"Licenciatura Plena na disciplina ou registro no MEC da disciplina. Forma\u00e7\u00e3o, complementa\u00e7\u00e3o nos termos da legisla\u00e7\u00e3o vigente.\" data-balloon-pos=\"up\">Professor de Educa\u00e7\u00e3o B\u00e1sica II - Geografia<\/span><\/td>\r\n<td class=\"cvagas\">CR<\/td>\r\n<td class=\"cremuneracao\">R$ 3.010,00 \/23h<\/td>\r\n<\/tr><tr>\r\n<td class=\"ccargos\">\r\n<span data-balloon-length=\"medium\" aria-label=\"Licenciatura Plena na disciplina ou registro no MEC da disciplina. Forma\u00e7\u00e3o, complementa\u00e7\u00e3o nos termos da legisla\u00e7\u00e3o vigente.\" data-balloon-pos=\"up\">Professor de Educa\u00e7\u00e3o B\u00e1sica II - Hist\u00f3ria<\/span><\/td>\r\n<td class=\"cvagas\">CR<\/td>\r\n<td class=\"cremuneracao\">R$ 3.010,00 \/23h<\/td>\r\n<\/tr><tr>\r\n<td class=\"ccargos\">\r\n<span data-balloon-length=\"medium\" aria-label=\"Licenciatura Plena na disciplina ou registro no MEC da disciplina. Forma\u00e7\u00e3o, complementa\u00e7\u00e3o nos termos da legisla\u00e7\u00e3o vigente.\" data-balloon-pos=\"up\">Professor de Educa\u00e7\u00e3o B\u00e1sica II - Ingl\u00eas<\/span><\/td>\r\n<td class=\"cvagas\">CR<\/td>\r\n<td class=\"cremuneracao\">R$ 2.748,00 \/21h<\/td>\r\n<\/tr><tr>\r\n<td class=\"ccargos\">\r\n<span data-balloon-length=\"medium\" aria-label=\"Experi\u00eancia m\u00ednima de 10 (dez) anos de efetivo exerc\u00edcio no Magist\u00e9rio (doc\u00eancia) na rede p\u00fablica ou particular de ensino; m\u00ednimo de 03 (tr\u00eas) anos de exerc\u00edcio em Gest\u00e3o Escolar; Habilita\u00e7\u00e3o espec\u00edfica na \u00e1rea de atua\u00e7\u00e3o ou p\u00f3s-gradua\u00e7\u00e3o em gest\u00e3o escolar, ou Mestrado, ou Doutorado na \u00e1rea da Educa\u00e7\u00e3o.\" data-balloon-pos=\"up\">Supervisor de Escola<\/span><\/td>\r\n<td class=\"cvagas\">CR<\/td>\r\n<td class=\"cremuneracao\">R$ 6.580,00 \/44h<\/td>\r\n<\/tr>\r\n    <\/tbody>\r\n  <\/table>\r\n<\/div>"},"_links":{"self":[{"href":"https:\/\/www.agrobase.com.br\/concursos\/wp-json\/wp\/v2\/posts\/270849","targetHints":{"allow":["GET"]}}],"collection":[{"href":"https:\/\/www.agrobase.com.br\/concursos\/wp-json\/wp\/v2\/posts"}],"about":[{"href":"https:\/\/www.agrobase.com.br\/concursos\/wp-json\/wp\/v2\/types\/post"}],"author":[{"embeddable":true,"href":"https:\/\/www.agrobase.com.br\/concursos\/wp-json\/wp\/v2\/users\/7"}],"replies":[{"embeddable":true,"href":"https:\/\/www.agrobase.com.br\/concursos\/wp-json\/wp\/v2\/comments?post=270849"}],"version-history":[{"count":1,"href":"https:\/\/www.agrobase.com.br\/concursos\/wp-json\/wp\/v2\/posts\/270849\/revisions"}],"predecessor-version":[{"id":270851,"href":"https:\/\/www.agrobase.com.br\/concursos\/wp-json\/wp\/v2\/posts\/270849\/revisions\/270851"}],"wp:featuredmedia":[{"embeddable":true,"href":"https:\/\/www.agrobase.com.br\/concursos\/wp-json\/wp\/v2\/media\/270848"}],"wp:attachment":[{"href":"https:\/\/www.agrobase.com.br\/concursos\/wp-json\/wp\/v2\/media?parent=270849"}],"wp:term":[{"taxonomy":"category","embeddable":true,"href":"https:\/\/www.agrobase.com.br\/concursos\/wp-json\/wp\/v2\/categories?post=270849"},{"taxonomy":"post_tag","embeddable":true,"href":"https:\/\/www.agrobase.com.br\/concursos\/wp-json\/wp\/v2\/tags?post=270849"},{"taxonomy":"_amplo","embeddable":true,"href":"https:\/\/www.agrobase.com.br\/concursos\/wp-json\/wp\/v2\/_amplo?post=270849"},{"taxonomy":"destaque","embeddable":true,"href":"https:\/\/www.agrobase.com.br\/concursos\/wp-json\/wp\/v2\/destaque?post=270849"},{"taxonomy":"instituicoes","embeddable":true,"href":"https:\/\/www.agrobase.com.br\/concursos\/wp-json\/wp\/v2\/instituicoes?post=270849"}],"curies":[{"name":"wp","href":"https:\/\/api.w.org\/{rel}","templated":true}]}}