{"id":270836,"date":"2025-09-04T07:20:41","date_gmt":"2025-09-04T10:20:41","guid":{"rendered":"https:\/\/www.agrobase.com.br\/concursos\/?p=270836"},"modified":"2025-09-03T12:27:19","modified_gmt":"2025-09-03T15:27:19","slug":"prefeitura-indaial-sc-selecao-simplificada-61-2025","status":"publish","type":"post","link":"https:\/\/www.agrobase.com.br\/concursos\/2025\/prefeitura-indaial-sc-selecao-simplificada-61-2025\/","title":{"rendered":"Prefeitura Indaial (SC) &#8211; Sele\u00e7\u00e3o Simplificada 61\/2025"},"content":{"rendered":"<h2>Informa\u00e7\u00f5es Gerais<\/h2>\n<p>A Prefeitura Municipal de Indaial, em Santa Catarina, publicou o edital para seu novo Processo Seletivo Simplificado, organizado pelo Instituto Fucap. O certame visa preencher vagas tempor\u00e1rias e formar cadastro de reserva para o quadro de pessoal da Secretaria Municipal de Educa\u00e7\u00e3o, com validade para o ano letivo de 2025. As contrata\u00e7\u00f5es ser\u00e3o em regime tempor\u00e1rio para atender \u00e0s necessidades da rede municipal de ensino.<\/p>\n<p>As oportunidades s\u00e3o destinadas a candidatos com n\u00edveis de escolaridade <strong>m\u00e9dio e superior<\/strong>. As vagas abrangem diversas fun\u00e7\u00f5es na \u00e1rea da educa\u00e7\u00e3o, incluindo cargos de apoio como Auxiliar de Sala e Atendente de Biblioteca, al\u00e9m de postos para Pedagogo e Professores em v\u00e1rias especialidades, como Arte, Educa\u00e7\u00e3o Infantil, Geografia, Ingl\u00eas e Matem\u00e1tica.<\/p>\n<p>Este processo seletivo \u00e9 uma excelente oportunidade para profissionais que buscam uma coloca\u00e7\u00e3o no servi\u00e7o p\u00fablico municipal na \u00e1rea educacional. Nas se\u00e7\u00f5es seguintes, voc\u00ea encontrar\u00e1 todos os detalhes sobre como se inscrever, as etapas da sele\u00e7\u00e3o e o cronograma de resultados.<\/p>\n<h2>Inscri\u00e7\u00f5es<\/h2>\n<p>As inscri\u00e7\u00f5es para o Processo Seletivo de Indaial (SC) estar\u00e3o abertas e devem ser realizadas exclusivamente pela internet, atrav\u00e9s do site oficial da banca organizadora. O per\u00edodo para se candidatar vai de <strong>1\u00ba de setembro de 2025 a 15 de setembro de 2025<\/strong>. A taxa de inscri\u00e7\u00e3o foi fixada em <strong>R$ 50,00<\/strong> para todos os cargos, e o pagamento do boleto banc\u00e1rio pode ser efetuado at\u00e9 o dia 16 de setembro de 2025.<\/p>\n<p>Candidatos que desejam solicitar a isen\u00e7\u00e3o da taxa de inscri\u00e7\u00e3o devem fazer o pedido entre os dias 1\u00ba e 7 de setembro de 2025, enviando a documenta\u00e7\u00e3o comprobat\u00f3ria conforme as regras estabelecidas no edital. O resultado dos pedidos de isen\u00e7\u00e3o ser\u00e1 divulgado em 8 de setembro de 2025.<\/p>\n<p>Ap\u00f3s preencher o formul\u00e1rio de inscri\u00e7\u00e3o no site <a href=\"https:\/\/www.institutofucap.org.br\/concursos\" target=\"_blank\" rel=\"noopener noreferrer\">https:\/\/www.institutofucap.org.br\/concursos<\/a>, o candidato deve gerar e imprimir o boleto para pagamento. \u00c9 fundamental acompanhar o status da inscri\u00e7\u00e3o na \u00e1rea restrita do candidato no portal do Instituto Fucap. Para garantir a participa\u00e7\u00e3o, \u00e9 imprescind\u00edvel a leitura completa do edital.<\/p>\n<h2>Etapas e Provas<\/h2>\n<p>O Processo Seletivo Simplificado da Prefeitura de Indaial ser\u00e1 realizado em uma <strong>\u00fanica etapa<\/strong>, consistindo na <strong>Avalia\u00e7\u00e3o de T\u00edtulos e Experi\u00eancia Profissional<\/strong>, de car\u00e1ter exclusivamente classificat\u00f3rio. N\u00e3o haver\u00e1 aplica\u00e7\u00e3o de provas objetivas ou discursivas.<\/p>\n<p>Os candidatos dever\u00e3o enviar os documentos comprobat\u00f3rios de forma digitalizada (upload em formato .jpeg ou .PDF) diretamente na \u00e1rea do candidato no site do Instituto Fucap, durante o per\u00edodo de inscri\u00e7\u00e3o. A pontua\u00e7\u00e3o m\u00e1xima total que um candidato pode alcan\u00e7ar \u00e9 de 10 pontos, distribu\u00eddos da seguinte forma:<\/p>\n<ul>\n<li><strong>Avalia\u00e7\u00e3o de T\u00edtulos:<\/strong> Atribui\u00e7\u00e3o de at\u00e9 5 pontos, considerando cursos de p\u00f3s-gradua\u00e7\u00e3o conclu\u00eddos (especializa\u00e7\u00e3o, mestrado ou doutorado). Ser\u00e1 pontuado apenas um t\u00edtulo, prevalecendo o de maior valor acad\u00eamico.<\/li>\n<li><strong>Experi\u00eancia Profissional:<\/strong> Atribui\u00e7\u00e3o de at\u00e9 5 pontos, com base no tempo de servi\u00e7o comprovado no cargo pretendido, tanto no setor p\u00fablico quanto no privado.<\/li>\n<\/ul>\n<p>\u00c9 de responsabilidade do candidato garantir a legibilidade e a integridade dos documentos enviados. Para conhecer todos os crit\u00e9rios de pontua\u00e7\u00e3o, os documentos aceitos e as regras de envio, consulte o edital completo do certame.<\/p>\n<h2>Resultados e Gabarito<\/h2>\n<p>A classifica\u00e7\u00e3o final dos candidatos ser\u00e1 determinada pela soma dos pontos obtidos na Avalia\u00e7\u00e3o de T\u00edtulos e na Experi\u00eancia Profissional, totalizando no m\u00e1ximo 10 pontos. A lista de classifica\u00e7\u00e3o ser\u00e1 divulgada em ordem decrescente de pontua\u00e7\u00e3o. Em caso de empate, os crit\u00e9rios de desempate seguir\u00e3o a seguinte ordem: idade igual ou superior a 60 anos, maior titula\u00e7\u00e3o acad\u00eamica, maior tempo de servi\u00e7o e maior idade.<\/p>\n<p>O cronograma previsto indica a publica\u00e7\u00e3o do resultado preliminar da avalia\u00e7\u00e3o de t\u00edtulos para o dia <strong>23 de setembro de 2025<\/strong>. Ap\u00f3s o per\u00edodo de recursos, o resultado definitivo e a homologa\u00e7\u00e3o do processo seletivo est\u00e3o previstos para <strong>26 de setembro de 2025<\/strong>.<\/p>\n<p>A convoca\u00e7\u00e3o para a escolha de vagas ser\u00e1 realizada pela Secretaria Municipal de Educa\u00e7\u00e3o, de acordo com a ordem de classifica\u00e7\u00e3o e a necessidade da administra\u00e7\u00e3o. Os candidatos aprovados dever\u00e3o acompanhar as publica\u00e7\u00f5es no site da Prefeitura de Indaial (https:\/\/indaial.atende.net\/) e no Di\u00e1rio Oficial. \u00c9 de responsabilidade exclusiva do candidato manter seus dados atualizados e acompanhar todos os atos, editais e comunicados oficiais referentes ao certame.<\/p>\n","protected":false},"excerpt":{"rendered":"<p>Sel. Simplificada Pref. Indaial (SC) com edital publicado! Vagas p\/ Professor e Pedagogo (M\u00e9dio a Sup.). Inscri\u00e7\u00f5es a partir de 01\/09. Confira detalhes!<\/p>\n","protected":false},"author":7,"featured_media":270835,"comment_status":"open","ping_status":"open","sticky":false,"template":"","format":"standard","meta":{"_acf_changed":false,"_breakdance_hide_in_design_set":false,"_breakdance_tags":"","footnotes":""},"categories":[145,140,111,6871,116,119,25],"tags":[61],"_amplo":[],"destaque":[],"instituicoes":[],"class_list":["post-270836","post","type-post","status-publish","format-standard","has-post-thumbnail","hentry","category-artes-cenicas","category-artes-plasticas","category-geografia","category-letras-ingles","category-matematica","category-musica","category-pedagogia","tag-santa-catarina"],"acf":{"_tipo_vagas":"vagas","_numero_vagas":"","_quadro_vagas":"","_cargos":"diversos","_cargos_especificos":"","_salario_max":"R$ 5550.12","_abertura":"20250901","_encerramento":"20250915","_inscricoes":"https:\/\/www.institutofucap.org.br\/concursos","_executora_concurso":"","_instituicao_concurso":[],"_link_adicional":null,"_anexos":null,"_produtos":null,"_vagas":"CR","_salario_min":"R$ 2125.29","_instituicao":"Prefeitura de Indaial","_edital":"https:\/\/www.agrobase.com.br\/concursos\/wp-content\/uploads\/sites\/4\/2025\/09\/edital-61-2025-prefeitura-de-indaial-sc.pdf","_anexos_edital":"https:\/\/www.agrobase.com.br\/concursos\/wp-content\/uploads\/sites\/4\/2025\/09\/anexos-edital-61-2025-prefeitura-de-indaial-sc.pdf","_fund_incompleto":"","_fund_completo":"","_medio":"<div>\r\n<table class=\"quadro\">\r\n<thead>\r\n<tr>\r\n<th class=\"hcargo\">Cargo<\/th>\r\n<th class=\"hvagas\">Vagas<\/th>\r\n<th class=\"hremuneracao\">Remunera\u00e7\u00e3o<\/th>\r\n<\/tr>\r\n<\/thead>\r\n    <tbody>\r\n      <td class=\"ccargos\">\r\n<span data-balloon-length=\"medium\" aria-label=\"Ensino M\u00e9dio completo.\" data-balloon-pos=\"up\">Atendente de Biblioteca<\/span><\/td>\r\n<td class=\"cvagas\">CR<\/td>\r\n<td class=\"cremuneracao\">R$ 2.833,73 \/40h<\/td>\r\n<\/tr><td class=\"ccargos\">\r\n<span data-balloon-length=\"medium\" aria-label=\"Ensino M\u00e9dio completo.\" data-balloon-pos=\"up\">Auxiliar de Sala<\/span><\/td>\r\n<td class=\"cvagas\">CR<\/td>\r\n<td class=\"cremuneracao\">R$ 2.833,73 \/40h<\/td>\r\n<\/tr><td class=\"ccargos\">\r\n<span data-balloon-length=\"medium\" aria-label=\"Ensino M\u00e9dio completo.\" data-balloon-pos=\"up\">Auxiliar de Creche<\/span><\/td>\r\n<td class=\"cvagas\">CR<\/td>\r\n<td class=\"cremuneracao\">R$ 2.833,73 \/40h<\/td>\r\n<\/tr><td class=\"ccargos\">\r\n<span data-balloon-length=\"medium\" aria-label=\"Ensino M\u00e9dio completo.\" data-balloon-pos=\"up\">Monitor de Transporte Escolar<\/span><\/td>\r\n<td class=\"cvagas\">CR<\/td>\r\n<td class=\"cremuneracao\">R$ 2.125,29 \/30h<\/td>\r\n<\/tr>\r\n    <\/tbody>\r\n  <\/table>\r\n<\/div>","_superior":"<div>\r\n<table class=\"quadro\">\r\n<thead>\r\n<tr>\r\n<th class=\"hcargo\">Cargo<\/th>\r\n<th class=\"hvagas\">Vagas<\/th>\r\n<th class=\"hremuneracao\">Remunera\u00e7\u00e3o<\/th>\r\n<\/tr>\r\n<\/thead>\r\n    <tbody>\r\n      <tr>\r\n<td class=\"ccargos\">\r\n<span data-balloon-length=\"medium\" aria-label=\"N\u00edvel Superior em Pedagogia ou Normal Superior.\" data-balloon-pos=\"up\">Pedagogo (Orienta\u00e7\u00e3o Escolar)<\/span><\/td>\r\n<td class=\"cvagas\">CR<\/td>\r\n<td class=\"cremuneracao\">R$ 5.550,12 \/40h<\/td>\r\n<\/tr><tr>\r\n<td class=\"ccargos\">\r\n<span data-balloon-length=\"medium\" aria-label=\"Licenciatura Plena em Artes (ou Educa\u00e7\u00e3o Art\u00edstica, Visuais, Pl\u00e1sticas, C\u00eanicas, Teatro, M\u00fasica, Dan\u00e7a) ou Forma\u00e7\u00e3o Pedag\u00f3gica na \u00e1rea de conhecimento (com diploma conforme resolu\u00e7\u00f5es CNE\/CP).\" data-balloon-pos=\"up\">Professor de Arte - Habilitado<\/span><\/td>\r\n<td class=\"cvagas\">CR<\/td>\r\n<td class=\"cremuneracao\">R$ 5.550,12 \/40h<\/td>\r\n<\/tr><tr>\r\n<td class=\"ccargos\">\r\n<span data-balloon-length=\"medium\" aria-label=\"Hist\u00f3rico escolar e comprovante de matr\u00edcula e frequ\u00eancia do 5\u00ba semestre em diante em Gradua\u00e7\u00e3o em Artes (ou Educa\u00e7\u00e3o Art\u00edstica, Visuais, Pl\u00e1sticas, C\u00eanicas, Teatro, M\u00fasica, Dan\u00e7a) ou comprova\u00e7\u00e3o de no m\u00ednimo 6 meses de Forma\u00e7\u00e3o Pedag\u00f3gica.\" data-balloon-pos=\"up\">Professor de Arte - N\u00e3o Habilitado<\/span><\/td>\r\n<td class=\"cvagas\">CR<\/td>\r\n<td class=\"cremuneracao\">R$ 5.009,81 \/40h<\/td>\r\n<\/tr><tr>\r\n<td class=\"ccargos\">\r\n<span data-balloon-length=\"medium\" aria-label=\"Licenciatura em Arte com habilita\u00e7\u00e3o em M\u00fasica, ou Licenciatura em M\u00fasica, ou qualquer licenciatura com comprova\u00e7\u00e3o de reg\u00eancia em Bandas ou Fanfarras, ou Forma\u00e7\u00e3o Pedag\u00f3gica na \u00e1rea de conhecimento (com diploma conforme resolu\u00e7\u00f5es CNE\/CP).\" data-balloon-pos=\"up\">Professor de Banda e Fanfarra - Habilitado<\/span><\/td>\r\n<td class=\"cvagas\">CR<\/td>\r\n<td class=\"cremuneracao\">R$ 5.550,12 \/40h<\/td>\r\n<\/tr><tr>\r\n<td class=\"ccargos\">\r\n<span data-balloon-length=\"medium\" aria-label=\"Hist\u00f3rico escolar e comprovante de matr\u00edcula e frequ\u00eancia do 5\u00ba semestre em diante em Gradua\u00e7\u00e3o em Arte com habilita\u00e7\u00e3o em M\u00fasica ou Gradua\u00e7\u00e3o em M\u00fasica, ou qualquer gradua\u00e7\u00e3o a partir do 5\u00ba semestre com comprova\u00e7\u00e3o de reg\u00eancia em Bandas ou Fanfarras, ou comprova\u00e7\u00e3o de no m\u00ednimo 6 meses de Forma\u00e7\u00e3o Pedag\u00f3gica.\" data-balloon-pos=\"up\">Professor de Banda e Fanfarra - N\u00e3o Habilitado<\/span><\/td>\r\n<td class=\"cvagas\">CR<\/td>\r\n<td class=\"cremuneracao\">R$ 5.009,81 \/40h<\/td>\r\n<\/tr><tr>\r\n<td class=\"ccargos\">\r\n<span data-balloon-length=\"medium\" aria-label=\"Licenciatura em Educa\u00e7\u00e3o Especial, ou Forma\u00e7\u00e3o Pedag\u00f3gica na \u00e1rea de conhecimento (com diploma conforme resolu\u00e7\u00f5es CNE\/CP).\" data-balloon-pos=\"up\">Professor de Educa\u00e7\u00e3o Especial I (AEE) - Habilitado<\/span><\/td>\r\n<td class=\"cvagas\">CR<\/td>\r\n<td class=\"cremuneracao\">R$ 5.550,12 \/40h<\/td>\r\n<\/tr><tr>\r\n<td class=\"ccargos\">\r\n<span data-balloon-length=\"medium\" aria-label=\"Hist\u00f3rico escolar e comprovante de matr\u00edcula e frequ\u00eancia do 5\u00ba semestre em diante em Gradua\u00e7\u00e3o em Educa\u00e7\u00e3o Especial, ou comprova\u00e7\u00e3o de no m\u00ednimo 6 meses de Forma\u00e7\u00e3o Pedag\u00f3gica.\" data-balloon-pos=\"up\">Professor de Educa\u00e7\u00e3o Especial I (AEE) - N\u00e3o Habilitado<\/span><\/td>\r\n<td class=\"cvagas\">CR<\/td>\r\n<td class=\"cremuneracao\">R$ 5.009,81 \/40h<\/td>\r\n<\/tr><tr>\r\n<td class=\"ccargos\">\r\n<span data-balloon-length=\"medium\" aria-label=\"Licenciatura em Pedagogia, ou Normal Superior com Habilita\u00e7\u00e3o em Anos Iniciais, ou Forma\u00e7\u00e3o Pedag\u00f3gica na \u00e1rea de conhecimento (com diploma conforme resolu\u00e7\u00f5es CNE\/CP), com p\u00f3s-gradua\u00e7\u00e3o em Educa\u00e7\u00e3o Especial (m\u00ednimo 360h).\" data-balloon-pos=\"up\">Professor de Educa\u00e7\u00e3o Especial II (AEE) - Habilitado<\/span><\/td>\r\n<td class=\"cvagas\">CR<\/td>\r\n<td class=\"cremuneracao\">R$ 5.550,12 \/40h<\/td>\r\n<\/tr><tr>\r\n<td class=\"ccargos\">\r\n<span data-balloon-length=\"medium\" aria-label=\"Licenciatura em Pedagogia ou Normal Superior com habilita\u00e7\u00e3o em Educa\u00e7\u00e3o Infantil (com diploma expedido at\u00e9 2006 ou Pedagogia com diploma expedido a partir de resolu\u00e7\u00e3o CNE CP 01 de 2006).\" data-balloon-pos=\"up\">Professor de Educa\u00e7\u00e3o Infantil - Habilitado<\/span><\/td>\r\n<td class=\"cvagas\">CR<\/td>\r\n<td class=\"cremuneracao\">R$ 5.550,12 \/40h<\/td>\r\n<\/tr><tr>\r\n<td class=\"ccargos\">\r\n<span data-balloon-length=\"medium\" aria-label=\"Hist\u00f3rico escolar e comprovante de matr\u00edcula e frequ\u00eancia do 5\u00ba semestre em diante em Gradua\u00e7\u00e3o em Pedagogia.\" data-balloon-pos=\"up\">Professor de Educa\u00e7\u00e3o Infantil - N\u00e3o Habilitado<\/span><\/td>\r\n<td class=\"cvagas\">CR<\/td>\r\n<td class=\"cremuneracao\">R$ 5.009,81 \/40h<\/td>\r\n<\/tr><tr>\r\n<td class=\"ccargos\">\r\n<span data-balloon-length=\"medium\" aria-label=\"Licenciatura em Geografia, ou Forma\u00e7\u00e3o Pedag\u00f3gica na \u00e1rea de conhecimento (com diploma conforme resolu\u00e7\u00f5es CNE\/CP).\" data-balloon-pos=\"up\">Professor de Geografia - Habilitado<\/span><\/td>\r\n<td class=\"cvagas\">CR<\/td>\r\n<td class=\"cremuneracao\">R$ 5.550,12 \/40h<\/td>\r\n<\/tr><tr>\r\n<td class=\"ccargos\">\r\n<span data-balloon-length=\"medium\" aria-label=\"Hist\u00f3rico escolar e comprovante de matr\u00edcula e frequ\u00eancia do 5\u00ba semestre em diante em Gradua\u00e7\u00e3o em Geografia, ou comprova\u00e7\u00e3o de no m\u00ednimo 6 meses de Forma\u00e7\u00e3o Pedag\u00f3gica.\" data-balloon-pos=\"up\">Professor de Geografia - N\u00e3o Habilitado<\/span><\/td>\r\n<td class=\"cvagas\">CR<\/td>\r\n<td class=\"cremuneracao\">R$ 5.009,81 \/40h<\/td>\r\n<\/tr><tr>\r\n<td class=\"ccargos\">\r\n<span data-balloon-length=\"medium\" aria-label=\"Qualquer Licenciatura Plena, ou Forma\u00e7\u00e3o Pedag\u00f3gica na \u00e1rea de conhecimento (com diploma expedido conforme resolu\u00e7\u00f5es CNE\/CP).\" data-balloon-pos=\"up\">Professor de Inform\u00e1tica Pedag\u00f3gica - Habilitado<\/span><\/td>\r\n<td class=\"cvagas\">CR<\/td>\r\n<td class=\"cremuneracao\">R$ 5.550,12 \/40h<\/td>\r\n<\/tr><tr>\r\n<td class=\"ccargos\">\r\n<span data-balloon-length=\"medium\" aria-label=\"Hist\u00f3rico escolar e comprovante de matr\u00edcula e frequ\u00eancia do 5\u00ba semestre em diante em qualquer Licenciatura, ou comprova\u00e7\u00e3o de no m\u00ednimo 6 meses de Forma\u00e7\u00e3o Pedag\u00f3gica, e m\u00ednimo de 150 horas de curso de aperfei\u00e7oamento na \u00e1rea de Inform\u00e1tica (a partir de 2018).\" data-balloon-pos=\"up\">Professor de Inform\u00e1tica Pedag\u00f3gica - N\u00e3o Habilitado<\/span><\/td>\r\n<td class=\"cvagas\">CR<\/td>\r\n<td class=\"cremuneracao\">R$ 5.009,81 \/40h<\/td>\r\n<\/tr><tr>\r\n<td class=\"ccargos\">\r\n<span data-balloon-length=\"medium\" aria-label=\"Licenciatura em Letras - Habilita\u00e7\u00e3o em L\u00edngua Inglesa, ou Forma\u00e7\u00e3o Pedag\u00f3gica na \u00e1rea de conhecimento (com diploma expedido conforme resolu\u00e7\u00f5es CNE\/CP).\" data-balloon-pos=\"up\">Professor de Ingl\u00eas - Habilitado<\/span><\/td>\r\n<td class=\"cvagas\">CR<\/td>\r\n<td class=\"cremuneracao\">R$ 5.550,12 \/40h<\/td>\r\n<\/tr><tr>\r\n<td class=\"ccargos\">\r\n<span data-balloon-length=\"medium\" aria-label=\"Hist\u00f3rico escolar e comprovante de matr\u00edcula e frequ\u00eancia do 5\u00ba semestre em diante em Gradua\u00e7\u00e3o em Letras - L\u00edngua Inglesa, ou comprova\u00e7\u00e3o de no m\u00ednimo 6 meses de Forma\u00e7\u00e3o Pedag\u00f3gica.\" data-balloon-pos=\"up\">Professor de Ingl\u00eas - N\u00e3o Habilitado<\/span><\/td>\r\n<td class=\"cvagas\">CR<\/td>\r\n<td class=\"cremuneracao\">R$ 5.009,81 \/40h<\/td>\r\n<\/tr><tr>\r\n<td class=\"ccargos\">\r\n<span data-balloon-length=\"medium\" aria-label=\"Licenciatura em Matem\u00e1tica, ou Forma\u00e7\u00e3o Pedag\u00f3gica na \u00e1rea de conhecimento (com diploma expedido conforme resolu\u00e7\u00f5es CNE\/CP).\" data-balloon-pos=\"up\">Professor de Matem\u00e1tica - Habilitado<\/span><\/td>\r\n<td class=\"cvagas\">CR<\/td>\r\n<td class=\"cremuneracao\">R$ 5.550,12 \/40h<\/td>\r\n<\/tr><tr>\r\n<td class=\"ccargos\">\r\n<span data-balloon-length=\"medium\" aria-label=\"Hist\u00f3rico escolar e comprovante de matr\u00edcula e frequ\u00eancia do 5\u00ba semestre em diante em Gradua\u00e7\u00e3o em Matem\u00e1tica, ou comprova\u00e7\u00e3o de no m\u00ednimo 6 meses de Forma\u00e7\u00e3o Pedag\u00f3gica.\" data-balloon-pos=\"up\">Professor de Matem\u00e1tica - N\u00e3o Habilitado<\/span><\/td>\r\n<td class=\"cvagas\">CR<\/td>\r\n<td class=\"cremuneracao\">R$ 5.009,81 \/40h<\/td>\r\n<\/tr>\r\n    <\/tbody>\r\n  <\/table>\r\n<\/div>"},"_links":{"self":[{"href":"https:\/\/www.agrobase.com.br\/concursos\/wp-json\/wp\/v2\/posts\/270836","targetHints":{"allow":["GET"]}}],"collection":[{"href":"https:\/\/www.agrobase.com.br\/concursos\/wp-json\/wp\/v2\/posts"}],"about":[{"href":"https:\/\/www.agrobase.com.br\/concursos\/wp-json\/wp\/v2\/types\/post"}],"author":[{"embeddable":true,"href":"https:\/\/www.agrobase.com.br\/concursos\/wp-json\/wp\/v2\/users\/7"}],"replies":[{"embeddable":true,"href":"https:\/\/www.agrobase.com.br\/concursos\/wp-json\/wp\/v2\/comments?post=270836"}],"version-history":[{"count":2,"href":"https:\/\/www.agrobase.com.br\/concursos\/wp-json\/wp\/v2\/posts\/270836\/revisions"}],"predecessor-version":[{"id":270841,"href":"https:\/\/www.agrobase.com.br\/concursos\/wp-json\/wp\/v2\/posts\/270836\/revisions\/270841"}],"wp:featuredmedia":[{"embeddable":true,"href":"https:\/\/www.agrobase.com.br\/concursos\/wp-json\/wp\/v2\/media\/270835"}],"wp:attachment":[{"href":"https:\/\/www.agrobase.com.br\/concursos\/wp-json\/wp\/v2\/media?parent=270836"}],"wp:term":[{"taxonomy":"category","embeddable":true,"href":"https:\/\/www.agrobase.com.br\/concursos\/wp-json\/wp\/v2\/categories?post=270836"},{"taxonomy":"post_tag","embeddable":true,"href":"https:\/\/www.agrobase.com.br\/concursos\/wp-json\/wp\/v2\/tags?post=270836"},{"taxonomy":"_amplo","embeddable":true,"href":"https:\/\/www.agrobase.com.br\/concursos\/wp-json\/wp\/v2\/_amplo?post=270836"},{"taxonomy":"destaque","embeddable":true,"href":"https:\/\/www.agrobase.com.br\/concursos\/wp-json\/wp\/v2\/destaque?post=270836"},{"taxonomy":"instituicoes","embeddable":true,"href":"https:\/\/www.agrobase.com.br\/concursos\/wp-json\/wp\/v2\/instituicoes?post=270836"}],"curies":[{"name":"wp","href":"https:\/\/api.w.org\/{rel}","templated":true}]}}