{"id":270812,"date":"2025-09-03T08:20:41","date_gmt":"2025-09-03T11:20:41","guid":{"rendered":"https:\/\/www.agrobase.com.br\/concursos\/?p=270812"},"modified":"2025-09-02T14:59:16","modified_gmt":"2025-09-02T17:59:16","slug":"cim-guandu-es-selecao-simplificada-03-2025","status":"publish","type":"post","link":"https:\/\/www.agrobase.com.br\/concursos\/2025\/cim-guandu-es-selecao-simplificada-03-2025\/","title":{"rendered":"CIM Guandu (ES) &#8211; Sele\u00e7\u00e3o Simplificada 03\/2025"},"content":{"rendered":"<h2>Informa\u00e7\u00f5es Gerais<\/h2>\n<p>O Cons\u00f3rcio Intermunicipal Multifinalit\u00e1rio Guandu (CIM GUANDU) publicou o edital do Processo Seletivo Simplificado n\u00ba 03\/2025, destinado \u00e0 forma\u00e7\u00e3o de cadastro de reserva para profissionais de n\u00edveis fundamental, m\u00e9dio\/t\u00e9cnico e superior. O objetivo \u00e9 atender \u00e0s necessidades tempor\u00e1rias do cons\u00f3rcio, especialmente no Setor Administrativo e na Ger\u00eancia de Meio Ambiente (GEMA). A contrata\u00e7\u00e3o ser\u00e1 por tempo determinado, sob o regime da Consolida\u00e7\u00e3o das Leis Trabalhistas (CLT). O certame se destaca por oferecer oportunidades para profissionais de <strong>Agronomia, Ci\u00eancias Biol\u00f3gicas, T\u00e9cnico em Agropecu\u00e1ria e T\u00e9cnico em Meio Ambiente<\/strong>, que atuar\u00e3o em projetos de conserva\u00e7\u00e3o de \u00e1gua e solo e na gest\u00e3o ambiental dos munic\u00edpios consorciados. Nas se\u00e7\u00f5es a seguir, voc\u00ea encontrar\u00e1 todos os detalhes sobre as inscri\u00e7\u00f5es, etapas e cronograma para se preparar adequadamente.<\/p>\n<h2>Inscri\u00e7\u00f5es<\/h2>\n<p>As inscri\u00e7\u00f5es para o processo seletivo estar\u00e3o abertas de 02 de setembro de 2025 a 14 de setembro de 2025, encerrando-se \u00e0s 23h59min59s do \u00faltimo dia. A participa\u00e7\u00e3o \u00e9 <strong>totalmente gratuita<\/strong>, n\u00e3o havendo cobran\u00e7a de taxa de inscri\u00e7\u00e3o. O procedimento deve ser realizado exclusivamente de forma online, por meio do preenchimento de um formul\u00e1rio eletr\u00f4nico dispon\u00edvel no link oficial. No ato da inscri\u00e7\u00e3o, o candidato dever\u00e1 anexar, em formato PDF, toda a documenta\u00e7\u00e3o comprobat\u00f3ria exigida, como documento de identidade, certid\u00e3o de quita\u00e7\u00e3o eleitoral, curr\u00edculo completo com os respectivos comprovantes de t\u00edtulos e experi\u00eancias, diploma de escolaridade e, para os cargos de Analista Ambiental, CNH categoria &#8216;B&#8217; e certid\u00e3o de regularidade do conselho de classe. A confirma\u00e7\u00e3o da inscri\u00e7\u00e3o ser\u00e1 enviada automaticamente para o e-mail cadastrado. \u00c9 fundamental a leitura completa do edital para conferir todos os documentos obrigat\u00f3rios e evitar o indeferimento da inscri\u00e7\u00e3o.<\/p>\n<h2>Etapas e Provas<\/h2>\n<p>O Processo Seletivo Simplificado do CIM Guandu ser\u00e1 composto por duas etapas principais, ambas de car\u00e1ter eliminat\u00f3rio e classificat\u00f3rio. A sele\u00e7\u00e3o visa avaliar tanto a qualifica\u00e7\u00e3o t\u00e9cnica quanto as habilidades comportamentais dos candidatos.<\/p>\n<ul>\n<li><strong>An\u00e1lise de Curr\u00edculo:<\/strong> Nesta fase, a comiss\u00e3o avaliadora analisar\u00e1 a documenta\u00e7\u00e3o enviada no ato da inscri\u00e7\u00e3o, pontuando os t\u00edtulos e a experi\u00eancia profissional do candidato de acordo com os crit\u00e9rios definidos no edital. A pontua\u00e7\u00e3o m\u00e1xima nesta etapa \u00e9 de <strong>50 pontos<\/strong>. A comprova\u00e7\u00e3o de experi\u00eancia pode ser feita por meio de carteira de trabalho, contratos, declara\u00e7\u00f5es ou Recibo de Pagamento Aut\u00f4nomo (RPA).<\/li>\n<li><strong>Entrevista Profissional:<\/strong> Os candidatos classificados na an\u00e1lise de curr\u00edculo ser\u00e3o convocados para uma entrevista presencial, que ser\u00e1 realizada na sede do CIM Guandu, em Afonso Cl\u00e1udio\/ES. A entrevista, que tamb\u00e9m vale <strong>50 pontos<\/strong>, ser\u00e1 gravada e avaliar\u00e1 aspectos t\u00e9cnicos e habilidades comportamentais por meio de perguntas e situa\u00e7\u00f5es hipot\u00e9ticas relacionadas \u00e0 \u00e1rea de atua\u00e7\u00e3o. A autoriza\u00e7\u00e3o para grava\u00e7\u00e3o \u00e9 condi\u00e7\u00e3o para participar desta fase.<\/li>\n<\/ul>\n<p>Para conhecer em detalhes os crit\u00e9rios de pontua\u00e7\u00e3o da an\u00e1lise de curr\u00edculo e o cronograma de convoca\u00e7\u00e3o para as entrevistas, consulte o edital completo.<\/p>\n<h2>Resultados e Gabarito<\/h2>\n<p>A nota final dos candidatos ser\u00e1 calculada pela somat\u00f3ria dos pontos obtidos na an\u00e1lise de curr\u00edculo e na entrevista profissional, totalizando o m\u00e1ximo de 100 pontos. O cronograma oficial prev\u00ea a divulga\u00e7\u00e3o do resultado preliminar para o dia <strong>03 de outubro de 2025<\/strong>. Ap\u00f3s o prazo para recursos, o resultado final ser\u00e1 publicado em <strong>08 de outubro de 2025<\/strong>, com a homologa\u00e7\u00e3o prevista para <strong>10 de outubro de 2025<\/strong>.<\/p>\n<p>Em caso de empate na pontua\u00e7\u00e3o final, os crit\u00e9rios de desempate seguir\u00e3o a seguinte ordem:<\/p>\n<ul>\n<li>Maior pontua\u00e7\u00e3o obtida na etapa de entrevista profissional;<\/li>\n<li>Maior idade entre os candidatos.<\/li>\n<\/ul>\n<p>A convoca\u00e7\u00e3o dos aprovados ocorrer\u00e1 de acordo com a necessidade do CIM Guandu e seguir\u00e1 rigorosamente a ordem de classifica\u00e7\u00e3o. Os candidatos devem acompanhar as chamadas pelo site oficial do cons\u00f3rcio (cimguandu.es.gov.br) e pelo Di\u00e1rio Oficial dos Munic\u00edpios do Esp\u00edrito Santo (DOM\/ES).<\/p>\n<p>\u00c9 de responsabilidade exclusiva do candidato acompanhar todas as publica\u00e7\u00f5es oficiais referentes ao certame, incluindo convoca\u00e7\u00f5es, retifica\u00e7\u00f5es e outros comunicados importantes, nos canais de divulga\u00e7\u00e3o informados no edital.<\/p>\n","protected":false},"excerpt":{"rendered":"<p>Sel. Simplificada CIM Guandu (ES) com edital publicado! Vagas p\/ Analista e Servi\u00e7os Gerais (Fund. a Sup.). Inscri\u00e7\u00f5es a partir de 02\/08. Confira detalhes!<\/p>\n","protected":false},"author":7,"featured_media":270811,"comment_status":"open","ping_status":"open","sticky":false,"template":"","format":"standard","meta":{"_acf_changed":false,"_breakdance_hide_in_design_set":false,"_breakdance_tags":"","footnotes":""},"categories":[4,6,6433,14,115,30,31,128,130,139],"tags":[45],"_amplo":[],"destaque":[],"instituicoes":[],"class_list":["post-270812","post","type-post","status-publish","format-standard","has-post-thumbnail","hentry","category-agronomia","category-biologia","category-biologia-licenciatura","category-engenharia","category-geologia","category-tecnico-agropecuaria","category-tecnico-ambiental","category-tecnico-em-contabilidade","category-tecnico-informatica","category-tecnico-florestal","tag-espirito-santo"],"acf":{"_tipo_vagas":"vagas","_numero_vagas":"","_quadro_vagas":"","_cargos":"diversos","_cargos_especificos":"","_salario_max":"R$ 4620.92","_abertura":"20250902","_encerramento":"20250914","_inscricoes":"https:\/\/forms.gle\/JCeAXFMJXQKAdeVJ8","_executora_concurso":"","_instituicao_concurso":[],"_link_adicional":null,"_anexos":null,"_produtos":null,"_vagas":"CR","_salario_min":"R$ 1832.49","_instituicao":"CIM Guandu","_edital":"https:\/\/www.agrobase.com.br\/concursos\/wp-content\/uploads\/sites\/4\/2025\/09\/edital-03-2025-cim-guandu-es.pdf","_anexos_edital":"","_fund_incompleto":"","_fund_completo":"<div>\r\n<table class=\"quadro\">\r\n<thead>\r\n<tr>\r\n<th class=\"hcargo\">Cargo<\/th>\r\n<th class=\"hvagas\">Vagas<\/th>\r\n<th class=\"hremuneracao\">Remunera\u00e7\u00e3o<\/th>\r\n<\/tr>\r\n<\/thead>\r\n    <tbody>\r\n      <td class=\"ccargos\">\r\n<span data-balloon-length=\"medium\" aria-label=\"Ensino Fundamental\" data-balloon-pos=\"up\">Servi\u00e7os Gerais<\/span><\/td>\r\n<td class=\"cvagas\">CR<\/td>\r\n<td class=\"cremuneracao\">R$ 1.832,49 \/40h<\/td>\r\n<\/tr>\r\n    <\/tbody>\r\n  <\/table>\r\n<\/div>","_medio":"<div>\r\n<table class=\"quadro\">\r\n<thead>\r\n<tr>\r\n<th class=\"hcargo\">Cargo<\/th>\r\n<th class=\"hvagas\">Vagas<\/th>\r\n<th class=\"hremuneracao\">Remunera\u00e7\u00e3o<\/th>\r\n<\/tr>\r\n<\/thead>\r\n    <tbody>\r\n      <td class=\"ccargos\">\r\n<span data-balloon-length=\"medium\" aria-label=\"N\u00edvel M\u00e9dio com curso t\u00e9cnico nas \u00e1reas de forma\u00e7\u00e3o em Agropecu\u00e1ria, Agroind\u00fastria, Florestas ou Meio Ambiente, desde que acompanhado de hist\u00f3rico escolar, fornecido pela institui\u00e7\u00e3o de ensino competente reconhecida pelo Minist\u00e9rio de Educa\u00e7\u00e3o (MEC). Inscri\u00e7\u00e3o ativa no Conselho de Classe. CNH categoria \u201cB\u201d v\u00e1lida, com no m\u00ednimo 02 (dois) anos de expedi\u00e7\u00e3o.\" data-balloon-pos=\"up\">Analista Ambiental II (\u00c1rea de Forma\u00e7\u00e3o Acad\u00eamica: T\u00e9cnico em Agropecu\u00e1ria, Agroind\u00fastria, Florestas, T\u00e9c. em Meio Ambiente)<\/span><\/td>\r\n<td class=\"cvagas\">CR<\/td>\r\n<td class=\"cremuneracao\">R$ 2.898,34 \/40h<\/td>\r\n<\/tr><td class=\"ccargos\">\r\n<span data-balloon-length=\"medium\" aria-label=\"N\u00edvel m\u00e9dio com curso t\u00e9cnico nas \u00e1reas de forma\u00e7\u00e3o em Administra\u00e7\u00e3o, Contabilidade, Inform\u00e1tica ou Servi\u00e7os Jur\u00eddicos, desde que acompanhado de hist\u00f3rico escolar, fornecido pela institui\u00e7\u00e3o de ensino competente reconhecida pelo Minist\u00e9rio de Educa\u00e7\u00e3o (MEC) ou forma\u00e7\u00e3o superior nas \u00e1reas citadas.\" data-balloon-pos=\"up\">Assistente Administrativo (\u00c1rea de forma\u00e7\u00e3o: T\u00e9cnico em Administra\u00e7\u00e3o, Contabilidade, Inform\u00e1tica, Servi\u00e7os Jur\u00eddicos ou forma\u00e7\u00e3o superior nas \u00e1reas citadas)<\/span><\/td>\r\n<td class=\"cvagas\">CR<\/td>\r\n<td class=\"cremuneracao\">R$ 2.509,41 \/40h<\/td>\r\n<\/tr>\r\n    <\/tbody>\r\n  <\/table>\r\n<\/div>","_superior":"<div>\r\n<table class=\"quadro\">\r\n<thead>\r\n<tr>\r\n<th class=\"hcargo\">Cargo<\/th>\r\n<th class=\"hvagas\">Vagas<\/th>\r\n<th class=\"hremuneracao\">Remunera\u00e7\u00e3o<\/th>\r\n<\/tr>\r\n<\/thead>\r\n    <tbody>\r\n      <tr>\r\n<td class=\"ccargos\">\r\n<span data-balloon-length=\"medium\" aria-label=\"Ensino Superior nas \u00e1reas de forma\u00e7\u00e3o em Agronomia, acompanhado de hist\u00f3rico escolar, fornecido pela institui\u00e7\u00e3o de ensino competente reconhecida pelo Minist\u00e9rio de Educa\u00e7\u00e3o (MEC). Inscri\u00e7\u00e3o ativa no Conselho de Classe. CNH categoria \u201cB\u201d v\u00e1lida, com no m\u00ednimo 02 (dois) anos de expedi\u00e7\u00e3o.\" data-balloon-pos=\"up\">Analista Ambiental I (\u00c1rea de Forma\u00e7\u00e3o Acad\u00eamica em Agronomia)<\/span><\/td>\r\n<td class=\"cvagas\">CR<\/td>\r\n<td class=\"cremuneracao\">R$ 4.620,92 \/40h<\/td>\r\n<\/tr><tr>\r\n<td class=\"ccargos\">\r\n<span data-balloon-length=\"medium\" aria-label=\"Ensino Superior nas \u00e1reas de forma\u00e7\u00e3o em Ci\u00eancias Biol\u00f3gicas, acompanhado de hist\u00f3rico escolar, fornecido pela institui\u00e7\u00e3o de ensino competente reconhecida pelo Minist\u00e9rio de Educa\u00e7\u00e3o (MEC). Inscri\u00e7\u00e3o ativa no Conselho de Classe. CNH categoria \u201cB\u201d v\u00e1lida, com no m\u00ednimo 02 (dois) anos de expedi\u00e7\u00e3o.\" data-balloon-pos=\"up\">Analista Ambiental I (\u00c1rea de Forma\u00e7\u00e3o Acad\u00eamica em Ci\u00eancias Biol\u00f3gicas)<\/span><\/td>\r\n<td class=\"cvagas\">CR<\/td>\r\n<td class=\"cremuneracao\">R$ 4.620,92 \/40h<\/td>\r\n<\/tr><tr>\r\n<td class=\"ccargos\">\r\n<span data-balloon-length=\"medium\" aria-label=\"Ensino Superior nas \u00e1reas de forma\u00e7\u00e3o em Engenheira Civil, acompanhado de hist\u00f3rico escolar, fornecido pela institui\u00e7\u00e3o de ensino competente reconhecida pelo Minist\u00e9rio de Educa\u00e7\u00e3o (MEC). Inscri\u00e7\u00e3o ativa no Conselho de Classe. CNH categoria \u201cB\u201d v\u00e1lida, com no m\u00ednimo 02 (dois) anos de expedi\u00e7\u00e3o.\" data-balloon-pos=\"up\">Analista Ambiental I (\u00c1rea de Forma\u00e7\u00e3o Acad\u00eamica em Engenheira Civil)<\/span><\/td>\r\n<td class=\"cvagas\">CR<\/td>\r\n<td class=\"cremuneracao\">R$ 4.620,92 \/40h<\/td>\r\n<\/tr><tr>\r\n<td class=\"ccargos\">\r\n<span data-balloon-length=\"medium\" aria-label=\"Ensino Superior nas \u00e1reas de forma\u00e7\u00e3o em Engenharia de Minas, acompanhado de hist\u00f3rico escolar, fornecido pela institui\u00e7\u00e3o de ensino competente reconhecida pelo Minist\u00e9rio de Educa\u00e7\u00e3o (MEC). Inscri\u00e7\u00e3o ativa no Conselho de Classe. CNH categoria \u201cB\u201d v\u00e1lida, com no m\u00ednimo 02 (dois) anos de expedi\u00e7\u00e3o.\" data-balloon-pos=\"up\">Analista Ambiental I (\u00c1rea de Forma\u00e7\u00e3o Acad\u00eamica em Engenharia de Minas)<\/span><\/td>\r\n<td class=\"cvagas\">CR<\/td>\r\n<td class=\"cremuneracao\">R$ 4.620,92 \/40h<\/td>\r\n<\/tr><tr>\r\n<td class=\"ccargos\">\r\n<span data-balloon-length=\"medium\" aria-label=\"Ensino Superior nas \u00e1reas de forma\u00e7\u00e3o em Geologia, acompanhado de hist\u00f3rico escolar, fornecido pela institui\u00e7\u00e3o de ensino competente reconhecida pelo Minist\u00e9rio de Educa\u00e7\u00e3o (MEC). Inscri\u00e7\u00e3o ativa no Conselho de Classe. CNH categoria \u201cB\u201d v\u00e1lida, com no m\u00ednimo 02 (dois) anos de expedi\u00e7\u00e3o.\" data-balloon-pos=\"up\">Analista Ambiental I (\u00c1rea de Forma\u00e7\u00e3o Acad\u00eamica em Geologia)<\/span><\/td>\r\n<td class=\"cvagas\">CR<\/td>\r\n<td class=\"cremuneracao\">R$ 4.620,92 \/40h<\/td>\r\n<\/tr>\r\n    <\/tbody>\r\n  <\/table>\r\n<\/div>"},"_links":{"self":[{"href":"https:\/\/www.agrobase.com.br\/concursos\/wp-json\/wp\/v2\/posts\/270812","targetHints":{"allow":["GET"]}}],"collection":[{"href":"https:\/\/www.agrobase.com.br\/concursos\/wp-json\/wp\/v2\/posts"}],"about":[{"href":"https:\/\/www.agrobase.com.br\/concursos\/wp-json\/wp\/v2\/types\/post"}],"author":[{"embeddable":true,"href":"https:\/\/www.agrobase.com.br\/concursos\/wp-json\/wp\/v2\/users\/7"}],"replies":[{"embeddable":true,"href":"https:\/\/www.agrobase.com.br\/concursos\/wp-json\/wp\/v2\/comments?post=270812"}],"version-history":[{"count":2,"href":"https:\/\/www.agrobase.com.br\/concursos\/wp-json\/wp\/v2\/posts\/270812\/revisions"}],"predecessor-version":[{"id":270815,"href":"https:\/\/www.agrobase.com.br\/concursos\/wp-json\/wp\/v2\/posts\/270812\/revisions\/270815"}],"wp:featuredmedia":[{"embeddable":true,"href":"https:\/\/www.agrobase.com.br\/concursos\/wp-json\/wp\/v2\/media\/270811"}],"wp:attachment":[{"href":"https:\/\/www.agrobase.com.br\/concursos\/wp-json\/wp\/v2\/media?parent=270812"}],"wp:term":[{"taxonomy":"category","embeddable":true,"href":"https:\/\/www.agrobase.com.br\/concursos\/wp-json\/wp\/v2\/categories?post=270812"},{"taxonomy":"post_tag","embeddable":true,"href":"https:\/\/www.agrobase.com.br\/concursos\/wp-json\/wp\/v2\/tags?post=270812"},{"taxonomy":"_amplo","embeddable":true,"href":"https:\/\/www.agrobase.com.br\/concursos\/wp-json\/wp\/v2\/_amplo?post=270812"},{"taxonomy":"destaque","embeddable":true,"href":"https:\/\/www.agrobase.com.br\/concursos\/wp-json\/wp\/v2\/destaque?post=270812"},{"taxonomy":"instituicoes","embeddable":true,"href":"https:\/\/www.agrobase.com.br\/concursos\/wp-json\/wp\/v2\/instituicoes?post=270812"}],"curies":[{"name":"wp","href":"https:\/\/api.w.org\/{rel}","templated":true}]}}