{"id":270795,"date":"2025-09-03T07:40:32","date_gmt":"2025-09-03T10:40:32","guid":{"rendered":"https:\/\/www.agrobase.com.br\/concursos\/?p=270795"},"modified":"2025-09-02T13:26:11","modified_gmt":"2025-09-02T16:26:11","slug":"prefeitura-abreu-e-lima-pe-selecao-simplificada-03-2025","status":"publish","type":"post","link":"https:\/\/www.agrobase.com.br\/concursos\/2025\/prefeitura-abreu-e-lima-pe-selecao-simplificada-03-2025\/","title":{"rendered":"Prefeitura Abreu e Lima (PE) &#8211; Sele\u00e7\u00e3o Simplificada 03\/2025"},"content":{"rendered":"<h2>Informa\u00e7\u00f5es Gerais<\/h2>\n<p>A Prefeitura Municipal de Abreu e Lima, em Pernambuco, publicou o edital para seu Processo Seletivo Simplificado, que visa a contrata\u00e7\u00e3o tempor\u00e1ria de profissionais para preenchimento de 25 vagas. As oportunidades s\u00e3o para cargos de n\u00edvel superior, com contrata\u00e7\u00e3o sob regime de direito p\u00fablico. As vagas est\u00e3o distribu\u00eddas entre as \u00e1reas de Educa\u00e7\u00e3o e Nutri\u00e7\u00e3o.<\/p>\n<p>Este certame \u00e9 uma excelente oportunidade para profissionais da \u00e1rea da sa\u00fade, com destaque para a oferta de vagas para o cargo de <strong>Nutricionista Escolar<\/strong>. O contrato inicial ter\u00e1 dura\u00e7\u00e3o de at\u00e9 12 meses, com possibilidade de prorroga\u00e7\u00e3o por igual per\u00edodo, conforme a necessidade da administra\u00e7\u00e3o municipal.<\/p>\n<p>Para saber como participar, continue a leitura e confira os detalhes sobre inscri\u00e7\u00f5es, etapas do processo seletivo e cronograma de resultados.<\/p>\n<h2>Inscri\u00e7\u00f5es<\/h2>\n<p>As inscri\u00e7\u00f5es para o processo seletivo da Prefeitura de Abreu e Lima estar\u00e3o abertas no per\u00edodo de <strong>02 de setembro de 2025 a 08 de setembro de 2025<\/strong>. A participa\u00e7\u00e3o \u00e9 <strong>gratuita<\/strong>, n\u00e3o havendo cobran\u00e7a de taxa de inscri\u00e7\u00e3o para nenhum dos cargos.<\/p>\n<p>Os interessados dever\u00e3o realizar a inscri\u00e7\u00e3o exclusivamente pela internet, atrav\u00e9s do portal oficial da sele\u00e7\u00e3o. Durante o procedimento, ser\u00e1 necess\u00e1rio preencher o formul\u00e1rio eletr\u00f4nico e anexar as c\u00f3pias digitalizadas dos documentos comprobat\u00f3rios exigidos no edital, como identifica\u00e7\u00e3o, comprovante de resid\u00eancia e certificados de forma\u00e7\u00e3o.<\/p>\n<p>\u00c9 de responsabilidade exclusiva do candidato garantir o correto preenchimento das informa\u00e7\u00f5es e o envio de toda a documenta\u00e7\u00e3o necess\u00e1ria dentro do prazo estipulado. Ap\u00f3s a conclus\u00e3o, o candidato dever\u00e1 guardar o comprovante de inscri\u00e7\u00e3o. Para conhecer todos os requisitos e procedimentos, \u00e9 fundamental a leitura completa do edital.<\/p>\n<h2>Etapas e Provas<\/h2>\n<p>O processo seletivo ser\u00e1 realizado em <strong>etapa \u00fanica<\/strong>, denominada Avalia\u00e7\u00e3o Curricular, que possui car\u00e1ter tanto eliminat\u00f3rio quanto classificat\u00f3rio. Nesta fase, a comiss\u00e3o organizadora analisar\u00e1 a experi\u00eancia profissional e os t\u00edtulos dos candidatos, com base nos documentos que foram anexados no momento da inscri\u00e7\u00e3o online.<\/p>\n<p>A pontua\u00e7\u00e3o ser\u00e1 atribu\u00edda conforme os crit\u00e9rios detalhados no Anexo V do edital, podendo chegar a um m\u00e1ximo de 100 pontos. Os candidatos que zerarem a pontua\u00e7\u00e3o ser\u00e3o automaticamente desclassificados do certame.<\/p>\n<ul>\n<li><strong>Etapa:<\/strong> Avalia\u00e7\u00e3o Curricular (An\u00e1lise de Experi\u00eancia Profissional e de T\u00edtulos)<\/li>\n<li><strong>Car\u00e1ter:<\/strong> Eliminat\u00f3rio e Classificat\u00f3rio<\/li>\n<li><strong>Pontua\u00e7\u00e3o:<\/strong> De 0 a 100 pontos<\/li>\n<li><strong>Formato:<\/strong> An\u00e1lise documental das informa\u00e7\u00f5es e comprovantes fornecidos pelo candidato na inscri\u00e7\u00e3o.<\/li>\n<\/ul>\n<p>Para obter informa\u00e7\u00f5es detalhadas sobre a tabela de pontua\u00e7\u00e3o, os documentos aceitos e as regras de comprova\u00e7\u00e3o de t\u00edtulos e experi\u00eancia, \u00e9 indispens\u00e1vel a consulta ao edital completo.<\/p>\n<h2>Resultados e Gabarito<\/h2>\n<p>O cronograma oficial do certame estabelece a divulga\u00e7\u00e3o do resultado preliminar para o dia <strong>17 de setembro de 2025<\/strong>. Os candidatos que desejarem interpor recurso contra a classifica\u00e7\u00e3o poder\u00e3o faz\u00ea-lo entre os dias 18 e 22 de setembro de 2025. O resultado final, ap\u00f3s a an\u00e1lise dos recursos, ser\u00e1 publicado na data prov\u00e1vel de <strong>25 de setembro de 2025<\/strong>.<\/p>\n<p>A classifica\u00e7\u00e3o dos candidatos ser\u00e1 feita em ordem decrescente, de acordo com a pontua\u00e7\u00e3o total obtida na Avalia\u00e7\u00e3o Curricular. A convoca\u00e7\u00e3o para a contrata\u00e7\u00e3o seguir\u00e1 rigorosamente essa ordem e ser\u00e1 comunicada por meio de publica\u00e7\u00e3o no Di\u00e1rio Oficial da AMUPE, no site oficial da Prefeitura de Abreu e Lima, e tamb\u00e9m por e-mail e contato telef\u00f4nico informados na inscri\u00e7\u00e3o.<\/p>\n<p>O acompanhamento de todas as publica\u00e7\u00f5es, incluindo resultados, convoca\u00e7\u00f5es e eventuais retifica\u00e7\u00f5es, no site da prefeitura e no Di\u00e1rio Oficial, \u00e9 de responsabilidade exclusiva do candidato.<\/p>\n","protected":false},"excerpt":{"rendered":"<p>Sel. Simplificada Pref. Abreu e Lima (PE) com edital publicado! Vagas p\/ Professores e Nutricionista (Superior). Inscri\u00e7\u00f5es a partir de 02\/09. Confira detalhes!<\/p>\n","protected":false},"author":7,"featured_media":270794,"comment_status":"open","ping_status":"open","sticky":false,"template":"","format":"standard","meta":{"_acf_changed":false,"_breakdance_hide_in_design_set":false,"_breakdance_tags":"","footnotes":""},"categories":[6434,23,25],"tags":[54],"_amplo":[],"destaque":[],"instituicoes":[],"class_list":["post-270795","post","type-post","status-publish","format-standard","has-post-thumbnail","hentry","category-educacao-fisica-licenciatura","category-nutricao","category-pedagogia","tag-pernambuco"],"acf":{"_tipo_vagas":"vagas","_numero_vagas":"","_quadro_vagas":"","_cargos":"diversos","_cargos_especificos":"","_salario_max":"R$ 4867.77","_abertura":"20250902","_encerramento":"20250908","_inscricoes":"https:\/\/selecao.abreuelima.pe.gov.br\/edital-003-2025\/","_executora_concurso":"","_instituicao_concurso":[],"_link_adicional":null,"_anexos":null,"_produtos":null,"_vagas":"25 vagas","_salario_min":"R$ 2500","_instituicao":"Prefeitura de Abreu e Lima","_edital":"https:\/\/www.agrobase.com.br\/concursos\/wp-content\/uploads\/sites\/4\/2025\/09\/edital-03-2025-prefeitura-de-abreu-lima-pe.pdf","_anexos_edital":"","_fund_incompleto":"","_fund_completo":"","_medio":"","_superior":"<div>\r\n<table class=\"quadro\">\r\n<thead>\r\n<tr>\r\n<th class=\"hcargo\">Cargo<\/th>\r\n<th class=\"hvagas\">Vagas<\/th>\r\n<th class=\"hremuneracao\">Remunera\u00e7\u00e3o<\/th>\r\n<\/tr>\r\n<\/thead>\r\n    <tbody>\r\n      <tr>\r\n<td class=\"ccargos\">\r\n<span data-balloon-length=\"medium\" aria-label=\"Diploma ou Certificado de Conclus\u00e3o do Curso Superior de Nutri\u00e7\u00e3o, registrado na institui\u00e7\u00e3o reconhecida pelo MEC - Registro no Conselho Regional de Nutricionistas \u2013 CRN (Apresenta\u00e7\u00e3o da Carteira com o n\u00ba do Registro)\" data-balloon-pos=\"up\">NUTRICIONISTA ESCOLAR<\/span><\/td>\r\n<td class=\"cvagas\">03<\/td>\r\n<td class=\"cremuneracao\">R$ 2.800,00 \/40h<\/td>\r\n<\/tr><tr>\r\n<td class=\"ccargos\">\r\n<span data-balloon-length=\"medium\" aria-label=\"Diploma ou Certificado de Conclus\u00e3o do Curso Superior de Educa\u00e7\u00e3o F\u00edsica, registrado na institui\u00e7\u00e3o reconhecida pelo MEC - Registro no Conselho Regional de Educa\u00e7\u00e3o F\u00edsica (Apresenta\u00e7\u00e3o da Carteira com o n\u00ba do Registro)\" data-balloon-pos=\"up\">PROFESSOR DE EDUCA\u00c7\u00c3O FISICA<\/span><\/td>\r\n<td class=\"cvagas\">10<\/td>\r\n<td class=\"cremuneracao\">R$ 2.500,00 \/40h<\/td>\r\n<\/tr><tr>\r\n<td class=\"ccargos\">\r\n<span data-balloon-length=\"medium\" aria-label=\"Diploma, devidamente registrado, de curso superior de gradua\u00e7\u00e3o plena em licenciatura em Pedagogia ou outras licenciatura afins, fornecido por institui\u00e7\u00e3o reconhecida pelo Minist\u00e9rio da Educa\u00e7\u00e3o (MEC)\" data-balloon-pos=\"up\">PROFESSOR DE ATENDIMENTO EDUCACIONAL ESPECIALIZADO - AEE<\/span><\/td>\r\n<td class=\"cvagas\">12<\/td>\r\n<td class=\"cremuneracao\">R$ 4.867,77 \/40h<\/td>\r\n<\/tr>\r\n    <\/tbody>\r\n  <\/table>\r\n<\/div>"},"_links":{"self":[{"href":"https:\/\/www.agrobase.com.br\/concursos\/wp-json\/wp\/v2\/posts\/270795","targetHints":{"allow":["GET"]}}],"collection":[{"href":"https:\/\/www.agrobase.com.br\/concursos\/wp-json\/wp\/v2\/posts"}],"about":[{"href":"https:\/\/www.agrobase.com.br\/concursos\/wp-json\/wp\/v2\/types\/post"}],"author":[{"embeddable":true,"href":"https:\/\/www.agrobase.com.br\/concursos\/wp-json\/wp\/v2\/users\/7"}],"replies":[{"embeddable":true,"href":"https:\/\/www.agrobase.com.br\/concursos\/wp-json\/wp\/v2\/comments?post=270795"}],"version-history":[{"count":2,"href":"https:\/\/www.agrobase.com.br\/concursos\/wp-json\/wp\/v2\/posts\/270795\/revisions"}],"predecessor-version":[{"id":270798,"href":"https:\/\/www.agrobase.com.br\/concursos\/wp-json\/wp\/v2\/posts\/270795\/revisions\/270798"}],"wp:featuredmedia":[{"embeddable":true,"href":"https:\/\/www.agrobase.com.br\/concursos\/wp-json\/wp\/v2\/media\/270794"}],"wp:attachment":[{"href":"https:\/\/www.agrobase.com.br\/concursos\/wp-json\/wp\/v2\/media?parent=270795"}],"wp:term":[{"taxonomy":"category","embeddable":true,"href":"https:\/\/www.agrobase.com.br\/concursos\/wp-json\/wp\/v2\/categories?post=270795"},{"taxonomy":"post_tag","embeddable":true,"href":"https:\/\/www.agrobase.com.br\/concursos\/wp-json\/wp\/v2\/tags?post=270795"},{"taxonomy":"_amplo","embeddable":true,"href":"https:\/\/www.agrobase.com.br\/concursos\/wp-json\/wp\/v2\/_amplo?post=270795"},{"taxonomy":"destaque","embeddable":true,"href":"https:\/\/www.agrobase.com.br\/concursos\/wp-json\/wp\/v2\/destaque?post=270795"},{"taxonomy":"instituicoes","embeddable":true,"href":"https:\/\/www.agrobase.com.br\/concursos\/wp-json\/wp\/v2\/instituicoes?post=270795"}],"curies":[{"name":"wp","href":"https:\/\/api.w.org\/{rel}","templated":true}]}}