{"id":270739,"date":"2025-09-02T07:40:46","date_gmt":"2025-09-02T10:40:46","guid":{"rendered":"https:\/\/www.agrobase.com.br\/concursos\/?p=270739"},"modified":"2025-09-02T10:08:54","modified_gmt":"2025-09-02T13:08:54","slug":"prefeitura-ararangua-sc-selecao-simplificada-03-2025","status":"publish","type":"post","link":"https:\/\/www.agrobase.com.br\/concursos\/2025\/prefeitura-ararangua-sc-selecao-simplificada-03-2025\/","title":{"rendered":"Prefeitura Ararangu\u00e1 (SC) &#8211; Sele\u00e7\u00e3o Simplificada 03\/2025"},"content":{"rendered":"<h2>Informa\u00e7\u00f5es Gerais<\/h2>\n<p>A Prefeitura Municipal de Ararangu\u00e1, em Santa Catarina, publicou o edital para seu novo Processo Seletivo Simplificado, organizado pelo Instituto Fucap. O certame visa \u00e0 forma\u00e7\u00e3o de <strong>cadastro de reserva<\/strong> para cargos tempor\u00e1rios em diversos setores da administra\u00e7\u00e3o municipal, sob o regime Estatut\u00e1rio.<\/p>\n<p>As oportunidades abrangem todos os n\u00edveis de escolaridade: <strong>fundamental, m\u00e9dio, t\u00e9cnico e superior<\/strong>. H\u00e1 vagas previstas para \u00e1reas como sa\u00fade, engenharia, arquitetura, assist\u00eancia social, administrativa e operacional.<\/p>\n<p>Para os profissionais de \u00e1reas espec\u00edficas, destacam-se as oportunidades para <strong>M\u00e9dico Veterin\u00e1rio<\/strong> e <strong>Nutricionista<\/strong>. Se voc\u00ea busca uma vaga no servi\u00e7o p\u00fablico catarinense, continue a leitura para conferir os detalhes sobre inscri\u00e7\u00f5es, etapas e cronograma deste processo seletivo.<\/p>\n<h2>Inscri\u00e7\u00f5es<\/h2>\n<p>As inscri\u00e7\u00f5es para o Processo Seletivo de Ararangu\u00e1\/SC estar\u00e3o abertas e dever\u00e3o ser realizadas exclusivamente pela internet. O per\u00edodo para se candidatar ser\u00e1 de <strong>1\u00ba de setembro de 2025 a 30 de setembro de 2025<\/strong>, atrav\u00e9s do site oficial da banca organizadora, o Instituto Fucap.<\/p>\n<p>Os valores da taxa de inscri\u00e7\u00e3o foram definidos de acordo com o n\u00edvel de escolaridade do cargo pretendido:<\/p>\n<ul>\n<li><strong>N\u00edvel Superior:<\/strong> R$ 120,00<\/li>\n<li><strong>N\u00edvel M\u00e9dio\/T\u00e9cnico:<\/strong> R$ 80,00<\/li>\n<li><strong>N\u00edvel Fundamental:<\/strong> R$ 65,00<\/li>\n<\/ul>\n<p>O pagamento da taxa dever\u00e1 ser efetuado via boleto banc\u00e1rio, que pode ser gerado no ato da inscri\u00e7\u00e3o, com data limite para quita\u00e7\u00e3o em <strong>1\u00ba de outubro de 2025<\/strong>. Candidatos que desejam solicitar a isen\u00e7\u00e3o da taxa devem realizar o pedido entre 1\u00ba e 15 de setembro de 2025, seguindo as regras do edital. Ap\u00f3s a inscri\u00e7\u00e3o, \u00e9 fundamental acompanhar a confirma\u00e7\u00e3o (deferimento) na \u00e1rea do candidato no site da banca. Para garantir a participa\u00e7\u00e3o, leia atentamente o edital completo.<\/p>\n<h2>Etapas e Provas<\/h2>\n<p>O processo seletivo da Prefeitura de Ararangu\u00e1 ser\u00e1 estruturado em diferentes etapas, dependendo do cargo escolhido. Todos os candidatos ser\u00e3o avaliados por meio de uma Prova Objetiva, com as demais fases sendo espec\u00edficas para determinadas fun\u00e7\u00f5es.<\/p>\n<p>As etapas previstas s\u00e3o:<\/p>\n<ul>\n<li><strong>Prova Objetiva:<\/strong> De car\u00e1ter <em>eliminat\u00f3rio e classificat\u00f3rio<\/em>, ser\u00e1 aplicada a todos os candidatos no dia <strong>19 de outubro de 2025<\/strong>. A prova ser\u00e1 composta por quest\u00f5es de m\u00faltipla escolha sobre Conhecimentos Gerais e Conhecimentos Espec\u00edficos. Com dura\u00e7\u00e3o de 2 horas e 30 minutos, ser\u00e1 necess\u00e1rio atingir a pontua\u00e7\u00e3o m\u00ednima de 2,0 pontos para ser aprovado.<\/li>\n<li><strong>Prova de Aptid\u00e3o Pr\u00e1tica:<\/strong> De car\u00e1ter <em>eliminat\u00f3rio<\/em>, esta etapa \u00e9 exclusiva para os candidatos ao cargo de <strong>Operador de M\u00e1quinas III<\/strong>. A avalia\u00e7\u00e3o est\u00e1 prevista para o dia <strong>26 de outubro de 2025<\/strong> e visa aferir a habilidade t\u00e9cnica do candidato no desempenho das atribui\u00e7\u00f5es do cargo. A apresenta\u00e7\u00e3o da CNH v\u00e1lida na categoria exigida \u00e9 obrigat\u00f3ria.<\/li>\n<\/ul>\n<p>Para obter informa\u00e7\u00f5es detalhadas sobre o conte\u00fado program\u00e1tico de cada prova, os crit\u00e9rios de avalia\u00e7\u00e3o e o cronograma completo, \u00e9 indispens\u00e1vel a leitura do edital oficial do certame.<\/p>\n<h2>Resultados e Gabarito<\/h2>\n<p>O acompanhamento dos resultados \u00e9 uma etapa crucial do certame. A divulga\u00e7\u00e3o do gabarito preliminar da prova objetiva est\u00e1 prevista para o dia <strong>20 de outubro de 2025<\/strong>, sendo disponibilizado na \u00e1rea do candidato no site do Instituto Fucap.<\/p>\n<p>O resultado preliminar, tanto da prova objetiva quanto da prova de aptid\u00e3o pr\u00e1tica, ser\u00e1 publicado em <strong>18 de novembro de 2025<\/strong>. A classifica\u00e7\u00e3o final dos candidatos ser\u00e1 baseada na somat\u00f3ria dos pontos obtidos na prova objetiva. Em caso de empate, ser\u00e3o aplicados os seguintes crit\u00e9rios, nesta ordem:<\/p>\n<ul>\n<li>Idade igual ou superior a 60 anos;<\/li>\n<li>Maior n\u00famero de acertos em Conhecimentos Espec\u00edficos;<\/li>\n<li>Maior n\u00famero de acertos em Conhecimentos Gerais;<\/li>\n<li>Maior idade;<\/li>\n<li>Ter exercido a fun\u00e7\u00e3o de jurado.<\/li>\n<\/ul>\n<p>A homologa\u00e7\u00e3o do resultado definitivo do Processo Seletivo Simplificado est\u00e1 agendada para <strong>25 de novembro de 2025<\/strong>. A partir dessa data, a convoca\u00e7\u00e3o dos aprovados para a contrata\u00e7\u00e3o ser\u00e1 realizada pela Prefeitura de Ararangu\u00e1, conforme a necessidade da administra\u00e7\u00e3o e a ordem de classifica\u00e7\u00e3o.<\/p>\n<p>\u00c9 de responsabilidade exclusiva do candidato acompanhar todas as publica\u00e7\u00f5es oficiais, incluindo os atos de convoca\u00e7\u00e3o, nos sites do Instituto Fucap e da Prefeitura de Ararangu\u00e1, al\u00e9m de manter seus dados de contato atualizados junto ao munic\u00edpio ap\u00f3s a homologa\u00e7\u00e3o.<\/p>\n","protected":false},"excerpt":{"rendered":"<p>Sel. Simplificada Pref. Ararangu\u00e1 (SC) com edital publicado! Vagas p\/ M\u00e9dico, Fonoaudi\u00f3logo (Fund. a Sup.). Inscri\u00e7\u00f5es a partir de 01\/09. Confira detalhes!<\/p>\n","protected":false},"author":7,"featured_media":270738,"comment_status":"open","ping_status":"open","sticky":false,"template":"","format":"standard","meta":{"_acf_changed":false,"_breakdance_hide_in_design_set":false,"_breakdance_tags":"","footnotes":""},"categories":[5,12,14,6048,17,18,19,21,22,23,24,25,26,101,108,130,143,134],"tags":[61],"_amplo":[],"destaque":[],"instituicoes":[],"class_list":["post-270739","post","type-post","status-publish","format-standard","has-post-thumbnail","hentry","category-arquitetura","category-enfermagem","category-engenharia","category-engenharia-de-agrimensura","category-farmacia","category-fisioterapia","category-fonoaudiologia","category-medicina","category-veterinaria","category-nutricao","category-odontologia","category-pedagogia","category-psicologia","category-servico-social","category-tecnico-enfermagem","category-tecnico-informatica","category-tecnico-odontologia","category-terapia-ocupacional","tag-santa-catarina"],"acf":{"_tipo_vagas":"vagas","_numero_vagas":"","_quadro_vagas":"","_cargos":"diversos","_cargos_especificos":"","_salario_max":"R$ 11205.28","_abertura":"20250901","_encerramento":"20250930","_inscricoes":"https:\/\/www.institutofucap.org.br\/concursos\/","_executora_concurso":"","_instituicao_concurso":[],"_link_adicional":null,"_anexos":null,"_produtos":null,"_vagas":"CR","_salario_min":"R$ 1785.23","_instituicao":"Prefeitura de Ararangu\u00e1","_edital":"https:\/\/www.agrobase.com.br\/concursos\/wp-content\/uploads\/sites\/4\/2025\/09\/edital-03-2025-prefeitura-de-ararangua-sc.pdf","_anexos_edital":"","_fund_incompleto":"","_fund_completo":"<div>\r\n<table class=\"quadro\">\r\n<thead>\r\n<tr>\r\n<th class=\"hcargo\">Cargo<\/th>\r\n<th class=\"hvagas\">Vagas<\/th>\r\n<th class=\"hremuneracao\">Remunera\u00e7\u00e3o<\/th>\r\n<\/tr>\r\n<\/thead>\r\n    <tbody>\r\n      <td class=\"ccargos\">\r\n<span data-balloon-length=\"medium\" aria-label=\"Ensino Fundamental.\" data-balloon-pos=\"up\">Auxiliar De Servi\u00e7os Gerais I<\/span><\/td>\r\n<td class=\"cvagas\">CR<\/td>\r\n<td class=\"cremuneracao\">R$ 1.785,23 \/40h<\/td>\r\n<\/tr><td class=\"ccargos\">\r\n<span data-balloon-length=\"medium\" aria-label=\"Ensino Fundamental.\" data-balloon-pos=\"up\">Gari I<\/span><\/td>\r\n<td class=\"cvagas\">CR<\/td>\r\n<td class=\"cremuneracao\">R$ 1.953,41 \/40h<\/td>\r\n<\/tr><td class=\"ccargos\">\r\n<span data-balloon-length=\"medium\" aria-label=\"Ensino Fundamental.\" data-balloon-pos=\"up\">Mec\u00e2nico I<\/span><\/td>\r\n<td class=\"cvagas\">CR<\/td>\r\n<td class=\"cremuneracao\">R$ 2.961,02 \/40h<\/td>\r\n<\/tr><td class=\"ccargos\">\r\n<span data-balloon-length=\"medium\" aria-label=\"Ensino fundamental. CNH categoria D.\" data-balloon-pos=\"up\">Motorista III<\/span><\/td>\r\n<td class=\"cvagas\">CR<\/td>\r\n<td class=\"cremuneracao\">R$ 3.630,33 \/40h<\/td>\r\n<\/tr><td class=\"ccargos\">\r\n<span data-balloon-length=\"medium\" aria-label=\"Ensino Fundamental. CNH. Cursos de qualifica\u00e7\u00e3o profissional na \u00e1rea.\" data-balloon-pos=\"up\">Operador de M\u00e1quinas III<\/span><\/td>\r\n<td class=\"cvagas\">CR<\/td>\r\n<td class=\"cremuneracao\">R$ 3.389,51 \/40h<\/td>\r\n<\/tr><td class=\"ccargos\">\r\n<span data-balloon-length=\"medium\" aria-label=\"Ensino Fundamental.\" data-balloon-pos=\"up\">Oper\u00e1rio I<\/span><\/td>\r\n<td class=\"cvagas\">CR<\/td>\r\n<td class=\"cremuneracao\">R$ 1.785,23 \/40h<\/td>\r\n<\/tr><td class=\"ccargos\">\r\n<span data-balloon-length=\"medium\" aria-label=\"Ensino Fundamental.\" data-balloon-pos=\"up\">Vigia I<\/span><\/td>\r\n<td class=\"cvagas\">CR<\/td>\r\n<td class=\"cremuneracao\">R$ 2.014,01 \/40h<\/td>\r\n<\/tr>\r\n    <\/tbody>\r\n  <\/table>\r\n<\/div>","_medio":"<div>\r\n<table class=\"quadro\">\r\n<thead>\r\n<tr>\r\n<th class=\"hcargo\">Cargo<\/th>\r\n<th class=\"hvagas\">Vagas<\/th>\r\n<th class=\"hremuneracao\">Remunera\u00e7\u00e3o<\/th>\r\n<\/tr>\r\n<\/thead>\r\n    <tbody>\r\n      <td class=\"ccargos\">\r\n<span data-balloon-length=\"medium\" aria-label=\"Ensino M\u00e9dio.\" data-balloon-pos=\"up\">Agente De Vigil\u00e2ncia Sanit\u00e1ria I<\/span><\/td>\r\n<td class=\"cvagas\">CR<\/td>\r\n<td class=\"cremuneracao\">R$ 2.680,99 \/40h<\/td>\r\n<\/tr><td class=\"ccargos\">\r\n<span data-balloon-length=\"medium\" aria-label=\"Ensino M\u00e9dio.\" data-balloon-pos=\"up\">Almoxarife I<\/span><\/td>\r\n<td class=\"cvagas\">CR<\/td>\r\n<td class=\"cremuneracao\">R$ 2.863,98 \/40h<\/td>\r\n<\/tr><td class=\"ccargos\">\r\n<span data-balloon-length=\"medium\" aria-label=\"Ensino M\u00e9dio e forma\u00e7\u00e3o t\u00e9cnica na \u00e1rea de atua\u00e7\u00e3o emitido por institui\u00e7\u00e3o reconhecida para o exerc\u00edcio da Profiss\u00e3o e registro no respectivo Conselho Regional, se houver.\" data-balloon-pos=\"up\">Atendente De Farm\u00e1cia I<\/span><\/td>\r\n<td class=\"cvagas\">CR<\/td>\r\n<td class=\"cremuneracao\">R$ 2.355,36 \/40h<\/td>\r\n<\/tr><td class=\"ccargos\">\r\n<span data-balloon-length=\"medium\" aria-label=\"Ensino M\u00e9dio.\" data-balloon-pos=\"up\">Auxiliar Administrativo I<\/span><\/td>\r\n<td class=\"cvagas\">CR<\/td>\r\n<td class=\"cremuneracao\">R$ 2.680,99 \/40h<\/td>\r\n<\/tr><td class=\"ccargos\">\r\n<span data-balloon-length=\"medium\" aria-label=\"Forma\u00e7\u00e3o em Curso T\u00e9cnico na \u00e1rea de atua\u00e7\u00e3o emitido por institui\u00e7\u00e3o reconhecida para o exerc\u00edcio da Profiss\u00e3o e registro no respectivo Conselho Regional, se houver.\" data-balloon-pos=\"up\">Auxiliar de Laborat\u00f3rio de An\u00e1lises Cl\u00ednicas I<\/span><\/td>\r\n<td class=\"cvagas\">CR<\/td>\r\n<td class=\"cremuneracao\">R$ 2.680,99 \/40h<\/td>\r\n<\/tr><td class=\"ccargos\">\r\n<span data-balloon-length=\"medium\" aria-label=\"Ensino M\u00e9dio.\" data-balloon-pos=\"up\">Fiscal Sanit\u00e1rio I<\/span><\/td>\r\n<td class=\"cvagas\">CR<\/td>\r\n<td class=\"cremuneracao\">R$ 2.770,69 \/40h<\/td>\r\n<\/tr><td class=\"ccargos\">\r\n<span data-balloon-length=\"medium\" aria-label=\"Ensino M\u00e9dio.\" data-balloon-pos=\"up\">Orientador Social I<\/span><\/td>\r\n<td class=\"cvagas\">CR<\/td>\r\n<td class=\"cremuneracao\">R$ 2.355,36 \/40h<\/td>\r\n<\/tr><td class=\"ccargos\">\r\n<span data-balloon-length=\"medium\" aria-label=\"Ensino M\u00e9dio.\" data-balloon-pos=\"up\">Profissional De Abordagem Social I<\/span><\/td>\r\n<td class=\"cvagas\">CR<\/td>\r\n<td class=\"cremuneracao\">R$ 2.355,36 \/40h<\/td>\r\n<\/tr><td class=\"ccargos\">\r\n<span data-balloon-length=\"medium\" aria-label=\"Curso T\u00e9cnico em Edifica\u00e7\u00f5es.\" data-balloon-pos=\"up\">T\u00e9cnico em Edifica\u00e7\u00e3o I<\/span><\/td>\r\n<td class=\"cvagas\">CR<\/td>\r\n<td class=\"cremuneracao\">R$ 3.166,87 \/40h<\/td>\r\n<\/tr><td class=\"ccargos\">\r\n<span data-balloon-length=\"medium\" aria-label=\"Conclus\u00e3o do Curso T\u00e9cnico em Enfermagem. Registro no respectivo Conselho Regional.\" data-balloon-pos=\"up\">T\u00e9cnico em Enfermagem I<\/span><\/td>\r\n<td class=\"cvagas\">CR<\/td>\r\n<td class=\"cremuneracao\">R$ 4.028,90 \/40h<\/td>\r\n<\/tr><td class=\"ccargos\">\r\n<span data-balloon-length=\"medium\" aria-label=\"Conclus\u00e3o do Curso T\u00e9cnico em Enfermagem. Registro no respectivo Conselho Regional e Cursos de especializa\u00e7\u00e3o em sala de vacina.\" data-balloon-pos=\"up\">T\u00e9cnico em Enfermagem I\/ Sala de Vacina\u00e7\u00e3o<\/span><\/td>\r\n<td class=\"cvagas\">CR<\/td>\r\n<td class=\"cremuneracao\">R$ 4.028,90 \/40h<\/td>\r\n<\/tr><td class=\"ccargos\">\r\n<span data-balloon-length=\"medium\" aria-label=\"Curso T\u00e9cnico em Radiologia.\" data-balloon-pos=\"up\">T\u00e9cnico em Radiologia I<\/span><\/td>\r\n<td class=\"cvagas\">CR<\/td>\r\n<td class=\"cremuneracao\">R$ 3.166,87 \/40h<\/td>\r\n<\/tr><td class=\"ccargos\">\r\n<span data-balloon-length=\"medium\" aria-label=\"Forma\u00e7\u00e3o profissional t\u00e9cnica em n\u00edvel m\u00e9dio espec\u00edfica: t\u00e9cnico em laborat\u00f3rio de pr\u00f3tese dent\u00e1ria e t\u00e9cnico em sa\u00fade bucal e registro no conselho regional de odontologia.\" data-balloon-pos=\"up\">T\u00e9cnico Em Sa\u00fade Bucal I<\/span><\/td>\r\n<td class=\"cvagas\">CR<\/td>\r\n<td class=\"cremuneracao\">R$ 3.166,87 \/40h<\/td>\r\n<\/tr><td class=\"ccargos\">\r\n<span data-balloon-length=\"medium\" aria-label=\"Ensino M\u00e9dio com curso t\u00e9cnico na \u00e1rea de inform\u00e1tica.\" data-balloon-pos=\"up\">T\u00e9cnico de Inform\u00e1tica<\/span><\/td>\r\n<td class=\"cvagas\">CR<\/td>\r\n<td class=\"cremuneracao\">R$ 3.757,99 \/40h<\/td>\r\n<\/tr>\r\n    <\/tbody>\r\n  <\/table>\r\n<\/div>","_superior":"<div>\r\n<table class=\"quadro\">\r\n<thead>\r\n<tr>\r\n<th class=\"hcargo\">Cargo<\/th>\r\n<th class=\"hvagas\">Vagas<\/th>\r\n<th class=\"hremuneracao\">Remunera\u00e7\u00e3o<\/th>\r\n<\/tr>\r\n<\/thead>\r\n    <tbody>\r\n      <tr>\r\n<td class=\"ccargos\">\r\n<span data-balloon-length=\"medium\" aria-label=\"Curso Superior em Arquitetura. Registro no CREA.\" data-balloon-pos=\"up\">Arquiteto I<\/span><\/td>\r\n<td class=\"cvagas\">CR<\/td>\r\n<td class=\"cremuneracao\">R$ 5.965,81 \/40h<\/td>\r\n<\/tr><tr>\r\n<td class=\"ccargos\">\r\n<span data-balloon-length=\"medium\" aria-label=\"Curso Superior em Servi\u00e7o Social. Registro no Conselho Regional de Servi\u00e7o Social - CRESS.\" data-balloon-pos=\"up\">Assistente Social I<\/span><\/td>\r\n<td class=\"cvagas\">CR<\/td>\r\n<td class=\"cremuneracao\">R$ 4.638,77 \/40h<\/td>\r\n<\/tr><tr>\r\n<td class=\"ccargos\">\r\n<span data-balloon-length=\"medium\" aria-label=\"Curso Superior em Enfermagem\/Registro no Conselho Regional de Enfermagem.\" data-balloon-pos=\"up\">Enfermeiro I<\/span><\/td>\r\n<td class=\"cvagas\">CR<\/td>\r\n<td class=\"cremuneracao\">R$ 5.163,26 \/40h<\/td>\r\n<\/tr><tr>\r\n<td class=\"ccargos\">\r\n<span data-balloon-length=\"medium\" aria-label=\"Curso Superior em Engenharia da Agrimensura. Registro no CREA.\" data-balloon-pos=\"up\">Engenheiro Agrimensor I<\/span><\/td>\r\n<td class=\"cvagas\">CR<\/td>\r\n<td class=\"cremuneracao\">R$ 5.965,81 \/40h<\/td>\r\n<\/tr><tr>\r\n<td class=\"ccargos\">\r\n<span data-balloon-length=\"medium\" aria-label=\"Curso Superior em Engenharia Civil. Registro no CREA.\" data-balloon-pos=\"up\">Engenheiro Civil I<\/span><\/td>\r\n<td class=\"cvagas\">CR<\/td>\r\n<td class=\"cremuneracao\">R$ 5.965,81 \/40h<\/td>\r\n<\/tr><tr>\r\n<td class=\"ccargos\">\r\n<span data-balloon-length=\"medium\" aria-label=\"Curso Superior em Farm\u00e1cia e registro no CRF.\" data-balloon-pos=\"up\">Farmac\u00eautico I<\/span><\/td>\r\n<td class=\"cvagas\">CR<\/td>\r\n<td class=\"cremuneracao\">R$ 4.638,77 \/40h<\/td>\r\n<\/tr><tr>\r\n<td class=\"ccargos\">\r\n<span data-balloon-length=\"medium\" aria-label=\"Curso Superior em Fisioterapia. Registro no CREFITO.\" data-balloon-pos=\"up\">Fisioterapeuta I<\/span><\/td>\r\n<td class=\"cvagas\">CR<\/td>\r\n<td class=\"cremuneracao\">R$ 4.638,77 \/40h<\/td>\r\n<\/tr><tr>\r\n<td class=\"ccargos\">\r\n<span data-balloon-length=\"medium\" aria-label=\"Curso Superior em Fisioterapia. Registro no CREFITO.\" data-balloon-pos=\"up\">Fisioterapeuta II<\/span><\/td>\r\n<td class=\"cvagas\">CR<\/td>\r\n<td class=\"cremuneracao\">R$ 2.594,74 \/20h<\/td>\r\n<\/tr><tr>\r\n<td class=\"ccargos\">\r\n<span data-balloon-length=\"medium\" aria-label=\"Curso Superior em Fonoaudiologia. Registro no Conselho de Classe.\" data-balloon-pos=\"up\">Fonoaudi\u00f3logo I<\/span><\/td>\r\n<td class=\"cvagas\">CR<\/td>\r\n<td class=\"cremuneracao\">R$ 10.392,99 \/40h<\/td>\r\n<\/tr><tr>\r\n<td class=\"ccargos\">\r\n<span data-balloon-length=\"medium\" aria-label=\"Curso Superior em Medicina. Registro no CRM. Especialidade na \u00e1rea espec\u00edfica de atua\u00e7\u00e3o.\" data-balloon-pos=\"up\">M\u00e9dico I<\/span><\/td>\r\n<td class=\"cvagas\">CR<\/td>\r\n<td class=\"cremuneracao\">R$ 5.965,81 \/20h<\/td>\r\n<\/tr><tr>\r\n<td class=\"ccargos\">\r\n<span data-balloon-length=\"medium\" aria-label=\"Curso Superior em Medicina. Registro no CRM.\" data-balloon-pos=\"up\">M\u00e9dico II - PSF<\/span><\/td>\r\n<td class=\"cvagas\">CR<\/td>\r\n<td class=\"cremuneracao\">R$ 11.205,28 \/40h<\/td>\r\n<\/tr><tr>\r\n<td class=\"ccargos\">\r\n<span data-balloon-length=\"medium\" aria-label=\"Curso Superior em Medicina. Registro no CRM. Especialidade na \u00e1rea espec\u00edfica de atua\u00e7\u00e3o.\" data-balloon-pos=\"up\">M\u00e9dico Psiquiatra<\/span><\/td>\r\n<td class=\"cvagas\">CR<\/td>\r\n<td class=\"cremuneracao\">R$ 7.712,11 \/40h<\/td>\r\n<\/tr><tr>\r\n<td class=\"ccargos\">\r\n<span data-balloon-length=\"medium\" aria-label=\"Curso Superior em Medicina Veterin\u00e1ria. Registro no CRMV.\" data-balloon-pos=\"up\">M\u00e9dico Veterin\u00e1rio I<\/span><\/td>\r\n<td class=\"cvagas\">CR<\/td>\r\n<td class=\"cremuneracao\">R$ 5.163,26 \/40h<\/td>\r\n<\/tr><tr>\r\n<td class=\"ccargos\">\r\n<span data-balloon-length=\"medium\" aria-label=\"Curso Superior em Nutri\u00e7\u00e3o. Registro no CRN.\" data-balloon-pos=\"up\">Nutricionista I<\/span><\/td>\r\n<td class=\"cvagas\">CR<\/td>\r\n<td class=\"cremuneracao\">R$ 4.638,77 \/40h<\/td>\r\n<\/tr><tr>\r\n<td class=\"ccargos\">\r\n<span data-balloon-length=\"medium\" aria-label=\"Superior Conclu\u00eddo com especializa\u00e7\u00e3o\/P\u00f3s-gradua\u00e7\u00e3o na \u00e1rea de Buco Maxilo Facial. Registro no CRO.\" data-balloon-pos=\"up\">Odont\u00f3logo Bucomaxilofacial<\/span><\/td>\r\n<td class=\"cvagas\">CR<\/td>\r\n<td class=\"cremuneracao\">R$ 4.477,20 \/20h<\/td>\r\n<\/tr><tr>\r\n<td class=\"ccargos\">\r\n<span data-balloon-length=\"medium\" aria-label=\"Superior Conclu\u00eddo com especializa\u00e7\u00e3o\/P\u00f3s-gradua\u00e7\u00e3o na \u00e1rea de Endodontia. Registro no CRO.\" data-balloon-pos=\"up\">Odont\u00f3logo Endodontia<\/span><\/td>\r\n<td class=\"cvagas\">CR<\/td>\r\n<td class=\"cremuneracao\">R$ 4.477,20 \/20h<\/td>\r\n<\/tr><tr>\r\n<td class=\"ccargos\">\r\n<span data-balloon-length=\"medium\" aria-label=\"Curso Superior em Odontologia. Registro no CRO. Especialidade na \u00e1rea espec\u00edfica de atua\u00e7\u00e3o.\" data-balloon-pos=\"up\">Odont\u00f3logo I<\/span><\/td>\r\n<td class=\"cvagas\">CR<\/td>\r\n<td class=\"cremuneracao\">R$ 8.305,65 \/40h<\/td>\r\n<\/tr><tr>\r\n<td class=\"ccargos\">\r\n<span data-balloon-length=\"medium\" aria-label=\"Curso Superior em Odontologia. Registro no CRO. Especialidade na \u00e1rea espec\u00edfica de atua\u00e7\u00e3o.\" data-balloon-pos=\"up\">Odont\u00f3logo II<\/span><\/td>\r\n<td class=\"cvagas\">CR<\/td>\r\n<td class=\"cremuneracao\">R$ 4.172,51 \/20h<\/td>\r\n<\/tr><tr>\r\n<td class=\"ccargos\">\r\n<span data-balloon-length=\"medium\" aria-label=\"Superior Conclu\u00eddo com especializa\u00e7\u00e3o\/P\u00f3s-gradua\u00e7\u00e3o na \u00e1rea de Periodontia. Registro no CRO.\" data-balloon-pos=\"up\">Odont\u00f3logo Periodontia<\/span><\/td>\r\n<td class=\"cvagas\">CR<\/td>\r\n<td class=\"cremuneracao\">R$ 4.477,20 \/20h<\/td>\r\n<\/tr><tr>\r\n<td class=\"ccargos\">\r\n<span data-balloon-length=\"medium\" aria-label=\"Curso Superior em Pedagogia.\" data-balloon-pos=\"up\">Pedagogo da Assist\u00eancia Social I<\/span><\/td>\r\n<td class=\"cvagas\">CR<\/td>\r\n<td class=\"cremuneracao\">R$ 3.389,51 \/40h<\/td>\r\n<\/tr><tr>\r\n<td class=\"ccargos\">\r\n<span data-balloon-length=\"medium\" aria-label=\"Curso Superior em Psicologia. Registro no CRP.\" data-balloon-pos=\"up\">Psic\u00f3logo I<\/span><\/td>\r\n<td class=\"cvagas\">CR<\/td>\r\n<td class=\"cremuneracao\">R$ 4.638,77 \/40h<\/td>\r\n<\/tr><tr>\r\n<td class=\"ccargos\">\r\n<span data-balloon-length=\"medium\" aria-label=\"Curso Superior em Terapia Ocupacional e Registro no Conselho\" data-balloon-pos=\"up\">Terapeuta Ocupacional<\/span><\/td>\r\n<td class=\"cvagas\">CR<\/td>\r\n<td class=\"cremuneracao\">R$ 6.416,85 \/40h<\/td>\r\n<\/tr>\r\n    <\/tbody>\r\n  <\/table>\r\n<\/div>"},"_links":{"self":[{"href":"https:\/\/www.agrobase.com.br\/concursos\/wp-json\/wp\/v2\/posts\/270739","targetHints":{"allow":["GET"]}}],"collection":[{"href":"https:\/\/www.agrobase.com.br\/concursos\/wp-json\/wp\/v2\/posts"}],"about":[{"href":"https:\/\/www.agrobase.com.br\/concursos\/wp-json\/wp\/v2\/types\/post"}],"author":[{"embeddable":true,"href":"https:\/\/www.agrobase.com.br\/concursos\/wp-json\/wp\/v2\/users\/7"}],"replies":[{"embeddable":true,"href":"https:\/\/www.agrobase.com.br\/concursos\/wp-json\/wp\/v2\/comments?post=270739"}],"version-history":[{"count":2,"href":"https:\/\/www.agrobase.com.br\/concursos\/wp-json\/wp\/v2\/posts\/270739\/revisions"}],"predecessor-version":[{"id":270743,"href":"https:\/\/www.agrobase.com.br\/concursos\/wp-json\/wp\/v2\/posts\/270739\/revisions\/270743"}],"wp:featuredmedia":[{"embeddable":true,"href":"https:\/\/www.agrobase.com.br\/concursos\/wp-json\/wp\/v2\/media\/270738"}],"wp:attachment":[{"href":"https:\/\/www.agrobase.com.br\/concursos\/wp-json\/wp\/v2\/media?parent=270739"}],"wp:term":[{"taxonomy":"category","embeddable":true,"href":"https:\/\/www.agrobase.com.br\/concursos\/wp-json\/wp\/v2\/categories?post=270739"},{"taxonomy":"post_tag","embeddable":true,"href":"https:\/\/www.agrobase.com.br\/concursos\/wp-json\/wp\/v2\/tags?post=270739"},{"taxonomy":"_amplo","embeddable":true,"href":"https:\/\/www.agrobase.com.br\/concursos\/wp-json\/wp\/v2\/_amplo?post=270739"},{"taxonomy":"destaque","embeddable":true,"href":"https:\/\/www.agrobase.com.br\/concursos\/wp-json\/wp\/v2\/destaque?post=270739"},{"taxonomy":"instituicoes","embeddable":true,"href":"https:\/\/www.agrobase.com.br\/concursos\/wp-json\/wp\/v2\/instituicoes?post=270739"}],"curies":[{"name":"wp","href":"https:\/\/api.w.org\/{rel}","templated":true}]}}