{"id":270694,"date":"2025-09-01T08:00:07","date_gmt":"2025-09-01T11:00:07","guid":{"rendered":"https:\/\/www.agrobase.com.br\/concursos\/?p=270694"},"modified":"2025-08-29T13:38:48","modified_gmt":"2025-08-29T16:38:48","slug":"prefeitura-tuiuti-sp-concurso-01-2025","status":"publish","type":"post","link":"https:\/\/www.agrobase.com.br\/concursos\/2025\/prefeitura-tuiuti-sp-concurso-01-2025\/","title":{"rendered":"Prefeitura Tuiuti (SP) &#8211; Concurso 01\/2025"},"content":{"rendered":"<h2>Informa\u00e7\u00f5es Gerais<\/h2>\n<p>A Prefeitura do Munic\u00edpio de Tuiuti, em S\u00e3o Paulo, anunciou a realiza\u00e7\u00e3o de seu Concurso P\u00fablico, organizado pela empresa Aplicativa Servi\u00e7os de Apoio e Gest\u00e3o Administrativa Ltda. O edital foi publicado com o objetivo de preencher <strong>6 vagas imediatas e formar cadastro de reserva<\/strong> para diversos cargos. As oportunidades abrangem os n\u00edveis de escolaridade <strong>Fundamental (incompleto e completo), M\u00e9dio\/T\u00e9cnico e Superior<\/strong>.<\/p>\n<p>O certame contempla vagas em \u00e1reas como operacional, sa\u00fade, educa\u00e7\u00e3o, assist\u00eancia social e administrativa. O regime de contrata\u00e7\u00e3o para os candidatos aprovados e convocados ser\u00e1 o da <strong>Consolida\u00e7\u00e3o das Leis do Trabalho (CLT)<\/strong>. Este concurso representa uma excelente oportunidade para profissionais que buscam uma coloca\u00e7\u00e3o no servi\u00e7o p\u00fablico municipal. Para entender todos os detalhes sobre como participar, continue a leitura e confira as informa\u00e7\u00f5es sobre inscri\u00e7\u00f5es, etapas e cronograma.<\/p>\n<h2>Inscri\u00e7\u00f5es<\/h2>\n<p>As inscri\u00e7\u00f5es para o Concurso P\u00fablico de Tuiuti\/SP estar\u00e3o abertas e devem ser realizadas exclusivamente pela internet. O per\u00edodo para se candidatar vai de <strong>25 de agosto de 2025 a 26 de setembro de 2025<\/strong>, atrav\u00e9s do site oficial da banca organizadora, Aplicativa Servi\u00e7os.<\/p>\n<p>Os valores das taxas de inscri\u00e7\u00e3o variam conforme o n\u00edvel de escolaridade do cargo pretendido e devem ser consultados diretamente no edital. O pagamento deve ser efetuado por meio de boleto banc\u00e1rio, com vencimento at\u00e9 o dia <strong>29 de setembro de 2025<\/strong>. \u00c9 importante destacar que, conforme o edital, n\u00e3o h\u00e1 previs\u00e3o para solicita\u00e7\u00e3o de isen\u00e7\u00e3o da taxa de inscri\u00e7\u00e3o.<\/p>\n<p>Ap\u00f3s a conclus\u00e3o do cadastro online e o pagamento do boleto, o candidato dever\u00e1 acompanhar a confirma\u00e7\u00e3o de sua inscri\u00e7\u00e3o no site da organizadora a partir do dia 01 de outubro de 2025. A leitura integral do edital \u00e9 indispens\u00e1vel para o conhecimento de todas as normas e requisitos do certame.<\/p>\n<h2>Etapas e Provas<\/h2>\n<p>O processo seletivo do Concurso de Tuiuti\/SP ser\u00e1 estruturado em diferentes etapas, variando de acordo com o cargo pretendido. Todos os candidatos ser\u00e3o avaliados por meio de uma Prova Objetiva, com etapas adicionais para cargos espec\u00edficos.<\/p>\n<ul>\n<li><strong>Prova Objetiva:<\/strong> De car\u00e1ter eliminat\u00f3rio e classificat\u00f3rio, ser\u00e1 aplicada a todos os candidatos. A prova ser\u00e1 composta por quest\u00f5es de m\u00faltipla escolha sobre L\u00edngua Portuguesa, Matem\u00e1tica e Conhecimentos Espec\u00edficos, conforme a \u00e1rea de atua\u00e7\u00e3o. A dura\u00e7\u00e3o total ser\u00e1 de 3 horas, e para ser aprovado, o candidato dever\u00e1 obter uma pontua\u00e7\u00e3o igual ou superior a 50 pontos.<\/li>\n<li><strong>Prova Pr\u00e1tica:<\/strong> De car\u00e1ter eliminat\u00f3rio e classificat\u00f3rio, destinada aos cargos de Servidor Bra\u00e7al, Pedreiro, Pintor, Coletor de Lixo, Merendeira, Motorista S\u00eanior, Operador de M\u00e1quina S\u00eanior e Servente. Esta etapa avaliar\u00e1 as habilidades pr\u00e1ticas do candidato na execu\u00e7\u00e3o de tarefas pertinentes \u00e0 fun\u00e7\u00e3o. A pontua\u00e7\u00e3o m\u00ednima para habilita\u00e7\u00e3o tamb\u00e9m \u00e9 de 50 pontos.<\/li>\n<li><strong>Prova de T\u00edtulos:<\/strong> De car\u00e1ter apenas classificat\u00f3rio, ser\u00e1 exclusiva para os cargos de Professor de Educa\u00e7\u00e3o B\u00e1sica II (Arte e Ci\u00eancias). Os candidatos habilitados na prova objetiva poder\u00e3o apresentar documentos que comprovem sua forma\u00e7\u00e3o acad\u00eamica, como diplomas de doutorado, mestrado e especializa\u00e7\u00e3o, para obter pontua\u00e7\u00e3o adicional.<\/li>\n<\/ul>\n<p>Para informa\u00e7\u00f5es detalhadas sobre o conte\u00fado program\u00e1tico, crit\u00e9rios de avalia\u00e7\u00e3o e cronograma completo de cada etapa, \u00e9 fundamental a consulta ao edital oficial do concurso.<\/p>\n<h2>Resultados e Gabarito<\/h2>\n<p>A divulga\u00e7\u00e3o dos resultados e demais atos do concurso seguir\u00e1 um cronograma espec\u00edfico. O gabarito preliminar da prova objetiva ser\u00e1 publicado no site da banca organizadora, <strong>www.aplicativa.net.br<\/strong>, em data a ser informada no dia de realiza\u00e7\u00e3o da prova.<\/p>\n<p>Ap\u00f3s a an\u00e1lise de eventuais recursos, os resultados preliminares e a classifica\u00e7\u00e3o final ser\u00e3o publicados no Di\u00e1rio Oficial Eletr\u00f4nico do Munic\u00edpio de Tuiuti\/SP e tamb\u00e9m no site da Aplicativa. A nota final ser\u00e1 calculada com base no desempenho em cada etapa prevista para o cargo. Em caso de empate na classifica\u00e7\u00e3o, os crit\u00e9rios de desempate seguir\u00e3o a seguinte ordem: <\/p>\n<ul>\n<li>Idade igual ou superior a 60 anos;<\/li>\n<li>Maior n\u00famero de acertos em Conhecimentos Espec\u00edficos;<\/li>\n<li>Maior idade (para candidatos com menos de 60 anos);<\/li>\n<li>Maior n\u00famero de acertos em L\u00edngua Portuguesa.<\/li>\n<\/ul>\n<p>A homologa\u00e7\u00e3o do resultado final ser\u00e1 de responsabilidade do Munic\u00edpio de Tuiuti. A convoca\u00e7\u00e3o dos candidatos aprovados ocorrer\u00e1 por meio de publica\u00e7\u00e3o no Di\u00e1rio Oficial Eletr\u00f4nico do munic\u00edpio, respeitando rigorosamente a ordem de classifica\u00e7\u00e3o.<\/p>\n<p>\u00c9 de responsabilidade exclusiva do candidato acompanhar todas as publica\u00e7\u00f5es oficiais no site da banca organizadora e nos ve\u00edculos de comunica\u00e7\u00e3o oficiais da Prefeitura para n\u00e3o perder nenhuma informa\u00e7\u00e3o relevante sobre o andamento do certame.<\/p>\n","protected":false},"excerpt":{"rendered":"<p>Concurso Pref. Tuiuti (SP) com edital publicado! Vagas p\/ Professor, Fonoaudi\u00f3logo (Fund. a Sup.). Inscri\u00e7\u00f5es a partir de 25\/08. Sal\u00e1rios at\u00e9 R$ 3.9k. Confira detalhes!<\/p>\n","protected":false},"author":7,"featured_media":270693,"comment_status":"open","ping_status":"open","sticky":false,"template":"","format":"standard","meta":{"_acf_changed":false,"_breakdance_hide_in_design_set":false,"_breakdance_tags":"","footnotes":""},"categories":[3,6433,9,10,117,141,17,19,101,128,143,157,134],"tags":[62],"_amplo":[],"destaque":[],"instituicoes":[],"class_list":["post-270694","post","type-post","status-publish","format-standard","has-post-thumbnail","hentry","category-administracao","category-biologia-licenciatura","category-ciencias-contabeis","category-direito","category-economia","category-educacao-artistica","category-farmacia","category-fonoaudiologia","category-servico-social","category-tecnico-em-contabilidade","category-tecnico-odontologia","category-tecnico-seguranca-trabalho","category-terapia-ocupacional","tag-sao-paulo"],"acf":{"_tipo_vagas":"vagas","_numero_vagas":"","_quadro_vagas":"","_cargos":"diversos","_cargos_especificos":"","_salario_max":"R$ 3985.64","_abertura":"20250825","_encerramento":"20250926","_inscricoes":"https:\/\/www.aplicativa.net.br","_executora_concurso":"","_instituicao_concurso":[],"_link_adicional":null,"_anexos":null,"_produtos":null,"_vagas":"6 vagas + CR","_salario_min":"R$ 876.24","_instituicao":"Prefeitura de Tuiuti","_edital":"https:\/\/www.agrobase.com.br\/concursos\/wp-content\/uploads\/sites\/4\/2025\/08\/edital-01-2025-prefeitura-de-tuiuti-sp.pdf","_anexos_edital":"https:\/\/www.agrobase.com.br\/concursos\/wp-content\/uploads\/sites\/4\/2025\/08\/anexos-edital-01-2025-prefeitura-de-tuiuti-sp.pdf","_fund_incompleto":"<div>\r\n<table class=\"quadro\">\r\n<thead>\r\n<tr>\r\n<th class=\"hcargo\">Cargo<\/th>\r\n<th class=\"hvagas\">Vagas<\/th>\r\n<th class=\"hremuneracao\">Remunera\u00e7\u00e3o<\/th>\r\n<\/tr>\r\n<\/thead>\r\n    <tbody>\r\n      <td class=\"ccargos\">\r\n<span data-balloon-length=\"medium\" aria-label=\"Ensino Fundamental Incompleto e CNH D\" data-balloon-pos=\"up\">Motorista S\u00eanior<\/span><\/td>\r\n<td class=\"cvagas\">CR<\/td>\r\n<td class=\"cremuneracao\">R$ 1.981,30 \/40h<\/td>\r\n<\/tr>\r\n    <\/tbody>\r\n  <\/table>\r\n<\/div>","_fund_completo":"<div>\r\n<table class=\"quadro\">\r\n<thead>\r\n<tr>\r\n<th class=\"hcargo\">Cargo<\/th>\r\n<th class=\"hvagas\">Vagas<\/th>\r\n<th class=\"hremuneracao\">Remunera\u00e7\u00e3o<\/th>\r\n<\/tr>\r\n<\/thead>\r\n    <tbody>\r\n      <td class=\"ccargos\">\r\n<span data-balloon-length=\"medium\" aria-label=\"Ensino fundamental Completo, e ter Condi\u00e7\u00f5es F\u00edsicas Adequadas.\" data-balloon-pos=\"up\">Coletor de Lixo<\/span><\/td>\r\n<td class=\"cvagas\">02<\/td>\r\n<td class=\"cremuneracao\">R$ 2.524,75 \/40h<\/td>\r\n<\/tr><td class=\"ccargos\">\r\n<span data-balloon-length=\"medium\" aria-label=\"Ensino fundamental Completo.\" data-balloon-pos=\"up\">Pedreiro<\/span><\/td>\r\n<td class=\"cvagas\">CR<\/td>\r\n<td class=\"cremuneracao\">R$ 1.735,85 \/40h<\/td>\r\n<\/tr><td class=\"ccargos\">\r\n<span data-balloon-length=\"medium\" aria-label=\"Ensino fundamental Completo, possuir Curso B\u00e1sico em pinturas de paredes e interiores.\" data-balloon-pos=\"up\">Pintor<\/span><\/td>\r\n<td class=\"cvagas\">CR<\/td>\r\n<td class=\"cremuneracao\">R$ 1.711,98 \/40h<\/td>\r\n<\/tr><td class=\"ccargos\">\r\n<span data-balloon-length=\"medium\" aria-label=\"Ensino fundamental Completo.\" data-balloon-pos=\"up\">Servidor Bra\u00e7al<\/span><\/td>\r\n<td class=\"cvagas\">01<\/td>\r\n<td class=\"cremuneracao\">R$ 1.711,98 \/40h<\/td>\r\n<\/tr>\r\n    <\/tbody>\r\n  <\/table>\r\n<\/div>","_medio":"<div>\r\n<table class=\"quadro\">\r\n<thead>\r\n<tr>\r\n<th class=\"hcargo\">Cargo<\/th>\r\n<th class=\"hvagas\">Vagas<\/th>\r\n<th class=\"hremuneracao\">Remunera\u00e7\u00e3o<\/th>\r\n<\/tr>\r\n<\/thead>\r\n    <tbody>\r\n      <td class=\"ccargos\">\r\n<span data-balloon-length=\"medium\" aria-label=\"Ensino M\u00e9dio Completo e Certificado de Conclus\u00e3o do Curso de Auxiliar de Farm\u00e1cia.\" data-balloon-pos=\"up\">Auxiliar de Farm\u00e1cia<\/span><\/td>\r\n<td class=\"cvagas\">CR<\/td>\r\n<td class=\"cremuneracao\">R$ 1.747,80 \/40h<\/td>\r\n<\/tr><td class=\"ccargos\">\r\n<span data-balloon-length=\"medium\" aria-label=\"Ensino M\u00e9dio Completo e Curso T\u00e9cnico e\/ou Auxiliar em Sa\u00fade Bucal com o Registro no concelho de Classe CRO.\" data-balloon-pos=\"up\">Auxiliar de Sa\u00fade Bucal<\/span><\/td>\r\n<td class=\"cvagas\">CR<\/td>\r\n<td class=\"cremuneracao\">R$ 1.735,85 \/40h<\/td>\r\n<\/tr><td class=\"ccargos\">\r\n<span data-balloon-length=\"medium\" aria-label=\"Ensino M\u00e9dio Completo.\" data-balloon-pos=\"up\">Inspetor de Aluno<\/span><\/td>\r\n<td class=\"cvagas\">CR<\/td>\r\n<td class=\"cremuneracao\">R$ 1.723,91 \/40h<\/td>\r\n<\/tr><td class=\"ccargos\">\r\n<span data-balloon-length=\"medium\" aria-label=\"Ensino M\u00e9dio Completo, com CNH A\/B, Certificado de curso T\u00e9cnico ou Profissionalizante na \u00e1rea de mec\u00e2nica.\" data-balloon-pos=\"up\">Mec\u00e2nico<\/span><\/td>\r\n<td class=\"cvagas\">CR<\/td>\r\n<td class=\"cremuneracao\">R$ 1.735,85 \/40h<\/td>\r\n<\/tr><td class=\"ccargos\">\r\n<span data-balloon-length=\"medium\" aria-label=\"Ensino M\u00e9dio Completo.\" data-balloon-pos=\"up\">Merendeira<\/span><\/td>\r\n<td class=\"cvagas\">CR<\/td>\r\n<td class=\"cremuneracao\">R$ 1.711,98 \/40h<\/td>\r\n<\/tr><td class=\"ccargos\">\r\n<span data-balloon-length=\"medium\" aria-label=\"Ensino M\u00e9dio Completo, CNH D.\" data-balloon-pos=\"up\">Operador de M\u00e1quina S\u00eanior<\/span><\/td>\r\n<td class=\"cvagas\">CR<\/td>\r\n<td class=\"cremuneracao\">R$ 1.747,85 \/40h<\/td>\r\n<\/tr><td class=\"ccargos\">\r\n<span data-balloon-length=\"medium\" aria-label=\"Ensino M\u00e9dio Completo.\" data-balloon-pos=\"up\">Servente<\/span><\/td>\r\n<td class=\"cvagas\">CR<\/td>\r\n<td class=\"cremuneracao\">R$ 1.711,98 \/40h<\/td>\r\n<\/tr>\r\n    <\/tbody>\r\n  <\/table>\r\n<\/div>","_superior":"<div>\r\n<table class=\"quadro\">\r\n<thead>\r\n<tr>\r\n<th class=\"hcargo\">Cargo<\/th>\r\n<th class=\"hvagas\">Vagas<\/th>\r\n<th class=\"hremuneracao\">Remunera\u00e7\u00e3o<\/th>\r\n<\/tr>\r\n<\/thead>\r\n    <tbody>\r\n      <tr>\r\n<td class=\"ccargos\">\r\n<span data-balloon-length=\"medium\" aria-label=\"Curso Superior na \u00c1rea de Servi\u00e7os Social com registro no CRESS.\" data-balloon-pos=\"up\">Assistente Social<\/span><\/td>\r\n<td class=\"cvagas\">CR<\/td>\r\n<td class=\"cremuneracao\">R$ 2.076,84 \/30h<\/td>\r\n<\/tr><tr>\r\n<td class=\"ccargos\">\r\n<span data-balloon-length=\"medium\" aria-label=\"Gradua\u00e7\u00e3o em Servi\u00e7o Social, com registro no CRESS e CNH B.\" data-balloon-pos=\"up\">Coordenador de Centro de Refer\u00eancia da Assist\u00eancia Social<\/span><\/td>\r\n<td class=\"cvagas\">CR<\/td>\r\n<td class=\"cremuneracao\">R$ 3.235,41 \/40h<\/td>\r\n<\/tr><tr>\r\n<td class=\"ccargos\">\r\n<span data-balloon-length=\"medium\" aria-label=\"Ensino Superior em Farm\u00e1cia e registro no CRF.\" data-balloon-pos=\"up\">Farmac\u00eautico<\/span><\/td>\r\n<td class=\"cvagas\">CR<\/td>\r\n<td class=\"cremuneracao\">R$ 3.985,64 \/40h<\/td>\r\n<\/tr><tr>\r\n<td class=\"ccargos\">\r\n<span data-balloon-length=\"medium\" aria-label=\"Curso T\u00e9cnico em Contabilidade ou N\u00edvel Superior em Administra\u00e7\u00e3o, Ci\u00eancias Cont\u00e1beis, Direito, Economia, Engenheiro Civil ou na \u00e1rea da Administra\u00e7\u00e3o P\u00fablica, ou P\u00f3s-gradua\u00e7\u00e3o\/ Especializa\u00e7\u00e3o na \u00e1rea tribut\u00e1ria e CNH B.\" data-balloon-pos=\"up\">Fiscal Tribut\u00e1rio e Patrimonial<\/span><\/td>\r\n<td class=\"cvagas\">CR<\/td>\r\n<td class=\"cremuneracao\">R$ 2.996,53 \/40h<\/td>\r\n<\/tr><tr>\r\n<td class=\"ccargos\">\r\n<span data-balloon-length=\"medium\" aria-label=\"Ensino Superior em Fonoaudiologia e registro no CREFONO.\" data-balloon-pos=\"up\">Fonoaudi\u00f3logo<\/span><\/td>\r\n<td class=\"cvagas\">01<\/td>\r\n<td class=\"cremuneracao\">R$ 3.985,64 \/40h<\/td>\r\n<\/tr><tr>\r\n<td class=\"ccargos\">\r\n<span data-balloon-length=\"medium\" aria-label=\"Curso Superior em Licenciatura de gradua\u00e7\u00e3o plena, com habilita\u00e7\u00e3o na \u00e1rea pr\u00f3pria.\" data-balloon-pos=\"up\">Professor de Educa\u00e7\u00e3o B\u00e1sica II - Arte<\/span><\/td>\r\n<td class=\"cvagas\">01<\/td>\r\n<td class=\"cremuneracao\">R$ 876,24 \/36h<\/td>\r\n<\/tr><tr>\r\n<td class=\"ccargos\">\r\n<span data-balloon-length=\"medium\" aria-label=\"Curso Superior em Licenciatura de gradua\u00e7\u00e3o plena, com habilita\u00e7\u00e3o na \u00e1rea pr\u00f3pria.\" data-balloon-pos=\"up\">Professor de Educa\u00e7\u00e3o B\u00e1sica II - Ci\u00eancias<\/span><\/td>\r\n<td class=\"cvagas\">CR<\/td>\r\n<td class=\"cremuneracao\">R$ 876,24 \/36h<\/td>\r\n<\/tr><tr>\r\n<td class=\"ccargos\">\r\n<span data-balloon-length=\"medium\" aria-label=\"Ensino M\u00e9dio Completo + Curso T\u00e9cnico e\/ou Superior em Seguran\u00e7a do Trabalho e CNH B.\" data-balloon-pos=\"up\">T\u00e9cnico de Seguran\u00e7a do Trabalho<\/span><\/td>\r\n<td class=\"cvagas\">01<\/td>\r\n<td class=\"cremuneracao\">R$ 2.524,75 \/40h<\/td>\r\n<\/tr><tr>\r\n<td class=\"ccargos\">\r\n<span data-balloon-length=\"medium\" aria-label=\"Ensino Superior em Terapia Ocupacional ou Fisioterapeuta com especializa\u00e7\u00e3o em terapia ocupacional com registro profissional no Conselho Regional de Fisioterapia com especializa\u00e7\u00e3o e CREFITO.\" data-balloon-pos=\"up\">Terapeuta Ocupacional<\/span><\/td>\r\n<td class=\"cvagas\">CR<\/td>\r\n<td class=\"cremuneracao\">R$ 2.638,21 \/30h<\/td>\r\n<\/tr>\r\n    <\/tbody>\r\n  <\/table>\r\n<\/div>"},"_links":{"self":[{"href":"https:\/\/www.agrobase.com.br\/concursos\/wp-json\/wp\/v2\/posts\/270694","targetHints":{"allow":["GET"]}}],"collection":[{"href":"https:\/\/www.agrobase.com.br\/concursos\/wp-json\/wp\/v2\/posts"}],"about":[{"href":"https:\/\/www.agrobase.com.br\/concursos\/wp-json\/wp\/v2\/types\/post"}],"author":[{"embeddable":true,"href":"https:\/\/www.agrobase.com.br\/concursos\/wp-json\/wp\/v2\/users\/7"}],"replies":[{"embeddable":true,"href":"https:\/\/www.agrobase.com.br\/concursos\/wp-json\/wp\/v2\/comments?post=270694"}],"version-history":[{"count":2,"href":"https:\/\/www.agrobase.com.br\/concursos\/wp-json\/wp\/v2\/posts\/270694\/revisions"}],"predecessor-version":[{"id":270698,"href":"https:\/\/www.agrobase.com.br\/concursos\/wp-json\/wp\/v2\/posts\/270694\/revisions\/270698"}],"wp:featuredmedia":[{"embeddable":true,"href":"https:\/\/www.agrobase.com.br\/concursos\/wp-json\/wp\/v2\/media\/270693"}],"wp:attachment":[{"href":"https:\/\/www.agrobase.com.br\/concursos\/wp-json\/wp\/v2\/media?parent=270694"}],"wp:term":[{"taxonomy":"category","embeddable":true,"href":"https:\/\/www.agrobase.com.br\/concursos\/wp-json\/wp\/v2\/categories?post=270694"},{"taxonomy":"post_tag","embeddable":true,"href":"https:\/\/www.agrobase.com.br\/concursos\/wp-json\/wp\/v2\/tags?post=270694"},{"taxonomy":"_amplo","embeddable":true,"href":"https:\/\/www.agrobase.com.br\/concursos\/wp-json\/wp\/v2\/_amplo?post=270694"},{"taxonomy":"destaque","embeddable":true,"href":"https:\/\/www.agrobase.com.br\/concursos\/wp-json\/wp\/v2\/destaque?post=270694"},{"taxonomy":"instituicoes","embeddable":true,"href":"https:\/\/www.agrobase.com.br\/concursos\/wp-json\/wp\/v2\/instituicoes?post=270694"}],"curies":[{"name":"wp","href":"https:\/\/api.w.org\/{rel}","templated":true}]}}