{"id":270667,"date":"2025-09-01T07:10:31","date_gmt":"2025-09-01T10:10:31","guid":{"rendered":"https:\/\/www.agrobase.com.br\/concursos\/?p=270667"},"modified":"2025-09-01T13:42:50","modified_gmt":"2025-09-01T16:42:50","slug":"prefeitura-itagiba-ba-selecao-simplificada-01-2025","status":"publish","type":"post","link":"https:\/\/www.agrobase.com.br\/concursos\/2025\/prefeitura-itagiba-ba-selecao-simplificada-01-2025\/","title":{"rendered":"Prefeitura Itagib\u00e1 (BA) &#8211; Sele\u00e7\u00e3o Simplificada 01\/2025"},"content":{"rendered":"<h2>Informa\u00e7\u00f5es Gerais<\/h2>\n<p>A Prefeitura Municipal de Itagib\u00e1, no estado da Bahia, publicou o edital n\u00ba 01\/2025 do seu Processo Seletivo Simplificado, organizado pelo Instituto ISET. O certame visa preencher 297 vagas imediatas e formar cadastro de reserva para contrata\u00e7\u00e3o de servidores por tempo determinado, sob o Regime Especial de Direito Administrativo (REDA). As oportunidades abrangem os n\u00edveis de escolaridade fundamental (incompleto e completo), m\u00e9dio\/t\u00e9cnico e superior, distribu\u00eddas em diversas \u00e1reas da administra\u00e7\u00e3o p\u00fablica, como sa\u00fade, educa\u00e7\u00e3o e assist\u00eancia social.<\/p>\n<p>O processo seletivo se destaca por oferecer vagas em \u00e1reas de grande interesse, como <strong>Medicina Veterin\u00e1ria, Zootecnia e Nutri\u00e7\u00e3o<\/strong>. Al\u00e9m disso, h\u00e1 oportunidades para cargos de n\u00edvel t\u00e9cnico em <strong>Agropecu\u00e1ria, Engenharia de Alimentos e Nutri\u00e7\u00e3o<\/strong>, representando uma excelente chance para profissionais desses setores. Nas se\u00e7\u00f5es seguintes, voc\u00ea encontrar\u00e1 todos os detalhes sobre as inscri\u00e7\u00f5es, as etapas de avalia\u00e7\u00e3o e como acompanhar os resultados do certame.<\/p>\n<h2>Inscri\u00e7\u00f5es<\/h2>\n<p>As inscri\u00e7\u00f5es para o Processo Seletivo da Prefeitura de Itagib\u00e1 est\u00e3o abertas e devem ser realizadas entre <strong>28 de agosto de 2025 e 03 de setembro de 2025<\/strong>. Um dos grandes atrativos deste certame \u00e9 a <strong>gratuidade da inscri\u00e7\u00e3o<\/strong>, n\u00e3o havendo cobran\u00e7a de taxa de participa\u00e7\u00e3o para nenhum dos cargos. Todo o procedimento deve ser feito exclusivamente pela internet, atrav\u00e9s do site da banca organizadora, o Instituto ISET, no endere\u00e7o eletr\u00f4nico <em>https:\/\/iset.selecao.net.br\/<\/em>.<\/p>\n<p>Para se inscrever, o candidato deve ler atentamente o edital, preencher o formul\u00e1rio online com seus dados pessoais, incluindo o n\u00famero do CPF, e transmitir as informa\u00e7\u00f5es pela internet. \u00c9 fundamental que os dados sejam preenchidos corretamente, sem abreviaturas, para evitar o indeferimento da inscri\u00e7\u00e3o. Ap\u00f3s a submiss\u00e3o, o candidato deve acompanhar o status de sua inscri\u00e7\u00e3o e demais comunicados na \u00e1rea restrita do site da banca. Recomenda-se a leitura completa do edital para o pleno conhecimento de todas as regras e condi\u00e7\u00f5es do processo seletivo.<\/p>\n<h2>Etapas e Provas<\/h2>\n<p>O Processo Seletivo Simplificado da Prefeitura de Itagib\u00e1 ser\u00e1 composto por at\u00e9 tr\u00eas etapas, a depender do cargo pretendido. A estrutura de avalia\u00e7\u00e3o foi pensada para analisar as compet\u00eancias e a qualifica\u00e7\u00e3o dos candidatos de forma objetiva. As etapas s\u00e3o:<\/p>\n<ul>\n<li><strong>Avalia\u00e7\u00e3o de T\u00edtulos:<\/strong> De car\u00e1ter apenas <em>classificat\u00f3rio<\/em>, esta etapa \u00e9 obrigat\u00f3ria para todos os cargos. Os candidatos dever\u00e3o enviar a documenta\u00e7\u00e3o comprobat\u00f3ria de sua forma\u00e7\u00e3o e experi\u00eancia profissional atrav\u00e9s da \u00c1rea do Candidato, no mesmo per\u00edodo das inscri\u00e7\u00f5es. Ser\u00e3o considerados apenas os t\u00edtulos emitidos at\u00e9 a data de encerramento das inscri\u00e7\u00f5es, e os documentos devem ser apresentados em c\u00f3pias autenticadas, conforme as exig\u00eancias do edital. O candidato que n\u00e3o enviar os t\u00edtulos receber\u00e1 nota zero, mas n\u00e3o ser\u00e1 eliminado do certame.<\/li>\n<li><strong>Prova Pr\u00e1tica:<\/strong> De car\u00e1ter <em>eliminat\u00f3rio e classificat\u00f3rio<\/em>, destinada exclusivamente aos cargos de <strong>Motorista (Categoria B e D) e Operador de M\u00e1quinas<\/strong>. A aplica\u00e7\u00e3o est\u00e1 prevista para o dia 17 de setembro de 2025. Nesta fase, ser\u00e3o avaliadas as habilidades pr\u00e1ticas dos candidatos na condu\u00e7\u00e3o de ve\u00edculos ou opera\u00e7\u00e3o de equipamentos. \u00c9 obrigat\u00f3ria a apresenta\u00e7\u00e3o do documento de habilita\u00e7\u00e3o original e v\u00e1lido no dia da prova. Para ser aprovado, o candidato dever\u00e1 atingir uma pontua\u00e7\u00e3o m\u00ednima de 60% do total de pontos.<\/li>\n<li><strong>Procedimentos Pr\u00e9-Admissionais:<\/strong> De car\u00e1ter <em>eliminat\u00f3rio<\/em>, esta fase \u00e9 destinada aos candidatos aprovados e convocados para a contrata\u00e7\u00e3o. Consiste na entrega da documenta\u00e7\u00e3o comprobat\u00f3ria dos requisitos exigidos para o cargo e na realiza\u00e7\u00e3o de exames admissionais para avalia\u00e7\u00e3o da aptid\u00e3o f\u00edsica e mental.<\/li>\n<\/ul>\n<p>Para obter informa\u00e7\u00f5es detalhadas sobre os crit\u00e9rios de pontua\u00e7\u00e3o dos t\u00edtulos, os procedimentos da prova pr\u00e1tica e o cronograma completo, \u00e9 indispens\u00e1vel a consulta ao edital de abertura.<\/p>\n<h2>Resultados e Gabarito<\/h2>\n<p>A divulga\u00e7\u00e3o dos resultados seguir\u00e1 o cronograma previsto no edital. O resultado parcial da prova de t\u00edtulos ser\u00e1 publicado em <strong>10 de setembro de 2025<\/strong>, com o resultado final desta etapa em <strong>15 de setembro de 2025<\/strong>. Para os cargos com prova pr\u00e1tica, o resultado parcial ser\u00e1 divulgado em <strong>17 de setembro de 2025<\/strong>, e o final em <strong>22 de setembro de 2025<\/strong>. O resultado final do processo seletivo simplificado est\u00e1 previsto para ser publicado na mesma data, <strong>22 de setembro de 2025<\/strong>.<\/p>\n<p>A classifica\u00e7\u00e3o final dos candidatos ser\u00e1 feita em ordem decrescente da nota final, que corresponde \u00e0 soma dos pontos obtidos nas etapas classificat\u00f3rias. Em caso de empate, os crit\u00e9rios de desempate seguir\u00e3o a seguinte ordem:<\/p>\n<ul>\n<li>Idade igual ou superior a 60 anos;<\/li>\n<li>Maior pontua\u00e7\u00e3o na prova de t\u00edtulos;<\/li>\n<li>Maior pontua\u00e7\u00e3o na prova pr\u00e1tica (quando aplic\u00e1vel);<\/li>\n<li>Maior idade (para os n\u00e3o enquadrados no primeiro crit\u00e9rio);<\/li>\n<li>Ter exercido a fun\u00e7\u00e3o de jurado.<\/li>\n<\/ul>\n<p>Ap\u00f3s a divulga\u00e7\u00e3o da classifica\u00e7\u00e3o final, o resultado ser\u00e1 homologado e publicado no Di\u00e1rio Oficial do Munic\u00edpio, em data a ser definida. A convoca\u00e7\u00e3o dos aprovados ocorrer\u00e1 de acordo com a necessidade da administra\u00e7\u00e3o municipal e seguir\u00e1 rigorosamente a ordem de classifica\u00e7\u00e3o. Os candidatos convocados ser\u00e3o notificados por diversos meios, como correspond\u00eancia, e-mail ou telefone, mas tamb\u00e9m \u00e9 poss\u00edvel a convoca\u00e7\u00e3o via edital publicado nos meios oficiais.<\/p>\n<p>\u00c9 de responsabilidade exclusiva do candidato acompanhar todas as publica\u00e7\u00f5es, editais e comunicados referentes ao certame no site do Instituto ISET e nos canais oficiais da Prefeitura Municipal de Itagib\u00e1. Manter os dados cadastrais atualizados \u00e9 fundamental para garantir o recebimento de eventuais convoca\u00e7\u00f5es.<\/p>\n","protected":false},"excerpt":{"rendered":"<p>Sel. Simplificada Pref. Itagib\u00e1 (BA) com edital publicado! Vagas p\/ Professor e T\u00e9cnico Enfermagem (Fund. a Sup.). Inscri\u00e7\u00f5es a partir de 28\/08. Confira detalhes!<\/p>\n","protected":false},"author":7,"featured_media":270666,"comment_status":"open","ping_status":"open","sticky":false,"template":"","format":"standard","meta":{"_acf_changed":false,"_breakdance_hide_in_design_set":false,"_breakdance_tags":"","footnotes":""},"categories":[7,11,6434,12,79,17,18,19,20,6871,21,22,23,24,25,26,101,30,108,143,134,28],"tags":[42],"_amplo":[],"destaque":[],"instituicoes":[],"class_list":["post-270667","post","type-post","status-publish","format-standard","has-post-thumbnail","hentry","category-biomedicina","category-educacao-fisica","category-educacao-fisica-licenciatura","category-enfermagem","category-engenharia-alimentos","category-farmacia","category-fisioterapia","category-fonoaudiologia","category-letras","category-letras-ingles","category-medicina","category-veterinaria","category-nutricao","category-odontologia","category-pedagogia","category-psicologia","category-servico-social","category-tecnico-agropecuaria","category-tecnico-enfermagem","category-tecnico-odontologia","category-terapia-ocupacional","category-zootecnia","tag-bahia"],"acf":{"_tipo_vagas":"vagas","_numero_vagas":"","_quadro_vagas":"","_cargos":"diversos","_cargos_especificos":"","_salario_max":"R$ 13058.71","_abertura":"20250828","_encerramento":"20250903","_inscricoes":"https:\/\/iset.selecao.net.br\/","_executora_concurso":"","_instituicao_concurso":[],"_link_adicional":null,"_anexos":null,"_produtos":null,"_vagas":"336 vagas + CR","_salario_min":"R$ 1518","_instituicao":"Prefeitura de Itagib\u00e1","_edital":"https:\/\/www.agrobase.com.br\/concursos\/wp-content\/uploads\/sites\/4\/2025\/08\/edital-01-2025-prefeitura-de-itagiba-ba.pdf","_anexos_edital":"","_fund_incompleto":"<div>\r\n<table class=\"quadro\">\r\n<thead>\r\n<tr>\r\n<th class=\"hcargo\">Cargo<\/th>\r\n<th class=\"hvagas\">Vagas<\/th>\r\n<th class=\"hremuneracao\">Remunera\u00e7\u00e3o<\/th>\r\n<\/tr>\r\n<\/thead>\r\n    <tbody>\r\n      <td class=\"ccargos\">\r\n<span data-balloon-length=\"medium\" aria-label=\"Comprova\u00e7\u00e3o de Ensino Fundamental Incompleto.\" data-balloon-pos=\"up\">Merendeira<\/span><\/td>\r\n<td class=\"cvagas\">06 + CR<\/td>\r\n<td class=\"cremuneracao\">R$ 1.518,00 \/40h<\/td>\r\n<\/tr><td class=\"ccargos\">\r\n<span data-balloon-length=\"medium\" aria-label=\"Ensino Fundamental Incompleto, Carteira Nacional de Habilita\u00e7\u00e3o CNH Categoria B, com experi\u00eancia m\u00ednima de 1 ano como motorista de ve\u00edculos de pequeno porte\" data-balloon-pos=\"up\">Motorista Categoria B<\/span><\/td>\r\n<td class=\"cvagas\">02 + CR<\/td>\r\n<td class=\"cremuneracao\">R$  \/40h<\/td>\r\n<\/tr><td class=\"ccargos\">\r\n<span data-balloon-length=\"medium\" aria-label=\"Ensino Fundamental Incompleto, Carteira Nacional de Habilita\u00e7\u00e3o CNH Categoria B, com experi\u00eancia m\u00ednima de 1 ano como motorista de ve\u00edculos de pequeno porte\" data-balloon-pos=\"up\">Motorista Categoria B<\/span><\/td>\r\n<td class=\"cvagas\">01 + CR<\/td>\r\n<td class=\"cremuneracao\">R$  \/40h<\/td>\r\n<\/tr><td class=\"ccargos\">\r\n<span data-balloon-length=\"medium\" aria-label=\"Ensino Fundamental Incompleto, Carteira Nacional de Habilita\u00e7\u00e3o CNH Categoria B, com experi\u00eancia m\u00ednima de 1 ano como motorista de ve\u00edculo m\u00e9dio porte\" data-balloon-pos=\"up\">Motorista Categoria B<\/span><\/td>\r\n<td class=\"cvagas\">10 + CR<\/td>\r\n<td class=\"cremuneracao\">R$  \/40h<\/td>\r\n<\/tr><td class=\"ccargos\">\r\n<span data-balloon-length=\"medium\" aria-label=\"Ensino Fundamental Incompleto, Carteira Nacional de Habilita\u00e7\u00e3o CNH Categoria D, com experi\u00eancia m\u00ednima de 1 ano como motorista de ve\u00edculo m\u00e9dio porte\" data-balloon-pos=\"up\">Motorista Categoria D<\/span><\/td>\r\n<td class=\"cvagas\">08 + CR<\/td>\r\n<td class=\"cremuneracao\">R$  \/40h<\/td>\r\n<\/tr><td class=\"ccargos\">\r\n<span data-balloon-length=\"medium\" aria-label=\"Ensino Fundamental Incompleto, Carteira Nacional de Habilita\u00e7\u00e3o CNH Categoria D, com experi\u00eancia m\u00ednima de 1 ano como motorista de ve\u00edculo m\u00e9dio porte\" data-balloon-pos=\"up\">Motorista Categoria D<\/span><\/td>\r\n<td class=\"cvagas\">12 + CR<\/td>\r\n<td class=\"cremuneracao\">R$  \/40h<\/td>\r\n<\/tr><td class=\"ccargos\">\r\n<span data-balloon-length=\"medium\" aria-label=\"Ensino Fundamental Incompleto, Carteira Nacional de Habilita\u00e7\u00e3o CNH Categoria D, com experi\u00eancia m\u00ednima de 1 ano como motorista de ve\u00edculo m\u00e9dio porte\" data-balloon-pos=\"up\">Motorista Categoria D<\/span><\/td>\r\n<td class=\"cvagas\">02 + CR<\/td>\r\n<td class=\"cremuneracao\">R$  \/40h<\/td>\r\n<\/tr><td class=\"ccargos\">\r\n<span data-balloon-length=\"medium\" aria-label=\"Comprova\u00e7\u00e3o de Ensino Fundamental Incompleto, curso na \u00e1rea, CNH categoria D ou E, Experi\u00eancia m\u00ednima de 2 anos.\" data-balloon-pos=\"up\">Operador de M\u00e1quinas<\/span><\/td>\r\n<td class=\"cvagas\">02 + CR<\/td>\r\n<td class=\"cremuneracao\">R$  \/40h<\/td>\r\n<\/tr>\r\n    <\/tbody>\r\n  <\/table>\r\n<\/div>","_fund_completo":"<div>\r\n<table class=\"quadro\">\r\n<thead>\r\n<tr>\r\n<th class=\"hcargo\">Cargo<\/th>\r\n<th class=\"hvagas\">Vagas<\/th>\r\n<th class=\"hremuneracao\">Remunera\u00e7\u00e3o<\/th>\r\n<\/tr>\r\n<\/thead>\r\n    <tbody>\r\n      <td class=\"ccargos\">\r\n<span data-balloon-length=\"medium\" aria-label=\"Ensino fundamental, habilidades corte e costura, experi\u00eancia de atua\u00e7\u00e3o no CRAS acima de tr\u00eas anos.\" data-balloon-pos=\"up\">Costureira<\/span><\/td>\r\n<td class=\"cvagas\">01 + CR<\/td>\r\n<td class=\"cremuneracao\">R$  \/40h<\/td>\r\n<\/tr><td class=\"ccargos\">\r\n<span data-balloon-length=\"medium\" aria-label=\"Ensino fundamental, categoria B, possuir curso de Transporte de Passageiros, dire\u00e7\u00e3o segura e defensiva, experi\u00eancia de atua\u00e7\u00e3o acima de cinco anos.\" data-balloon-pos=\"up\">Motorista Categoria B<\/span><\/td>\r\n<td class=\"cvagas\">01 + CR<\/td>\r\n<td class=\"cremuneracao\">R$  \/40h<\/td>\r\n<\/tr><td class=\"ccargos\">\r\n<span data-balloon-length=\"medium\" aria-label=\"Ensino fundamental, categoria D, possuir curso de Transporte de Passageiros, dire\u00e7\u00e3o segura e defensiva, experi\u00eancia de atua\u00e7\u00e3o acima de cinco anos.\" data-balloon-pos=\"up\">Motorista Categoria D<\/span><\/td>\r\n<td class=\"cvagas\">01 + CR<\/td>\r\n<td class=\"cremuneracao\">R$  \/40h<\/td>\r\n<\/tr>\r\n    <\/tbody>\r\n  <\/table>\r\n<\/div>","_medio":"<div>\r\n<table class=\"quadro\">\r\n<thead>\r\n<tr>\r\n<th class=\"hcargo\">Cargo<\/th>\r\n<th class=\"hvagas\">Vagas<\/th>\r\n<th class=\"hremuneracao\">Remunera\u00e7\u00e3o<\/th>\r\n<\/tr>\r\n<\/thead>\r\n    <tbody>\r\n      <td class=\"ccargos\">\r\n<span data-balloon-length=\"medium\" aria-label=\"Ensino M\u00e9dio completo, conforme previsto na Lei Federal n\u00ba. 11.350, de 05 de outubro de 2006 art. 7\u00ba, I e II e experi\u00eancia comprovada na \u00e1rea\" data-balloon-pos=\"up\">Agente de Endemias<\/span><\/td>\r\n<td class=\"cvagas\">02 + CR<\/td>\r\n<td class=\"cremuneracao\">R$  \/40h<\/td>\r\n<\/tr><td class=\"ccargos\">\r\n<span data-balloon-length=\"medium\" aria-label=\"Ensino M\u00e9dio completo. Curso T\u00e9cnico de Sa\u00fade Bucal.\" data-balloon-pos=\"up\">Assistente de Consult\u00f3rio Dent\u00e1rio<\/span><\/td>\r\n<td class=\"cvagas\">06 + CR<\/td>\r\n<td class=\"cremuneracao\">R$  \/40h<\/td>\r\n<\/tr><td class=\"ccargos\">\r\n<span data-balloon-length=\"medium\" aria-label=\"Ensino m\u00e9dio completo com experiencia comprovada na \u00e1rea\" data-balloon-pos=\"up\">Assistente de Farm\u00e1cia<\/span><\/td>\r\n<td class=\"cvagas\">06 + CR<\/td>\r\n<td class=\"cremuneracao\">R$  \/40h<\/td>\r\n<\/tr><td class=\"ccargos\">\r\n<span data-balloon-length=\"medium\" aria-label=\"Ensino m\u00e9dio completo com experiencia comprovada na \u00e1rea\" data-balloon-pos=\"up\">Assistente de Farm\u00e1cia<\/span><\/td>\r\n<td class=\"cvagas\">01 + CR<\/td>\r\n<td class=\"cremuneracao\">R$  \/40h<\/td>\r\n<\/tr><td class=\"ccargos\">\r\n<span data-balloon-length=\"medium\" aria-label=\"Ensino M\u00e9dio Completo ou Cursando o 3\u00b0 Semestre do Curso de Pedagogia.\" data-balloon-pos=\"up\">Atendente de Classe<\/span><\/td>\r\n<td class=\"cvagas\">25 + CR<\/td>\r\n<td class=\"cremuneracao\">R$  \/40h<\/td>\r\n<\/tr><td class=\"ccargos\">\r\n<span data-balloon-length=\"medium\" aria-label=\"Ensino m\u00e9dio completo com experi\u00eancia de atua\u00e7\u00e3o no CRAS acima de tr\u00eas anos\" data-balloon-pos=\"up\">Cadastrador e Visitador<\/span><\/td>\r\n<td class=\"cvagas\">02 + CR<\/td>\r\n<td class=\"cremuneracao\">R$  \/40h<\/td>\r\n<\/tr><td class=\"ccargos\">\r\n<span data-balloon-length=\"medium\" aria-label=\"Ensino m\u00e9dio completo com experi\u00eancia de atua\u00e7\u00e3o no CRAS acima de tr\u00eas anos\" data-balloon-pos=\"up\">Educador Social<\/span><\/td>\r\n<td class=\"cvagas\">02 + CR<\/td>\r\n<td class=\"cremuneracao\">R$  \/40h<\/td>\r\n<\/tr><td class=\"ccargos\">\r\n<span data-balloon-length=\"medium\" aria-label=\"Certificado de conclus\u00e3o de curso de Ensino M\u00e9dio completo, devidamente registrado, fornecido por institui\u00e7\u00e3o de ensino reconhecida pelo Minist\u00e9rio da Educa\u00e7\u00e3o, acrescido de curso de Educa\u00e7\u00e3o Profissional de Tradu\u00e7\u00e3o e Int\u00e9rprete de LIBRAS\/Portugu\u00eas\/LIBRAS; ou curso de Forma\u00e7\u00e3o Continuada para Tradutor e Int\u00e9rprete ou de Extens\u00e3o Universit\u00e1ria LIBRAS\/Portugu\u00eas\/LIBRAS promovidos por Institui\u00e7\u00f5es de Ensino Superior e\/ou Institui\u00e7\u00f5es credenciadas por Secretaria de Educa\u00e7\u00e3o.\" data-balloon-pos=\"up\">Int\u00e9rprete de Libras<\/span><\/td>\r\n<td class=\"cvagas\">01 + CR<\/td>\r\n<td class=\"cremuneracao\">R$  \/40h<\/td>\r\n<\/tr><td class=\"ccargos\">\r\n<span data-balloon-length=\"medium\" aria-label=\"Ensino M\u00e9dio Completo\" data-balloon-pos=\"up\">Orientador de Basquetebol<\/span><\/td>\r\n<td class=\"cvagas\">01 + CR<\/td>\r\n<td class=\"cremuneracao\">R$  \/40h<\/td>\r\n<\/tr><td class=\"ccargos\">\r\n<span data-balloon-length=\"medium\" aria-label=\"Ensino M\u00e9dio Completo\" data-balloon-pos=\"up\">Orientador de Futebol de Campo<\/span><\/td>\r\n<td class=\"cvagas\">02 + CR<\/td>\r\n<td class=\"cremuneracao\">R$  \/40h<\/td>\r\n<\/tr><td class=\"ccargos\">\r\n<span data-balloon-length=\"medium\" aria-label=\"Ensino M\u00e9dio Completo\" data-balloon-pos=\"up\">Orientador de Futebol de Sal\u00e3o<\/span><\/td>\r\n<td class=\"cvagas\">02 + CR<\/td>\r\n<td class=\"cremuneracao\">R$  \/40h<\/td>\r\n<\/tr><td class=\"ccargos\">\r\n<span data-balloon-length=\"medium\" aria-label=\"Ensino M\u00e9dio Completo\" data-balloon-pos=\"up\">Orientador de Futebol Society<\/span><\/td>\r\n<td class=\"cvagas\">02 + CR<\/td>\r\n<td class=\"cremuneracao\">R$  \/40h<\/td>\r\n<\/tr><td class=\"ccargos\">\r\n<span data-balloon-length=\"medium\" aria-label=\"Ensino M\u00e9dio Completo\" data-balloon-pos=\"up\">Orientador de Futev\u00f4lei<\/span><\/td>\r\n<td class=\"cvagas\">02 + CR<\/td>\r\n<td class=\"cremuneracao\">R$  \/40h<\/td>\r\n<\/tr><td class=\"ccargos\">\r\n<span data-balloon-length=\"medium\" aria-label=\"\" data-balloon-pos=\"up\">Orientador de Handebol<\/span><\/td>\r\n<td class=\"cvagas\">01 + CR<\/td>\r\n<td class=\"cremuneracao\">R$  \/40h<\/td>\r\n<\/tr><td class=\"ccargos\">\r\n<span data-balloon-length=\"medium\" aria-label=\"Ensino M\u00e9dio Completo\" data-balloon-pos=\"up\">Orientador de Voleibol<\/span><\/td>\r\n<td class=\"cvagas\">02 + CR<\/td>\r\n<td class=\"cremuneracao\">R$  \/40h<\/td>\r\n<\/tr><td class=\"ccargos\">\r\n<span data-balloon-length=\"medium\" aria-label=\"Ensino M\u00e9dio completo, Curso de Bal\u00e9, experi\u00eancia de atua\u00e7\u00e3o no CRAS acima de tr\u00eas anos\" data-balloon-pos=\"up\">Orientador Social de Bal\u00e9<\/span><\/td>\r\n<td class=\"cvagas\">01 + CR<\/td>\r\n<td class=\"cremuneracao\">R$  \/40h<\/td>\r\n<\/tr><td class=\"ccargos\">\r\n<span data-balloon-length=\"medium\" aria-label=\"Ensino M\u00e9dio e Curso de Dan\u00e7a. Habilidades em dan\u00e7a popular, dan\u00e7as \u00e9tnicas, Dan\u00e7a Contempor\u00e2nea, hip hop, dan\u00e7a de rua, dan\u00e7a de sal\u00e3o, dan\u00e7as cl\u00e1ssicas e jazz, experi\u00eancia de atua\u00e7\u00e3o no CRAS acima de tr\u00eas anos.\" data-balloon-pos=\"up\">Orientador Social de Dan\u00e7a<\/span><\/td>\r\n<td class=\"cvagas\">01 + CR<\/td>\r\n<td class=\"cremuneracao\">R$  \/40h<\/td>\r\n<\/tr><td class=\"ccargos\">\r\n<span data-balloon-length=\"medium\" aria-label=\"Ensino M\u00e9dio completo, habilidades com pintura em tecido, vagonete e croch\u00ea, experi\u00eancia de atua\u00e7\u00e3o no CRAS acima de tr\u00eas anos.\" data-balloon-pos=\"up\">Orientador Social de Grupo de Mulheres<\/span><\/td>\r\n<td class=\"cvagas\">01 + CR<\/td>\r\n<td class=\"cremuneracao\">R$  \/40h<\/td>\r\n<\/tr><td class=\"ccargos\">\r\n<span data-balloon-length=\"medium\" aria-label=\"Ensino M\u00e9dio completo, com habilidades em t\u00e9cnica b\u00e1sica de defesa, medidas de seguran\u00e7a e preven\u00e7\u00e3o de riscos, habilidades especifica da arte marcial, experi\u00eancia de atua\u00e7\u00e3o no CRAS acima de tr\u00eas anos.\" data-balloon-pos=\"up\">Orientador Social de Jiu-Jitsu<\/span><\/td>\r\n<td class=\"cvagas\">01 + CR<\/td>\r\n<td class=\"cremuneracao\">R$  \/40h<\/td>\r\n<\/tr><td class=\"ccargos\">\r\n<span data-balloon-length=\"medium\" aria-label=\"Ensino M\u00e9dio completo, ministrar aulas te\u00f3ricas e pr\u00e1ticas de m\u00fasica,\" data-balloon-pos=\"up\">Orientador Social de M\u00fasica<\/span><\/td>\r\n<td class=\"cvagas\">01 + CR<\/td>\r\n<td class=\"cremuneracao\">R$  \/40h<\/td>\r\n<\/tr><td class=\"ccargos\">\r\n<span data-balloon-length=\"medium\" aria-label=\"Ensino M\u00e9dio completo, habilidades com artesanato, experi\u00eancia de atua\u00e7\u00e3o no CRAS acima de tr\u00eas anos.\" data-balloon-pos=\"up\">Orientador Social de Oficina de Artesanato<\/span><\/td>\r\n<td class=\"cvagas\">01 + CR<\/td>\r\n<td class=\"cremuneracao\">R$  \/40h<\/td>\r\n<\/tr><td class=\"ccargos\">\r\n<span data-balloon-length=\"medium\" aria-label=\"Ensino M\u00e9dio completo e Curso de Teatro, experi\u00eancia de atua\u00e7\u00e3o no CRAS acima de tr\u00eas anos\" data-balloon-pos=\"up\">Orientador Social de Teatro<\/span><\/td>\r\n<td class=\"cvagas\">01 + CR<\/td>\r\n<td class=\"cremuneracao\">R$  \/40h<\/td>\r\n<\/tr><td class=\"ccargos\">\r\n<span data-balloon-length=\"medium\" aria-label=\"Ensino m\u00e9dio completo com experi\u00eancia de atua\u00e7\u00e3o no CRAS acima de tr\u00eas anos\" data-balloon-pos=\"up\">Supervisor do Servi\u00e7o de Conviv\u00eancia e Fortalecimento de V\u00ednculos (SCFV)<\/span><\/td>\r\n<td class=\"cvagas\">01 + CR<\/td>\r\n<td class=\"cremuneracao\">R$  \/40h<\/td>\r\n<\/tr><td class=\"ccargos\">\r\n<span data-balloon-length=\"medium\" aria-label=\"Curso de n\u00edvel T\u00e9cnico em Agropecu\u00e1ria\" data-balloon-pos=\"up\">T\u00e9cnico Agropecu\u00e1rio<\/span><\/td>\r\n<td class=\"cvagas\">02 + CR<\/td>\r\n<td class=\"cremuneracao\">R$  \/40h<\/td>\r\n<\/tr><td class=\"ccargos\">\r\n<span data-balloon-length=\"medium\" aria-label=\"Ensino m\u00e9dio completo acrescido de curso T\u00e9cnico de Enfermagem\" data-balloon-pos=\"up\">T\u00e9cnico de Enfermagem<\/span><\/td>\r\n<td class=\"cvagas\">10 + CR<\/td>\r\n<td class=\"cremuneracao\">R$  \/40h<\/td>\r\n<\/tr><td class=\"ccargos\">\r\n<span data-balloon-length=\"medium\" aria-label=\"Ensino m\u00e9dio completo acrescido de curso T\u00e9cnico de Enfermagem\" data-balloon-pos=\"up\">T\u00e9cnico de Enfermagem<\/span><\/td>\r\n<td class=\"cvagas\">08 + CR<\/td>\r\n<td class=\"cremuneracao\">R$  \/36h<\/td>\r\n<\/tr><td class=\"ccargos\">\r\n<span data-balloon-length=\"medium\" aria-label=\"Ensino m\u00e9dio completo acrescido de curso T\u00e9cnico em Radiologia\" data-balloon-pos=\"up\">T\u00e9cnico de Radiologia<\/span><\/td>\r\n<td class=\"cvagas\">01 + CR<\/td>\r\n<td class=\"cremuneracao\">R$  \/40h<\/td>\r\n<\/tr><td class=\"ccargos\">\r\n<span data-balloon-length=\"medium\" aria-label=\"Curso de n\u00edvel T\u00e9cnico em Engenharia de Alimentos\" data-balloon-pos=\"up\">T\u00e9cnico em Engenharia de Alimentos<\/span><\/td>\r\n<td class=\"cvagas\">01 + CR<\/td>\r\n<td class=\"cremuneracao\">R$  \/40h<\/td>\r\n<\/tr><td class=\"ccargos\">\r\n<span data-balloon-length=\"medium\" aria-label=\"Curso de n\u00edvel T\u00e9cnico em Nutri\u00e7\u00e3o\" data-balloon-pos=\"up\">T\u00e9cnico em Nutri\u00e7\u00e3o<\/span><\/td>\r\n<td class=\"cvagas\">01 + CR<\/td>\r\n<td class=\"cremuneracao\">R$  \/40h<\/td>\r\n<\/tr><td class=\"ccargos\">\r\n<span data-balloon-length=\"medium\" aria-label=\"Curso de n\u00edvel T\u00e9cnico em Sa\u00fade Bucal\" data-balloon-pos=\"up\">T\u00e9cnico em Sa\u00fade Bucal<\/span><\/td>\r\n<td class=\"cvagas\">03 + CR<\/td>\r\n<td class=\"cremuneracao\">R$  \/40h<\/td>\r\n<\/tr><td class=\"ccargos\">\r\n<span data-balloon-length=\"medium\" aria-label=\"Programa Primeira Inf\u00e2ncia no SUAS, Ensino M\u00e9dio completo, experi\u00eancia de atua\u00e7\u00e3o no CRAS acima de tr\u00eas anos\" data-balloon-pos=\"up\">Visitador<\/span><\/td>\r\n<td class=\"cvagas\">02 + CR<\/td>\r\n<td class=\"cremuneracao\">R$  \/40h<\/td>\r\n<\/tr>\r\n    <\/tbody>\r\n  <\/table>\r\n<\/div>","_superior":"<div>\r\n<table class=\"quadro\">\r\n<thead>\r\n<tr>\r\n<th class=\"hcargo\">Cargo<\/th>\r\n<th class=\"hvagas\">Vagas<\/th>\r\n<th class=\"hremuneracao\">Remunera\u00e7\u00e3o<\/th>\r\n<\/tr>\r\n<\/thead>\r\n    <tbody>\r\n      <tr>\r\n<td class=\"ccargos\">\r\n<span data-balloon-length=\"medium\" aria-label=\"Diploma de curso de Gradua\u00e7\u00e3o em Servi\u00e7o Social, devidamente registrado com registro no CRESS, fornecido por institui\u00e7\u00e3o de ensino superior reconhecida pelo Minist\u00e9rio da Educa\u00e7\u00e3o, registro no Conselho Regional de Servi\u00e7o Social CRESS e Experi\u00eancia comprovada em TEA e\/ou outros Transtornos do Neurodesenvolvimento.\" data-balloon-pos=\"up\">Assistente Social<\/span><\/td>\r\n<td class=\"cvagas\">01 + CR<\/td>\r\n<td class=\"cremuneracao\">R$  \/30h<\/td>\r\n<\/tr><tr>\r\n<td class=\"ccargos\">\r\n<span data-balloon-length=\"medium\" aria-label=\"Curso de n\u00edvel superior em Servi\u00e7o Social acrescido de Registro no CRESS\" data-balloon-pos=\"up\">Assistente Social<\/span><\/td>\r\n<td class=\"cvagas\">01 + CR<\/td>\r\n<td class=\"cremuneracao\">R$  \/30h<\/td>\r\n<\/tr><tr>\r\n<td class=\"ccargos\">\r\n<span data-balloon-length=\"medium\" aria-label=\"Curso de n\u00edvel superior em Servi\u00e7o Social acrescido de Registro no CRESS\" data-balloon-pos=\"up\">Assistente Social<\/span><\/td>\r\n<td class=\"cvagas\">01 + CR<\/td>\r\n<td class=\"cremuneracao\">R$  \/30h<\/td>\r\n<\/tr><tr>\r\n<td class=\"ccargos\">\r\n<span data-balloon-length=\"medium\" aria-label=\"Curso de n\u00edvel superior em Servi\u00e7o Social com Registro no Conselho de Classe acrescido de experi\u00eancia comprovada no CRAS acima de 3 anos\" data-balloon-pos=\"up\">Assistente Social CRAS e Equipe Volante<\/span><\/td>\r\n<td class=\"cvagas\">01 + CR<\/td>\r\n<td class=\"cremuneracao\">R$  \/30h<\/td>\r\n<\/tr><tr>\r\n<td class=\"ccargos\">\r\n<span data-balloon-length=\"medium\" aria-label=\"Curso de n\u00edvel superior em Biomedicina acrescido de Registro no Conselho de Classe\" data-balloon-pos=\"up\">Biom\u00e9dico<\/span><\/td>\r\n<td class=\"cvagas\">01 + CR<\/td>\r\n<td class=\"cremuneracao\">R$  \/30h<\/td>\r\n<\/tr><tr>\r\n<td class=\"ccargos\">\r\n<span data-balloon-length=\"medium\" aria-label=\"N\u00edvel Superior completo, conforme a NOB-RHSUAS, experi\u00eancia de atua\u00e7\u00e3o no CRAS acima de tr\u00eas anos.\" data-balloon-pos=\"up\">Coordenador CRAS<\/span><\/td>\r\n<td class=\"cvagas\">01 + CR<\/td>\r\n<td class=\"cremuneracao\">R$  \/40h<\/td>\r\n<\/tr><tr>\r\n<td class=\"ccargos\">\r\n<span data-balloon-length=\"medium\" aria-label=\"Diploma ou certificado de conclus\u00e3o de curso de Gradua\u00e7\u00e3o em Pedagogia, fornecido por institui\u00e7\u00e3o de ensino superior reconhecida pelo Minist\u00e9rio da Educa\u00e7\u00e3o.\" data-balloon-pos=\"up\">Coordenador Pedag\u00f3gico<\/span><\/td>\r\n<td class=\"cvagas\">05 + CR<\/td>\r\n<td class=\"cremuneracao\">R$  \/20h<\/td>\r\n<\/tr><tr>\r\n<td class=\"ccargos\">\r\n<span data-balloon-length=\"medium\" aria-label=\"Curso de n\u00edvel superior em Bacharel em Educa\u00e7\u00e3o F\u00edsica acrescido de Registro no CREF\" data-balloon-pos=\"up\">Educador F\u00edsico<\/span><\/td>\r\n<td class=\"cvagas\">01 + CR<\/td>\r\n<td class=\"cremuneracao\">R$  \/30h<\/td>\r\n<\/tr><tr>\r\n<td class=\"ccargos\">\r\n<span data-balloon-length=\"medium\" aria-label=\"Curso de n\u00edvel superior em Enfermagem acrescido de Registro no Conselho e experi\u00eancia na \u00e1rea\" data-balloon-pos=\"up\">Enfermeiro<\/span><\/td>\r\n<td class=\"cvagas\">04 + CR<\/td>\r\n<td class=\"cremuneracao\">R$  \/40h<\/td>\r\n<\/tr><tr>\r\n<td class=\"ccargos\">\r\n<span data-balloon-length=\"medium\" aria-label=\"Curso de n\u00edvel superior em Enfermagem acrescido de Registro no Conselho e experi\u00eancia comprovada na \u00e1rea de sa\u00fade ou urg\u00eancia e emerg\u00eancia\" data-balloon-pos=\"up\">Enfermeiro<\/span><\/td>\r\n<td class=\"cvagas\">01 + CR<\/td>\r\n<td class=\"cremuneracao\">R$  \/40h<\/td>\r\n<\/tr><tr>\r\n<td class=\"ccargos\">\r\n<span data-balloon-length=\"medium\" aria-label=\"Curso de n\u00edvel superior em Enfermagem acrescido de Registro no Conselho e experi\u00eancia comprovada na \u00e1rea de coordena\u00e7\u00e3o hospitalar e centro cir\u00fargico\" data-balloon-pos=\"up\">Enfermeiro<\/span><\/td>\r\n<td class=\"cvagas\">01 + CR<\/td>\r\n<td class=\"cremuneracao\">R$  \/40h<\/td>\r\n<\/tr><tr>\r\n<td class=\"ccargos\">\r\n<span data-balloon-length=\"medium\" aria-label=\"Curso de n\u00edvel superior em Enfermagem acrescido de Registro no Conselho e experi\u00eancia comprovada na \u00e1rea de coordena\u00e7\u00e3o PSF\" data-balloon-pos=\"up\">Enfermeiro<\/span><\/td>\r\n<td class=\"cvagas\">03 + CR<\/td>\r\n<td class=\"cremuneracao\">R$  \/40h<\/td>\r\n<\/tr><tr>\r\n<td class=\"ccargos\">\r\n<span data-balloon-length=\"medium\" aria-label=\"Curso de n\u00edvel superior em Enfermagem acrescido de Registro no Conselho e experi\u00eancia comprovada na \u00e1rea de urg\u00eancia e emerg\u00eancia\" data-balloon-pos=\"up\">Enfermeiro<\/span><\/td>\r\n<td class=\"cvagas\">03 + CR<\/td>\r\n<td class=\"cremuneracao\">R$  \/36h<\/td>\r\n<\/tr><tr>\r\n<td class=\"ccargos\">\r\n<span data-balloon-length=\"medium\" aria-label=\"Curso de n\u00edvel superior em Enfermagem acrescido do Registro no Conselho de Classe com especializa\u00e7\u00e3o em pr\u00e1ticas integrativas e complementares e experi\u00eancia em atua\u00e7\u00e3o com crian\u00e7as autistas\" data-balloon-pos=\"up\">Enfermeiro<\/span><\/td>\r\n<td class=\"cvagas\">01 + CR<\/td>\r\n<td class=\"cremuneracao\">R$  \/30h<\/td>\r\n<\/tr><tr>\r\n<td class=\"ccargos\">\r\n<span data-balloon-length=\"medium\" aria-label=\"Curso de n\u00edvel superior em Farm\u00e1cia acrescido de Registro no Conselho\" data-balloon-pos=\"up\">Farmac\u00eautico<\/span><\/td>\r\n<td class=\"cvagas\">01 + CR<\/td>\r\n<td class=\"cremuneracao\">R$  \/30h<\/td>\r\n<\/tr><tr>\r\n<td class=\"ccargos\">\r\n<span data-balloon-length=\"medium\" aria-label=\"Curso de n\u00edvel superior em Fisioterapia com Registro no Conselho de Classe e especializa\u00e7\u00e3o na \u00e1rea de Transtornos do Espectro Autista (TEA)\" data-balloon-pos=\"up\">Fisioterapeuta<\/span><\/td>\r\n<td class=\"cvagas\">01 + CR<\/td>\r\n<td class=\"cremuneracao\">R$  \/30h<\/td>\r\n<\/tr><tr>\r\n<td class=\"ccargos\">\r\n<span data-balloon-length=\"medium\" aria-label=\"Curso de n\u00edvel superior em Fisioterapia com Registro no Conselho de Classe\" data-balloon-pos=\"up\">Fisioterapeuta<\/span><\/td>\r\n<td class=\"cvagas\">04 + CR<\/td>\r\n<td class=\"cremuneracao\">R$  \/30h<\/td>\r\n<\/tr><tr>\r\n<td class=\"ccargos\">\r\n<span data-balloon-length=\"medium\" aria-label=\"Curso de n\u00edvel superior completo em Fisioterapia com Registro no Conselho de Classe acrescido de experi\u00eancia comprovada no CRAS acima de 3 anos.\" data-balloon-pos=\"up\">Fisioterapeuta<\/span><\/td>\r\n<td class=\"cvagas\">01 + CR<\/td>\r\n<td class=\"cremuneracao\">R$  \/30h<\/td>\r\n<\/tr><tr>\r\n<td class=\"ccargos\">\r\n<span data-balloon-length=\"medium\" aria-label=\"Curso de n\u00edvel superior em Fonoaudiologia acrescido de Registro no Conselho\" data-balloon-pos=\"up\">Fonoaudi\u00f3logo<\/span><\/td>\r\n<td class=\"cvagas\">02 + CR<\/td>\r\n<td class=\"cremuneracao\">R$  \/20h<\/td>\r\n<\/tr><tr>\r\n<td class=\"ccargos\">\r\n<span data-balloon-length=\"medium\" aria-label=\"Curso de n\u00edvel superior em Medicina acrescido de Registro no Conselho\" data-balloon-pos=\"up\">M\u00e9dico Cl\u00ednico Geral<\/span><\/td>\r\n<td class=\"cvagas\">02 + CR<\/td>\r\n<td class=\"cremuneracao\">R$  \/40h<\/td>\r\n<\/tr><tr>\r\n<td class=\"ccargos\">\r\n<span data-balloon-length=\"medium\" aria-label=\"Curso de n\u00edvel superior em Medicina com Registro no Conselho de Classe acrescido de especializa\u00e7\u00e3o em Medicina do Trabalho e o Registro de Qualifica\u00e7\u00e3o de Especialista (RQE), emitido pelo Conselho Regional de Medicina e experi\u00eancia m\u00ednima de 06 meses na \u00e1rea.\" data-balloon-pos=\"up\">M\u00e9dico do Trabalho<\/span><\/td>\r\n<td class=\"cvagas\">01 + CR<\/td>\r\n<td class=\"cremuneracao\">R$  \/40h<\/td>\r\n<\/tr><tr>\r\n<td class=\"ccargos\">\r\n<span data-balloon-length=\"medium\" aria-label=\"Curso de n\u00edvel superior em Medicina acrescido de Registro no Conselho e especializa\u00e7\u00e3o na \u00e1rea espec\u00edfica\" data-balloon-pos=\"up\">M\u00e9dico Ginecologista<\/span><\/td>\r\n<td class=\"cvagas\">01 + CR<\/td>\r\n<td class=\"cremuneracao\">R$  \/20h<\/td>\r\n<\/tr><tr>\r\n<td class=\"ccargos\">\r\n<span data-balloon-length=\"medium\" aria-label=\"Curso de n\u00edvel superior em Medicina acrescido de Registro no Conselho e especializa\u00e7\u00e3o em Neuropediatria\" data-balloon-pos=\"up\">M\u00e9dico Neuropediatra<\/span><\/td>\r\n<td class=\"cvagas\">01 + CR<\/td>\r\n<td class=\"cremuneracao\">R$  \/20h<\/td>\r\n<\/tr><tr>\r\n<td class=\"ccargos\">\r\n<span data-balloon-length=\"medium\" aria-label=\"Curso de n\u00edvel superior em Medicina acrescido de Registro no Conselho e especializa\u00e7\u00e3o na \u00e1rea espec\u00edfica\" data-balloon-pos=\"up\">M\u00e9dico Pediatra<\/span><\/td>\r\n<td class=\"cvagas\">01 + CR<\/td>\r\n<td class=\"cremuneracao\">R$  \/20h<\/td>\r\n<\/tr><tr>\r\n<td class=\"ccargos\">\r\n<span data-balloon-length=\"medium\" aria-label=\"Curso de n\u00edvel superior em Medicina acrescido de Registro no Conselho e especializa\u00e7\u00e3o na \u00e1rea espec\u00edfica\" data-balloon-pos=\"up\">M\u00e9dico Psiquiatra<\/span><\/td>\r\n<td class=\"cvagas\">01 + CR<\/td>\r\n<td class=\"cremuneracao\">R$  \/20h<\/td>\r\n<\/tr><tr>\r\n<td class=\"ccargos\">\r\n<span data-balloon-length=\"medium\" aria-label=\"Curso de n\u00edvel superior em Medicina acrescido de Registro no Co Conselho e especializa\u00e7\u00e3o na \u00e1rea espec\u00edfica\" data-balloon-pos=\"up\">M\u00e9dico Urologista<\/span><\/td>\r\n<td class=\"cvagas\">01 + CR<\/td>\r\n<td class=\"cremuneracao\">R$  \/20h<\/td>\r\n<\/tr><tr>\r\n<td class=\"ccargos\">\r\n<span data-balloon-length=\"medium\" aria-label=\"Curso de n\u00edvel superior em Medicina Veterin\u00e1ria acrescido de Registro no Conselho de Classe\" data-balloon-pos=\"up\">M\u00e9dico Veterin\u00e1rio<\/span><\/td>\r\n<td class=\"cvagas\">01 + CR<\/td>\r\n<td class=\"cremuneracao\">R$  \/20h<\/td>\r\n<\/tr><tr>\r\n<td class=\"ccargos\">\r\n<span data-balloon-length=\"medium\" aria-label=\"Curso de n\u00edvel superior Bacharelado em Musicoterapia ou Bacharelado em M\u00fasica com especializa\u00e7\u00e3o em Musicoterapia acrescido de Registro no Conselho de Classe\" data-balloon-pos=\"up\">Musicoterapeuta<\/span><\/td>\r\n<td class=\"cvagas\">01 + CR<\/td>\r\n<td class=\"cremuneracao\">R$  \/20h<\/td>\r\n<\/tr><tr>\r\n<td class=\"ccargos\">\r\n<span data-balloon-length=\"medium\" aria-label=\"Curso de n\u00edvel superior em Psicologia com Registro no Conselho de Classe acrescido de especializa\u00e7\u00e3o em Neuropsicologia e experi\u00eancia comprovada na \u00e1rea\" data-balloon-pos=\"up\">Neuropsic\u00f3logo<\/span><\/td>\r\n<td class=\"cvagas\">01 + CR<\/td>\r\n<td class=\"cremuneracao\">R$  \/30h<\/td>\r\n<\/tr><tr>\r\n<td class=\"ccargos\">\r\n<span data-balloon-length=\"medium\" aria-label=\"Curso de n\u00edvel superior em Nutri\u00e7\u00e3o acrescido de Registro no Conselho de Classe\" data-balloon-pos=\"up\">Nutricionista<\/span><\/td>\r\n<td class=\"cvagas\">02 + CR<\/td>\r\n<td class=\"cremuneracao\">R$  \/30h<\/td>\r\n<\/tr><tr>\r\n<td class=\"ccargos\">\r\n<span data-balloon-length=\"medium\" aria-label=\"Curso de n\u00edvel superior em Nutri\u00e7\u00e3o acrescido de Registro no Conselho de Classe especializa\u00e7\u00e3o em seletividade alimentar\" data-balloon-pos=\"up\">Nutricionista<\/span><\/td>\r\n<td class=\"cvagas\">01 + CR<\/td>\r\n<td class=\"cremuneracao\">R$  \/30h<\/td>\r\n<\/tr><tr>\r\n<td class=\"ccargos\">\r\n<span data-balloon-length=\"medium\" aria-label=\"Curso de n\u00edvel superior em Nutri\u00e7\u00e3o acrescido de Registro no Conselho de Classe\" data-balloon-pos=\"up\">Nutricionista<\/span><\/td>\r\n<td class=\"cvagas\">01 + CR<\/td>\r\n<td class=\"cremuneracao\">R$  \/30h<\/td>\r\n<\/tr><tr>\r\n<td class=\"ccargos\">\r\n<span data-balloon-length=\"medium\" aria-label=\"Curso de n\u00edvel superior em Odontologia acrescido de Registro no Conselho de Classe\" data-balloon-pos=\"up\">Odont\u00f3logo<\/span><\/td>\r\n<td class=\"cvagas\">06 + CR<\/td>\r\n<td class=\"cremuneracao\">R$  \/40h<\/td>\r\n<\/tr><tr>\r\n<td class=\"ccargos\">\r\n<span data-balloon-length=\"medium\" aria-label=\"N\u00edvel Superior em Educa\u00e7\u00e3o F\u00edsica, ensinar e difundir conhecimentos te\u00f3ricos e pr\u00e1ticos do esporte e suas modalidades: hist\u00f3ria, regras, fundamentos pedag\u00f3gicos, t\u00e9cnicas e t\u00e1ticas, experi\u00eancia de atua\u00e7\u00e3o no CRAS acima de tr\u00eas anos.\" data-balloon-pos=\"up\">Orientador Social de Esporte<\/span><\/td>\r\n<td class=\"cvagas\">01 + CR<\/td>\r\n<td class=\"cremuneracao\">R$  \/40h<\/td>\r\n<\/tr><tr>\r\n<td class=\"ccargos\">\r\n<span data-balloon-length=\"medium\" aria-label=\"Diploma ou certificado de conclus\u00e3o em curso de Licenciatura, fornecido por institui\u00e7\u00e3o de ensino superior reconhecida pelo Minist\u00e9rio da Educa\u00e7\u00e3o.\" data-balloon-pos=\"up\">Professor Anos Finais do Ensino Fundamental<\/span><\/td>\r\n<td class=\"cvagas\">25 + CR<\/td>\r\n<td class=\"cremuneracao\">R$  \/20h<\/td>\r\n<\/tr><tr>\r\n<td class=\"ccargos\">\r\n<span data-balloon-length=\"medium\" aria-label=\"Diploma ou certificado de conclus\u00e3o de curso de Gradua\u00e7\u00e3o em Pedagogia, fornecido por institui\u00e7\u00e3o de ensino superior reconhecida pelo Minist\u00e9rio da Educa\u00e7\u00e3o.\" data-balloon-pos=\"up\">Professor Anos Iniciais do Ensino Fundamental<\/span><\/td>\r\n<td class=\"cvagas\">40 + CR<\/td>\r\n<td class=\"cremuneracao\">R$  \/20h<\/td>\r\n<\/tr><tr>\r\n<td class=\"ccargos\">\r\n<span data-balloon-length=\"medium\" aria-label=\"Diploma ou certificado de conclus\u00e3o de curso de Gradua\u00e7\u00e3o em Pedagogia, fornecido por institui\u00e7\u00e3o de ensino superior reconhecida pelo Minist\u00e9rio da Educa\u00e7\u00e3o.\" data-balloon-pos=\"up\">Professor de Educa\u00e7\u00e3o Infantil<\/span><\/td>\r\n<td class=\"cvagas\">25 + CR<\/td>\r\n<td class=\"cremuneracao\">R$  \/20h<\/td>\r\n<\/tr><tr>\r\n<td class=\"ccargos\">\r\n<span data-balloon-length=\"medium\" aria-label=\"Diploma ou certificado de conclus\u00e3o em curso de Gradua\u00e7\u00e3o em Letras com habilita\u00e7\u00e3o em ingl\u00eas, fornecido por institui\u00e7\u00e3o de ensino superior reconhecida pelo Minist\u00e9rio da Educa\u00e7\u00e3o.\" data-balloon-pos=\"up\">Professor de Ingl\u00eas<\/span><\/td>\r\n<td class=\"cvagas\">02 + CR<\/td>\r\n<td class=\"cremuneracao\">R$  \/20h<\/td>\r\n<\/tr><tr>\r\n<td class=\"ccargos\">\r\n<span data-balloon-length=\"medium\" aria-label=\"Curso de n\u00edvel superior em Psicologia com Registro no Conselho de Classe e especializa\u00e7\u00e3o em \u00e1reas dos Transtornos do Neurodesenvolvimentos\" data-balloon-pos=\"up\">Psic\u00f3logo<\/span><\/td>\r\n<td class=\"cvagas\">01 + CR<\/td>\r\n<td class=\"cremuneracao\">R$  \/30h<\/td>\r\n<\/tr><tr>\r\n<td class=\"ccargos\">\r\n<span data-balloon-length=\"medium\" aria-label=\"Curso de n\u00edvel superior em Psicologia com Registro no Conselho de Classe\" data-balloon-pos=\"up\">Psic\u00f3logo<\/span><\/td>\r\n<td class=\"cvagas\">02 + CR<\/td>\r\n<td class=\"cremuneracao\">R$  \/30h<\/td>\r\n<\/tr><tr>\r\n<td class=\"ccargos\">\r\n<span data-balloon-length=\"medium\" aria-label=\"Curso de n\u00edvel superior em Psicologia com Registro no Conselho de Classe acrescido de experi\u00eancia comprovada no CRAS acima de 3 anos\" data-balloon-pos=\"up\">Psic\u00f3logo<\/span><\/td>\r\n<td class=\"cvagas\">01 + CR<\/td>\r\n<td class=\"cremuneracao\">R$  \/30h<\/td>\r\n<\/tr><tr>\r\n<td class=\"ccargos\">\r\n<span data-balloon-length=\"medium\" aria-label=\"Curso de n\u00edvel superior em Psicologia com Registro no Conselho de Classe acrescido de experi\u00eancia comprovada no CRAS acima de 3 anos\" data-balloon-pos=\"up\">Psic\u00f3logo - Equipe Volante<\/span><\/td>\r\n<td class=\"cvagas\">01 + CR<\/td>\r\n<td class=\"cremuneracao\">R$  \/30h<\/td>\r\n<\/tr><tr>\r\n<td class=\"ccargos\">\r\n<span data-balloon-length=\"medium\" aria-label=\"Curso de n\u00edvel superior em Psicologia com Registro no Conselho de Classe\" data-balloon-pos=\"up\">Psic\u00f3logo Educacional<\/span><\/td>\r\n<td class=\"cvagas\">01 + CR<\/td>\r\n<td class=\"cremuneracao\">R$  \/30h<\/td>\r\n<\/tr><tr>\r\n<td class=\"ccargos\">\r\n<span data-balloon-length=\"medium\" aria-label=\"Curso de n\u00edvel superior em Psicopedagogia ou Pedagogia com especializa\u00e7\u00e3o na \u00e1rea de Psicopedagogia e Registro no Conselho de Classe CREF\/MEC\" data-balloon-pos=\"up\">Psicopedagoga<\/span><\/td>\r\n<td class=\"cvagas\">01 + CR<\/td>\r\n<td class=\"cremuneracao\">R$  \/30h<\/td>\r\n<\/tr><tr>\r\n<td class=\"ccargos\">\r\n<span data-balloon-length=\"medium\" aria-label=\"Ensino Superior em Pedagogia, letras Servi\u00e7os Social, ou \u00e1reas correlatas, possuir experi\u00eancia na elabora\u00e7\u00e3o de ATAS.\" data-balloon-pos=\"up\">Secret\u00e1ria Executiva<\/span><\/td>\r\n<td class=\"cvagas\">01 + CR<\/td>\r\n<td class=\"cremuneracao\">R$  \/40h<\/td>\r\n<\/tr><tr>\r\n<td class=\"ccargos\">\r\n<span data-balloon-length=\"medium\" aria-label=\"Curso Superior em Servi\u00e7o Social com registro no CRESS, experi\u00eancia de atua\u00e7\u00e3o no CRAS acima de tr\u00eas anos.\" data-balloon-pos=\"up\">Supervisor do Programa Primeira Inf\u00e2ncia no SUAS - PIS<\/span><\/td>\r\n<td class=\"cvagas\">01 + CR<\/td>\r\n<td class=\"cremuneracao\">R$  \/40h<\/td>\r\n<\/tr><tr>\r\n<td class=\"ccargos\">\r\n<span data-balloon-length=\"medium\" aria-label=\"Curso de n\u00edvel superior em Terapia Ocupacional com Registro no Conselho de Classe\" data-balloon-pos=\"up\">Terapeuta Ocupacional<\/span><\/td>\r\n<td class=\"cvagas\">01 + CR<\/td>\r\n<td class=\"cremuneracao\">R$  \/20h<\/td>\r\n<\/tr><tr>\r\n<td class=\"ccargos\">\r\n<span data-balloon-length=\"medium\" aria-label=\"Bacharel em Zootecnia, Experi\u00eancia comprovada no processo de gest\u00e3o de agroind\u00fastrias ou organiza\u00e7\u00f5es produtivas associativas, cooperadas ou privada.\" data-balloon-pos=\"up\">Zootecnista<\/span><\/td>\r\n<td class=\"cvagas\">01 + CR<\/td>\r\n<td class=\"cremuneracao\">R$  \/20h<\/td>\r\n<\/tr>\r\n    <\/tbody>\r\n  <\/table>\r\n<\/div>"},"_links":{"self":[{"href":"https:\/\/www.agrobase.com.br\/concursos\/wp-json\/wp\/v2\/posts\/270667","targetHints":{"allow":["GET"]}}],"collection":[{"href":"https:\/\/www.agrobase.com.br\/concursos\/wp-json\/wp\/v2\/posts"}],"about":[{"href":"https:\/\/www.agrobase.com.br\/concursos\/wp-json\/wp\/v2\/types\/post"}],"author":[{"embeddable":true,"href":"https:\/\/www.agrobase.com.br\/concursos\/wp-json\/wp\/v2\/users\/7"}],"replies":[{"embeddable":true,"href":"https:\/\/www.agrobase.com.br\/concursos\/wp-json\/wp\/v2\/comments?post=270667"}],"version-history":[{"count":3,"href":"https:\/\/www.agrobase.com.br\/concursos\/wp-json\/wp\/v2\/posts\/270667\/revisions"}],"predecessor-version":[{"id":270742,"href":"https:\/\/www.agrobase.com.br\/concursos\/wp-json\/wp\/v2\/posts\/270667\/revisions\/270742"}],"wp:featuredmedia":[{"embeddable":true,"href":"https:\/\/www.agrobase.com.br\/concursos\/wp-json\/wp\/v2\/media\/270666"}],"wp:attachment":[{"href":"https:\/\/www.agrobase.com.br\/concursos\/wp-json\/wp\/v2\/media?parent=270667"}],"wp:term":[{"taxonomy":"category","embeddable":true,"href":"https:\/\/www.agrobase.com.br\/concursos\/wp-json\/wp\/v2\/categories?post=270667"},{"taxonomy":"post_tag","embeddable":true,"href":"https:\/\/www.agrobase.com.br\/concursos\/wp-json\/wp\/v2\/tags?post=270667"},{"taxonomy":"_amplo","embeddable":true,"href":"https:\/\/www.agrobase.com.br\/concursos\/wp-json\/wp\/v2\/_amplo?post=270667"},{"taxonomy":"destaque","embeddable":true,"href":"https:\/\/www.agrobase.com.br\/concursos\/wp-json\/wp\/v2\/destaque?post=270667"},{"taxonomy":"instituicoes","embeddable":true,"href":"https:\/\/www.agrobase.com.br\/concursos\/wp-json\/wp\/v2\/instituicoes?post=270667"}],"curies":[{"name":"wp","href":"https:\/\/api.w.org\/{rel}","templated":true}]}}