{"id":270615,"date":"2025-08-29T07:10:38","date_gmt":"2025-08-29T10:10:38","guid":{"rendered":"https:\/\/www.agrobase.com.br\/concursos\/?p=270615"},"modified":"2025-08-28T12:27:39","modified_gmt":"2025-08-28T15:27:39","slug":"ufvjm-mg-selecao-simplificada-77-2025","status":"publish","type":"post","link":"https:\/\/www.agrobase.com.br\/concursos\/2025\/ufvjm-mg-selecao-simplificada-77-2025\/","title":{"rendered":"UFVJM (MG) &#8211; Sele\u00e7\u00e3o Simplificada 77\/2025"},"content":{"rendered":"<h2>Informa\u00e7\u00f5es Gerais<\/h2>\n<p>A Universidade Federal dos Vales do Jequitinhonha e Mucuri (UFVJM) publicou o <strong>Edital n\u00ba 77\/2025<\/strong>, que rege o Processo Seletivo Simplificado para a contrata\u00e7\u00e3o tempor\u00e1ria de Professor Substituto. O certame visa preencher 7 vagas imediatas para o Magist\u00e9rio Superior, distribu\u00eddas entre os campi de Diamantina, Jana\u00faba, Te\u00f3filo Otoni e Una\u00ed.<\/p>\n<p>As oportunidades s\u00e3o para profissionais de n\u00edvel superior, com exig\u00eancia de especializa\u00e7\u00e3o, mestrado ou doutorado, a depender da \u00e1rea de atua\u00e7\u00e3o. O processo seletivo contempla vagas em setores como Administra\u00e7\u00e3o, Educa\u00e7\u00e3o, Engenharias e Servi\u00e7o Social.<\/p>\n<p>Para os profissionais das ci\u00eancias agr\u00e1rias e ambientais, o edital traz oportunidades de destaque nas \u00e1reas de <strong>Engenharia Agr\u00edcola e Ambiental<\/strong>, <strong>Agronomia<\/strong> e <strong>Engenharia H\u00eddrica<\/strong>. Se voc\u00ea possui forma\u00e7\u00e3o em um desses campos, continue a leitura para conferir os detalhes sobre inscri\u00e7\u00f5es, etapas e cronograma.<\/p>\n<h2>Inscri\u00e7\u00f5es<\/h2>\n<p>As inscri\u00e7\u00f5es para o processo seletivo da UFVJM estar\u00e3o abertas entre <strong>27 de agosto de 2025 e 02 de setembro de 2025<\/strong>. Os interessados devem realizar a inscri\u00e7\u00e3o de forma presencial ou enviando a documenta\u00e7\u00e3o via SEDEX para o endere\u00e7o do campus correspondente \u00e0 vaga desejada (Diamantina, Jana\u00faba, Te\u00f3filo Otoni ou Una\u00ed), conforme os hor\u00e1rios especificados no edital.<\/p>\n<p>Os valores da taxa de inscri\u00e7\u00e3o variam de acordo com a titula\u00e7\u00e3o exigida para a vaga:<\/p>\n<ul>\n<li><strong>R$ 75,00<\/strong> para \u00e1reas que exigem Gradua\u00e7\u00e3o ou Especializa\u00e7\u00e3o;<\/li>\n<li><strong>R$ 140,00<\/strong> para \u00e1reas que exigem Mestrado;<\/li>\n<li><strong>R$ 200,00<\/strong> para \u00e1reas que exigem Doutorado.<\/li>\n<\/ul>\n<p>O pagamento deve ser efetuado por meio de Guia de Recolhimento da Uni\u00e3o (GRU), que pode ser gerada no portal PagTesouro. O comprovante de pagamento original deve ser anexado \u00e0 documenta\u00e7\u00e3o de inscri\u00e7\u00e3o. O edital tamb\u00e9m prev\u00ea a possibilidade de solicitar isen\u00e7\u00e3o da taxa, e os procedimentos detalhados est\u00e3o dispon\u00edveis nos anexos do documento. \u00c9 fundamental que o candidato apresente todos os documentos exigidos no ato da inscri\u00e7\u00e3o para evitar o indeferimento. Para informa\u00e7\u00f5es completas sobre os endere\u00e7os e a documenta\u00e7\u00e3o necess\u00e1ria, consulte o edital oficial.<\/p>\n<h2>Etapas e Provas<\/h2>\n<p>O processo seletivo para Professor Substituto da UFVJM ser\u00e1 realizado nos dias <strong>16 e 17 de setembro de 2025<\/strong> e ser\u00e1 composto por tr\u00eas etapas avaliativas, de car\u00e1ter classificat\u00f3rio e eliminat\u00f3rio. Os candidatos devem comparecer ao local de prova com 30 minutos de anteced\u00eancia, portando documento de identidade oficial e caneta esferogr\u00e1fica azul ou preta.<\/p>\n<p>A estrutura da sele\u00e7\u00e3o inclui as seguintes fases:<\/p>\n<ul>\n<li><strong>An\u00e1lise do Curriculum Lattes:<\/strong> Etapa classificat\u00f3ria que avalia a forma\u00e7\u00e3o e o aperfei\u00e7oamento profissional do candidato, com foco nos t\u00edtulos e certificados relacionados \u00e0 \u00e1rea da vaga.<\/li>\n<li><strong>Prova Did\u00e1tica:<\/strong> Com dura\u00e7\u00e3o de 50 a 60 minutos, esta prova avalia o conhecimento e a capacidade de exposi\u00e7\u00e3o do candidato sobre um tema sorteado com 24 horas de anteced\u00eancia. A presen\u00e7a no sorteio \u00e9 obrigat\u00f3ria.<\/li>\n<li><strong>Entrevista:<\/strong> Etapa que complementa a avalia\u00e7\u00e3o do perfil do candidato para a doc\u00eancia.<\/li>\n<\/ul>\n<p>Ser\u00e1 considerado aprovado o candidato que obtiver m\u00e9dia geral igual ou superior a 7,0 (sete) pontos. Para conhecer os crit\u00e9rios de pontua\u00e7\u00e3o, a lista de t\u00f3picos da prova did\u00e1tica e os locais espec\u00edficos de realiza\u00e7\u00e3o das provas em cada campus, \u00e9 indispens\u00e1vel a leitura atenta do edital e de suas instru\u00e7\u00f5es espec\u00edficas.<\/p>\n<h2>Resultados e Gabarito<\/h2>\n<p>A classifica\u00e7\u00e3o final dos candidatos ser\u00e1 determinada pela m\u00e9dia das notas obtidas nas etapas do processo seletivo. Em caso de empate, ser\u00e3o aplicados os seguintes crit\u00e9rios de desempate, nesta ordem:<\/p>\n<ol>\n<li>Maior nota na prova did\u00e1tica;<\/li>\n<li>Maior nota na an\u00e1lise do curriculum lattes;<\/li>\n<li>Candidato mais idoso.<\/li>\n<\/ol>\n<p>O resultado final do certame ser\u00e1 homologado e publicado no Di\u00e1rio Oficial da Uni\u00e3o (DOU), momento a partir do qual o processo seletivo ter\u00e1 validade de 1 (um) ano. A convoca\u00e7\u00e3o dos aprovados ocorrer\u00e1 de acordo com a necessidade da UFVJM e seguir\u00e1 a ordem de classifica\u00e7\u00e3o.<\/p>\n<p>\u00c9 de responsabilidade exclusiva do candidato acompanhar todas as publica\u00e7\u00f5es de atos, comunicados e resultados referentes ao processo seletivo diretamente no site oficial da UFVJM. A universidade n\u00e3o se responsabiliza por informar individualmente os candidatos sobre o andamento do certame.<\/p>\n","protected":false},"excerpt":{"rendered":"<p>Aguardando in\u00edcio: Processo Seletivo UFVJM (MG) com vagas p\/ Professores Substitutos (Superior). Inscri\u00e7\u00f5es a partir de 27\/08. Sal\u00e1rios at\u00e9 R$ 8k. Confira detalhes!<\/p>\n","protected":false},"author":7,"featured_media":270614,"comment_status":"open","ping_status":"open","sticky":false,"template":"","format":"standard","meta":{"_acf_changed":false,"_breakdance_hide_in_design_set":false,"_breakdance_tags":"","footnotes":""},"categories":[3,4,126,95,13,14,104,16,25,101],"tags":[50],"_amplo":[],"destaque":[],"instituicoes":[],"class_list":["post-270615","post","type-post","status-publish","format-standard","has-post-thumbnail","hentry","category-administracao","category-agronomia","category-ciencia-computacao","category-engenharia-agricola","category-engenharia-ambiental","category-engenharia","category-engenharia-mecanica","category-engenharia-sanitaria","category-pedagogia","category-servico-social","tag-minas-gerais"],"acf":{"_tipo_vagas":"vagas","_numero_vagas":"","_quadro_vagas":"","_cargos":"diversos","_cargos_especificos":"","_salario_max":"R$ 8058.29","_abertura":"20250827","_encerramento":"20250902","_inscricoes":"http:\/\/www.ufvjm.edu.br","_executora_concurso":"","_instituicao_concurso":[],"_link_adicional":null,"_anexos":null,"_produtos":null,"_vagas":"7 vagas","_salario_min":"R$ 3399.47","_instituicao":"UFVJM","_edital":"https:\/\/www.agrobase.com.br\/concursos\/wp-content\/uploads\/sites\/4\/2025\/08\/edital-77-2025-ufvjm-mg.pdf","_anexos_edital":"","_fund_incompleto":"","_fund_completo":"","_medio":"","_superior":"<div>\r\n<table class=\"quadro\">\r\n<thead>\r\n<tr>\r\n<th class=\"hcargo\">Cargo<\/th>\r\n<th class=\"hvagas\">Vagas<\/th>\r\n<th class=\"hremuneracao\">Remunera\u00e7\u00e3o<\/th>\r\n<\/tr>\r\n<\/thead>\r\n    <tbody>\r\n      <tr>\r\n<td class=\"ccargos\">\r\n<span data-balloon-length=\"medium\" aria-label=\"Gradua\u00e7\u00e3o em Administra\u00e7\u00e3o ou Sistemas de Informa\u00e7\u00e3o e Especializa\u00e7\u00e3o em \u00e1reas da Administra\u00e7\u00e3o ou em \u00e1reas de Sistemas de Informa\u00e7\u00e3o\" data-balloon-pos=\"up\">Professor Substituto - Administra\u00e7\u00e3o Geral e Sistemas de Informa\u00e7\u00e3o<\/span><\/td>\r\n<td class=\"cvagas\">01<\/td>\r\n<td class=\"cremuneracao\">R$ 3.399,47 \/20h<\/td>\r\n<\/tr><tr>\r\n<td class=\"ccargos\">\r\n<span data-balloon-length=\"medium\" aria-label=\"Gradua\u00e7\u00e3o em Engenharia Agr\u00edcola e Ambiental OU Engenharia Agr\u00edcola OU Engenharia Mec\u00e2nica OU Agronomia e Mestrado em qualquer \u00e1rea do conhecimento\" data-balloon-pos=\"up\">Professor Substituto - Ci\u00eancias Agr\u00e1rias\/M\u00e1quinas e Mecaniza\u00e7\u00e3o Agr\u00edcola; M\u00e1quinas e Implementos Agr\u00edcolas; Mecaniza\u00e7\u00e3o Agr\u00edcola; Motores e Tratores; Elementos de M\u00e1quinas<\/span><\/td>\r\n<td class=\"cvagas\">01<\/td>\r\n<td class=\"cremuneracao\">R$ 5.949,07 \/40h<\/td>\r\n<\/tr><tr>\r\n<td class=\"ccargos\">\r\n<span data-balloon-length=\"medium\" aria-label=\"Gradua\u00e7\u00e3o em Pedagogia; Mestrado em Educa\u00e7\u00e3o ou Ci\u00eancias Humanas e Doutorado em Educa\u00e7\u00e3o ou Ci\u00eancias Humanas\" data-balloon-pos=\"up\">Professor Substituto - Educa\u00e7\u00e3o - Fundamentos da Educa\u00e7\u00e3o; Administra\u00e7\u00e3o Educacional; Planejamento e Avalia\u00e7\u00e3o Educacional; Ensino-Aprendizagem; T\u00f3picos Espec\u00edficos de Educa\u00e7\u00e3o<\/span><\/td>\r\n<td class=\"cvagas\">01<\/td>\r\n<td class=\"cremuneracao\">R$ 8.058,29 \/40h<\/td>\r\n<\/tr><tr>\r\n<td class=\"ccargos\">\r\n<span data-balloon-length=\"medium\" aria-label=\"Gradua\u00e7\u00e3o em Engenharia Civil\" data-balloon-pos=\"up\">Professor Substituto - Engenharia Construtiva \u2013 Constru\u00e7\u00e3o de Edif\u00edcios, Funda\u00e7\u00e3o e Obras de Terra, Estradas e Pavimenta\u00e7\u00e3o<\/span><\/td>\r\n<td class=\"cvagas\">01<\/td>\r\n<td class=\"cremuneracao\">R$ 4.326,60 \/40h<\/td>\r\n<\/tr><tr>\r\n<td class=\"ccargos\">\r\n<span data-balloon-length=\"medium\" aria-label=\"Gradua\u00e7\u00e3o em Ci\u00eancia e Tecnologia, Engenharia ou Ci\u00eancia da Computa\u00e7\u00e3o\" data-balloon-pos=\"up\">Professor Substituto - Engenharias, Ci\u00eancia da Computa\u00e7\u00e3o\/ Algoritmos de Programa\u00e7\u00e3o, Programa\u00e7\u00e3o II, Intelig\u00eancia Artificial, Sinais e Sistemas, Sistemas de Controle e Circuitos Eletr\u00f4nicos<\/span><\/td>\r\n<td class=\"cvagas\">01<\/td>\r\n<td class=\"cremuneracao\">R$ 4.326,60 \/40h<\/td>\r\n<\/tr><tr>\r\n<td class=\"ccargos\">\r\n<span data-balloon-length=\"medium\" aria-label=\"Gradua\u00e7\u00e3o em Engenharia Agr\u00edcola OU Engenharia Ambiental OU Engenharia Ambiental e Sanit\u00e1ria OU Engenharia de Recursos H\u00eddricos e do Meio Ambiente OU Engenharia Civil OU Engenharia H\u00eddrica OU Engenharia Sanit\u00e1ria.\" data-balloon-pos=\"up\">Professor Substituto - Engenharias - Aproveitamentos Hidrel\u00e9tricos; Energia e Meio Ambiente; Fundamentos de Climatologia e Meteorologia; Geoprocessamento; Hidrogeologia; Hidrologia; Planejamento e Gest\u00e3o de Bacias Hidrogr\u00e1ficas; Portos e Hidrovias<\/span><\/td>\r\n<td class=\"cvagas\">01<\/td>\r\n<td class=\"cremuneracao\">R$ 4.326,60 \/40h<\/td>\r\n<\/tr><tr>\r\n<td class=\"ccargos\">\r\n<span data-balloon-length=\"medium\" aria-label=\"Gradua\u00e7\u00e3o em Servi\u00e7o Social e Mestrado em Servi\u00e7o Social ou nas \u00e1reas de Ci\u00eancias Sociais, Ci\u00eancias Sociais Aplicadas, Ci\u00eancias Humanas e Ci\u00eancias da Sa\u00fade.\" data-balloon-pos=\"up\">Professor Substituto - Quest\u00e3o Social, Pol\u00edtica Social e Servi\u00e7o Social<\/span><\/td>\r\n<td class=\"cvagas\">01<\/td>\r\n<td class=\"cremuneracao\">R$ 5.949,07 \/40h<\/td>\r\n<\/tr>\r\n    <\/tbody>\r\n  <\/table>\r\n<\/div>"},"_links":{"self":[{"href":"https:\/\/www.agrobase.com.br\/concursos\/wp-json\/wp\/v2\/posts\/270615","targetHints":{"allow":["GET"]}}],"collection":[{"href":"https:\/\/www.agrobase.com.br\/concursos\/wp-json\/wp\/v2\/posts"}],"about":[{"href":"https:\/\/www.agrobase.com.br\/concursos\/wp-json\/wp\/v2\/types\/post"}],"author":[{"embeddable":true,"href":"https:\/\/www.agrobase.com.br\/concursos\/wp-json\/wp\/v2\/users\/7"}],"replies":[{"embeddable":true,"href":"https:\/\/www.agrobase.com.br\/concursos\/wp-json\/wp\/v2\/comments?post=270615"}],"version-history":[{"count":2,"href":"https:\/\/www.agrobase.com.br\/concursos\/wp-json\/wp\/v2\/posts\/270615\/revisions"}],"predecessor-version":[{"id":270618,"href":"https:\/\/www.agrobase.com.br\/concursos\/wp-json\/wp\/v2\/posts\/270615\/revisions\/270618"}],"wp:featuredmedia":[{"embeddable":true,"href":"https:\/\/www.agrobase.com.br\/concursos\/wp-json\/wp\/v2\/media\/270614"}],"wp:attachment":[{"href":"https:\/\/www.agrobase.com.br\/concursos\/wp-json\/wp\/v2\/media?parent=270615"}],"wp:term":[{"taxonomy":"category","embeddable":true,"href":"https:\/\/www.agrobase.com.br\/concursos\/wp-json\/wp\/v2\/categories?post=270615"},{"taxonomy":"post_tag","embeddable":true,"href":"https:\/\/www.agrobase.com.br\/concursos\/wp-json\/wp\/v2\/tags?post=270615"},{"taxonomy":"_amplo","embeddable":true,"href":"https:\/\/www.agrobase.com.br\/concursos\/wp-json\/wp\/v2\/_amplo?post=270615"},{"taxonomy":"destaque","embeddable":true,"href":"https:\/\/www.agrobase.com.br\/concursos\/wp-json\/wp\/v2\/destaque?post=270615"},{"taxonomy":"instituicoes","embeddable":true,"href":"https:\/\/www.agrobase.com.br\/concursos\/wp-json\/wp\/v2\/instituicoes?post=270615"}],"curies":[{"name":"wp","href":"https:\/\/api.w.org\/{rel}","templated":true}]}}