{"id":270609,"date":"2025-08-29T07:00:00","date_gmt":"2025-08-29T10:00:00","guid":{"rendered":"https:\/\/www.agrobase.com.br\/concursos\/?p=270609"},"modified":"2025-08-28T12:20:21","modified_gmt":"2025-08-28T15:20:21","slug":"prefeitura-sao-francisco-do-conde-ba-selecao-simplificada-02-2025","status":"publish","type":"post","link":"https:\/\/www.agrobase.com.br\/concursos\/2025\/prefeitura-sao-francisco-do-conde-ba-selecao-simplificada-02-2025\/","title":{"rendered":"Prefeitura S\u00e3o Francisco do Conde (BA) &#8211; Sele\u00e7\u00e3o Simplificada 02\/2025"},"content":{"rendered":"<h2>Informa\u00e7\u00f5es Gerais<\/h2>\n<p>A Prefeitura de S\u00e3o Francisco do Conde, na Bahia, publicou o edital para seu novo Processo Seletivo Simplificado (PSS), organizado pela banca INAZ DO PAR\u00c1. O objetivo do certame \u00e9 a contrata\u00e7\u00e3o tempor\u00e1ria de 243 profissionais, al\u00e9m da forma\u00e7\u00e3o de cadastro de reserva, para atua\u00e7\u00e3o na Secretaria Municipal de Desenvolvimento Social. As contrata\u00e7\u00f5es ser\u00e3o regidas pelo Regime Especial de Direito Administrativo (REDA).<\/p>\n<p>As oportunidades abrangem os n\u00edveis m\u00e9dio, t\u00e9cnico e superior, contemplando diversas \u00e1reas de atua\u00e7\u00e3o. O certame oferece vagas nos setores de assist\u00eancia social, sa\u00fade e administrativo, com <strong>destaque para oportunidades na \u00e1rea de Nutri\u00e7\u00e3o<\/strong>. A sele\u00e7\u00e3o ser\u00e1 realizada por meio de etapa \u00fanica, focada na an\u00e1lise de t\u00edtulos e experi\u00eancia profissional.<\/p>\n<p>Nas se\u00e7\u00f5es a seguir, voc\u00ea encontrar\u00e1 todos os detalhes sobre as inscri\u00e7\u00f5es, etapas e o cronograma completo para se preparar e garantir sua participa\u00e7\u00e3o neste processo seletivo.<\/p>\n<h2>Inscri\u00e7\u00f5es<\/h2>\n<p>As inscri\u00e7\u00f5es para o Processo Seletivo Simplificado estar\u00e3o abertas das <strong>08h00min de 27 de agosto de 2025 at\u00e9 as 23h59min de 01 de setembro de 2025<\/strong>. O procedimento deve ser realizado exclusivamente pela internet, atrav\u00e9s do site da banca organizadora, INAZ DO PAR\u00c1. Um dos grandes atrativos deste certame \u00e9 a <strong>gratuidade da inscri\u00e7\u00e3o<\/strong>, n\u00e3o havendo cobran\u00e7a de taxa para nenhum dos cargos.<\/p>\n<p>No ato da inscri\u00e7\u00e3o, o candidato dever\u00e1 preencher o formul\u00e1rio online e anexar digitalmente toda a documenta\u00e7\u00e3o exigida, como curr\u00edculo, diplomas, documentos de identifica\u00e7\u00e3o e os comprovantes para a avalia\u00e7\u00e3o de t\u00edtulos. \u00c9 fundamental que todos os arquivos enviados estejam leg\u00edveis e completos, pois a documenta\u00e7\u00e3o ser\u00e1 utilizada na etapa de classifica\u00e7\u00e3o.<\/p>\n<p>Ap\u00f3s a finaliza\u00e7\u00e3o do processo, o candidato deve acompanhar o status da sua inscri\u00e7\u00e3o e o envio dos documentos na \u00e1rea restrita do portal da banca. Para garantir a correta participa\u00e7\u00e3o, \u00e9 imprescind\u00edvel a leitura completa do edital.<\/p>\n<h2>Etapas e Provas<\/h2>\n<p>O Processo Seletivo Simplificado da Prefeitura de S\u00e3o Francisco do Conde ser\u00e1 realizado em <strong>etapa \u00fanica<\/strong>, que consiste na Avalia\u00e7\u00e3o de T\u00edtulos, de car\u00e1ter eliminat\u00f3rio e classificat\u00f3rio. N\u00e3o haver\u00e1 aplica\u00e7\u00e3o de provas objetivas ou discursivas.<\/p>\n<ul>\n<li><strong>Avalia\u00e7\u00e3o de T\u00edtulos:<\/strong> Esta etapa visa analisar a forma\u00e7\u00e3o acad\u00eamica e a experi\u00eancia profissional dos candidatos. A pontua\u00e7\u00e3o ser\u00e1 atribu\u00edda com base nos documentos comprobat\u00f3rios enviados durante o per\u00edodo de inscri\u00e7\u00e3o. Ser\u00e3o desclassificados os candidatos que obtiverem pontua\u00e7\u00e3o total igual ou inferior a 10 pontos.<\/li>\n<li><strong>Documenta\u00e7\u00e3o Comprobat\u00f3ria:<\/strong> Os candidatos dever\u00e3o anexar, no ato da inscri\u00e7\u00e3o, todos os documentos que comprovem sua titula\u00e7\u00e3o e experi\u00eancia, como diplomas de gradua\u00e7\u00e3o, p\u00f3s-gradua\u00e7\u00e3o, certificados de cursos e comprovantes de atua\u00e7\u00e3o profissional na \u00e1rea da vaga pretendida. Documentos ileg\u00edveis ou enviados fora do prazo n\u00e3o ser\u00e3o considerados.<\/li>\n<li><strong>Crit\u00e9rios de Avalia\u00e7\u00e3o:<\/strong> A pontua\u00e7\u00e3o ser\u00e1 calculada conforme os crit\u00e9rios detalhados no edital, que especificam o valor de cada t\u00edtulo e o limite m\u00e1ximo de pontos. Ser\u00e3o considerados apenas cursos e experi\u00eancias pertinentes \u00e0 fun\u00e7\u00e3o desejada.<\/li>\n<\/ul>\n<p>Para conhecer a tabela de pontua\u00e7\u00e3o completa, os crit\u00e9rios de comprova\u00e7\u00e3o de experi\u00eancia e todas as regras da avalia\u00e7\u00e3o, a leitura atenta do edital \u00e9 fundamental.<\/p>\n<h2>Resultados e Gabarito<\/h2>\n<p>O cronograma do certame j\u00e1 define as principais datas para a divulga\u00e7\u00e3o dos resultados, que devem ser acompanhadas pelos candidatos no site da banca organizadora.<\/p>\n<ul>\n<li><strong>Resultados Preliminares:<\/strong> A lista com o resultado preliminar da an\u00e1lise de t\u00edtulos est\u00e1 prevista para ser divulgada no dia 26 de setembro de 2025.<\/li>\n<li><strong>Recursos:<\/strong> Os candidatos poder\u00e3o interpor recursos contra o resultado preliminar nos dias 29 e 30 de setembro de 2025.<\/li>\n<li><strong>Resultado Final e Homologa\u00e7\u00e3o:<\/strong> O resultado final do processo seletivo ser\u00e1 publicado em 15 de outubro de 2025, com a homologa\u00e7\u00e3o prevista para o dia seguinte, 16 de outubro de 2025.<\/li>\n<\/ul>\n<p>Em caso de empate na pontua\u00e7\u00e3o final, os crit\u00e9rios de desempate seguir\u00e3o a seguinte ordem: maior pontua\u00e7\u00e3o na experi\u00eancia profissional na fun\u00e7\u00e3o pretendida e, persistindo o empate, maior idade. A convoca\u00e7\u00e3o dos candidatos aprovados come\u00e7ar\u00e1 a partir de 20 de outubro de 2025 e ser\u00e1 publicada no Di\u00e1rio Oficial do Munic\u00edpio de S\u00e3o Francisco do Conde.<\/p>\n<p>\u00c9 de responsabilidade exclusiva do candidato acompanhar todas as publica\u00e7\u00f5es oficiais, incluindo resultados, convoca\u00e7\u00f5es e eventuais retifica\u00e7\u00f5es, no site da banca organizadora INAZ DO PAR\u00c1 e no Di\u00e1rio Oficial do Munic\u00edpio.<\/p>\n","protected":false},"excerpt":{"rendered":"<p>Inscri\u00e7\u00f5es abrem 27\/08! Sel. Simplificada Pref. S\u00e3o Francisco do Conde (BA) p\/ Assistente Social e + (M\u00e9dio a Sup.). At\u00e9 R$ 13.2k. 243+CR vagas. Veja o edital!<\/p>\n","protected":false},"author":7,"featured_media":270608,"comment_status":"open","ping_status":"open","sticky":false,"template":"","format":"standard","meta":{"_acf_changed":false,"_breakdance_hide_in_design_set":false,"_breakdance_tags":"","footnotes":""},"categories":[10,11,18,19,21,23,24,26,101,130,134],"tags":[42],"_amplo":[],"destaque":[],"instituicoes":[],"class_list":["post-270609","post","type-post","status-publish","format-standard","has-post-thumbnail","hentry","category-direito","category-educacao-fisica","category-fisioterapia","category-fonoaudiologia","category-medicina","category-nutricao","category-odontologia","category-psicologia","category-servico-social","category-tecnico-informatica","category-terapia-ocupacional","tag-bahia"],"acf":{"_tipo_vagas":"vagas","_numero_vagas":"","_quadro_vagas":"","_cargos":"diversos","_cargos_especificos":"","_salario_max":"R$ 13250","_abertura":"20250827","_encerramento":"20250901","_inscricoes":"https:\/\/paconcursos.selecao.net.br","_executora_concurso":"","_instituicao_concurso":[],"_link_adicional":null,"_anexos":null,"_produtos":null,"_vagas":"243 vagas + CR","_salario_min":"R$ 1624","_instituicao":"Prefeitura de S\u00e3o Francisco do Conde","_edital":"https:\/\/www.agrobase.com.br\/concursos\/wp-content\/uploads\/sites\/4\/2025\/08\/edital-02-2025-prefeitura-de-sao-francisco-do-conde-ba.pdf","_anexos_edital":"https:\/\/www.agrobase.com.br\/concursos\/wp-content\/uploads\/sites\/4\/2025\/08\/anexos-edital-02-2025-prefeitura-de-sao-francisco-do-conde-ba.pdf","_fund_incompleto":"","_fund_completo":"","_medio":"<div>\r\n<table class=\"quadro\">\r\n<thead>\r\n<tr>\r\n<th class=\"hcargo\">Cargo<\/th>\r\n<th class=\"hvagas\">Vagas<\/th>\r\n<th class=\"hremuneracao\">Remunera\u00e7\u00e3o<\/th>\r\n<\/tr>\r\n<\/thead>\r\n    <tbody>\r\n      <td class=\"ccargos\">Auxiliar de Cuidador Social (Idoso)<\/td>\r\n<td class=\"cvagas\">13 + CR<\/td>\r\n<td class=\"cremuneracao\">R$ 1.624,00 \/40h<\/td>\r\n<\/tr><td class=\"ccargos\">Auxiliar Administrativo<\/td>\r\n<td class=\"cvagas\">13 + CR<\/td>\r\n<td class=\"cremuneracao\">R$ 1.800,00 \/40h<\/td>\r\n<\/tr><td class=\"ccargos\">Atendente Previdenci\u00e1rio<\/td>\r\n<td class=\"cvagas\">04 + CR<\/td>\r\n<td class=\"cremuneracao\">R$ 1.800,00 \/40h<\/td>\r\n<\/tr><td class=\"ccargos\">Cadastrador<\/td>\r\n<td class=\"cvagas\">09 + CR<\/td>\r\n<td class=\"cremuneracao\">R$ 2.000,00 \/40h<\/td>\r\n<\/tr><td class=\"ccargos\">Cozinheiros\/Merendeira<\/td>\r\n<td class=\"cvagas\">16 + CR<\/td>\r\n<td class=\"cremuneracao\">R$ 1.624,00 \/40h<\/td>\r\n<\/tr><td class=\"ccargos\">Cuidador Social<\/td>\r\n<td class=\"cvagas\">06 + CR<\/td>\r\n<td class=\"cremuneracao\">R$ 1.800,00 \/40h<\/td>\r\n<\/tr><td class=\"ccargos\">Educador Social<\/td>\r\n<td class=\"cvagas\">10 + CR<\/td>\r\n<td class=\"cremuneracao\">R$ 1.800,00 \/40h<\/td>\r\n<\/tr><td class=\"ccargos\">Orientador Social<\/td>\r\n<td class=\"cvagas\">10 + CR<\/td>\r\n<td class=\"cremuneracao\">R$ 1.800,00 \/40h<\/td>\r\n<\/tr><td class=\"ccargos\">Facilitador de Oficinas<\/td>\r\n<td class=\"cvagas\">13 + CR<\/td>\r\n<td class=\"cremuneracao\">R$ 1.800,00 \/40h<\/td>\r\n<\/tr><td class=\"ccargos\">Motorista Cat. B<\/td>\r\n<td class=\"cvagas\">13 + CR<\/td>\r\n<td class=\"cremuneracao\">R$ 1.930,00 \/40h<\/td>\r\n<\/tr><td class=\"ccargos\">Motorista Cat. D<\/td>\r\n<td class=\"cvagas\">12 + CR<\/td>\r\n<td class=\"cremuneracao\">R$ 2.300,00 \/40h<\/td>\r\n<\/tr><td class=\"ccargos\">Office Boy<\/td>\r\n<td class=\"cvagas\">05 + CR<\/td>\r\n<td class=\"cremuneracao\">R$ 1.660,00 \/40h<\/td>\r\n<\/tr><td class=\"ccargos\">Recepcionista<\/td>\r\n<td class=\"cvagas\">19 + CR<\/td>\r\n<td class=\"cremuneracao\">R$ 1.660,00 \/40h<\/td>\r\n<\/tr><td class=\"ccargos\">T\u00e9cnico de Inform\u00e1tica<\/td>\r\n<td class=\"cvagas\">05 + CR<\/td>\r\n<td class=\"cremuneracao\">R$ 1.800,00 \/40h<\/td>\r\n<\/tr><td class=\"ccargos\">Visitador Social<\/td>\r\n<td class=\"cvagas\">08 + CR<\/td>\r\n<td class=\"cremuneracao\">R$ 1.800,00 \/40h<\/td>\r\n<\/tr><td class=\"ccargos\">Auxiliar de almoxarifado<\/td>\r\n<td class=\"cvagas\">02 + CR<\/td>\r\n<td class=\"cremuneracao\">R$ 1.800,00 \/40h<\/td>\r\n<\/tr><td class=\"ccargos\">Entregador<\/td>\r\n<td class=\"cvagas\">04 + CR<\/td>\r\n<td class=\"cremuneracao\">R$ 1.800,00 \/40h<\/td>\r\n<\/tr>\r\n    <\/tbody>\r\n  <\/table>\r\n<\/div>","_superior":"<div>\r\n<table class=\"quadro\">\r\n<thead>\r\n<tr>\r\n<th class=\"hcargo\">Cargo<\/th>\r\n<th class=\"hvagas\">Vagas<\/th>\r\n<th class=\"hremuneracao\">Remunera\u00e7\u00e3o<\/th>\r\n<\/tr>\r\n<\/thead>\r\n    <tbody>\r\n      <tr>\r\n<td class=\"ccargos\">Assistente Social<\/td>\r\n<td class=\"cvagas\">24 + CR<\/td>\r\n<td class=\"cremuneracao\">R$ 3.446,00 \/30h<\/td>\r\n<\/tr><tr>\r\n<td class=\"ccargos\">Advogado<\/td>\r\n<td class=\"cvagas\">07 + CR<\/td>\r\n<td class=\"cremuneracao\">R$ 4.000,00 \/30h<\/td>\r\n<\/tr><tr>\r\n<td class=\"ccargos\">Advogado CEJUSC<\/td>\r\n<td class=\"cvagas\">03 + CR<\/td>\r\n<td class=\"cremuneracao\">R$ 4.000,00 \/30h<\/td>\r\n<\/tr><tr>\r\n<td class=\"ccargos\">Educador F\u00edsico<\/td>\r\n<td class=\"cvagas\">02 + CR<\/td>\r\n<td class=\"cremuneracao\">R$ 3.446,00 \/30h<\/td>\r\n<\/tr><tr>\r\n<td class=\"ccargos\">Musicoterapeuta<\/td>\r\n<td class=\"cvagas\">02 + CR<\/td>\r\n<td class=\"cremuneracao\">R$ 3.000,00 \/30h<\/td>\r\n<\/tr><tr>\r\n<td class=\"ccargos\">Nutricionista<\/td>\r\n<td class=\"cvagas\">02 + CR<\/td>\r\n<td class=\"cremuneracao\">R$ 3.346,00 \/30h<\/td>\r\n<\/tr><tr>\r\n<td class=\"ccargos\">Psic\u00f3logo<\/td>\r\n<td class=\"cvagas\">12 + CR<\/td>\r\n<td class=\"cremuneracao\">R$ 3.446,00 \/30h<\/td>\r\n<\/tr><tr>\r\n<td class=\"ccargos\">Fisioterapeuta<\/td>\r\n<td class=\"cvagas\">02 + CR<\/td>\r\n<td class=\"cremuneracao\">R$ 3.346,00 \/30h<\/td>\r\n<\/tr><tr>\r\n<td class=\"ccargos\">Dentista Protesista<\/td>\r\n<td class=\"cvagas\">02 + CR<\/td>\r\n<td class=\"cremuneracao\">R$ 6.072,00 \/20h<\/td>\r\n<\/tr><tr>\r\n<td class=\"ccargos\">M\u00e9dico Geriatra<\/td>\r\n<td class=\"cvagas\">02 + CR<\/td>\r\n<td class=\"cremuneracao\">R$ 8.000,00 \/20h<\/td>\r\n<\/tr><tr>\r\n<td class=\"ccargos\">Fisioterapeuta<\/td>\r\n<td class=\"cvagas\">02 + CR<\/td>\r\n<td class=\"cremuneracao\">R$ 3.346,00 \/30h<\/td>\r\n<\/tr><tr>\r\n<td class=\"ccargos\">Psicomotricista<\/td>\r\n<td class=\"cvagas\">02 + CR<\/td>\r\n<td class=\"cremuneracao\">R$ 4.000,00 \/30h<\/td>\r\n<\/tr><tr>\r\n<td class=\"ccargos\">Educador F\u00edsico<\/td>\r\n<td class=\"cvagas\">01 + CR<\/td>\r\n<td class=\"cremuneracao\">R$ 3.446,00 \/30h<\/td>\r\n<\/tr><tr>\r\n<td class=\"ccargos\">Psic\u00f3logo<\/td>\r\n<td class=\"cvagas\">02 + CR<\/td>\r\n<td class=\"cremuneracao\">R$ 3.446,00 \/30h<\/td>\r\n<\/tr><tr>\r\n<td class=\"ccargos\">Assistente Social<\/td>\r\n<td class=\"cvagas\">01 + CR<\/td>\r\n<td class=\"cremuneracao\">R$ 3.446,00 \/30h<\/td>\r\n<\/tr><tr>\r\n<td class=\"ccargos\">Terapeuta Ocupacional<\/td>\r\n<td class=\"cvagas\">02 + CR<\/td>\r\n<td class=\"cremuneracao\">R$ 3.346,00 \/30h<\/td>\r\n<\/tr><tr>\r\n<td class=\"ccargos\">Psicopedagogo<\/td>\r\n<td class=\"cvagas\">02 + CR<\/td>\r\n<td class=\"cremuneracao\">R$ 4.000,00 \/30h<\/td>\r\n<\/tr><tr>\r\n<td class=\"ccargos\">Neuropsic\u00f3logo<\/td>\r\n<td class=\"cvagas\">01 + CR<\/td>\r\n<td class=\"cremuneracao\">R$ 5.000,00 \/30h<\/td>\r\n<\/tr><tr>\r\n<td class=\"ccargos\">Nutricionista<\/td>\r\n<td class=\"cvagas\">01 + CR<\/td>\r\n<td class=\"cremuneracao\">R$ 3.346,00 \/30h<\/td>\r\n<\/tr><tr>\r\n<td class=\"ccargos\">Neuropediatra<\/td>\r\n<td class=\"cvagas\">01 + CR<\/td>\r\n<td class=\"cremuneracao\">R$ 13.250,00 \/30h<\/td>\r\n<\/tr><tr>\r\n<td class=\"ccargos\">Assistente Terap\u00eautico<\/td>\r\n<td class=\"cvagas\">03 + CR<\/td>\r\n<td class=\"cremuneracao\">R$ 3.000,00 \/30h<\/td>\r\n<\/tr><tr>\r\n<td class=\"ccargos\">Fonoaudi\u00f3logo<\/td>\r\n<td class=\"cvagas\">03 + CR<\/td>\r\n<td class=\"cremuneracao\">R$ 3.446,00 \/30h<\/td>\r\n<\/tr><tr>\r\n<td class=\"ccargos\">Musicoterapeuta<\/td>\r\n<td class=\"cvagas\">01 + CR<\/td>\r\n<td class=\"cremuneracao\">R$ 3.200,00 \/30h<\/td>\r\n<\/tr><tr>\r\n<td class=\"ccargos\">Arteterapeuta<\/td>\r\n<td class=\"cvagas\">01 + CR<\/td>\r\n<td class=\"cremuneracao\">R$ 3.200,00 \/30h<\/td>\r\n<\/tr>\r\n    <\/tbody>\r\n  <\/table>\r\n<\/div>"},"_links":{"self":[{"href":"https:\/\/www.agrobase.com.br\/concursos\/wp-json\/wp\/v2\/posts\/270609","targetHints":{"allow":["GET"]}}],"collection":[{"href":"https:\/\/www.agrobase.com.br\/concursos\/wp-json\/wp\/v2\/posts"}],"about":[{"href":"https:\/\/www.agrobase.com.br\/concursos\/wp-json\/wp\/v2\/types\/post"}],"author":[{"embeddable":true,"href":"https:\/\/www.agrobase.com.br\/concursos\/wp-json\/wp\/v2\/users\/7"}],"replies":[{"embeddable":true,"href":"https:\/\/www.agrobase.com.br\/concursos\/wp-json\/wp\/v2\/comments?post=270609"}],"version-history":[{"count":2,"href":"https:\/\/www.agrobase.com.br\/concursos\/wp-json\/wp\/v2\/posts\/270609\/revisions"}],"predecessor-version":[{"id":270613,"href":"https:\/\/www.agrobase.com.br\/concursos\/wp-json\/wp\/v2\/posts\/270609\/revisions\/270613"}],"wp:featuredmedia":[{"embeddable":true,"href":"https:\/\/www.agrobase.com.br\/concursos\/wp-json\/wp\/v2\/media\/270608"}],"wp:attachment":[{"href":"https:\/\/www.agrobase.com.br\/concursos\/wp-json\/wp\/v2\/media?parent=270609"}],"wp:term":[{"taxonomy":"category","embeddable":true,"href":"https:\/\/www.agrobase.com.br\/concursos\/wp-json\/wp\/v2\/categories?post=270609"},{"taxonomy":"post_tag","embeddable":true,"href":"https:\/\/www.agrobase.com.br\/concursos\/wp-json\/wp\/v2\/tags?post=270609"},{"taxonomy":"_amplo","embeddable":true,"href":"https:\/\/www.agrobase.com.br\/concursos\/wp-json\/wp\/v2\/_amplo?post=270609"},{"taxonomy":"destaque","embeddable":true,"href":"https:\/\/www.agrobase.com.br\/concursos\/wp-json\/wp\/v2\/destaque?post=270609"},{"taxonomy":"instituicoes","embeddable":true,"href":"https:\/\/www.agrobase.com.br\/concursos\/wp-json\/wp\/v2\/instituicoes?post=270609"}],"curies":[{"name":"wp","href":"https:\/\/api.w.org\/{rel}","templated":true}]}}