{"id":270594,"date":"2025-08-28T08:30:50","date_gmt":"2025-08-28T11:30:50","guid":{"rendered":"https:\/\/www.agrobase.com.br\/concursos\/?p=270594"},"modified":"2025-08-28T11:31:30","modified_gmt":"2025-08-28T14:31:30","slug":"see-df-df-selecao-simplificada-36-2025","status":"publish","type":"post","link":"https:\/\/www.agrobase.com.br\/concursos\/2025\/see-df-df-selecao-simplificada-36-2025\/","title":{"rendered":"SEE DF (DF) &#8211; Sele\u00e7\u00e3o Simplificada 36\/2025"},"content":{"rendered":"<h2>Informa\u00e7\u00f5es Gerais<\/h2>\n<p>A Secretaria de Estado de Educa\u00e7\u00e3o do Distrito Federal (SEEDF) publicou o <strong>Edital n\u00ba 36\/2025<\/strong>, que rege o Processo Seletivo Simplificado para contrata\u00e7\u00e3o tempor\u00e1ria de Professores Substitutos. Organizado pelo Instituto Quadrix, o certame visa formar um Banco de Reservas para suprir car\u00eancias na rede p\u00fablica de ensino do DF durante o ano letivo de 2026, com possibilidade de prorroga\u00e7\u00e3o para 2027.<\/p>\n<p>As oportunidades s\u00e3o destinadas a candidatos com <strong>n\u00edvel superior<\/strong> em diversas \u00e1reas de forma\u00e7\u00e3o para atua\u00e7\u00e3o na Educa\u00e7\u00e3o B\u00e1sica. \u00c9 importante ressaltar que a contrata\u00e7\u00e3o \u00e9 tempor\u00e1ria e n\u00e3o estabelece v\u00ednculo empregat\u00edcio com o Governo do Distrito Federal. O processo seletivo abrange um vasto leque de especialidades, incluindo \u00e1reas como Letras, Matem\u00e1tica, Hist\u00f3ria, Educa\u00e7\u00e3o F\u00edsica e Pedagogia.<\/p>\n<p>Para os profissionais das \u00e1reas de ci\u00eancias da natureza e sa\u00fade, o edital traz oportunidades para as \u00e1reas de <strong>Biologia<\/strong> e <strong>Nutri\u00e7\u00e3o<\/strong>, representando uma excelente chance de atuar na educa\u00e7\u00e3o p\u00fablica do DF. Os candidatos aprovados ser\u00e3o classificados em bancos regionais, de acordo com a Coordena\u00e7\u00e3o Regional de Ensino (CRE) escolhida no momento da inscri\u00e7\u00e3o. Continue a leitura para conferir os detalhes sobre as inscri\u00e7\u00f5es, etapas e cronograma completo deste processo seletivo.<\/p>\n<h2>Inscri\u00e7\u00f5es<\/h2>\n<p>As inscri\u00e7\u00f5es para o processo seletivo da SEEDF estar\u00e3o abertas das <strong>10h de 8 de setembro de 2025 at\u00e9 as 23h de 22 de setembro de 2025<\/strong> (hor\u00e1rio de Bras\u00edlia). Todo o procedimento deve ser realizado exclusivamente pela internet, atrav\u00e9s do site oficial da banca organizadora, o Instituto Quadrix, no endere\u00e7o <em>concursos.quadrix.org.br<\/em>.<\/p>\n<p>Os valores da taxa de inscri\u00e7\u00e3o foram definidos da seguinte forma:<\/p>\n<ul>\n<li><strong>R$ 58,00<\/strong> para professor substituto com atua\u00e7\u00e3o no turno diurno;<\/li>\n<li><strong>R$ 20,00<\/strong> para professor substituto com atua\u00e7\u00e3o no turno noturno.<\/li>\n<\/ul>\n<p>O pagamento deve ser efetuado por meio de boleto banc\u00e1rio, que pode ser quitado via PIX (utilizando o QR Code ou a fun\u00e7\u00e3o &#8220;copia e cola&#8221;) ou pelo c\u00f3digo de barras em qualquer banco, casas lot\u00e9ricas ou Correios, at\u00e9 a data de vencimento. \u00c9 fundamental que o candidato confira se o nome do benefici\u00e1rio no momento do pagamento \u00e9 &#8220;INSTITUTO QUADRIX&#8221; para garantir a valida\u00e7\u00e3o da inscri\u00e7\u00e3o. O edital prev\u00ea a possibilidade de isen\u00e7\u00e3o da taxa, e os crit\u00e9rios e procedimentos para solicita\u00e7\u00e3o devem ser consultados no documento oficial. Ap\u00f3s a inscri\u00e7\u00e3o, o candidato deve acompanhar sua situa\u00e7\u00e3o na \u00e1rea restrita do site da banca. Para garantir a participa\u00e7\u00e3o, \u00e9 indispens\u00e1vel a leitura completa do edital.<\/p>\n<h2>Etapas e Provas<\/h2>\n<p>O processo seletivo para Professor Substituto da SEEDF ser\u00e1 composto por at\u00e9 duas fases, a depender da \u00e1rea de forma\u00e7\u00e3o escolhida pelo candidato. A estrutura de avalia\u00e7\u00e3o foi projetada para analisar tanto os conhecimentos te\u00f3ricos quanto as habilidades pr\u00e1ticas espec\u00edficas de cada \u00e1rea.<\/p>\n<p>As etapas do certame s\u00e3o:<\/p>\n<ul>\n<li><strong>Prova Objetiva:<\/strong> De car\u00e1ter eliminat\u00f3rio e classificat\u00f3rio, ser\u00e1 aplicada a todos os candidatos. A prova ser\u00e1 composta por 120 itens para julgamento como CERTO ou ERRADO, distribu\u00eddos entre Conhecimentos B\u00e1sicos (30 itens), Conhecimentos Complementares (40 itens) e Conhecimentos Espec\u00edficos (50 itens). A dura\u00e7\u00e3o total ser\u00e1 de 3 horas e 30 minutos. O sistema de pontua\u00e7\u00e3o atribui 1,00 ponto para cada resposta correta, -0,50 ponto para cada resposta errada e 0,00 para itens n\u00e3o marcados ou com marca\u00e7\u00e3o dupla. Ser\u00e1 eliminado o candidato que n\u00e3o atingir as notas m\u00ednimas por \u00e1rea de conhecimento ou a pontua\u00e7\u00e3o m\u00ednima de 36,00 pontos no total da prova.<\/li>\n<li><strong>Prova Pr\u00e1tica:<\/strong> De car\u00e1ter eliminat\u00f3rio, esta etapa \u00e9 exclusiva para os candidatos da \u00e1rea de forma\u00e7\u00e3o em <em>M\u00fasica<\/em>, aprovados na prova objetiva. A avalia\u00e7\u00e3o consistir\u00e1 em uma an\u00e1lise da profici\u00eancia t\u00e9cnico-art\u00edstica na modalidade escolhida (instrumental, vocal, reg\u00eancia ou audiovisual), valendo 10,00 pontos. Ser\u00e1 considerado apto o candidato que obtiver nota igual ou superior a 5,00 pontos.<\/li>\n<\/ul>\n<p>Para obter informa\u00e7\u00f5es detalhadas sobre o conte\u00fado program\u00e1tico, os crit\u00e9rios de avalia\u00e7\u00e3o de cada etapa e o cronograma completo, a leitura atenta do edital \u00e9 fundamental.<\/p>\n<h2>Resultados e Gabarito<\/h2>\n<p>A divulga\u00e7\u00e3o de todos os resultados do processo seletivo da SEEDF ser\u00e1 centralizada no site da banca organizadora, o Instituto Quadrix. Os candidatos devem acompanhar atentamente as publica\u00e7\u00f5es para n\u00e3o perderem prazos importantes. O gabarito preliminar da prova objetiva est\u00e1 previsto para ser divulgado em <strong>19 de outubro de 2025<\/strong>, e o resultado final do certame em <strong>9 de dezembro de 2025<\/strong>.<\/p>\n<p>A nota final dos candidatos ser\u00e1 correspondente \u00e0 pontua\u00e7\u00e3o obtida na prova objetiva. A classifica\u00e7\u00e3o ser\u00e1 feita em ordem decrescente da nota final, por \u00e1rea de forma\u00e7\u00e3o, local de atua\u00e7\u00e3o e turno. Em caso de empate, ser\u00e3o aplicados os seguintes crit\u00e9rios de desempate, nesta ordem:<\/p>\n<ul>\n<li>Idade igual ou superior a 60 anos;<\/li>\n<li>Exerc\u00edcio da fun\u00e7\u00e3o de jurado;<\/li>\n<li>Maior nota em Conhecimentos Espec\u00edficos;<\/li>\n<li>Maior n\u00famero de acertos em Conhecimentos Espec\u00edficos;<\/li>\n<li>Maior nota em Conhecimentos Complementares;<\/li>\n<li>Maior idade (considerando at\u00e9 a hora de nascimento, se necess\u00e1rio).<\/li>\n<\/ul>\n<p>A homologa\u00e7\u00e3o do resultado final ser\u00e1 publicada no Di\u00e1rio Oficial do Distrito Federal (DODF), sendo este o documento oficial que comprova a aprova\u00e7\u00e3o. A convoca\u00e7\u00e3o dos aprovados, que compor\u00e3o o Banco de Reservas, ocorrer\u00e1 conforme a necessidade da SEEDF, e os candidatos ter\u00e3o apenas a expectativa de direito \u00e0 contrata\u00e7\u00e3o.<\/p>\n<p>\u00c9 de responsabilidade exclusiva do candidato acompanhar todas as publica\u00e7\u00f5es, convoca\u00e7\u00f5es e comunicados referentes ao processo seletivo no site do Instituto Quadrix e nos meios oficiais de comunica\u00e7\u00e3o do Governo do Distrito Federal.<\/p>\n","protected":false},"excerpt":{"rendered":"<p>Sel. Simplificada SEE DF com edital publicado! Vagas p\/ Professor\/Substituto (Superior). Inscri\u00e7\u00f5es a partir de 08\/09. Confira detalhes!<\/p>\n","protected":false},"author":7,"featured_media":270593,"comment_status":"open","ping_status":"open","sticky":false,"template":"","format":"standard","meta":{"_acf_changed":false,"_breakdance_hide_in_design_set":false,"_breakdance_tags":"","footnotes":""},"categories":[3,5,145,6433,7,126,9,121,10,141,6434,12,14,151,103,142,104,133,102,136,17,112,122,18,111,100,20,6872,6871,116,119,23,25,26,6435,118],"tags":[44],"_amplo":[],"destaque":[],"instituicoes":[],"class_list":["post-270594","post","type-post","status-publish","format-standard","has-post-thumbnail","hentry","category-administracao","category-arquitetura","category-artes-cenicas","category-biologia-licenciatura","category-biomedicina","category-ciencia-computacao","category-ciencias-contabeis","category-ciencias-sociais","category-direito","category-educacao-artistica","category-educacao-fisica-licenciatura","category-enfermagem","category-engenharia","category-engenharia-computacao","category-engenharia-eletrica","category-engenharia-eletronica","category-engenharia-mecanica","category-engenharia-mecatronica","category-engenharia-quimica","category-estatistica","category-farmacia","category-filosofia","category-fisica","category-fisioterapia","category-geografia","category-historia","category-letras","category-letras-espanhol","category-letras-ingles","category-matematica","category-musica","category-nutricao","category-pedagogia","category-psicologia","category-quimica-licenciatura","category-sociologia","tag-distrito-federal"],"acf":{"_tipo_vagas":"vagas","_numero_vagas":"","_quadro_vagas":"","_cargos":"diversos","_cargos_especificos":"","_salario_max":"R$ 6.427,71","_abertura":"20250908","_encerramento":"20250922","_inscricoes":"https:\/\/concursos.quadrix.org.br","_executora_concurso":"","_instituicao_concurso":[],"_link_adicional":null,"_anexos":null,"_produtos":null,"_vagas":"CR","_salario_min":"R$ 6.427,71","_instituicao":"SEE DF","_edital":"https:\/\/www.agrobase.com.br\/concursos\/wp-content\/uploads\/sites\/4\/2025\/08\/edital-36-2025-see-df.pdf","_anexos_edital":"https:\/\/www.agrobase.com.br\/concursos\/wp-content\/uploads\/sites\/4\/2025\/08\/anexos-edital-36-2025-see-df.pdf","_fund_incompleto":"","_fund_completo":"","_medio":"","_superior":"<div>\r\n<table class=\"quadro\">\r\n<thead>\r\n<tr>\r\n<th class=\"hcargo\">Cargo<\/th>\r\n\r\n<th class=\"hremuneracao\">Remunera\u00e7\u00e3o<\/th>\r\n<\/tr>\r\n<\/thead>\r\n    <tbody>\r\n      <tr>\r\n<td class=\"ccargos\">\r\n<span data-balloon-length=\"medium\" aria-label=\"diploma, devidamente registrado, de conclus\u00e3o de curso de bacharelado em Administra\u00e7\u00e3o, acrescido de diploma de curso de Forma\u00e7\u00e3o Pedag\u00f3gica para graduados n\u00e3o licenciados, fornecido por Institui\u00e7\u00e3o de Educa\u00e7\u00e3o Superior reconhecida pelo Minist\u00e9rio da Educa\u00e7\u00e3o - MEC.\" data-balloon-pos=\"up\">Professor de Educa\u00e7\u00e3o B\u00e1sica - Administra\u00e7\u00e3o<\/span><\/td>\r\n\r\n<td class=\"cremuneracao\">R$ 6.427,71<\/td>\r\n<\/tr><tr>\r\n<td class=\"ccargos\">\r\n<span data-balloon-length=\"medium\" aria-label=\"diploma, devidamente registrado, de conclus\u00e3o de curso de bacharelado em Arquitetura e Urbanismo, acrescido de diploma de curso de Forma\u00e7\u00e3o Pedag\u00f3gica para graduados n\u00e3o licenciados, fornecido por Institui\u00e7\u00e3o de Educa\u00e7\u00e3o Superior reconhecida pelo MEC.\" data-balloon-pos=\"up\">Professor de Educa\u00e7\u00e3o B\u00e1sica - Arquitetura<\/span><\/td>\r\n\r\n<td class=\"cremuneracao\">R$ 6.427,71<\/td>\r\n<\/tr><tr>\r\n<td class=\"ccargos\">\r\n<span data-balloon-length=\"medium\" aria-label=\"diploma, devidamente registrado, de conclus\u00e3o de curso de Licenciatura em Educa\u00e7\u00e3o Art\u00edstica com habilita\u00e7\u00e3o em Artes C\u00eanicas; ou Licenciatura em Artes C\u00eanicas; ou Licenciatura em Teatro; ou bacharelado em Teatro acrescido de diploma de curso de Forma\u00e7\u00e3o Pedag\u00f3gica para graduados n\u00e3o licenciados; ou Licenciatura em Educa\u00e7\u00e3o Art\u00edstica com habilita\u00e7\u00e3o em Dan\u00e7a; ou Licenciatura em Dan\u00e7a; ou bacharelado em Dan\u00e7a acrescido de diploma de curso de Forma\u00e7\u00e3o Pedag\u00f3gica para graduados n\u00e3o licenciados; ou Licenciatura em Educa\u00e7\u00e3o Art\u00edstica com habilita\u00e7\u00e3o em M\u00fasica; ou Licenciatura em M\u00fasica; ou bacharelado em M\u00fasica acrescido de diploma de curso de Forma\u00e7\u00e3o Pedag\u00f3gica para graduados n\u00e3o licenciados; ou Licenciatura em Educa\u00e7\u00e3o Art\u00edstica com habilita\u00e7\u00e3o em Artes Pl\u00e1sticas; ou Licenciatura em Artes Pl\u00e1sticas ou bacharelado em Artes Pl\u00e1sticas acrescido de diploma de curso de Forma\u00e7\u00e3o Pedag\u00f3gica para graduados n\u00e3o licenciados; ou Licenciatura em Educa\u00e7\u00e3o Art\u00edstica com habilita\u00e7\u00e3o em Artes Visuais; ou Licenciatura em Artes Visuais, ou bacharelado em Artes Visuais acrescido de diploma de curso de Forma\u00e7\u00e3o Pedag\u00f3gica para graduados n\u00e3o licenciados; fornecidos por Institui\u00e7\u00e3o de Educa\u00e7\u00e3o Superior reconhecida pelo MEC.\" data-balloon-pos=\"up\">Professor de Educa\u00e7\u00e3o B\u00e1sica - Artes<\/span><\/td>\r\n\r\n<td class=\"cremuneracao\">R$ 6.427,71<\/td>\r\n<\/tr><tr>\r\n<td class=\"ccargos\">\r\n<span data-balloon-length=\"medium\" aria-label=\"diploma, devidamente registrado, de conclus\u00e3o de curso de Licenciatura em Biologia ou em Ci\u00eancias F\u00edsicas e\/ou Biol\u00f3gicas; ou em Ci\u00eancias com habilita\u00e7\u00e3o em Biologia, ou bacharelado em Biologia acrescido de diploma de curso de Forma\u00e7\u00e3o Pedag\u00f3gica para graduados n\u00e3o licenciados, fornecido por Institui\u00e7\u00e3o de Educa\u00e7\u00e3o Superior reconhecida pelo MEC.\" data-balloon-pos=\"up\">Professor de Educa\u00e7\u00e3o B\u00e1sica - Biologia<\/span><\/td>\r\n\r\n<td class=\"cremuneracao\">R$ 6.427,71<\/td>\r\n<\/tr><tr>\r\n<td class=\"ccargos\">\r\n<span data-balloon-length=\"medium\" aria-label=\"diploma, devidamente registrado, de conclus\u00e3o de curso de bacharelado em Biomedicina, acrescido de diploma de curso de Forma\u00e7\u00e3o Pedag\u00f3gica para graduados n\u00e3o licenciados, fornecido por Institui\u00e7\u00e3o de Educa\u00e7\u00e3o Superior reconhecida pelo MEC.\" data-balloon-pos=\"up\">Professor de Educa\u00e7\u00e3o B\u00e1sica - Biomedicina<\/span><\/td>\r\n\r\n<td class=\"cremuneracao\">R$ 6.427,71<\/td>\r\n<\/tr><tr>\r\n<td class=\"ccargos\">\r\n<span data-balloon-length=\"medium\" aria-label=\"diploma, devidamente registrado, de conclus\u00e3o de curso de Licenciatura em Ci\u00eancias Naturais, ou diploma, devidamente registrado, de conclus\u00e3o de curso de Licenciatura em Biologia ou em Ci\u00eancias F\u00edsicas e\/ou Biol\u00f3gicas; ou em Ci\u00eancias com habilita\u00e7\u00e3o em Biologia; ou bacharelado em Biologia acrescido de diploma de curso de Forma\u00e7\u00e3o Pedag\u00f3gica para graduados n\u00e3o licenciados, fornecido por Institui\u00e7\u00e3o de Educa\u00e7\u00e3o Superior reconhecida pelo MEC.\" data-balloon-pos=\"up\">Professor de Educa\u00e7\u00e3o B\u00e1sica - Ci\u00eancias Naturais<\/span><\/td>\r\n\r\n<td class=\"cremuneracao\">R$ 6.427,71<\/td>\r\n<\/tr><tr>\r\n<td class=\"ccargos\">\r\n<span data-balloon-length=\"medium\" aria-label=\"diploma, devidamente registrado, de conclus\u00e3o de curso de bacharelado em Engenharia Civil, acrescido de diploma de curso de Forma\u00e7\u00e3o Pedag\u00f3gica para graduados n\u00e3o licenciados, fornecido por Institui\u00e7\u00e3o de Educa\u00e7\u00e3o Superior reconhecida pelo MEC; ou diploma, devidamente registrado, de conclus\u00e3o de curso superior de Tecnologia em Constru\u00e7\u00e3o de Edif\u00edcios, acrescido de diploma de curso de Forma\u00e7\u00e3o Pedag\u00f3gica para graduados n\u00e3o licenciados, fornecido por Institui\u00e7\u00e3o de Educa\u00e7\u00e3o Superior reconhecida pelo MEC.\" data-balloon-pos=\"up\">Professor de Educa\u00e7\u00e3o B\u00e1sica - Constru\u00e7\u00e3o Civil<\/span><\/td>\r\n\r\n<td class=\"cremuneracao\">R$ 6.427,71<\/td>\r\n<\/tr><tr>\r\n<td class=\"ccargos\">\r\n<span data-balloon-length=\"medium\" aria-label=\"diploma, devidamente registrado, de conclus\u00e3o de curso de bacharelado em Ci\u00eancias Cont\u00e1beis, acrescido de diploma de curso de Forma\u00e7\u00e3o Pedag\u00f3gica para graduados n\u00e3o licenciados, fornecido por Institui\u00e7\u00e3o de Educa\u00e7\u00e3o Superior reconhecida pelo MEC.\" data-balloon-pos=\"up\">Professor de Educa\u00e7\u00e3o B\u00e1sica - Contabilidade<\/span><\/td>\r\n\r\n<td class=\"cremuneracao\">R$ 6.427,71<\/td>\r\n<\/tr><tr>\r\n<td class=\"ccargos\">\r\n<span data-balloon-length=\"medium\" aria-label=\"diploma, devidamente registrado, de conclus\u00e3o de curso de bacharelado em Direito, acrescido de diploma de curso de Forma\u00e7\u00e3o Pedag\u00f3gica para graduados n\u00e3o licenciados, fornecido por Institui\u00e7\u00e3o de Educa\u00e7\u00e3o Superior reconhecida pelo MEC.\" data-balloon-pos=\"up\">Professor de Educa\u00e7\u00e3o B\u00e1sica - Direito<\/span><\/td>\r\n\r\n<td class=\"cremuneracao\">R$ 6.427,71<\/td>\r\n<\/tr><tr>\r\n<td class=\"ccargos\">\r\n<span data-balloon-length=\"medium\" aria-label=\"diploma, devidamente registrado, de conclus\u00e3o de curso de Licenciatura em Educa\u00e7\u00e3o F\u00edsica, ou bacharelado em Educa\u00e7\u00e3o F\u00edsica acrescido de diploma de curso de Forma\u00e7\u00e3o Pedag\u00f3gica para graduados n\u00e3o licenciados, fornecido por Institui\u00e7\u00e3o de Educa\u00e7\u00e3o Superior reconhecida pelo MEC. Comprova\u00e7\u00e3o de registro profissional no Conselho Regional de Educa\u00e7\u00e3o F\u00edsica (CREF) em plena validade.\" data-balloon-pos=\"up\">Professor de Educa\u00e7\u00e3o B\u00e1sica - Educa\u00e7\u00e3o F\u00edsica<\/span><\/td>\r\n\r\n<td class=\"cremuneracao\">R$ 6.427,71<\/td>\r\n<\/tr><tr>\r\n<td class=\"ccargos\">\r\n<span data-balloon-length=\"medium\" aria-label=\"diploma, devidamente registrado, de conclus\u00e3o de curso de bacharelado em Engenharia El\u00e9trica ou de Engenharia Eletr\u00f4nica, ou de Engenharia Mecatr\u00f4nica, acrescido de diploma de curso de Forma\u00e7\u00e3o Pedag\u00f3gica para graduados n\u00e3o licenciados, fornecido por Institui\u00e7\u00e3o de Educa\u00e7\u00e3o Superior reconhecida pelo MEC.\" data-balloon-pos=\"up\">Professor de Educa\u00e7\u00e3o B\u00e1sica - Eletr\u00f4nica<\/span><\/td>\r\n\r\n<td class=\"cremuneracao\">R$ 6.427,71<\/td>\r\n<\/tr><tr>\r\n<td class=\"ccargos\">\r\n<span data-balloon-length=\"medium\" aria-label=\"diploma, devidamente registrado, de conclus\u00e3o de curso de bacharelado em Engenharia El\u00e9trica ou de bacharelado em Engenharia Eletr\u00f4nica, ou de Engenharia Mecatr\u00f4nica, acrescido de diploma de curso de Forma\u00e7\u00e3o Pedag\u00f3gica para graduados n\u00e3o licenciados, fornecido por Institui\u00e7\u00e3o de Educa\u00e7\u00e3o Superior reconhecida pelo MEC.\" data-balloon-pos=\"up\">Professor de Educa\u00e7\u00e3o B\u00e1sica - Eletrot\u00e9cnica<\/span><\/td>\r\n\r\n<td class=\"cremuneracao\">R$ 6.427,71<\/td>\r\n<\/tr><tr>\r\n<td class=\"ccargos\">\r\n<span data-balloon-length=\"medium\" aria-label=\"diploma, devidamente registrado, de conclus\u00e3o de curso de Licenciatura em Enfermagem, ou bacharelado em Enfermagem acrescido de diploma de curso de Forma\u00e7\u00e3o Pedag\u00f3gica para graduados n\u00e3o licenciados, fornecido por Institui\u00e7\u00e3o de Educa\u00e7\u00e3o Superior reconhecida pelo MEC. Comprova\u00e7\u00e3o de registro profissional no Conselho Regional de Enfermagem (COREN) em plena validade.\" data-balloon-pos=\"up\">Professor de Educa\u00e7\u00e3o B\u00e1sica - Enfermagem<\/span><\/td>\r\n\r\n<td class=\"cremuneracao\">R$ 6.427,71<\/td>\r\n<\/tr><tr>\r\n<td class=\"ccargos\">\r\n<span data-balloon-length=\"medium\" aria-label=\"diploma, devidamente registrado, de conclus\u00e3o de curso de bacharelado em Farm\u00e1cia, acrescido de diploma de curso de Forma\u00e7\u00e3o Pedag\u00f3gica para graduados n\u00e3o licenciados, fornecido por Institui\u00e7\u00e3o de Educa\u00e7\u00e3o Superior reconhecida pelo MEC.\" data-balloon-pos=\"up\">Professor de Educa\u00e7\u00e3o B\u00e1sica - Farm\u00e1cia<\/span><\/td>\r\n\r\n<td class=\"cremuneracao\">R$ 6.427,71<\/td>\r\n<\/tr><tr>\r\n<td class=\"ccargos\">\r\n<span data-balloon-length=\"medium\" aria-label=\"diploma, devidamente registrado, de conclus\u00e3o de curso de Licenciatura em Filosofia, ou bacharelado em Filosofia acrescido de diploma de curso de Forma\u00e7\u00e3o Pedag\u00f3gica para graduados n\u00e3o licenciados, fornecido por Institui\u00e7\u00e3o de Educa\u00e7\u00e3o Superior reconhecida pelo MEC.\" data-balloon-pos=\"up\">Professor de Educa\u00e7\u00e3o B\u00e1sica - Filosofia<\/span><\/td>\r\n\r\n<td class=\"cremuneracao\">R$ 6.427,71<\/td>\r\n<\/tr><tr>\r\n<td class=\"ccargos\">\r\n<span data-balloon-length=\"medium\" aria-label=\"diploma, devidamente registrado, de conclus\u00e3o de curso de Licenciatura em F\u00edsica, ou Licenciatura em Ci\u00eancias F\u00edsicas e Biol\u00f3gicas com habilita\u00e7\u00e3o em F\u00edsica; ou Licenciatura em Matem\u00e1tica com habilita\u00e7\u00e3o em F\u00edsica; ou bacharelado em F\u00edsica acrescido de diploma de curso de Forma\u00e7\u00e3o Pedag\u00f3gica para graduados n\u00e3o licenciados, fornecido por Institui\u00e7\u00e3o de Educa\u00e7\u00e3o Superior reconhecida pelo MEC, ou Bacharelado em cursos de Engenharia, fornecido por Institui\u00e7\u00e3o de Educa\u00e7\u00e3o Superior reconhecida pelo MEC, desde que no hist\u00f3rico do curso contenha as disciplinas cursadas ou equivalentes a C\u00e1lculos 1, 2 e 3, F\u00edsicas 1 e 2, F\u00edsica Experimental 1 e 2, Probabilidade e Estat\u00edstica e Introdu\u00e7\u00e3o \u00e0 \u00c1lgebra Linear acrescido de diploma de curso de Forma\u00e7\u00e3o pedag\u00f3gica para graduados n\u00e3o licenciados, fornecido por Institui\u00e7\u00e3o de Educa\u00e7\u00e3o Superior reconhecida pelo MEC.\" data-balloon-pos=\"up\">Professor de Educa\u00e7\u00e3o B\u00e1sica - F\u00edsica<\/span><\/td>\r\n\r\n<td class=\"cremuneracao\">R$ 6.427,71<\/td>\r\n<\/tr><tr>\r\n<td class=\"ccargos\">\r\n<span data-balloon-length=\"medium\" aria-label=\"diploma, devidamente registrado, de conclus\u00e3o de curso de bacharelado em Fisioterapia acrescido de diploma de curso de Forma\u00e7\u00e3o Pedag\u00f3gica para graduados n\u00e3o licenciados, fornecido por Institui\u00e7\u00e3o de Educa\u00e7\u00e3o Superior reconhecida pelo MEC.\" data-balloon-pos=\"up\">Professor de Educa\u00e7\u00e3o B\u00e1sica - Fisioterapia<\/span><\/td>\r\n\r\n<td class=\"cremuneracao\">R$ 6.427,71<\/td>\r\n<\/tr><tr>\r\n<td class=\"ccargos\">\r\n<span data-balloon-length=\"medium\" aria-label=\"diploma, devidamente registrado, de conclus\u00e3o de curso superior de Tecnologia em Gastronomia, acrescido de diploma de curso de Forma\u00e7\u00e3o Pedag\u00f3gica para graduados n\u00e3o licenciados, fornecido por Institui\u00e7\u00e3o de Educa\u00e7\u00e3o Superior reconhecida pelo MEC; ou diploma, devidamente registrado, de conclus\u00e3o de curso de bacharelado em Gastronomia, acrescido de diploma de curso de Forma\u00e7\u00e3o Pedag\u00f3gica para graduados n\u00e3o licenciados, fornecido por Institui\u00e7\u00e3o de Educa\u00e7\u00e3o Superior reconhecida pelo MEC.\" data-balloon-pos=\"up\">Professor de Educa\u00e7\u00e3o B\u00e1sica - Gastronomia<\/span><\/td>\r\n\r\n<td class=\"cremuneracao\">R$ 6.427,71<\/td>\r\n<\/tr><tr>\r\n<td class=\"ccargos\">\r\n<span data-balloon-length=\"medium\" aria-label=\"diploma de conclus\u00e3o de curso de Licenciatura em Geografia, ou bacharelado em Geografia acrescido de diploma de curso de Forma\u00e7\u00e3o Pedag\u00f3gica para graduados n\u00e3o licenciados, fornecido por Institui\u00e7\u00e3o de Educa\u00e7\u00e3o Superior reconhecida pelo MEC, ou diploma, devidamente registrado, de curso de licenciatura em Estudos Sociais, com habilita\u00e7\u00e3o em Geografia.\" data-balloon-pos=\"up\">Professor de Educa\u00e7\u00e3o B\u00e1sica - Geografia<\/span><\/td>\r\n\r\n<td class=\"cremuneracao\">R$ 6.427,71<\/td>\r\n<\/tr><tr>\r\n<td class=\"ccargos\">\r\n<span data-balloon-length=\"medium\" aria-label=\"diploma de conclus\u00e3o de curso de Licenciatura em Hist\u00f3ria, ou bacharelado em Hist\u00f3ria acrescido de diploma de curso de Forma\u00e7\u00e3o Pedag\u00f3gica para graduados n\u00e3o licenciados, fornecido por Institui\u00e7\u00e3o de Educa\u00e7\u00e3o Superior reconhecida pelo MEC, ou diploma, devidamente registrado, de curso de licenciatura em Estudos Sociais, com habilita\u00e7\u00e3o em Hist\u00f3ria.\" data-balloon-pos=\"up\">Professor de Educa\u00e7\u00e3o B\u00e1sica - Hist\u00f3ria<\/span><\/td>\r\n\r\n<td class=\"cremuneracao\">R$ 6.427,71<\/td>\r\n<\/tr><tr>\r\n<td class=\"ccargos\">\r\n<span data-balloon-length=\"medium\" aria-label=\"diploma, devidamente registrado, de conclus\u00e3o de curso de Licenciatura em Inform\u00e1tica; ou bacharelado ou tecnol\u00f3gico em Inform\u00e1tica acrescido de diploma de curso de Forma\u00e7\u00e3o Pedag\u00f3gica para graduados n\u00e3o licenciados, ou Licenciatura ou bacharelado em Ci\u00eancias da Computa\u00e7\u00e3o acrescido de diploma de curso de Forma\u00e7\u00e3o Pedag\u00f3gica para graduados n\u00e3o licenciados; ou bacharelado em Engenharia da Computa\u00e7\u00e3o acrescido de diploma de curso de Forma\u00e7\u00e3o Pedag\u00f3gica para graduados n\u00e3o licenciados; ou bacharelado em Engenharia de Redes da Computa\u00e7\u00e3o acrescido de diploma de curso de Forma\u00e7\u00e3o Pedag\u00f3gica para graduados n\u00e3o licenciados; ou bacharelado em Sistemas de Informa\u00e7\u00e3o acrescido de diploma de curso de Forma\u00e7\u00e3o Pedag\u00f3gica para graduados n\u00e3o licenciados, fornecido por Institui\u00e7\u00e3o de Educa\u00e7\u00e3o Superior reconhecida pelo MEC; ou bacharelado em An\u00e1lise de Sistemas de Informa\u00e7\u00e3o acrescido de diploma de curso de Forma\u00e7\u00e3o Pedag\u00f3gica para graduados n\u00e3o licenciados, fornecido por Institui\u00e7\u00e3o de Educa\u00e7\u00e3o Superior reconhecida pelo MEC.\" data-balloon-pos=\"up\">Professor de Educa\u00e7\u00e3o B\u00e1sica - Inform\u00e1tica<\/span><\/td>\r\n\r\n<td class=\"cremuneracao\">R$ 6.427,71<\/td>\r\n<\/tr><tr>\r\n<td class=\"ccargos\">\r\n<span data-balloon-length=\"medium\" aria-label=\"diploma, devidamente registrado, de conclus\u00e3o de curso de Licenciatura em Letras, com habilita\u00e7\u00e3o em Alem\u00e3o, ou bacharelado em Alem\u00e3o acrescido de diploma de curso de Forma\u00e7\u00e3o Pedag\u00f3gica para graduados n\u00e3o licenciados, fornecido por Institui\u00e7\u00e3o de Educa\u00e7\u00e3o Superior reconhecida pelo MEC.\" data-balloon-pos=\"up\">Professor de Educa\u00e7\u00e3o B\u00e1sica - LEM\/Alem\u00e3o<\/span><\/td>\r\n\r\n<td class=\"cremuneracao\">R$ 6.427,71<\/td>\r\n<\/tr><tr>\r\n<td class=\"ccargos\">\r\n<span data-balloon-length=\"medium\" aria-label=\"diploma, devidamente registrado, de conclus\u00e3o de curso de Licenciatura em Letras, com habilita\u00e7\u00e3o em Espanhol, ou bacharelado em Espanhol acrescido de diploma de curso de Forma\u00e7\u00e3o Pedag\u00f3gica para graduados n\u00e3o licenciados, fornecido por Institui\u00e7\u00e3o de Educa\u00e7\u00e3o Superior reconhecida pelo MEC.\" data-balloon-pos=\"up\">Professor de Educa\u00e7\u00e3o B\u00e1sica - LEM\/Espanhol<\/span><\/td>\r\n\r\n<td class=\"cremuneracao\">R$ 6.427,71<\/td>\r\n<\/tr><tr>\r\n<td class=\"ccargos\">\r\n<span data-balloon-length=\"medium\" aria-label=\"diploma, devidamente registrado, de conclus\u00e3o de curso de Licenciatura em Letras, com habilita\u00e7\u00e3o em Franc\u00eas, ou bacharelado em Franc\u00eas acrescido de diploma de curso de Forma\u00e7\u00e3o Pedag\u00f3gica para graduados n\u00e3o licenciados, fornecido por Institui\u00e7\u00e3o de Educa\u00e7\u00e3o Superior reconhecida pelo MEC.\" data-balloon-pos=\"up\">Professor de Educa\u00e7\u00e3o B\u00e1sica - LEM\/Franc\u00eas<\/span><\/td>\r\n\r\n<td class=\"cremuneracao\">R$ 6.427,71<\/td>\r\n<\/tr><tr>\r\n<td class=\"ccargos\">\r\n<span data-balloon-length=\"medium\" aria-label=\"diploma, devidamente registrado, de conclus\u00e3o de curso de Licenciatura em Letras, com habilita\u00e7\u00e3o em Ingl\u00eas, ou bacharelado em Ingl\u00eas acrescido de diploma de curso de Forma\u00e7\u00e3o Pedag\u00f3gica para graduados n\u00e3o licenciados, fornecido por Institui\u00e7\u00e3o de Educa\u00e7\u00e3o Superior reconhecida pelo MEC.\" data-balloon-pos=\"up\">Professor de Educa\u00e7\u00e3o B\u00e1sica - LEM\/Ingl\u00eas<\/span><\/td>\r\n\r\n<td class=\"cremuneracao\">R$ 6.427,71<\/td>\r\n<\/tr><tr>\r\n<td class=\"ccargos\">\r\n<span data-balloon-length=\"medium\" aria-label=\"diploma, devidamente registrado, de conclus\u00e3o de curso de Licenciatura em Letras, com habilita\u00e7\u00e3o em Japon\u00eas, ou bacharelado em Japon\u00eas acrescido de diploma de curso de Forma\u00e7\u00e3o Pedag\u00f3gica para graduados n\u00e3o licenciados, fornecido por Institui\u00e7\u00e3o de Educa\u00e7\u00e3o Superior reconhecida pelo MEC.\" data-balloon-pos=\"up\">Professor de Educa\u00e7\u00e3o B\u00e1sica - LEM\/Japon\u00eas<\/span><\/td>\r\n\r\n<td class=\"cremuneracao\">R$ 6.427,71<\/td>\r\n<\/tr><tr>\r\n<td class=\"ccargos\">\r\n<span data-balloon-length=\"medium\" aria-label=\"diploma, devidamente registrado, de conclus\u00e3o de curso de Licenciatura em Letras, com habilita\u00e7\u00e3o em Libras, ou bacharelado em Letras\/Libras acrescido de diploma de curso de Forma\u00e7\u00e3o Pedag\u00f3gica para graduados n\u00e3o licenciados, fornecido por Institui\u00e7\u00e3o de Educa\u00e7\u00e3o Superior reconhecida pelo MEC.\" data-balloon-pos=\"up\">Professor de Educa\u00e7\u00e3o B\u00e1sica - Letras\/Libras<\/span><\/td>\r\n\r\n<td class=\"cremuneracao\">R$ 6.427,71<\/td>\r\n<\/tr><tr>\r\n<td class=\"ccargos\">\r\n<span data-balloon-length=\"medium\" aria-label=\"diploma, devidamente registrado, de conclus\u00e3o de curso de Licenciatura em Letras, com habilita\u00e7\u00e3o em L\u00edngua Portuguesa; ou bacharelado em L\u00edngua Portuguesa acrescido de diploma de curso de Forma\u00e7\u00e3o Pedag\u00f3gica para graduados n\u00e3o licenciados, fornecido por Institui\u00e7\u00e3o de Educa\u00e7\u00e3o Superior reconhecida pelo MEC.\" data-balloon-pos=\"up\">Professor de Educa\u00e7\u00e3o B\u00e1sica - L\u00edngua Portuguesa<\/span><\/td>\r\n\r\n<td class=\"cremuneracao\">R$ 6.427,71<\/td>\r\n<\/tr><tr>\r\n<td class=\"ccargos\">\r\n<span data-balloon-length=\"medium\" aria-label=\"diploma, devidamente registrado, de conclus\u00e3o de curso de Licenciatura em Matem\u00e1tica, ou Licenciatura em F\u00edsica com habilita\u00e7\u00e3o em Matem\u00e1tica, ou Licenciatura em Ci\u00eancias F\u00edsicas e\/ou Biol\u00f3gicas com habilita\u00e7\u00e3o em Matem\u00e1tica, ou Licenciatura em Ci\u00eancias com habilita\u00e7\u00e3o em Matem\u00e1tica, ou Licenciatura em Ci\u00eancias Naturais com habilita\u00e7\u00e3o em Matem\u00e1tica; ou Licenciatura em Qu\u00edmica com habilita\u00e7\u00e3o em Matem\u00e1tica; ou bacharelado em Matem\u00e1tica acrescido de diploma de curso de Forma\u00e7\u00e3o Pedag\u00f3gica para graduados n\u00e3o licenciados, fornecido por Institui\u00e7\u00e3o de Educa\u00e7\u00e3o Superior reconhecida pelo MEC, ou Bacharelado em cursos de Engenharia, fornecido por Institui\u00e7\u00e3o de Educa\u00e7\u00e3o Superior reconhecida pelo MEC, desde que no hist\u00f3rico do curso contenha as disciplinas cursadas ou equivalentes a C\u00e1lculos 1, 2 e 3, F\u00edsicas 1 e 2, F\u00edsica Experimental 1 e 2, Probabilidade e Estat\u00edstica e Introdu\u00e7\u00e3o \u00e0 \u00c1lgebra Linear acrescido de diploma curso de Forma\u00e7\u00e3o pedag\u00f3gica para graduados n\u00e3o licenciados, fornecido por Institui\u00e7\u00e3o de Educa\u00e7\u00e3o Superior reconhecida pelo MEC, ou Licenciatura em Estat\u00edstica, ou Bacharel em Estat\u00edstica acrescido de diploma de curso de Forma\u00e7\u00e3o Pedag\u00f3gica para graduados n\u00e3o licenciados, fornecido por Institui\u00e7\u00e3o de Educa\u00e7\u00e3o Superior reconhecida pelo MEC.\" data-balloon-pos=\"up\">Professor de Educa\u00e7\u00e3o B\u00e1sica - Matem\u00e1tica<\/span><\/td>\r\n\r\n<td class=\"cremuneracao\">R$ 6.427,71<\/td>\r\n<\/tr><tr>\r\n<td class=\"ccargos\">\r\n<span data-balloon-length=\"medium\" aria-label=\"diploma, devidamente registrado, de conclus\u00e3o de Licenciatura em M\u00fasica; ou bacharelado em M\u00fasica acrescido de diploma de curso de Forma\u00e7\u00e3o Pedag\u00f3gica para graduados n\u00e3o licenciados; ou licenciatura em Artes, com habilita\u00e7\u00e3o em M\u00fasica; fornecidos por Institui\u00e7\u00e3o de Educa\u00e7\u00e3o Superior reconhecida pelo MEC e, em todos os casos, acrescido de aprova\u00e7\u00e3o em prova pr\u00e1tica na especialidade\/instrumento a ser realizada por banca espec\u00edfica.\" data-balloon-pos=\"up\">Professor de Educa\u00e7\u00e3o B\u00e1sica - M\u00fasica (Modalidades: Acordeon \/ Ala\u00fade \/ \u00c1udio e V\u00eddeo \/ Bandolim \/ Bateria \/ Bombardino \/ Canto Erudito \/ Canto Popular \/ Cavaquinho \/ Clarineta \/ Contrabaixo Ac\u00fastico Erudito \/ Contrabaixo Ac\u00fastico Popular \/ Contrabaixo El\u00e9trico \/ Cravo \/ Fagote \/ Flauta Doce \/ Flauta Transversal \/ Flauta Transversal Barroca \/ Gaita Crom\u00e1tica \/ Guitarra \/ Harpa \/ Obo\u00e9 \/ Percuss\u00e3o Erudita \/ Percuss\u00e3o Popular \/ Piano Erudito \/ Piano Popular \/ Saxofone \/ Trombone \/ Trompa \/ Trompete \/ Tuba \/ Viola Caipira \/ Viola Cl\u00e1ssica \/ Viola da Gamba \/ Viol\u00e3o de 7 Cordas \/ Viol\u00e3o Erudito \/ Viol\u00e3o Popular \/ Violino \/ Violoncelo)<\/span><\/td>\r\n\r\n<td class=\"cremuneracao\">R$ 6.427,71<\/td>\r\n<\/tr><tr>\r\n<td class=\"ccargos\">\r\n<span data-balloon-length=\"medium\" aria-label=\"diploma, devidamente registrado, de conclus\u00e3o de Licenciatura em M\u00fasica ou licenciatura em Artes\/M\u00fasica com habilita\u00e7\u00e3o em instrumento musical, ou canto, ou reg\u00eancia, ou composi\u00e7\u00e3o; ou bacharelado em M\u00fasica com habilita\u00e7\u00e3o em instrumento musical, ou canto, ou reg\u00eancia, ou composi\u00e7\u00e3o, acrescido de diploma de curso de Forma\u00e7\u00e3o Pedag\u00f3gica para graduados n\u00e3o licenciados; fornecidos por Institui\u00e7\u00e3o de Educa\u00e7\u00e3o Superior reconhecida pelo MEC e, em todos os casos, acrescido de aprova\u00e7\u00e3o em prova pr\u00e1tica na especialidade\/instrumento a ser realizada por banca espec\u00edfica.\" data-balloon-pos=\"up\">Professor de Educa\u00e7\u00e3o B\u00e1sica - M\u00fasica (Modalidades: Regente-Maestro\/Banda Sinf\u00f4nica \/ Regente-Maestro\/Coro \/ Regente-Maestro\/Orquestra Sinf\u00f4nica)<\/span><\/td>\r\n\r\n<td class=\"cremuneracao\">R$ 6.427,71<\/td>\r\n<\/tr><tr>\r\n<td class=\"ccargos\">\r\n<span data-balloon-length=\"medium\" aria-label=\"diploma, devidamente registrado, de conclus\u00e3o de curso de bacharelado em Nutri\u00e7\u00e3o acrescido de diploma de curso de Forma\u00e7\u00e3o Pedag\u00f3gica para graduados n\u00e3o licenciados, fornecido por Institui\u00e7\u00e3o de Educa\u00e7\u00e3o Superior reconhecida pelo MEC.\" data-balloon-pos=\"up\">Professor de Educa\u00e7\u00e3o B\u00e1sica - Nutri\u00e7\u00e3o<\/span><\/td>\r\n\r\n<td class=\"cremuneracao\">R$ 6.427,71<\/td>\r\n<\/tr><tr>\r\n<td class=\"ccargos\">\r\n<span data-balloon-length=\"medium\" aria-label=\"diploma, devidamente registrado, de conclus\u00e3o de curso de bacharelado em Odontologia, acrescido de diploma de curso de Forma\u00e7\u00e3o Pedag\u00f3gica para graduados n\u00e3o licenciados, fornecido por Institui\u00e7\u00e3o de Educa\u00e7\u00e3o Superior reconhecida pelo MEC. Comprova\u00e7\u00e3o de registro profissional no Conselho Regional de Odontologia (CRO) em plena validade.\" data-balloon-pos=\"up\">Professor de Educa\u00e7\u00e3o B\u00e1sica - Odontologia<\/span><\/td>\r\n\r\n<td class=\"cremuneracao\">R$ 6.427,71<\/td>\r\n<\/tr><tr>\r\n<td class=\"ccargos\">\r\n<span data-balloon-length=\"medium\" aria-label=\"diploma, devidamente registrado, de conclus\u00e3o de curso de Licenciatura em Pedagogia com habilita\u00e7\u00e3o em Magist\u00e9rio para s\u00e9ries iniciais e\/ou para educa\u00e7\u00e3o infantil; ou diploma, devidamente registrado, de conclus\u00e3o de curso de Licenciatura em Normal Superior, ambos fornecidos por Institui\u00e7\u00e3o de Educa\u00e7\u00e3o Superior reconhecida pelo MEC.\" data-balloon-pos=\"up\">Professor de Educa\u00e7\u00e3o B\u00e1sica - Pedagogia<\/span><\/td>\r\n\r\n<td class=\"cremuneracao\">R$ 6.427,71<\/td>\r\n<\/tr><tr>\r\n<td class=\"ccargos\">\r\n<span data-balloon-length=\"medium\" aria-label=\"diploma, devidamente registrado, de conclus\u00e3o de curso superior de Tecnologia em Produ\u00e7\u00e3o Cultural acrescido de diploma de curso de Forma\u00e7\u00e3o Pedag\u00f3gica para graduados n\u00e3o licenciados, fornecido por Institui\u00e7\u00e3o de Educa\u00e7\u00e3o Superior reconhecida pelo MEC.\" data-balloon-pos=\"up\">Professor de Educa\u00e7\u00e3o B\u00e1sica - Produ\u00e7\u00e3o Cultural<\/span><\/td>\r\n\r\n<td class=\"cremuneracao\">R$ 6.427,71<\/td>\r\n<\/tr><tr>\r\n<td class=\"ccargos\">\r\n<span data-balloon-length=\"medium\" aria-label=\"diploma, devidamente registrado, de conclus\u00e3o de curso de Licenciatura em Psicologia; ou bacharelado em Psicologia acrescido de diploma de curso de Forma\u00e7\u00e3o Pedag\u00f3gica para graduados n\u00e3o licenciados, fornecido por Institui\u00e7\u00e3o de Educa\u00e7\u00e3o Superior reconhecida pelo MEC.\" data-balloon-pos=\"up\">Professor de Educa\u00e7\u00e3o B\u00e1sica - Psicologia<\/span><\/td>\r\n\r\n<td class=\"cremuneracao\">R$ 6.427,71<\/td>\r\n<\/tr><tr>\r\n<td class=\"ccargos\">\r\n<span data-balloon-length=\"medium\" aria-label=\"diploma, devidamente registrado, de conclus\u00e3o de curso de Licenciatura em Qu\u00edmica; ou Licenciatura em Ci\u00eancias F\u00edsicas e Biol\u00f3gicas, com habilita\u00e7\u00e3o em Qu\u00edmica; ou bacharelado em Qu\u00edmica acrescido de diploma de curso de Forma\u00e7\u00e3o Pedag\u00f3gica para graduados n\u00e3o licenciados, ou bacharelado em Engenharia Qu\u00edmica acrescido de diploma de curso de Forma\u00e7\u00e3o Pedag\u00f3gica para graduados n\u00e3o licenciados, fornecido por Institui\u00e7\u00e3o de Educa\u00e7\u00e3o Superior reconhecida pelo MEC.\" data-balloon-pos=\"up\">Professor de Educa\u00e7\u00e3o B\u00e1sica - Qu\u00edmica<\/span><\/td>\r\n\r\n<td class=\"cremuneracao\">R$ 6.427,71<\/td>\r\n<\/tr><tr>\r\n<td class=\"ccargos\">\r\n<span data-balloon-length=\"medium\" aria-label=\"diploma, devidamente registrado, de conclus\u00e3o de curso superior de Tecnologia em Radiologia, acrescido de diploma de curso de Forma\u00e7\u00e3o Pedag\u00f3gica para graduados n\u00e3o licenciados, fornecido por Institui\u00e7\u00e3o de Educa\u00e7\u00e3o Superior reconhecida pelo MEC; ou diploma, devidamente registrado, de conclus\u00e3o de curso de bacharelado em Medicina com Resid\u00eancia M\u00e9dica em Radiologia, acrescido de diploma de curso de Forma\u00e7\u00e3o Pedag\u00f3gica para graduados n\u00e3o licenciados, fornecido por Institui\u00e7\u00e3o de Educa\u00e7\u00e3o Superior reconhecida pelo MEC.\" data-balloon-pos=\"up\">Professor de Educa\u00e7\u00e3o B\u00e1sica - Radiologia<\/span><\/td>\r\n\r\n<td class=\"cremuneracao\">R$ 6.427,71<\/td>\r\n<\/tr><tr>\r\n<td class=\"ccargos\">\r\n<span data-balloon-length=\"medium\" aria-label=\"diploma, devidamente registrado, de conclus\u00e3o de curso de Licenciatura em Sociologia; ou Bacharelado em Sociologia acrescido de diploma de curso de Forma\u00e7\u00e3o Pedag\u00f3gica para graduados n\u00e3o licenciados; ou Licenciatura em Ci\u00eancias Sociais; ou Bacharelado em Ci\u00eancias Sociais com habilita\u00e7\u00e3o em Antropologia e\/ou Sociologia acrescido de diploma de curso de Forma\u00e7\u00e3o Pedag\u00f3gica para graduados n\u00e3o licenciados, e de Bacharelado em Ci\u00eancia Pol\u00edtica acrescido de diploma de curso de Forma\u00e7\u00e3o Pedag\u00f3gica para graduados n\u00e3o licenciados, fornecido por Institui\u00e7\u00e3o de Educa\u00e7\u00e3o Superior reconhecida pelo MEC.\" data-balloon-pos=\"up\">Professor de Educa\u00e7\u00e3o B\u00e1sica - Sociologia<\/span><\/td>\r\n\r\n<td class=\"cremuneracao\">R$ 6.427,71<\/td>\r\n<\/tr><tr>\r\n<td class=\"ccargos\">\r\n<span data-balloon-length=\"medium\" aria-label=\"Diploma, devidamente registrado, de conclus\u00e3o de curso de bacharelado em Engenharia El\u00e9trica; ou de bacharelado em Engenharia Eletr\u00f4nica; ou de bacharelado em Telecomunica\u00e7\u00f5es, acrescido de diploma de curso de Forma\u00e7\u00e3o Pedag\u00f3gica para graduados n\u00e3o licenciados, fornecido por Institui\u00e7\u00e3o de Educa\u00e7\u00e3o Superior reconhecida pelo MEC.\" data-balloon-pos=\"up\">Professor de Educa\u00e7\u00e3o B\u00e1sica - Telecomunica\u00e7\u00f5es<\/span><\/td>\r\n\r\n<td class=\"cremuneracao\">R$ 6.427,71<\/td>\r\n<\/tr>\r\n    <\/tbody>\r\n  <\/table>\r\n<\/div>"},"_links":{"self":[{"href":"https:\/\/www.agrobase.com.br\/concursos\/wp-json\/wp\/v2\/posts\/270594","targetHints":{"allow":["GET"]}}],"collection":[{"href":"https:\/\/www.agrobase.com.br\/concursos\/wp-json\/wp\/v2\/posts"}],"about":[{"href":"https:\/\/www.agrobase.com.br\/concursos\/wp-json\/wp\/v2\/types\/post"}],"author":[{"embeddable":true,"href":"https:\/\/www.agrobase.com.br\/concursos\/wp-json\/wp\/v2\/users\/7"}],"replies":[{"embeddable":true,"href":"https:\/\/www.agrobase.com.br\/concursos\/wp-json\/wp\/v2\/comments?post=270594"}],"version-history":[{"count":4,"href":"https:\/\/www.agrobase.com.br\/concursos\/wp-json\/wp\/v2\/posts\/270594\/revisions"}],"predecessor-version":[{"id":270600,"href":"https:\/\/www.agrobase.com.br\/concursos\/wp-json\/wp\/v2\/posts\/270594\/revisions\/270600"}],"wp:featuredmedia":[{"embeddable":true,"href":"https:\/\/www.agrobase.com.br\/concursos\/wp-json\/wp\/v2\/media\/270593"}],"wp:attachment":[{"href":"https:\/\/www.agrobase.com.br\/concursos\/wp-json\/wp\/v2\/media?parent=270594"}],"wp:term":[{"taxonomy":"category","embeddable":true,"href":"https:\/\/www.agrobase.com.br\/concursos\/wp-json\/wp\/v2\/categories?post=270594"},{"taxonomy":"post_tag","embeddable":true,"href":"https:\/\/www.agrobase.com.br\/concursos\/wp-json\/wp\/v2\/tags?post=270594"},{"taxonomy":"_amplo","embeddable":true,"href":"https:\/\/www.agrobase.com.br\/concursos\/wp-json\/wp\/v2\/_amplo?post=270594"},{"taxonomy":"destaque","embeddable":true,"href":"https:\/\/www.agrobase.com.br\/concursos\/wp-json\/wp\/v2\/destaque?post=270594"},{"taxonomy":"instituicoes","embeddable":true,"href":"https:\/\/www.agrobase.com.br\/concursos\/wp-json\/wp\/v2\/instituicoes?post=270594"}],"curies":[{"name":"wp","href":"https:\/\/api.w.org\/{rel}","templated":true}]}}