{"id":270571,"date":"2025-08-28T07:50:07","date_gmt":"2025-08-28T10:50:07","guid":{"rendered":"https:\/\/www.agrobase.com.br\/concursos\/?p=270571"},"modified":"2025-08-28T12:00:07","modified_gmt":"2025-08-28T15:00:07","slug":"cides-mg-selecao-simplificada-03-2025","status":"publish","type":"post","link":"https:\/\/www.agrobase.com.br\/concursos\/2025\/cides-mg-selecao-simplificada-03-2025\/","title":{"rendered":"CIDES (MG) &#8211; Sele\u00e7\u00e3o Simplificada 03\/2025"},"content":{"rendered":"<h2>Informa\u00e7\u00f5es Gerais<\/h2>\n<p>O edital do <strong>Processo Seletivo P\u00fablico Simplificado do Cons\u00f3rcio P\u00fablico Intermunicipal de Desenvolvimento Sustent\u00e1vel do Tri\u00e2ngulo Mineiro e Alto Parana\u00edba (CIDES)<\/strong> foi publicado. O certame visa o preenchimento de vagas imediatas e a forma\u00e7\u00e3o de cadastro de reserva para contrata\u00e7\u00e3o tempor\u00e1ria de profissionais de n\u00edveis m\u00e9dio e superior. As oportunidades s\u00e3o para as \u00e1reas administrativa e ambiental, com destaque para o cargo de <strong>Analista Ambiental<\/strong>, que contempla graduados em <em>Engenharia Ambiental<\/em>, <em>Ci\u00eancias Biol\u00f3gicas<\/em> e \u00e1reas afins. A sele\u00e7\u00e3o ser\u00e1 realizada pelo pr\u00f3prio CIDES, e os aprovados poder\u00e3o atuar na sede do cons\u00f3rcio em Uberl\u00e2ndia\/MG ou em um dos munic\u00edpios consorciados. Continue a leitura para conferir os detalhes sobre as inscri\u00e7\u00f5es, etapas e cronograma completo.<\/p>\n<h2>Inscri\u00e7\u00f5es<\/h2>\n<p>As inscri\u00e7\u00f5es para o processo seletivo do CIDES s\u00e3o <strong>gratuitas<\/strong> e devem ser realizadas exclusivamente online. O per\u00edodo para se inscrever ser\u00e1 de <strong>26 de agosto de 2025 a 08 de setembro de 2025<\/strong>, por meio de um link espec\u00edfico que ser\u00e1 disponibilizado no site oficial do cons\u00f3rcio. Para efetivar a participa\u00e7\u00e3o, o candidato dever\u00e1 preencher o formul\u00e1rio eletr\u00f4nico e anexar a documenta\u00e7\u00e3o exigida, incluindo o Requerimento de Inscri\u00e7\u00e3o (Anexo V do edital) devidamente preenchido e assinado, al\u00e9m de documentos de identifica\u00e7\u00e3o e comprova\u00e7\u00e3o de escolaridade. Ap\u00f3s o envio, um e-mail de confirma\u00e7\u00e3o ser\u00e1 enviado. \u00c9 fundamental que o candidato leia atentamente o edital completo para garantir o cumprimento de todos os requisitos.<\/p>\n<h2>Etapas e Provas<\/h2>\n<p>O processo seletivo do CIDES ser\u00e1 realizado em <strong>etapa \u00fanica<\/strong>, consistindo em uma <strong>Prova de T\u00edtulos<\/strong>, de car\u00e1ter eliminat\u00f3rio e classificat\u00f3rio. Nesta fase, ser\u00e3o avaliados os documentos que comprovem a qualifica\u00e7\u00e3o e a experi\u00eancia profissional dos candidatos, conforme os crit\u00e9rios de pontua\u00e7\u00e3o detalhados no Anexo IV do edital.<\/p>\n<ul>\n<li><strong>Car\u00e1ter:<\/strong> Eliminat\u00f3rio (para quem n\u00e3o comprovar os requisitos m\u00ednimos) e Classificat\u00f3rio (pela pontua\u00e7\u00e3o dos t\u00edtulos).<\/li>\n<li><strong>Formato:<\/strong> An\u00e1lise curricular e documental, com base nos documentos enviados no ato da inscri\u00e7\u00e3o.<\/li>\n<li><strong>Avalia\u00e7\u00e3o:<\/strong> Ser\u00e3o pontuados a forma\u00e7\u00e3o acad\u00eamica, cursos de atualiza\u00e7\u00e3o e a experi\u00eancia profissional compat\u00edvel com o cargo pretendido.<\/li>\n<\/ul>\n<p>\u00c9 essencial que os candidatos enviem todos os documentos comprobat\u00f3rios de forma leg\u00edvel e correta durante a inscri\u00e7\u00e3o, pois n\u00e3o ser\u00e1 permitida a complementa\u00e7\u00e3o posterior. Para conhecer a tabela de pontua\u00e7\u00e3o e os documentos aceitos, consulte o edital oficial.<\/p>\n<h2>Resultados e Gabarito<\/h2>\n<p>A divulga\u00e7\u00e3o dos resultados do processo seletivo do CIDES ser\u00e1 feita no site oficial do cons\u00f3rcio (www.cides.com.br) e no Di\u00e1rio Oficial dos Munic\u00edpios Mineiros. O resultado preliminar da Prova de T\u00edtulos est\u00e1 previsto para <strong>10 de setembro de 2025<\/strong>, com a publica\u00e7\u00e3o do resultado final e a homologa\u00e7\u00e3o do certame agendados para <strong>16 e 17 de setembro de 2025<\/strong>, respectivamente. A classifica\u00e7\u00e3o final ser\u00e1 organizada em ordem decrescente de pontua\u00e7\u00e3o. Em caso de empate, os crit\u00e9rios de desempate incluem maior pontua\u00e7\u00e3o na experi\u00eancia profissional e idade mais elevada, conforme detalhado no edital. A convoca\u00e7\u00e3o dos aprovados ocorrer\u00e1 de acordo com a necessidade do CIDES e respeitar\u00e1 a ordem de classifica\u00e7\u00e3o. \u00c9 de responsabilidade exclusiva do candidato acompanhar todas as publica\u00e7\u00f5es oficiais referentes ao andamento do processo seletivo.<\/p>\n","protected":false},"excerpt":{"rendered":"<p>Sel. Simplificada CIDES (MG) com edital publicado! Vagas p\/ Analista e Aux. Adm. (M\u00e9dio\/Superior). Inscri\u00e7\u00f5es a partir de 26\/08. Sal\u00e1rios at\u00e9 R$ 3.7k. Confira!<\/p>\n","protected":false},"author":7,"featured_media":270570,"comment_status":"open","ping_status":"open","sticky":false,"template":"","format":"standard","meta":{"_acf_changed":false,"_breakdance_hide_in_design_set":false,"_breakdance_tags":"","footnotes":""},"categories":[6,6433,13,111,155],"tags":[50],"_amplo":[6427],"destaque":[],"instituicoes":[],"class_list":["post-270571","post","type-post","status-publish","format-standard","has-post-thumbnail","hentry","category-biologia","category-biologia-licenciatura","category-engenharia-ambiental","category-geografia","category-gestao-ambiental","tag-minas-gerais","_amplo-nivel-medio"],"acf":{"_tipo_vagas":"vagas","_numero_vagas":"","_quadro_vagas":"","_cargos":"diversos","_cargos_especificos":"","_salario_max":"R$ 3747.88","_abertura":"20250826","_encerramento":"20250908","_inscricoes":"","_executora_concurso":"","_instituicao_concurso":[],"_link_adicional":null,"_anexos":null,"_produtos":null,"_vagas":"1 vaga + CR","_salario_min":"R$ 2135.63","_instituicao":"CIDES","_edital":"https:\/\/www.agrobase.com.br\/concursos\/wp-content\/uploads\/sites\/4\/2025\/08\/edital-03-2025-cides-mg.pdf","_anexos_edital":"https:\/\/www.agrobase.com.br\/concursos\/wp-content\/uploads\/sites\/4\/2025\/08\/anexos-edital-03-2025-cides-mg.pdf","_fund_incompleto":"","_fund_completo":"","_medio":"<div>\r\n<table class=\"quadro\">\r\n<thead>\r\n<tr>\r\n<th class=\"hcargo\">Cargo<\/th>\r\n<th class=\"hvagas\">Vagas<\/th>\r\n<th class=\"hremuneracao\">Remunera\u00e7\u00e3o<\/th>\r\n<\/tr>\r\n<\/thead>\r\n    <tbody>\r\n      <td class=\"ccargos\">\r\n<span data-balloon-length=\"medium\" aria-label=\"Ensino M\u00e9dio completo. Possuir CNH-B e disponibilidade para viagens aos munic\u00edpios consorciados.\" data-balloon-pos=\"up\">Auxiliar Administrativo<\/span><\/td>\r\n<td class=\"cvagas\">1 + CR<\/td>\r\n<td class=\"cremuneracao\">R$ 2.135,63 \/40h<\/td>\r\n<\/tr>\r\n    <\/tbody>\r\n  <\/table>\r\n<\/div>","_superior":"<div>\r\n<table class=\"quadro\">\r\n<thead>\r\n<tr>\r\n<th class=\"hcargo\">Cargo<\/th>\r\n<th class=\"hvagas\">Vagas<\/th>\r\n<th class=\"hremuneracao\">Remunera\u00e7\u00e3o<\/th>\r\n<\/tr>\r\n<\/thead>\r\n    <tbody>\r\n      <tr>\r\n<td class=\"ccargos\">\r\n<span data-balloon-length=\"medium\" aria-label=\"Ensino Superior em Engenharia Ambiental, Geografia, Tecn\u00f3logo em Gest\u00e3o Ambiental, Ci\u00eancias Biol\u00f3gicas ou \u00e1reas afins e Especializa\u00e7\u00e3o Lato Sensu em Gest\u00e3o Ambiental e\/ou \u00e1reas afins. Possuir CNH-B e disponibilidade para viagens aos munic\u00edpios consorciados.\" data-balloon-pos=\"up\">Analista Ambiental<\/span><\/td>\r\n<td class=\"cvagas\">CR<\/td>\r\n<td class=\"cremuneracao\">R$ 3.747,88 \/40h<\/td>\r\n<\/tr>\r\n    <\/tbody>\r\n  <\/table>\r\n<\/div>"},"_links":{"self":[{"href":"https:\/\/www.agrobase.com.br\/concursos\/wp-json\/wp\/v2\/posts\/270571","targetHints":{"allow":["GET"]}}],"collection":[{"href":"https:\/\/www.agrobase.com.br\/concursos\/wp-json\/wp\/v2\/posts"}],"about":[{"href":"https:\/\/www.agrobase.com.br\/concursos\/wp-json\/wp\/v2\/types\/post"}],"author":[{"embeddable":true,"href":"https:\/\/www.agrobase.com.br\/concursos\/wp-json\/wp\/v2\/users\/7"}],"replies":[{"embeddable":true,"href":"https:\/\/www.agrobase.com.br\/concursos\/wp-json\/wp\/v2\/comments?post=270571"}],"version-history":[{"count":2,"href":"https:\/\/www.agrobase.com.br\/concursos\/wp-json\/wp\/v2\/posts\/270571\/revisions"}],"predecessor-version":[{"id":270575,"href":"https:\/\/www.agrobase.com.br\/concursos\/wp-json\/wp\/v2\/posts\/270571\/revisions\/270575"}],"wp:featuredmedia":[{"embeddable":true,"href":"https:\/\/www.agrobase.com.br\/concursos\/wp-json\/wp\/v2\/media\/270570"}],"wp:attachment":[{"href":"https:\/\/www.agrobase.com.br\/concursos\/wp-json\/wp\/v2\/media?parent=270571"}],"wp:term":[{"taxonomy":"category","embeddable":true,"href":"https:\/\/www.agrobase.com.br\/concursos\/wp-json\/wp\/v2\/categories?post=270571"},{"taxonomy":"post_tag","embeddable":true,"href":"https:\/\/www.agrobase.com.br\/concursos\/wp-json\/wp\/v2\/tags?post=270571"},{"taxonomy":"_amplo","embeddable":true,"href":"https:\/\/www.agrobase.com.br\/concursos\/wp-json\/wp\/v2\/_amplo?post=270571"},{"taxonomy":"destaque","embeddable":true,"href":"https:\/\/www.agrobase.com.br\/concursos\/wp-json\/wp\/v2\/destaque?post=270571"},{"taxonomy":"instituicoes","embeddable":true,"href":"https:\/\/www.agrobase.com.br\/concursos\/wp-json\/wp\/v2\/instituicoes?post=270571"}],"curies":[{"name":"wp","href":"https:\/\/api.w.org\/{rel}","templated":true}]}}