{"id":270537,"date":"2025-08-27T08:30:13","date_gmt":"2025-08-27T11:30:13","guid":{"rendered":"https:\/\/www.agrobase.com.br\/concursos\/?p=270537"},"modified":"2025-08-26T15:56:25","modified_gmt":"2025-08-26T18:56:25","slug":"prefeitura-fraiburgo-sc-selecao-publica-24-2025","status":"publish","type":"post","link":"https:\/\/www.agrobase.com.br\/concursos\/2025\/prefeitura-fraiburgo-sc-selecao-publica-24-2025\/","title":{"rendered":"Prefeitura Fraiburgo (SC) &#8211; Sele\u00e7\u00e3o P\u00fablica 24\/2025"},"content":{"rendered":"<h2>Informa\u00e7\u00f5es Gerais<\/h2>\n<p>O edital do Processo Seletivo da Prefeitura Municipal de Fraiburgo, em Santa Catarina, foi publicado. Organizado pelo Instituto Brasileiro de Administra\u00e7\u00e3o Municipal (IBAM), o certame visa o preenchimento de vagas tempor\u00e1rias e a forma\u00e7\u00e3o de cadastro de reserva para o quadro de pessoal do munic\u00edpio. As oportunidades abrangem os n\u00edveis de escolaridade fundamental, m\u00e9dio, t\u00e9cnico e superior.<\/p>\n<p>As vagas est\u00e3o distribu\u00eddas em diversas \u00e1reas, como sa\u00fade, administra\u00e7\u00e3o, operacional, engenharia e assist\u00eancia social. Para os profissionais de \u00e1reas espec\u00edficas, o edital traz oportunidades para <strong>Nutricionista<\/strong>, al\u00e9m de outros cargos na \u00e1rea da sa\u00fade e engenharia. A aprova\u00e7\u00e3o no processo seletivo n\u00e3o garante a contrata\u00e7\u00e3o imediata, que ocorrer\u00e1 conforme a necessidade da administra\u00e7\u00e3o municipal durante o prazo de validade do certame, que \u00e9 de um ano, prorrog\u00e1vel por igual per\u00edodo.<\/p>\n<p>Para saber como participar, continue a leitura e confira os detalhes sobre as inscri\u00e7\u00f5es, etapas e cronograma completo.<\/p>\n<h2>Inscri\u00e7\u00f5es<\/h2>\n<p>As inscri\u00e7\u00f5es para o Processo Seletivo de Fraiburgo ser\u00e3o realizadas exclusivamente pela internet, no site da banca organizadora. O per\u00edodo para se candidatar vai de <strong>25 de agosto de 2025<\/strong>, a partir das 06h, at\u00e9 as 18h do dia <strong>25 de setembro de 2025<\/strong>. \u00c9 fundamental que o candidato preencha todos os dados corretamente e confira as informa\u00e7\u00f5es antes de confirmar a inscri\u00e7\u00e3o.<\/p>\n<p>Os valores da taxa de inscri\u00e7\u00e3o variam conforme o n\u00edvel de escolaridade do cargo pretendido:<\/p>\n<ul>\n<li><strong>N\u00edvel superior:<\/strong> R$ 100,00<\/li>\n<li><strong>N\u00edvel m\u00e9dio:<\/strong> R$ 80,00<\/li>\n<li><strong>N\u00edvel fundamental:<\/strong> R$ 60,00<\/li>\n<\/ul>\n<p>O pagamento deve ser efetuado por meio de boleto banc\u00e1rio at\u00e9 a data de vencimento, que coincide com o \u00faltimo dia de inscri\u00e7\u00f5es. O edital especifica que n\u00e3o ser\u00e3o aceitos pagamentos via PIX, cheque ou agendamento banc\u00e1rio. A confirma\u00e7\u00e3o da inscri\u00e7\u00e3o estar\u00e1 dispon\u00edvel para consulta na \u201c\u00c1rea do Candidato\u201d, no site do IBAM, ap\u00f3s a compensa\u00e7\u00e3o do pagamento. O edital n\u00e3o prev\u00ea procedimentos para solicita\u00e7\u00e3o de isen\u00e7\u00e3o da taxa.<\/p>\n<p>Para garantir sua participa\u00e7\u00e3o e conhecer todas as regras, \u00e9 indispens\u00e1vel a leitura atenta do edital completo.<\/p>\n<h2>Etapas e Provas<\/h2>\n<p>O processo seletivo ser\u00e1 composto por at\u00e9 duas etapas, dependendo do cargo escolhido pelo candidato. A estrutura de avalia\u00e7\u00e3o \u00e9 a seguinte:<\/p>\n<ul>\n<li><strong>Prova Escrita Objetiva:<\/strong> De car\u00e1ter eliminat\u00f3rio e classificat\u00f3rio, ser\u00e1 aplicada para todos os cargos no dia <strong>19 de outubro de 2025<\/strong>. A prova ter\u00e1 dura\u00e7\u00e3o de duas horas e trinta minutos e ser\u00e1 composta por quest\u00f5es de m\u00faltipla escolha. Ser\u00e3o considerados habilitados os candidatos que atingirem a pontua\u00e7\u00e3o m\u00ednima estabelecida no edital. As disciplinas cobradas incluem Portugu\u00eas, Conhecimentos Gerais e Conhecimentos T\u00e9cnico-profissionais, variando conforme o cargo.<\/li>\n<li><strong>Prova Pr\u00e1tica:<\/strong> De car\u00e1ter eliminat\u00f3rio e classificat\u00f3rio, esta etapa \u00e9 exclusiva para os candidatos aos cargos de Mec\u00e2nico, Motorista, Operador de M\u00e1quinas e Operador de Trator de Pneus. Ser\u00e3o convocados para a prova pr\u00e1tica os candidatos aprovados na prova objetiva e classificados at\u00e9 a 30\u00aa posi\u00e7\u00e3o. A avalia\u00e7\u00e3o consistir\u00e1 em tarefas pr\u00e1ticas relacionadas \u00e0s atribui\u00e7\u00f5es de cada fun\u00e7\u00e3o.<\/li>\n<\/ul>\n<p>A convoca\u00e7\u00e3o para a prova pr\u00e1tica, com data e local, ser\u00e1 divulgada em edital espec\u00edfico ap\u00f3s a publica\u00e7\u00e3o da classifica\u00e7\u00e3o preliminar. Para informa\u00e7\u00f5es detalhadas sobre o conte\u00fado program\u00e1tico, crit\u00e9rios de avalia\u00e7\u00e3o e cronograma completo, consulte o edital oficial do certame.<\/p>\n<h2>Resultados e Gabarito<\/h2>\n<p>A divulga\u00e7\u00e3o dos resultados seguir\u00e1 um cronograma pr\u00e9-definido, que deve ser acompanhado atentamente pelos candidatos. A publica\u00e7\u00e3o do gabarito preliminar da prova objetiva est\u00e1 prevista para o dia <strong>20 de outubro de 2025<\/strong>, no site do IBAM. Ap\u00f3s o per\u00edodo de recursos, o gabarito definitivo e a classifica\u00e7\u00e3o preliminar ser\u00e3o divulgados na mesma data.<\/p>\n<p>Em caso de empate na pontua\u00e7\u00e3o final, os crit\u00e9rios de desempate seguir\u00e3o a seguinte ordem, variando por n\u00edvel de escolaridade:<\/p>\n<ul>\n<li><strong>N\u00edvel Superior e M\u00e9dio:<\/strong> Maior nota em Conhecimentos T\u00e9cnico-profissionais, seguida por Conhecimentos Gerais e Portugu\u00eas.<\/li>\n<li><strong>N\u00edvel Fundamental:<\/strong> Maior nota em Conhecimentos T\u00e9cnico-profissionais, seguida por Conhecimentos Gerais.<\/li>\n<li>O crit\u00e9rio de maior idade ser\u00e1 utilizado como \u00faltimo recurso para todos os n\u00edveis, exceto para candidatos com 60 anos ou mais, para os quais este ser\u00e1 o primeiro crit\u00e9rio de desempate.<\/li>\n<\/ul>\n<p>A homologa\u00e7\u00e3o do resultado final ser\u00e1 publicada por ato do Prefeito Municipal. A convoca\u00e7\u00e3o dos aprovados ocorrer\u00e1 conforme a necessidade da Prefeitura de Fraiburgo, e os candidatos dever\u00e3o acompanhar as chamadas e manter seus dados de contato atualizados. O n\u00e3o comparecimento no prazo estipulado implicar\u00e1 na elimina\u00e7\u00e3o do processo seletivo.<\/p>\n<p>\u00c9 de responsabilidade exclusiva do candidato acompanhar todas as publica\u00e7\u00f5es oficiais, incluindo editais de convoca\u00e7\u00e3o e resultados, no site da banca organizadora (www.ibam-concursos.org.br) e nos canais de comunica\u00e7\u00e3o da Prefeitura de Fraiburgo.<\/p>\n","protected":false},"excerpt":{"rendered":"<p>Processo Seletivo Pref. Fraiburgo (SC) com edital publicado! Vagas p\/ M\u00e9dico e Eng. Civil (Fund. a Sup.). Inscri\u00e7\u00f5es a partir de 25\/08. Confira detalhes!<\/p>\n","protected":false},"author":7,"featured_media":270536,"comment_status":"open","ping_status":"open","sticky":false,"template":"","format":"standard","meta":{"_acf_changed":false,"_breakdance_hide_in_design_set":false,"_breakdance_tags":"","footnotes":""},"categories":[12,14,152,17,18,21,23,24,26,101,108,157],"tags":[61],"_amplo":[],"destaque":[],"instituicoes":[],"class_list":["post-270537","post","type-post","status-publish","format-standard","has-post-thumbnail","hentry","category-enfermagem","category-engenharia","category-engenharia-seguranca-trabalho","category-farmacia","category-fisioterapia","category-medicina","category-nutricao","category-odontologia","category-psicologia","category-servico-social","category-tecnico-enfermagem","category-tecnico-seguranca-trabalho","tag-santa-catarina"],"acf":{"_tipo_vagas":"vagas","_numero_vagas":"","_quadro_vagas":"","_cargos":"diversos","_cargos_especificos":"","_salario_max":"R$ 24068.48","_abertura":"20250825","_encerramento":"20250925","_inscricoes":"https:\/\/www.ibam-concursos.org.br","_executora_concurso":"","_instituicao_concurso":[],"_link_adicional":null,"_anexos":null,"_produtos":null,"_vagas":"CR","_salario_min":"R$ 1432.45","_instituicao":"Prefeitura de Fraiburgo","_edital":"https:\/\/www.agrobase.com.br\/concursos\/wp-content\/uploads\/sites\/4\/2025\/08\/edital-24-2025-prefeitura-de-fraiburgo-sc.pdf","_anexos_edital":"https:\/\/www.agrobase.com.br\/concursos\/wp-content\/uploads\/sites\/4\/2025\/08\/anexos-edital-24-2025-prefeitura-de-fraiburgo-sc.pdf","_fund_incompleto":"","_fund_completo":"<div>\r\n<table class=\"quadro\">\r\n<thead>\r\n<tr>\r\n<th class=\"hcargo\">Cargo<\/th>\r\n<th class=\"hvagas\">Vagas<\/th>\r\n<th class=\"hremuneracao\">Remunera\u00e7\u00e3o<\/th>\r\n<\/tr>\r\n<\/thead>\r\n    <tbody>\r\n      <td class=\"ccargos\">\r\n<span data-balloon-length=\"medium\" aria-label=\"Diploma de conclus\u00e3o do Ensino Fundamental\" data-balloon-pos=\"up\">AGENTE OPERACIONAL<\/span><\/td>\r\n<td class=\"cvagas\">CR<\/td>\r\n<td class=\"cremuneracao\">R$ 1.432,45 \/40h<\/td>\r\n<\/tr><td class=\"ccargos\">\r\n<span data-balloon-length=\"medium\" aria-label=\"Diploma de conclus\u00e3o do Ensino Fundamental\" data-balloon-pos=\"up\">GUARDA DO PATRIM\u00d4NIO P\u00daBLICO<\/span><\/td>\r\n<td class=\"cvagas\">CR<\/td>\r\n<td class=\"cremuneracao\">R$ 1.432,45 \/40h<\/td>\r\n<\/tr><td class=\"ccargos\">\r\n<span data-balloon-length=\"medium\" aria-label=\"Diploma de conclus\u00e3o do Ensino Fundamental\" data-balloon-pos=\"up\">INSTRUTOR DE TRABALHOS CULTURAIS<\/span><\/td>\r\n<td class=\"cvagas\">CR<\/td>\r\n<td class=\"cremuneracao\">R$ 1.732,74 \/40h<\/td>\r\n<\/tr><td class=\"ccargos\">\r\n<span data-balloon-length=\"medium\" aria-label=\"Diploma de conclus\u00e3o do Ensino Fundamental\" data-balloon-pos=\"up\">INSTRUTOR DE TRABALHOS MANUAIS<\/span><\/td>\r\n<td class=\"cvagas\">CR<\/td>\r\n<td class=\"cremuneracao\">R$ 1.732,74 \/40h<\/td>\r\n<\/tr><td class=\"ccargos\">\r\n<span data-balloon-length=\"medium\" aria-label=\"Diploma de conclus\u00e3o do Ensino Fundamental e curso de Mec\u00e2nica\" data-balloon-pos=\"up\">MEC\u00c2NICO<\/span><\/td>\r\n<td class=\"cvagas\">CR<\/td>\r\n<td class=\"cremuneracao\">R$ 2.541,40 \/40h<\/td>\r\n<\/tr><td class=\"ccargos\">\r\n<span data-balloon-length=\"medium\" aria-label=\"Diploma de conclus\u00e3o do Ensino Fundamental e Carteira Nacional de Habilita\u00e7\u00e3o, categoria D\" data-balloon-pos=\"up\">MOTORISTA<\/span><\/td>\r\n<td class=\"cvagas\">CR<\/td>\r\n<td class=\"cremuneracao\">R$ 1.848,28 \/40h<\/td>\r\n<\/tr><td class=\"ccargos\">\r\n<span data-balloon-length=\"medium\" aria-label=\"Diploma de conclus\u00e3o do Ensino Fundamental e Carteira Nacional de Habilita\u00e7\u00e3o, categoria C\" data-balloon-pos=\"up\">OPERADOR DE M\u00c1QUINAS - MOTONIVELADORA<\/span><\/td>\r\n<td class=\"cvagas\">CR<\/td>\r\n<td class=\"cremuneracao\">R$ 2.541,40 \/40h<\/td>\r\n<\/tr><td class=\"ccargos\">\r\n<span data-balloon-length=\"medium\" aria-label=\"Diploma de conclus\u00e3o do Ensino Fundamental e Carteira Nacional de Habilita\u00e7\u00e3o, categoria C\" data-balloon-pos=\"up\">OPERADOR DE M\u00c1QUINAS - RETROESCAVADEIRA<\/span><\/td>\r\n<td class=\"cvagas\">CR<\/td>\r\n<td class=\"cremuneracao\">R$ 2.541,40 \/40h<\/td>\r\n<\/tr><td class=\"ccargos\">\r\n<span data-balloon-length=\"medium\" aria-label=\"Diploma de conclus\u00e3o do Ensino Fundamental e Carteira Nacional de Habilita\u00e7\u00e3o, categoria C\" data-balloon-pos=\"up\">OPERADOR DE M\u00c1QUINAS \u2013 ROLO COMPACTADOR<\/span><\/td>\r\n<td class=\"cvagas\">CR<\/td>\r\n<td class=\"cremuneracao\">R$ 2.541,40 \/40h<\/td>\r\n<\/tr><td class=\"ccargos\">\r\n<span data-balloon-length=\"medium\" aria-label=\"Diploma de conclus\u00e3o do Ensino Fundamental e Carteira Nacional de Habilita\u00e7\u00e3o, categoria C\" data-balloon-pos=\"up\">OPERADOR DE TRATOR DE PNEUS<\/span><\/td>\r\n<td class=\"cvagas\">CR<\/td>\r\n<td class=\"cremuneracao\">R$ 1.732,74 \/40h<\/td>\r\n<\/tr><td class=\"ccargos\">\r\n<span data-balloon-length=\"medium\" aria-label=\"Diploma de conclus\u00e3o do Ensino Fundamental\" data-balloon-pos=\"up\">ZELADOR DO PATRIM\u00d4NIO<\/span><\/td>\r\n<td class=\"cvagas\">CR<\/td>\r\n<td class=\"cremuneracao\">R$ 1.432,45 \/40h<\/td>\r\n<\/tr>\r\n    <\/tbody>\r\n  <\/table>\r\n<\/div>","_medio":"<div>\r\n<table class=\"quadro\">\r\n<thead>\r\n<tr>\r\n<th class=\"hcargo\">Cargo<\/th>\r\n<th class=\"hvagas\">Vagas<\/th>\r\n<th class=\"hremuneracao\">Remunera\u00e7\u00e3o<\/th>\r\n<\/tr>\r\n<\/thead>\r\n    <tbody>\r\n      <td class=\"ccargos\">\r\n<span data-balloon-length=\"medium\" aria-label=\"Diploma de conclus\u00e3o do Ensino M\u00e9dio, comprovante de resid\u00eancia na \u00e1rea da comunidade em que atuar, desde a data da publica\u00e7\u00e3o do edital do processo seletivo e conclus\u00e3o do curso de forma\u00e7\u00e3o inicial, com carga hor\u00e1ria m\u00ednima de 40 (quarenta) horas.\" data-balloon-pos=\"up\">AGENTE COMUNIT\u00c1RIO DE SA\u00daDE \u2013 Jardim Am\u00e9rica<\/span><\/td>\r\n<td class=\"cvagas\">CR<\/td>\r\n<td class=\"cremuneracao\">R$ 3.036,00 \/40h<\/td>\r\n<\/tr><td class=\"ccargos\">\r\n<span data-balloon-length=\"medium\" aria-label=\"Diploma de conclus\u00e3o do Ensino M\u00e9dio, comprovante de resid\u00eancia na \u00e1rea da comunidade em que atuar, desde a data da publica\u00e7\u00e3o do edital do processo seletivo e conclus\u00e3o do curso de forma\u00e7\u00e3o inicial, com carga hor\u00e1ria m\u00ednima de 40 (quarenta) horas.\" data-balloon-pos=\"up\">AGENTE COMUNIT\u00c1RIO DE SA\u00daDE \u2013 Portal<\/span><\/td>\r\n<td class=\"cvagas\">CR<\/td>\r\n<td class=\"cremuneracao\">R$ 3.036,00 \/40h<\/td>\r\n<\/tr><td class=\"ccargos\">\r\n<span data-balloon-length=\"medium\" aria-label=\"Diploma de conclus\u00e3o do Ensino M\u00e9dio, comprovante de resid\u00eancia na \u00e1rea da comunidade em que atuar, desde a data da publica\u00e7\u00e3o do edital do processo seletivo e conclus\u00e3o do curso de forma\u00e7\u00e3o inicial, com carga hor\u00e1ria m\u00ednima de 40 (quarenta) horas.\" data-balloon-pos=\"up\">AGENTE COMUNIT\u00c1RIO DE SA\u00daDE - Macieira<\/span><\/td>\r\n<td class=\"cvagas\">CR<\/td>\r\n<td class=\"cremuneracao\">R$ 3.036,00 \/40h<\/td>\r\n<\/tr><td class=\"ccargos\">\r\n<span data-balloon-length=\"medium\" aria-label=\"Diploma de conclus\u00e3o do Ensino M\u00e9dio, comprovante de resid\u00eancia na \u00e1rea da comunidade em que atuar, desde a data da publica\u00e7\u00e3o do edital do processo seletivo e conclus\u00e3o do curso de forma\u00e7\u00e3o inicial, com carga hor\u00e1ria m\u00ednima de 40 (quarenta) horas.\" data-balloon-pos=\"up\">AGENTE COMUNIT\u00c1RIO DE SA\u00daDE - S\u00e3o Sebasti\u00e3o\/Mirassol<\/span><\/td>\r\n<td class=\"cvagas\">CR<\/td>\r\n<td class=\"cremuneracao\">R$ 3.036,00 \/40h<\/td>\r\n<\/tr><td class=\"ccargos\">\r\n<span data-balloon-length=\"medium\" aria-label=\"Diploma de conclus\u00e3o do Ensino M\u00e9dio, comprovante de resid\u00eancia na \u00e1rea da comunidade em que atuar, desde a data da publica\u00e7\u00e3o do edital do processo seletivo e conclus\u00e3o do curso de forma\u00e7\u00e3o inicial, com carga hor\u00e1ria m\u00ednima de 40 (quarenta) horas.\" data-balloon-pos=\"up\">AGENTE COMUNIT\u00c1RIO DE SA\u00daDE - S\u00e3o Miguel\/Nossa Senhora Aparecida<\/span><\/td>\r\n<td class=\"cvagas\">CR<\/td>\r\n<td class=\"cremuneracao\">R$ 3.036,00 \/40h<\/td>\r\n<\/tr><td class=\"ccargos\">\r\n<span data-balloon-length=\"medium\" aria-label=\"Diploma de conclus\u00e3o do Ensino M\u00e9dio, comprovante de resid\u00eancia na \u00e1rea da comunidade em que atuar, desde a data da publica\u00e7\u00e3o do edital do processo seletivo e conclus\u00e3o do curso de forma\u00e7\u00e3o inicial, com carga hor\u00e1ria m\u00ednima de 40 (quarenta) horas.\" data-balloon-pos=\"up\">AGENTE COMUNIT\u00c1RIO DE SA\u00daDE \u2013 Santo Ant\u00f4nio<\/span><\/td>\r\n<td class=\"cvagas\">CR<\/td>\r\n<td class=\"cremuneracao\">R$ 3.036,00 \/40h<\/td>\r\n<\/tr><td class=\"ccargos\">\r\n<span data-balloon-length=\"medium\" aria-label=\"Diploma de conclus\u00e3o do Ensino M\u00e9dio, comprovante de resid\u00eancia na \u00e1rea da comunidade em que atuar, desde a data da publica\u00e7\u00e3o do edital do processo seletivo e conclus\u00e3o do curso de forma\u00e7\u00e3o inicial, com carga hor\u00e1ria m\u00ednima de 40 (quarenta) horas.\" data-balloon-pos=\"up\">AGENTE COMUNIT\u00c1RIO DE SA\u00daDE - Salete\/Jardim das Arauc\u00e1rias<\/span><\/td>\r\n<td class=\"cvagas\">CR<\/td>\r\n<td class=\"cremuneracao\">R$ 3.036,00 \/40h<\/td>\r\n<\/tr><td class=\"ccargos\">\r\n<span data-balloon-length=\"medium\" aria-label=\"Diploma de conclus\u00e3o do Ensino M\u00e9dio, comprovante de resid\u00eancia na \u00e1rea da comunidade em que atuar, desde a data da publica\u00e7\u00e3o do edital do processo seletivo e conclus\u00e3o do curso de forma\u00e7\u00e3o inicial, com carga hor\u00e1ria m\u00ednima de 40 (quarenta) horas.\" data-balloon-pos=\"up\">AGENTE COMUNIT\u00c1RIO DE SA\u00daDE \u2013 Bela Vista\/ Jardim das Hort\u00eansias<\/span><\/td>\r\n<td class=\"cvagas\">CR<\/td>\r\n<td class=\"cremuneracao\">R$ 3.036,00 \/40h<\/td>\r\n<\/tr><td class=\"ccargos\">\r\n<span data-balloon-length=\"medium\" aria-label=\"Diploma de conclus\u00e3o do Ensino M\u00e9dio, comprovante de resid\u00eancia na \u00e1rea da comunidade em que atuar, desde a data da publica\u00e7\u00e3o do edital do processo seletivo e conclus\u00e3o do curso de forma\u00e7\u00e3o inicial, com carga hor\u00e1ria m\u00ednima de 40 (quarenta) horas.\" data-balloon-pos=\"up\">AGENTE COMUNIT\u00c1RIO DE SA\u00daDE - Na\u00e7\u00f5es<\/span><\/td>\r\n<td class=\"cvagas\">CR<\/td>\r\n<td class=\"cremuneracao\">R$ 3.036,00 \/40h<\/td>\r\n<\/tr><td class=\"ccargos\">\r\n<span data-balloon-length=\"medium\" aria-label=\"Diploma de conclus\u00e3o do Ensino M\u00e9dio, comprovante de resid\u00eancia na \u00e1rea da comunidade em que atuar, desde a data da publica\u00e7\u00e3o do edital do processo seletivo e conclus\u00e3o do curso de forma\u00e7\u00e3o inicial, com carga hor\u00e1ria m\u00ednima de 40 (quarenta) horas.\" data-balloon-pos=\"up\">AGENTE COMUNIT\u00c1RIO DE SA\u00daDE - S\u00e3o Jos\u00e9<\/span><\/td>\r\n<td class=\"cvagas\">CR<\/td>\r\n<td class=\"cremuneracao\">R$ 3.036,00 \/40h<\/td>\r\n<\/tr><td class=\"ccargos\">\r\n<span data-balloon-length=\"medium\" aria-label=\"Diploma de conclus\u00e3o do Ensino M\u00e9dio, comprovante de resid\u00eancia na \u00e1rea da comunidade em que atuar, desde a data da publica\u00e7\u00e3o do edital do processo seletivo e conclus\u00e3o do curso de forma\u00e7\u00e3o inicial, com carga hor\u00e1ria m\u00ednima de 40 (quarenta) horas.\" data-balloon-pos=\"up\">AGENTE COMUNIT\u00c1RIO DE SA\u00daDE \u2013 Faxinal dos Carvalhos<\/span><\/td>\r\n<td class=\"cvagas\">CR<\/td>\r\n<td class=\"cremuneracao\">R$ 3.036,00 \/40h<\/td>\r\n<\/tr><td class=\"ccargos\">\r\n<span data-balloon-length=\"medium\" aria-label=\"Diploma de conclus\u00e3o do Ensino M\u00e9dio, comprovante de resid\u00eancia na \u00e1rea da comunidade em que atuar, desde a data da publica\u00e7\u00e3o do edital do processo seletivo e conclus\u00e3o do curso de forma\u00e7\u00e3o inicial, com carga hor\u00e1ria m\u00ednima de 40 (quarenta) horas.\" data-balloon-pos=\"up\">AGENTE COMUNIT\u00c1RIO DE SA\u00daDE \u2013 Liberata\/S\u00e3o Luiz<\/span><\/td>\r\n<td class=\"cvagas\">CR<\/td>\r\n<td class=\"cremuneracao\">R$ 3.036,00 \/40h<\/td>\r\n<\/tr><td class=\"ccargos\">\r\n<span data-balloon-length=\"medium\" aria-label=\"Diploma de conclus\u00e3o do Ensino M\u00e9dio, comprovante de resid\u00eancia na \u00e1rea da comunidade em que atuar, desde a data da publica\u00e7\u00e3o do edital do processo seletivo e conclus\u00e3o do curso de forma\u00e7\u00e3o inicial, com carga hor\u00e1ria m\u00ednima de 40 (quarenta) horas.\" data-balloon-pos=\"up\">AGENTE COMUNIT\u00c1RIO DE SA\u00daDE \u2013 Roland Mayer<\/span><\/td>\r\n<td class=\"cvagas\">CR<\/td>\r\n<td class=\"cremuneracao\">R$ 3.036,00 \/40h<\/td>\r\n<\/tr><td class=\"ccargos\">\r\n<span data-balloon-length=\"medium\" aria-label=\"Diploma de conclus\u00e3o do Ensino M\u00e9dio, comprovante de resid\u00eancia na \u00e1rea da comunidade em que atuar, desde a data da publica\u00e7\u00e3o do edital do processo seletivo e conclus\u00e3o do curso de forma\u00e7\u00e3o inicial, com carga hor\u00e1ria m\u00ednima de 40 (quarenta) horas.\" data-balloon-pos=\"up\">AGENTE COMUNIT\u00c1RIO DE SA\u00daDE \u2013 Santa M\u00f4nica<\/span><\/td>\r\n<td class=\"cvagas\">CR<\/td>\r\n<td class=\"cremuneracao\">R$ 3.036,00 \/40h<\/td>\r\n<\/tr><td class=\"ccargos\">\r\n<span data-balloon-length=\"medium\" aria-label=\"Diploma de conclus\u00e3o do Ensino M\u00e9dio, comprovante de resid\u00eancia na \u00e1rea da comunidade em que atuar, desde a data da publica\u00e7\u00e3o do edital do processo seletivo e conclus\u00e3o do curso de forma\u00e7\u00e3o inicial, com carga hor\u00e1ria m\u00ednima de 40 (quarenta) horas.\" data-balloon-pos=\"up\">AGENTE COMUNIT\u00c1RIO DE SA\u00daDE \u2013 S\u00e3o Crist\u00f3v\u00e3o\/Colina do Sol<\/span><\/td>\r\n<td class=\"cvagas\">CR<\/td>\r\n<td class=\"cremuneracao\">R$ 3.036,00 \/40h<\/td>\r\n<\/tr><td class=\"ccargos\">\r\n<span data-balloon-length=\"medium\" aria-label=\"Diploma de conclus\u00e3o do Ensino M\u00e9dio, comprovante de resid\u00eancia na \u00e1rea da comunidade em que atuar, desde a data da publica\u00e7\u00e3o do edital do processo seletivo e conclus\u00e3o do curso de forma\u00e7\u00e3o inicial, com carga hor\u00e1ria m\u00ednima de 40 (quarenta) horas.\" data-balloon-pos=\"up\">AGENTE COMUNIT\u00c1RIO DE SA\u00daDE \u2013 Linha Bahia I e II<\/span><\/td>\r\n<td class=\"cvagas\">CR<\/td>\r\n<td class=\"cremuneracao\">R$ 3.036,00 \/40h<\/td>\r\n<\/tr><td class=\"ccargos\">\r\n<span data-balloon-length=\"medium\" aria-label=\"Diploma de conclus\u00e3o do Ensino M\u00e9dio, comprovante de resid\u00eancia na \u00e1rea da comunidade em que atuar, desde a data da publica\u00e7\u00e3o do edital do processo seletivo e conclus\u00e3o do curso de forma\u00e7\u00e3o inicial, com carga hor\u00e1ria m\u00ednima de 40 (quarenta) horas.\" data-balloon-pos=\"up\">AGENTE COMUNIT\u00c1RIO DE SA\u00daDE \u2013 Assentamento Dandara<\/span><\/td>\r\n<td class=\"cvagas\">CR<\/td>\r\n<td class=\"cremuneracao\">R$ 3.036,00 \/40h<\/td>\r\n<\/tr><td class=\"ccargos\">\r\n<span data-balloon-length=\"medium\" aria-label=\"Diploma de conclus\u00e3o do Ensino M\u00e9dio, comprovante de resid\u00eancia na \u00e1rea da comunidade em que atuar, desde a data da publica\u00e7\u00e3o do edital do processo seletivo e conclus\u00e3o do curso de forma\u00e7\u00e3o inicial, com carga hor\u00e1ria m\u00ednima de 40 (quarenta) horas.\" data-balloon-pos=\"up\">AGENTE COMUNIT\u00c1RIO DE SA\u00daDE \u2013 Barro Preto<\/span><\/td>\r\n<td class=\"cvagas\">CR<\/td>\r\n<td class=\"cremuneracao\">R$ 3.036,00 \/40h<\/td>\r\n<\/tr><td class=\"ccargos\">\r\n<span data-balloon-length=\"medium\" aria-label=\"Diploma de conclus\u00e3o do Ensino M\u00e9dio, comprovante de resid\u00eancia na \u00e1rea da comunidade em que atuar, desde a data da publica\u00e7\u00e3o do edital do processo seletivo e conclus\u00e3o do curso de forma\u00e7\u00e3o inicial, com carga hor\u00e1ria m\u00ednima de 40 (quarenta) horas.\" data-balloon-pos=\"up\">AGENTE COMUNIT\u00c1RIO DE SA\u00daDE \u2013 Taquaru\u00e7u de Cima<\/span><\/td>\r\n<td class=\"cvagas\">CR<\/td>\r\n<td class=\"cremuneracao\">R$ 3.036,00 \/40h<\/td>\r\n<\/tr><td class=\"ccargos\">\r\n<span data-balloon-length=\"medium\" aria-label=\"Diploma de conclus\u00e3o do Ensino M\u00e9dio, comprovante de resid\u00eancia na \u00e1rea da comunidade em que atuar, desde a data da publica\u00e7\u00e3o do edital do processo seletivo e conclus\u00e3o do curso de forma\u00e7\u00e3o inicial, com carga hor\u00e1ria m\u00ednima de 40 (quarenta) horas.\" data-balloon-pos=\"up\">AGENTE COMUNIT\u00c1RIO DE SA\u00daDE \u2013 Campina Cerro \/ Assentamento Contestado \/ Santa Helena<\/span><\/td>\r\n<td class=\"cvagas\">CR<\/td>\r\n<td class=\"cremuneracao\">R$ 3.036,00 \/40h<\/td>\r\n<\/tr><td class=\"ccargos\">\r\n<span data-balloon-length=\"medium\" aria-label=\"Diploma de conclus\u00e3o do Ensino M\u00e9dio, comprovante de resid\u00eancia na \u00e1rea da comunidade em que atuar, desde a data da publica\u00e7\u00e3o do edital do processo seletivo e conclus\u00e3o do curso de forma\u00e7\u00e3o inicial, com carga hor\u00e1ria m\u00ednima de 40 (quarenta) horas.\" data-balloon-pos=\"up\">AGENTE COMUNIT\u00c1RIO DE SA\u00daDE \u2013 Rio Mansinho \/ Assentamento Rio Mansinho<\/span><\/td>\r\n<td class=\"cvagas\">CR<\/td>\r\n<td class=\"cremuneracao\">R$ 3.036,00 \/40h<\/td>\r\n<\/tr><td class=\"ccargos\">\r\n<span data-balloon-length=\"medium\" aria-label=\"Diploma de conclus\u00e3o do Ensino M\u00e9dio, comprovante de resid\u00eancia na \u00e1rea da comunidade em que atuar, desde a data da publica\u00e7\u00e3o do edital do processo seletivo e conclus\u00e3o do curso de forma\u00e7\u00e3o inicial, com carga hor\u00e1ria m\u00ednima de 40 (quarenta) horas.\" data-balloon-pos=\"up\">AGENTE COMUNIT\u00c1RIO DE SA\u00daDE \u2013 Lau Mello<\/span><\/td>\r\n<td class=\"cvagas\">CR<\/td>\r\n<td class=\"cremuneracao\">R$ 3.036,00 \/40h<\/td>\r\n<\/tr><td class=\"ccargos\">\r\n<span data-balloon-length=\"medium\" aria-label=\"Diploma de conclus\u00e3o do Ensino M\u00e9dio, comprovante de resid\u00eancia na \u00e1rea da comunidade em que atuar, desde a data da publica\u00e7\u00e3o do edital do processo seletivo e conclus\u00e3o do curso de forma\u00e7\u00e3o inicial, com carga hor\u00e1ria m\u00ednima de 40 (quarenta) horas.\" data-balloon-pos=\"up\">AGENTE COMUNIT\u00c1RIO DE SA\u00daDE \u2013 Buti\u00e1 Verde - setor I \/ Vila Reflor<\/span><\/td>\r\n<td class=\"cvagas\">CR<\/td>\r\n<td class=\"cremuneracao\">R$ 3.036,00 \/40h<\/td>\r\n<\/tr><td class=\"ccargos\">\r\n<span data-balloon-length=\"medium\" aria-label=\"Diploma de conclus\u00e3o do Ensino M\u00e9dio, comprovante de resid\u00eancia na \u00e1rea da comunidade em que atuar, desde a data da publica\u00e7\u00e3o do edital do processo seletivo e conclus\u00e3o do curso de forma\u00e7\u00e3o inicial, com carga hor\u00e1ria m\u00ednima de 40 (quarenta) horas.\" data-balloon-pos=\"up\">AGENTE COMUNIT\u00c1RIO DE SA\u00daDE \u2013 Faxinal dos Domingues I e II<\/span><\/td>\r\n<td class=\"cvagas\">CR<\/td>\r\n<td class=\"cremuneracao\">R$ 3.036,00 \/40h<\/td>\r\n<\/tr><td class=\"ccargos\">\r\n<span data-balloon-length=\"medium\" aria-label=\"Diploma de conclus\u00e3o do Ensino M\u00e9dio, comprovante de resid\u00eancia na \u00e1rea da comunidade em que atuar, desde a data da publica\u00e7\u00e3o do edital do processo seletivo e conclus\u00e3o do curso de forma\u00e7\u00e3o inicial, com carga hor\u00e1ria m\u00ednima de 40 (quarenta) horas.\" data-balloon-pos=\"up\">AGENTE COMUNIT\u00c1RIO DE SA\u00daDE \u2013 Gruta Nossa Sra de Lourdes\/Fazenda Conte<\/span><\/td>\r\n<td class=\"cvagas\">CR<\/td>\r\n<td class=\"cremuneracao\">R$ 3.036,00 \/40h<\/td>\r\n<\/tr><td class=\"ccargos\">\r\n<span data-balloon-length=\"medium\" aria-label=\"Diploma de conclus\u00e3o do Ensino M\u00e9dio, comprovante de resid\u00eancia na \u00e1rea da comunidade em que atuar, desde a data da publica\u00e7\u00e3o do edital do processo seletivo e conclus\u00e3o do curso de forma\u00e7\u00e3o inicial, com carga hor\u00e1ria m\u00ednima de 40 (quarenta) horas.\" data-balloon-pos=\"up\">AGENTE COMUNIT\u00c1RIO DE SA\u00daDE \u2013 Buti\u00e1 Verde - setor II<\/span><\/td>\r\n<td class=\"cvagas\">CR<\/td>\r\n<td class=\"cremuneracao\">R$ 3.036,00 \/40h<\/td>\r\n<\/tr><td class=\"ccargos\">\r\n<span data-balloon-length=\"medium\" aria-label=\"Diploma de conclus\u00e3o do Ensino M\u00e9dio, comprovante de resid\u00eancia na \u00e1rea da comunidade em que atuar, desde a data da publica\u00e7\u00e3o do edital do processo seletivo e conclus\u00e3o do curso de forma\u00e7\u00e3o inicial, com carga hor\u00e1ria m\u00ednima de 40 (quarenta) horas.\" data-balloon-pos=\"up\">AGENTE COMUNIT\u00c1RIO DE SA\u00daDE \u2013 Fischer e Rio Mansinho<\/span><\/td>\r\n<td class=\"cvagas\">CR<\/td>\r\n<td class=\"cremuneracao\">R$ 3.036,00 \/40h<\/td>\r\n<\/tr><td class=\"ccargos\">\r\n<span data-balloon-length=\"medium\" aria-label=\"Diploma de conclus\u00e3o do Ensino M\u00e9dio e conclus\u00e3o do curso de forma\u00e7\u00e3o inicial, com carga hor\u00e1ria m\u00ednima de 40 (quarenta) horas e carteira de habilita\u00e7\u00e3o AB\" data-balloon-pos=\"up\">AGENTE DE COMBATE \u00c0S ENDEMIAS<\/span><\/td>\r\n<td class=\"cvagas\">CR<\/td>\r\n<td class=\"cremuneracao\">R$ 3.036,00 \/40h<\/td>\r\n<\/tr><td class=\"ccargos\">\r\n<span data-balloon-length=\"medium\" aria-label=\"Diploma de conclus\u00e3o do Ensino M\u00e9dio\" data-balloon-pos=\"up\">ASSISTENTE ADMINISTRATIVO<\/span><\/td>\r\n<td class=\"cvagas\">CR<\/td>\r\n<td class=\"cremuneracao\">R$ 1.848,24 \/40h<\/td>\r\n<\/tr><td class=\"ccargos\">\r\n<span data-balloon-length=\"medium\" aria-label=\"Diploma de conclus\u00e3o do Ensino M\u00e9dio e comprovante de registro no CRO\" data-balloon-pos=\"up\">AUXILIAR DE SA\u00daDE BUCAL<\/span><\/td>\r\n<td class=\"cvagas\">CR<\/td>\r\n<td class=\"cremuneracao\">R$ 1.732,74 \/40h<\/td>\r\n<\/tr><td class=\"ccargos\">\r\n<span data-balloon-length=\"medium\" aria-label=\"Diploma de conclus\u00e3o do Ensino M\u00e9dio e Carteira Nacional de Habilita\u00e7\u00e3o, Categoria A, B ou AB\" data-balloon-pos=\"up\">MONITOR SOCIAL<\/span><\/td>\r\n<td class=\"cvagas\">CR<\/td>\r\n<td class=\"cremuneracao\">R$ 1.848,24 \/40h<\/td>\r\n<\/tr><td class=\"ccargos\">\r\n<span data-balloon-length=\"medium\" aria-label=\"Diploma de conclus\u00e3o do Ensino M\u00e9dio com curso T\u00e9cnico de Enfermagem e Registro no COREN\" data-balloon-pos=\"up\">T\u00c9CNICO EM ENFERMAGEM<\/span><\/td>\r\n<td class=\"cvagas\">CR<\/td>\r\n<td class=\"cremuneracao\">R$ 2.772,43 \/40h<\/td>\r\n<\/tr><td class=\"ccargos\">\r\n<span data-balloon-length=\"medium\" aria-label=\"Diploma de conclus\u00e3o do Ensino M\u00e9dio com curso T\u00e9cnico de Seguran\u00e7a no Trabalho\" data-balloon-pos=\"up\">T\u00c9CNICO EM SEGURAN\u00c7A DO TRABALHO<\/span><\/td>\r\n<td class=\"cvagas\">CR<\/td>\r\n<td class=\"cremuneracao\">R$ 2.772,43 \/40h<\/td>\r\n<\/tr>\r\n    <\/tbody>\r\n  <\/table>\r\n<\/div>","_superior":"<div>\r\n<table class=\"quadro\">\r\n<thead>\r\n<tr>\r\n<th class=\"hcargo\">Cargo<\/th>\r\n<th class=\"hvagas\">Vagas<\/th>\r\n<th class=\"hremuneracao\">Remunera\u00e7\u00e3o<\/th>\r\n<\/tr>\r\n<\/thead>\r\n    <tbody>\r\n      <tr>\r\n<td class=\"ccargos\">\r\n<span data-balloon-length=\"medium\" aria-label=\"Diploma de conclus\u00e3o da gradua\u00e7\u00e3o em Servi\u00e7o Social e comprovante de registro no CRESS\" data-balloon-pos=\"up\">ASSISTENTE SOCIAL<\/span><\/td>\r\n<td class=\"cvagas\">CR<\/td>\r\n<td class=\"cremuneracao\">R$ 4.620,64 \/40h<\/td>\r\n<\/tr><tr>\r\n<td class=\"ccargos\">\r\n<span data-balloon-length=\"medium\" aria-label=\"Diploma de conclus\u00e3o da gradua\u00e7\u00e3o em Enfermagem e comprovante de registro no COREN\" data-balloon-pos=\"up\">ENFERMEIRO<\/span><\/td>\r\n<td class=\"cvagas\">CR<\/td>\r\n<td class=\"cremuneracao\">R$ 4.620,64 \/40h<\/td>\r\n<\/tr><tr>\r\n<td class=\"ccargos\">\r\n<span data-balloon-length=\"medium\" aria-label=\"Diploma de conclus\u00e3o da gradua\u00e7\u00e3o em Engenharia Civil e comprovante de registro no CREA\" data-balloon-pos=\"up\">ENGENHEIRO CIVIL<\/span><\/td>\r\n<td class=\"cvagas\">CR<\/td>\r\n<td class=\"cremuneracao\">R$ 8.086,20 \/40h<\/td>\r\n<\/tr><tr>\r\n<td class=\"ccargos\">\r\n<span data-balloon-length=\"medium\" aria-label=\"Diploma de conclus\u00e3o da gradua\u00e7\u00e3o em curso superior que permita registro no CREA, com especializa\u00e7\u00e3o em Engenharia de Seguran\u00e7a do Trabalho e comprovante de registro no CREA\" data-balloon-pos=\"up\">ENGENHEIRO DE SEGURAN\u00c7A DO TRABALHO<\/span><\/td>\r\n<td class=\"cvagas\">CR<\/td>\r\n<td class=\"cremuneracao\">R$ 6.468,96 \/40h<\/td>\r\n<\/tr><tr>\r\n<td class=\"ccargos\">\r\n<span data-balloon-length=\"medium\" aria-label=\"Diploma de conclus\u00e3o da gradua\u00e7\u00e3o em Farm\u00e1cia e comprovante de registro no CRF\" data-balloon-pos=\"up\">FARMAC\u00caUTICO<\/span><\/td>\r\n<td class=\"cvagas\">CR<\/td>\r\n<td class=\"cremuneracao\">R$ 4.620,66 \/40h<\/td>\r\n<\/tr><tr>\r\n<td class=\"ccargos\">\r\n<span data-balloon-length=\"medium\" aria-label=\"Diploma de conclus\u00e3o da gradua\u00e7\u00e3o em Fisioterapia e comprovante de registro no CREFITO\" data-balloon-pos=\"up\">FISIOTERAPEUTA<\/span><\/td>\r\n<td class=\"cvagas\">CR<\/td>\r\n<td class=\"cremuneracao\">R$ 3.465,50 \/30h<\/td>\r\n<\/tr><tr>\r\n<td class=\"ccargos\">\r\n<span data-balloon-length=\"medium\" aria-label=\"Diploma de conclus\u00e3o da gradua\u00e7\u00e3o em Medicina e comprovante de registro no CRM\" data-balloon-pos=\"up\">M\u00c9DICO CL\u00cdNICO GERAL<\/span><\/td>\r\n<td class=\"cvagas\">CR<\/td>\r\n<td class=\"cremuneracao\">R$ 12.034,24 \/20h<\/td>\r\n<\/tr><tr>\r\n<td class=\"ccargos\">\r\n<span data-balloon-length=\"medium\" aria-label=\"Diploma de conclus\u00e3o da gradua\u00e7\u00e3o em Medicina e comprovante de registro no CRM e Certificado de Registro da qualifica\u00e7\u00e3o de especialista em Ginecologia\/Obstetr\u00edcia\" data-balloon-pos=\"up\">M\u00c9DICO GINECOLOGISTA\/OBSTETRA<\/span><\/td>\r\n<td class=\"cvagas\">CR<\/td>\r\n<td class=\"cremuneracao\">R$ 12.034,24 \/20h<\/td>\r\n<\/tr><tr>\r\n<td class=\"ccargos\">\r\n<span data-balloon-length=\"medium\" aria-label=\"Diploma de conclus\u00e3o da gradua\u00e7\u00e3o em Medicina e comprovante de registro no CRM e Certificado de Registro da qualifica\u00e7\u00e3o de especialista em Pediatria\" data-balloon-pos=\"up\">M\u00c9DICO PEDIATRA<\/span><\/td>\r\n<td class=\"cvagas\">CR<\/td>\r\n<td class=\"cremuneracao\">R$ 12.034,24 \/20h<\/td>\r\n<\/tr><tr>\r\n<td class=\"ccargos\">\r\n<span data-balloon-length=\"medium\" aria-label=\"Diploma de conclus\u00e3o da gradua\u00e7\u00e3o em Medicina e comprovante de registro no CRM e Certificado de Registro da qualifica\u00e7\u00e3o de especialista em Psiquiatria\" data-balloon-pos=\"up\">M\u00c9DICO PSIQUIATRA<\/span><\/td>\r\n<td class=\"cvagas\">CR<\/td>\r\n<td class=\"cremuneracao\">R$ 12.034,24 \/20h<\/td>\r\n<\/tr><tr>\r\n<td class=\"ccargos\">\r\n<span data-balloon-length=\"medium\" aria-label=\"Diploma de conclus\u00e3o da gradua\u00e7\u00e3o em Medicina e comprovante de registro no CRM\" data-balloon-pos=\"up\">M\u00c9DICO - SA\u00daDE DA FAM\u00cdLIA<\/span><\/td>\r\n<td class=\"cvagas\">CR<\/td>\r\n<td class=\"cremuneracao\">R$ 24.068,48 \/40h<\/td>\r\n<\/tr><tr>\r\n<td class=\"ccargos\">\r\n<span data-balloon-length=\"medium\" aria-label=\"Diploma de conclus\u00e3o da gradua\u00e7\u00e3o em Nutri\u00e7\u00e3o e comprovante de registro no CRN\" data-balloon-pos=\"up\">NUTRICIONISTA<\/span><\/td>\r\n<td class=\"cvagas\">CR<\/td>\r\n<td class=\"cremuneracao\">R$ 4.620,68 \/40h<\/td>\r\n<\/tr><tr>\r\n<td class=\"ccargos\">\r\n<span data-balloon-length=\"medium\" aria-label=\"Diploma de conclus\u00e3o da gradua\u00e7\u00e3o em Odontologia e comprovante de registro no CRO\" data-balloon-pos=\"up\">ODONT\u00d3LOGO<\/span><\/td>\r\n<td class=\"cvagas\">CR<\/td>\r\n<td class=\"cremuneracao\">R$ 8.086,21 \/40h<\/td>\r\n<\/tr><tr>\r\n<td class=\"ccargos\">\r\n<span data-balloon-length=\"medium\" aria-label=\"Diploma de conclus\u00e3o da gradua\u00e7\u00e3o em Psicologia e comprovante de registro no CRP\" data-balloon-pos=\"up\">PSIC\u00d3LOGO<\/span><\/td>\r\n<td class=\"cvagas\">CR<\/td>\r\n<td class=\"cremuneracao\">R$ 4.620,64 \/40h<\/td>\r\n<\/tr>\r\n    <\/tbody>\r\n  <\/table>\r\n<\/div>"},"_links":{"self":[{"href":"https:\/\/www.agrobase.com.br\/concursos\/wp-json\/wp\/v2\/posts\/270537","targetHints":{"allow":["GET"]}}],"collection":[{"href":"https:\/\/www.agrobase.com.br\/concursos\/wp-json\/wp\/v2\/posts"}],"about":[{"href":"https:\/\/www.agrobase.com.br\/concursos\/wp-json\/wp\/v2\/types\/post"}],"author":[{"embeddable":true,"href":"https:\/\/www.agrobase.com.br\/concursos\/wp-json\/wp\/v2\/users\/7"}],"replies":[{"embeddable":true,"href":"https:\/\/www.agrobase.com.br\/concursos\/wp-json\/wp\/v2\/comments?post=270537"}],"version-history":[{"count":1,"href":"https:\/\/www.agrobase.com.br\/concursos\/wp-json\/wp\/v2\/posts\/270537\/revisions"}],"predecessor-version":[{"id":270539,"href":"https:\/\/www.agrobase.com.br\/concursos\/wp-json\/wp\/v2\/posts\/270537\/revisions\/270539"}],"wp:featuredmedia":[{"embeddable":true,"href":"https:\/\/www.agrobase.com.br\/concursos\/wp-json\/wp\/v2\/media\/270536"}],"wp:attachment":[{"href":"https:\/\/www.agrobase.com.br\/concursos\/wp-json\/wp\/v2\/media?parent=270537"}],"wp:term":[{"taxonomy":"category","embeddable":true,"href":"https:\/\/www.agrobase.com.br\/concursos\/wp-json\/wp\/v2\/categories?post=270537"},{"taxonomy":"post_tag","embeddable":true,"href":"https:\/\/www.agrobase.com.br\/concursos\/wp-json\/wp\/v2\/tags?post=270537"},{"taxonomy":"_amplo","embeddable":true,"href":"https:\/\/www.agrobase.com.br\/concursos\/wp-json\/wp\/v2\/_amplo?post=270537"},{"taxonomy":"destaque","embeddable":true,"href":"https:\/\/www.agrobase.com.br\/concursos\/wp-json\/wp\/v2\/destaque?post=270537"},{"taxonomy":"instituicoes","embeddable":true,"href":"https:\/\/www.agrobase.com.br\/concursos\/wp-json\/wp\/v2\/instituicoes?post=270537"}],"curies":[{"name":"wp","href":"https:\/\/api.w.org\/{rel}","templated":true}]}}