{"id":270531,"date":"2025-08-27T08:20:33","date_gmt":"2025-08-27T11:20:33","guid":{"rendered":"https:\/\/www.agrobase.com.br\/concursos\/?p=270531"},"modified":"2025-08-26T15:44:49","modified_gmt":"2025-08-26T18:44:49","slug":"prefeitura-blumenau-sc-selecao-simplificada-01-2025","status":"publish","type":"post","link":"https:\/\/www.agrobase.com.br\/concursos\/2025\/prefeitura-blumenau-sc-selecao-simplificada-01-2025\/","title":{"rendered":"Prefeitura Blumenau (SC) &#8211; Sele\u00e7\u00e3o Simplificada 01\/2025"},"content":{"rendered":"<h2>Informa\u00e7\u00f5es Gerais<\/h2>\n<p>A Prefeitura Municipal de Blumenau, em Santa Catarina, publicou o edital n.\u00ba 001\/2025 do seu Processo Seletivo P\u00fablico Simplificado (PSPS), organizado pela Funda\u00e7\u00e3o Universidade Regional de Blumenau (FURB). O certame visa preencher vagas tempor\u00e1rias para o ano letivo de 2026 na Secretaria Municipal de Educa\u00e7\u00e3o. As contrata\u00e7\u00f5es ser\u00e3o realizadas sob o regime administrativo especial, por tempo determinado.<\/p>\n<p>As oportunidades s\u00e3o destinadas a candidatos com forma\u00e7\u00e3o em n\u00edvel superior, magist\u00e9rio e tamb\u00e9m para estudantes de licenciatura que estejam cursando a partir do 6\u00ba semestre, abrangendo diversas \u00e1reas da educa\u00e7\u00e3o, como Coordena\u00e7\u00e3o Pedag\u00f3gica e Professor em m\u00faltiplas disciplinas.<\/p>\n<p>Para os profissionais da \u00e1rea de Biologia, h\u00e1 uma excelente oportunidade para o cargo de <strong>Professor de Ci\u00eancias<\/strong>, que exige Licenciatura Plena em Ci\u00eancias Biol\u00f3gicas. Nas se\u00e7\u00f5es seguintes, voc\u00ea encontrar\u00e1 todos os detalhes sobre o cronograma de inscri\u00e7\u00f5es, as etapas do processo seletivo e como acompanhar os resultados.<\/p>\n<h2>Inscri\u00e7\u00f5es<\/h2>\n<p>As inscri\u00e7\u00f5es para o processo seletivo estar\u00e3o abertas entre <strong>8h do dia 03 de setembro de 2025 e 23h59min do dia 25 de setembro de 2025<\/strong>. Todo o procedimento deve ser realizado exclusivamente de forma online, atrav\u00e9s do portal da banca organizadora, a FURB, no endere\u00e7o <em>concursos.furb.br<\/em>.<\/p>\n<p>O valor da taxa de inscri\u00e7\u00e3o foi fixado em <strong>R$ 150,00<\/strong> para todos os cargos. O pagamento poder\u00e1 ser efetuado por meio de boleto banc\u00e1rio ou PIX, com data limite at\u00e9 <strong>26 de setembro de 2025<\/strong>, respeitando os hor\u00e1rios de compensa\u00e7\u00e3o banc\u00e1ria.<\/p>\n<p>Haver\u00e1 a possibilidade de solicitar isen\u00e7\u00e3o do pagamento da taxa. Os pedidos devem ser feitos no per\u00edodo de 03 a 07 de setembro de 2025, diretamente na \u201c\u00c1rea do Candidato\u201d no site da FURB, seguindo os crit\u00e9rios e procedimentos detalhados no edital. Os candidatos que tiverem o pedido indeferido poder\u00e3o efetuar o pagamento da taxa at\u00e9 a data de vencimento.<\/p>\n<p>\u00c9 fundamental que o candidato acompanhe a confirma\u00e7\u00e3o de sua inscri\u00e7\u00e3o e todas as demais publica\u00e7\u00f5es na sua \u00e1rea restrita no portal da banca. Para garantir sua participa\u00e7\u00e3o e compreender todos os requisitos, a leitura completa do edital \u00e9 indispens\u00e1vel.<\/p>\n<h2>Etapas e Provas<\/h2>\n<p>O Processo Seletivo P\u00fablico Simplificado da Prefeitura de Blumenau ser\u00e1 composto por duas etapas principais, aplicadas a todos os cargos. S\u00e3o elas:<\/p>\n<ul>\n<li><strong>Prova Objetiva:<\/strong> De car\u00e1ter eliminat\u00f3rio e classificat\u00f3rio, ser\u00e1 composta por 40 quest\u00f5es de m\u00faltipla escolha, com cinco alternativas cada. A prova ter\u00e1 dura\u00e7\u00e3o de 3 horas e ser\u00e1 avaliada em uma escala de 0 a 10 pontos, sendo necess\u00e1rio realiz\u00e1-la para ser considerado aprovado. A aplica\u00e7\u00e3o est\u00e1 prevista para o dia <strong>19 de outubro de 2025<\/strong>, no munic\u00edpio de Blumenau\/SC. As disciplinas cobradas abranger\u00e3o L\u00edngua Portuguesa, Conhecimentos Gerais, Legisla\u00e7\u00e3o Educacional e Conhecimentos Espec\u00edficos.<\/li>\n<li><strong>Prova de T\u00edtulos:<\/strong> De car\u00e1ter facultativo e classificat\u00f3rio. A pontua\u00e7\u00e3o desta etapa ser\u00e1 somada \u00e0 nota da prova objetiva apenas para os candidatos aprovados. Os documentos comprobat\u00f3rios de titula\u00e7\u00e3o dever\u00e3o ser enviados eletronicamente atrav\u00e9s da \u201c\u00c1rea do Candidato\u201d no site da FURB, durante o mesmo per\u00edodo das inscri\u00e7\u00f5es, entre 03 e 25 de setembro de 2025. Ser\u00e3o considerados apenas os t\u00edtulos pertinentes \u00e0 \u00e1rea de atua\u00e7\u00e3o ou educa\u00e7\u00e3o.<\/li>\n<\/ul>\n<p>Recomenda-se a consulta ao edital para obter informa\u00e7\u00f5es detalhadas sobre o conte\u00fado program\u00e1tico de cada disciplina, os crit\u00e9rios de pontua\u00e7\u00e3o da prova de t\u00edtulos e as normas de aplica\u00e7\u00e3o das provas.<\/p>\n<h2>Resultados e Gabarito<\/h2>\n<p>O cronograma de divulga\u00e7\u00e3o dos resultados seguir\u00e1 datas espec\u00edficas para cada etapa. O gabarito preliminar da prova objetiva ser\u00e1 publicado em <strong>20 de outubro de 2025<\/strong>. Ap\u00f3s o per\u00edodo de recursos, o gabarito definitivo e o resultado final da prova objetiva ser\u00e3o divulgados em <strong>04 de novembro de 2025<\/strong>. O resultado preliminar da prova de t\u00edtulos sair\u00e1 em 20 de outubro, e o resultado final desta etapa em 05 de novembro.<\/p>\n<p>O resultado preliminar do processo seletivo est\u00e1 previsto para 05 de novembro de 2025. A classifica\u00e7\u00e3o final, ap\u00f3s todos os recursos, ser\u00e1 publicada em <strong>14 de novembro de 2025<\/strong>.<\/p>\n<p>Em caso de empate na classifica\u00e7\u00e3o final, os crit\u00e9rios de desempate seguir\u00e3o a seguinte ordem:<\/p>\n<ul>\n<li>Candidato com idade igual ou superior a 60 anos;<\/li>\n<li>Maior n\u00famero de acertos nas quest\u00f5es de Conhecimentos Espec\u00edficos;<\/li>\n<li>Maior pontua\u00e7\u00e3o em Conhecimentos Gerais e Legisla\u00e7\u00e3o Educacional;<\/li>\n<li>Maior n\u00famero de acertos nas quest\u00f5es de L\u00edngua Portuguesa;<\/li>\n<li>Ter exercido a fun\u00e7\u00e3o de jurado;<\/li>\n<li>Maior idade (para os demais candidatos).<\/li>\n<\/ul>\n<p>A convoca\u00e7\u00e3o dos candidatos aprovados ser\u00e1 realizada conforme a ordem de classifica\u00e7\u00e3o e a necessidade da administra\u00e7\u00e3o p\u00fablica, por meio de publica\u00e7\u00e3o no site oficial da Prefeitura de Blumenau (<em>blumenau.sc.gov.br<\/em>).<\/p>\n<p>\u00c9 de responsabilidade exclusiva do candidato acompanhar todas as publica\u00e7\u00f5es oficiais no site da banca organizadora (FURB) e da Prefeitura de Blumenau, al\u00e9m de manter seus dados cadastrais sempre atualizados para a convoca\u00e7\u00e3o.<\/p>\n","protected":false},"excerpt":{"rendered":"<p>Sel. Simplificada Pref. Blumenau (SC) com edital publicado! Vagas p\/ Professor e Coord. Pedag\u00f3gico (Superior). Inscri\u00e7\u00f5es a partir de 03\/09. Confira detalhes!<\/p>\n","protected":false},"author":7,"featured_media":270530,"comment_status":"open","ping_status":"open","sticky":false,"template":"","format":"standard","meta":{"_acf_changed":false,"_breakdance_hide_in_design_set":false,"_breakdance_tags":"","footnotes":""},"categories":[145,140,6433,141,11,6434,111,100,20,6872,6871,116,119,25],"tags":[61],"_amplo":[],"destaque":[],"instituicoes":[],"class_list":["post-270531","post","type-post","status-publish","format-standard","has-post-thumbnail","hentry","category-artes-cenicas","category-artes-plasticas","category-biologia-licenciatura","category-educacao-artistica","category-educacao-fisica","category-educacao-fisica-licenciatura","category-geografia","category-historia","category-letras","category-letras-espanhol","category-letras-ingles","category-matematica","category-musica","category-pedagogia","tag-santa-catarina"],"acf":{"_tipo_vagas":"vagas","_numero_vagas":"","_quadro_vagas":"","_cargos":"diversos","_cargos_especificos":"","_salario_max":"R$ 4.867,77","_abertura":"20250903","_encerramento":"20250925","_inscricoes":"https:\/\/concursos.furb.br","_executora_concurso":"","_instituicao_concurso":[],"_link_adicional":null,"_anexos":null,"_produtos":null,"_vagas":"","_salario_min":"R$ 1.216,94","_instituicao":"Prefeitura de Blumenau","_edital":"https:\/\/www.agrobase.com.br\/concursos\/wp-content\/uploads\/sites\/4\/2025\/08\/edital-01-2025-prefeitura-de-blumenau-sc.pdf","_anexos_edital":"https:\/\/www.agrobase.com.br\/concursos\/wp-content\/uploads\/sites\/4\/2025\/08\/anexos-edital-01-2025-prefeitura-de-blumenau-sc.pdf","_fund_incompleto":"","_fund_completo":"","_medio":"","_superior":"<div>\r\n<table class=\"quadro\">\r\n<thead>\r\n<tr>\r\n<th class=\"hcargo\">Cargo<\/th>\r\n\r\n<th class=\"hremuneracao\">Remunera\u00e7\u00e3o<\/th>\r\n<\/tr>\r\n<\/thead>\r\n    <tbody>\r\n      <tr>\r\n<td class=\"ccargos\">\r\n<span data-balloon-length=\"medium\" aria-label=\"Licenciatura Plena em Pedagogia, com \u00eanfase\/apostilamento na \u00e1rea de gest\u00e3o educacional (Supervis\u00e3o Escolar\/Orienta\u00e7\u00e3o\/Administra\u00e7\u00e3o Escolar) OU Diploma de Licenciatura Plena em Pedagogia desde que o curso seja estruturado com base na Resolu\u00e7\u00e3o CNE\/CP n. 01\/2006 OU Licenciatura Plena com p\u00f3s-gradua\u00e7\u00e3o em n\u00edvel de especializa\u00e7\u00e3o na \u00e1rea de gest\u00e3o educacional, com carga hor\u00e1ria de 360 horas. Comprova\u00e7\u00e3o de no m\u00ednimo 2 anos de experi\u00eancia docente na Educa\u00e7\u00e3o B\u00e1sica.\" data-balloon-pos=\"up\">Coordenador Pedag\u00f3gico<\/span><\/td>\r\n\r\n<td class=\"cremuneracao\">R$ 0,00<\/td>\r\n<\/tr><tr>\r\n<td class=\"ccargos\">\r\n<span data-balloon-length=\"medium\" aria-label=\"Licenciatura Plena em Letras com habilita\u00e7\u00e3o em Alem\u00e3o.\" data-balloon-pos=\"up\">Professor de Alem\u00e3o<\/span><\/td>\r\n\r\n<td class=\"cremuneracao\">R$ 0,00<\/td>\r\n<\/tr><tr>\r\n<td class=\"ccargos\">\r\n<span data-balloon-length=\"medium\" aria-label=\"Licenciatura Plena em Pedagogia OU Licenciatura Plena em Normal Superior.\" data-balloon-pos=\"up\">Professor de Anos Iniciais<\/span><\/td>\r\n\r\n<td class=\"cremuneracao\">R$ 0,00<\/td>\r\n<\/tr><tr>\r\n<td class=\"ccargos\">\r\n<span data-balloon-length=\"medium\" aria-label=\"Licenciatura Plena em Artes OU Licenciatura Plena em Educa\u00e7\u00e3o Art\u00edstica OU Licenciatura Plena em Artes Visuais OU Licenciatura Plena em Artes Pl\u00e1sticas OU Licenciatura Plena em Teatro\/Artes C\u00eanicas OU Licenciatura Plena em Artes C\u00eanicas OU Licenciatura Plena em M\u00fasica OU Licenciatura Plena em Dan\u00e7a.\" data-balloon-pos=\"up\">Professor de Arte<\/span><\/td>\r\n\r\n<td class=\"cremuneracao\">R$ 0,00<\/td>\r\n<\/tr><tr>\r\n<td class=\"ccargos\">\r\n<span data-balloon-length=\"medium\" aria-label=\"Licenciatura Plena em Artes com habilita\u00e7\u00e3o em m\u00fasica OU Licenciatura Plena em Educa\u00e7\u00e3o Art\u00edstica com habilita\u00e7\u00e3o em m\u00fasica OU Licenciatura Plena em M\u00fasica.\" data-balloon-pos=\"up\">Professor de Arte - Musicaliza\u00e7\u00e3o no Ensino Fundamental *(1)<\/span><\/td>\r\n\r\n<td class=\"cremuneracao\">R$ 0,00<\/td>\r\n<\/tr><tr>\r\n<td class=\"ccargos\">\r\n<span data-balloon-length=\"medium\" aria-label=\"Licenciatura Plena em Artes com habilita\u00e7\u00e3o em m\u00fasica; OU Licenciatura Plena em Educa\u00e7\u00e3o Art\u00edstica com habilita\u00e7\u00e3o em m\u00fasica OU Licenciatura Plena em M\u00fasica.\" data-balloon-pos=\"up\">Professor de Arte - Musicaliza\u00e7\u00e3o na Educa\u00e7\u00e3o Infantil<\/span><\/td>\r\n\r\n<td class=\"cremuneracao\">R$ 0,00<\/td>\r\n<\/tr><tr>\r\n<td class=\"ccargos\">\r\n<span data-balloon-length=\"medium\" aria-label=\"Licenciatura Plena em Ci\u00eancias Biol\u00f3gicas.\" data-balloon-pos=\"up\">Professor de Ci\u00eancias<\/span><\/td>\r\n\r\n<td class=\"cremuneracao\">R$ 0,00<\/td>\r\n<\/tr><tr>\r\n<td class=\"ccargos\">\r\n<span data-balloon-length=\"medium\" aria-label=\"Licenciatura Plena em Dan\u00e7a.\" data-balloon-pos=\"up\">Professor de Dan\u00e7a<\/span><\/td>\r\n\r\n<td class=\"cremuneracao\">R$ 0,00<\/td>\r\n<\/tr><tr>\r\n<td class=\"ccargos\">\r\n<span data-balloon-length=\"medium\" aria-label=\"Licenciatura Plena em Educa\u00e7\u00e3o Especial OU Licenciatura Plena em Pedagogia com \u00eanfase\/apostilamento em Educa\u00e7\u00e3o Especial OU Licenciatura Plena em Normal Superior com \u00eanfase\/apostilamento em Educa\u00e7\u00e3o Especial.\" data-balloon-pos=\"up\">Professor de Educa\u00e7\u00e3o Especial - Atender estudantes com defici\u00eancia *(2)<\/span><\/td>\r\n\r\n<td class=\"cremuneracao\">R$ 0,00<\/td>\r\n<\/tr><tr>\r\n<td class=\"ccargos\">\r\n<span data-balloon-length=\"medium\" aria-label=\"Licenciatura Plena em Educa\u00e7\u00e3o Especial OU Licenciatura Plena em Pedagogia com \u00eanfase\/apostilamento em Educa\u00e7\u00e3o Especial OU Licenciatura Plena em Normal Superior com \u00eanfase\/apostilamento em Educa\u00e7\u00e3o Especial.\" data-balloon-pos=\"up\">Professor de Educa\u00e7\u00e3o Especial - Salas Multifuncionais *(2)<\/span><\/td>\r\n\r\n<td class=\"cremuneracao\">R$ 0,00<\/td>\r\n<\/tr><tr>\r\n<td class=\"ccargos\">\r\n<span data-balloon-length=\"medium\" aria-label=\"Licenciatura Plena em Educa\u00e7\u00e3o F\u00edsica, com registro no \u00f3rg\u00e3o fiscalizador da profiss\u00e3o (CREF).\" data-balloon-pos=\"up\">Professor de Educa\u00e7\u00e3o F\u00edsica<\/span><\/td>\r\n\r\n<td class=\"cremuneracao\">R$ 0,00<\/td>\r\n<\/tr><tr>\r\n<td class=\"ccargos\">\r\n<span data-balloon-length=\"medium\" aria-label=\"Licenciatura Plena em Educa\u00e7\u00e3o F\u00edsica, com registro no \u00f3rg\u00e3o fiscalizador da profiss\u00e3o (CREF).\" data-balloon-pos=\"up\">Professor de Educa\u00e7\u00e3o F\u00edsica - Capoeira Escolar<\/span><\/td>\r\n\r\n<td class=\"cremuneracao\">R$ 0,00<\/td>\r\n<\/tr><tr>\r\n<td class=\"ccargos\">\r\n<span data-balloon-length=\"medium\" aria-label=\"Licenciatura Plena em Educa\u00e7\u00e3o F\u00edsica, com registro no \u00f3rg\u00e3o fiscalizador da profiss\u00e3o (CREF).\" data-balloon-pos=\"up\">Professor de Educa\u00e7\u00e3o F\u00edsica - Jud\u00f4 Escolar<\/span><\/td>\r\n\r\n<td class=\"cremuneracao\">R$ 0,00<\/td>\r\n<\/tr><tr>\r\n<td class=\"ccargos\">\r\n<span data-balloon-length=\"medium\" aria-label=\"Licenciatura Plena em Educa\u00e7\u00e3o F\u00edsica, com registro no \u00f3rg\u00e3o fiscalizador da profiss\u00e3o (CREF).\" data-balloon-pos=\"up\">Professor de Educa\u00e7\u00e3o F\u00edsica - Karat\u00ea Escolar<\/span><\/td>\r\n\r\n<td class=\"cremuneracao\">R$ 0,00<\/td>\r\n<\/tr><tr>\r\n<td class=\"ccargos\">\r\n<span data-balloon-length=\"medium\" aria-label=\"Licenciatura Plena em Educa\u00e7\u00e3o F\u00edsica, com registro no \u00f3rg\u00e3o fiscalizador da profiss\u00e3o (CREF).\" data-balloon-pos=\"up\">Professor de Educa\u00e7\u00e3o F\u00edsica - Linguagem do Movimento<\/span><\/td>\r\n\r\n<td class=\"cremuneracao\">R$ 0,00<\/td>\r\n<\/tr><tr>\r\n<td class=\"ccargos\">\r\n<span data-balloon-length=\"medium\" aria-label=\"Licenciatura Plena em Educa\u00e7\u00e3o F\u00edsica com P\u00f3s-Gradua\u00e7\u00e3o em Paradesporto\/Atividade F\u00edsica Adaptada\/Esporte Adaptado com registro no \u00f3rg\u00e3o fiscalizador da profiss\u00e3o (CREF) OU Licenciatura Plena em Educa\u00e7\u00e3o F\u00edsica com certificado\/declara\u00e7\u00e3o de cursos na \u00e1rea do Paradesporto expedido pelos seguintes \u00f3rg\u00e3os CPB, com carga hor\u00e1ria m\u00ednima de 80 horas: Comit\u00ea Paral\u00edmpico Brasileiro; CBDI: Confedera\u00e7\u00e3o Brasileira de Desporto para Deficientes Intelectuais; CBDS: Confedera\u00e7\u00e3o Brasileira de Desporto de Surdos; ANDE: Associa\u00e7\u00e3o Nacional de Desportos para Deficientes; ANDE \u2013 Brasil: Associa\u00e7\u00e3o Nacional de Equoterapia; CBDV: Confedera\u00e7\u00e3o Brasileira de Desporto de Deficientes Visuais; CBR: Confedera\u00e7\u00e3o Brasileira de Remo; CBG: Confedera\u00e7\u00e3o Brasileira de Gin\u00e1stica; CBTM: Confedera\u00e7\u00e3o Brasileira de T\u00eanis de Mesa; CBVD: Confedera\u00e7\u00e3o Brasileira de V\u00f4lei sentado com registro no \u00f3rg\u00e3o fiscalizador da profiss\u00e3o (CREF).\" data-balloon-pos=\"up\">Professor de Educa\u00e7\u00e3o F\u00edsica - Paradesporto Escolar *(3)<\/span><\/td>\r\n\r\n<td class=\"cremuneracao\">R$ 0,00<\/td>\r\n<\/tr><tr>\r\n<td class=\"ccargos\">\r\n<span data-balloon-length=\"medium\" aria-label=\"Licenciatura Plena em Pedagogia ou Normal Superior.\" data-balloon-pos=\"up\">Professor de Educa\u00e7\u00e3o Infantil<\/span><\/td>\r\n\r\n<td class=\"cremuneracao\">R$ 0,00<\/td>\r\n<\/tr><tr>\r\n<td class=\"ccargos\">\r\n<span data-balloon-length=\"medium\" aria-label=\"Licenciatura Plena em Ensino Religioso OU Licenciatura Plena em Ci\u00eancias da Religi\u00e3o.\" data-balloon-pos=\"up\">Professor de Ensino Religioso<\/span><\/td>\r\n\r\n<td class=\"cremuneracao\">R$ 0,00<\/td>\r\n<\/tr><tr>\r\n<td class=\"ccargos\">\r\n<span data-balloon-length=\"medium\" aria-label=\"Licenciatura Plena em Letras com habilita\u00e7\u00e3o em espanhol.\" data-balloon-pos=\"up\">Professor de Espanhol<\/span><\/td>\r\n\r\n<td class=\"cremuneracao\">R$ 0,00<\/td>\r\n<\/tr><tr>\r\n<td class=\"ccargos\">\r\n<span data-balloon-length=\"medium\" aria-label=\"Licenciatura Plena em Geografia.\" data-balloon-pos=\"up\">Professor de Geografia<\/span><\/td>\r\n\r\n<td class=\"cremuneracao\">R$ 0,00<\/td>\r\n<\/tr><tr>\r\n<td class=\"ccargos\">\r\n<span data-balloon-length=\"medium\" aria-label=\"Licenciatura Plena em Hist\u00f3ria.\" data-balloon-pos=\"up\">Professor de Hist\u00f3ria<\/span><\/td>\r\n\r\n<td class=\"cremuneracao\">R$ 0,00<\/td>\r\n<\/tr><tr>\r\n<td class=\"ccargos\">\r\n<span data-balloon-length=\"medium\" aria-label=\"Licenciatura Plena em Inform\u00e1tica OU Licenciatura Plena em Computa\u00e7\u00e3o.\" data-balloon-pos=\"up\">Professor de Inform\u00e1tica<\/span><\/td>\r\n\r\n<td class=\"cremuneracao\">R$ 0,00<\/td>\r\n<\/tr><tr>\r\n<td class=\"ccargos\">\r\n<span data-balloon-length=\"medium\" aria-label=\"Licenciatura Plena em Letras com habilita\u00e7\u00e3o em Ingl\u00eas.\" data-balloon-pos=\"up\">Professor de Ingl\u00eas<\/span><\/td>\r\n\r\n<td class=\"cremuneracao\">R$ 0,00<\/td>\r\n<\/tr><tr>\r\n<td class=\"ccargos\">\r\n<span data-balloon-length=\"medium\" aria-label=\"Licenciatura Plena em Matem\u00e1tica.\" data-balloon-pos=\"up\">Professor de Matem\u00e1tica<\/span><\/td>\r\n\r\n<td class=\"cremuneracao\">R$ 0,00<\/td>\r\n<\/tr><tr>\r\n<td class=\"ccargos\">\r\n<span data-balloon-length=\"medium\" aria-label=\"Licenciatura Plena em Letras com habilita\u00e7\u00e3o em Portugu\u00eas.\" data-balloon-pos=\"up\">Professor de Portugu\u00eas<\/span><\/td>\r\n\r\n<td class=\"cremuneracao\">R$ 0,00<\/td>\r\n<\/tr><tr>\r\n<td class=\"ccargos\">\r\n<span data-balloon-length=\"medium\" aria-label=\"Licenciatura Plena em Letras com habilita\u00e7\u00e3o em Libras.\" data-balloon-pos=\"up\">Professor Instrutor de Libras<\/span><\/td>\r\n\r\n<td class=\"cremuneracao\">R$ 0,00<\/td>\r\n<\/tr><tr>\r\n<td class=\"ccargos\">\r\n<span data-balloon-length=\"medium\" aria-label=\"Licenciatura Plena em Letras com habilita\u00e7\u00e3o em Libras.\" data-balloon-pos=\"up\">Professor Int\u00e9rprete de Libras<\/span><\/td>\r\n\r\n<td class=\"cremuneracao\">R$ 0,00<\/td>\r\n<\/tr><tr>\r\n<td class=\"ccargos\">\r\n<span data-balloon-length=\"medium\" aria-label=\"Licenciatura Plena em Psicopedagogia ou Licenciatura Plena com P\u00f3s-Gradua\u00e7\u00e3o em Psicopedagogia.\" data-balloon-pos=\"up\">Professor Psicopedagogo<\/span><\/td>\r\n\r\n<td class=\"cremuneracao\">R$ 0,00<\/td>\r\n<\/tr><tr>\r\n<td class=\"ccargos\">\r\n<span data-balloon-length=\"medium\" aria-label=\"Licenciatura Plena e curso de alem\u00e3o.\" data-balloon-pos=\"up\">Professor de Alem\u00e3o<\/span><\/td>\r\n\r\n<td class=\"cremuneracao\">R$ 0,00<\/td>\r\n<\/tr><tr>\r\n<td class=\"ccargos\">\r\n<span data-balloon-length=\"medium\" aria-label=\"Magist\u00e9rio e curso de alem\u00e3o.\" data-balloon-pos=\"up\">Professor de Alem\u00e3o<\/span><\/td>\r\n\r\n<td class=\"cremuneracao\">R$ 0,00<\/td>\r\n<\/tr><tr>\r\n<td class=\"ccargos\">\r\n<span data-balloon-length=\"medium\" aria-label=\"Magist\u00e9rio.\" data-balloon-pos=\"up\">Professor de Anos Iniciais<\/span><\/td>\r\n\r\n<td class=\"cremuneracao\">R$ 0,00<\/td>\r\n<\/tr><tr>\r\n<td class=\"ccargos\">\r\n<span data-balloon-length=\"medium\" aria-label=\"Licenciatura Curta em Arte ou Educa\u00e7\u00e3o Art\u00edstica.\" data-balloon-pos=\"up\">Professor de Arte<\/span><\/td>\r\n\r\n<td class=\"cremuneracao\">R$ 0,00<\/td>\r\n<\/tr><tr>\r\n<td class=\"ccargos\">\r\n<span data-balloon-length=\"medium\" aria-label=\"Licenciatura Curta em Ci\u00eancias.\" data-balloon-pos=\"up\">Professor de Ci\u00eancias<\/span><\/td>\r\n\r\n<td class=\"cremuneracao\">R$ 0,00<\/td>\r\n<\/tr><tr>\r\n<td class=\"ccargos\">\r\n<span data-balloon-length=\"medium\" aria-label=\"Licenciatura Plena em Pedagogia ou Normal Superior OU Licenciatura Plena com P\u00f3s-Gradua\u00e7\u00e3o em Educa\u00e7\u00e3o Especial\/Inclusiva.\" data-balloon-pos=\"up\">Professor de Educa\u00e7\u00e3o Especial - Atender estudantes com defici\u00eancia<\/span><\/td>\r\n\r\n<td class=\"cremuneracao\">R$ 0,00<\/td>\r\n<\/tr><tr>\r\n<td class=\"ccargos\">\r\n<span data-balloon-length=\"medium\" aria-label=\"Magist\u00e9rio.\" data-balloon-pos=\"up\">Professor de Educa\u00e7\u00e3o Especial - Atender estudantes com defici\u00eancia<\/span><\/td>\r\n\r\n<td class=\"cremuneracao\">R$ 0,00<\/td>\r\n<\/tr><tr>\r\n<td class=\"ccargos\">\r\n<span data-balloon-length=\"medium\" aria-label=\"Licenciatura Plena com P\u00f3s-Gradua\u00e7\u00e3o em Educa\u00e7\u00e3o Especial\/Inclusiva\/Atendimento Educacional Especializado.\" data-balloon-pos=\"up\">Professor de Educa\u00e7\u00e3o Especial - Salas Multifuncionais<\/span><\/td>\r\n\r\n<td class=\"cremuneracao\">R$ 0,00<\/td>\r\n<\/tr><tr>\r\n<td class=\"ccargos\">\r\n<span data-balloon-length=\"medium\" aria-label=\"Licenciatura Plena e curso de espanhol.\" data-balloon-pos=\"up\">Professor de Espanhol<\/span><\/td>\r\n\r\n<td class=\"cremuneracao\">R$ 0,00<\/td>\r\n<\/tr><tr>\r\n<td class=\"ccargos\">\r\n<span data-balloon-length=\"medium\" aria-label=\"Magist\u00e9rio e curso de espanhol.\" data-balloon-pos=\"up\">Professor de Espanhol<\/span><\/td>\r\n\r\n<td class=\"cremuneracao\">R$ 0,00<\/td>\r\n<\/tr><tr>\r\n<td class=\"ccargos\">\r\n<span data-balloon-length=\"medium\" aria-label=\"Magist\u00e9rio.\" data-balloon-pos=\"up\">Professor de Educa\u00e7\u00e3o Infantil<\/span><\/td>\r\n\r\n<td class=\"cremuneracao\">R$ 0,00<\/td>\r\n<\/tr><tr>\r\n<td class=\"ccargos\">\r\n<span data-balloon-length=\"medium\" aria-label=\"Licenciatura Plena em Hist\u00f3ria OU Licenciatura Curta em Estudos Sociais.\" data-balloon-pos=\"up\">Professor de Ensino Religioso<\/span><\/td>\r\n\r\n<td class=\"cremuneracao\">R$ 0,00<\/td>\r\n<\/tr><tr>\r\n<td class=\"ccargos\">\r\n<span data-balloon-length=\"medium\" aria-label=\"Licenciatura Curta em Estudos Sociais OU Licenciatura Plena em Ci\u00eancias Sociais.\" data-balloon-pos=\"up\">Professor de Geografia<\/span><\/td>\r\n\r\n<td class=\"cremuneracao\">R$ 0,00<\/td>\r\n<\/tr><tr>\r\n<td class=\"ccargos\">\r\n<span data-balloon-length=\"medium\" aria-label=\"Licenciatura Curta em Estudos Sociais OU Licenciatura Plena em Ci\u00eancias Sociais.\" data-balloon-pos=\"up\">Professor de Hist\u00f3ria<\/span><\/td>\r\n\r\n<td class=\"cremuneracao\">R$ 0,00<\/td>\r\n<\/tr><tr>\r\n<td class=\"ccargos\">\r\n<span data-balloon-length=\"medium\" aria-label=\"Licenciatura Plena com P\u00f3s-Gradua\u00e7\u00e3o em Inform\u00e1tica OU Licenciatura Plena com certifica\u00e7\u00e3o de no m\u00ednimo 200 horas de cursos de aperfei\u00e7oamento em Sistemas Operacionais, Editores de Texto, Planilhas e Apresenta\u00e7\u00e3o Gr\u00e1fica, Internet e B\u00e1sico em Manuten\u00e7\u00e3o de Computadores.\" data-balloon-pos=\"up\">Professor de Inform\u00e1tica<\/span><\/td>\r\n\r\n<td class=\"cremuneracao\">R$ 0,00<\/td>\r\n<\/tr><tr>\r\n<td class=\"ccargos\">\r\n<span data-balloon-length=\"medium\" aria-label=\"Licenciatura Curta em Matem\u00e1tica.\" data-balloon-pos=\"up\">Professor de Matem\u00e1tica<\/span><\/td>\r\n\r\n<td class=\"cremuneracao\">R$ 0,00<\/td>\r\n<\/tr><tr>\r\n<td class=\"ccargos\">\r\n<span data-balloon-length=\"medium\" aria-label=\"Licenciatura Plena com P\u00f3s-Gradua\u00e7\u00e3o em Libras OU Licenciatura Plena com curso de forma\u00e7\u00e3o espec\u00edfica de libras, com reconhecimento de institui\u00e7\u00e3o competente, com no m\u00ednimo 120 horas.\" data-balloon-pos=\"up\">Professor Instrutor de Libras<\/span><\/td>\r\n\r\n<td class=\"cremuneracao\">R$ 0,00<\/td>\r\n<\/tr><tr>\r\n<td class=\"ccargos\">\r\n<span data-balloon-length=\"medium\" aria-label=\"Magist\u00e9rio com curso de forma\u00e7\u00e3o espec\u00edfica de libras, com reconhecimento de institui\u00e7\u00e3o competente, com no m\u00ednimo 120 horas.\" data-balloon-pos=\"up\">Professor Instrutor de Libras<\/span><\/td>\r\n\r\n<td class=\"cremuneracao\">R$ 0,00<\/td>\r\n<\/tr><tr>\r\n<td class=\"ccargos\">\r\n<span data-balloon-length=\"medium\" aria-label=\"Licenciatura Plena com P\u00f3s-Gradua\u00e7\u00e3o em Libras OU Licenciatura Plena com curso de forma\u00e7\u00e3o espec\u00edfica de libras, com reconhecimento de institui\u00e7\u00e3o competente, com no m\u00ednimo 120 horas.\" data-balloon-pos=\"up\">Professor Int\u00e9rprete de Libras<\/span><\/td>\r\n\r\n<td class=\"cremuneracao\">R$ 0,00<\/td>\r\n<\/tr><tr>\r\n<td class=\"ccargos\">\r\n<span data-balloon-length=\"medium\" aria-label=\"Magist\u00e9rio com curso de forma\u00e7\u00e3o espec\u00edfica de libras, com reconhecimento de institui\u00e7\u00e3o competente, com no m\u00ednimo 120 horas.\" data-balloon-pos=\"up\">Professor Int\u00e9rprete de Libras<\/span><\/td>\r\n\r\n<td class=\"cremuneracao\">R$ 0,00<\/td>\r\n<\/tr><tr>\r\n<td class=\"ccargos\">\r\n<span data-balloon-length=\"medium\" aria-label=\"Licenciatura Plena, cursando P\u00f3s-Gradua\u00e7\u00e3o em Psicopedagogia.\" data-balloon-pos=\"up\">Professor Psicopedagogo<\/span><\/td>\r\n\r\n<td class=\"cremuneracao\">R$ 0,00<\/td>\r\n<\/tr><tr>\r\n<td class=\"ccargos\">\r\n<span data-balloon-length=\"medium\" aria-label=\"Comprovar frequ\u00eancia, em 6\u00ba semestre ou posterior, em Licenciatura Plena em Letras com habilita\u00e7\u00e3o em Alem\u00e3o; OU Comprovar frequ\u00eancia, em 6\u00ba semestre ou posterior, em Licenciatura Plena com curso em alem\u00e3o.\" data-balloon-pos=\"up\">Professor de Alem\u00e3o<\/span><\/td>\r\n\r\n<td class=\"cremuneracao\">R$ 0,00<\/td>\r\n<\/tr><tr>\r\n<td class=\"ccargos\">\r\n<span data-balloon-length=\"medium\" aria-label=\"Comprovar frequ\u00eancia, em 6\u00ba semestre ou posterior, em Licenciatura Plena em Pedagogia.\" data-balloon-pos=\"up\">Professor de Anos Iniciais<\/span><\/td>\r\n\r\n<td class=\"cremuneracao\">R$ 0,00<\/td>\r\n<\/tr><tr>\r\n<td class=\"ccargos\">\r\n<span data-balloon-length=\"medium\" aria-label=\"Comprovar frequ\u00eancia, em 6\u00ba semestre ou posterior, em Licenciatura Plena em Artes OU Comprovar frequ\u00eancia, em 6\u00ba semestre ou posterior, em Licenciatura Plena em Artes Visuais OU Comprovar frequ\u00eancia, em 6\u00ba semestre ou posterior, em Licenciatura Plena em Artes Pl\u00e1sticas OU Comprovar frequ\u00eancia, em 6\u00ba semestre ou posterior, em Licenciatura Plena em Teatro OU Comprovar frequ\u00eancia, em 6\u00ba semestre ou posterior, em Licenciatura Plena em Artes C\u00eanicas OU Comprovar frequ\u00eancia, em 6\u00ba semestre ou posterior, em Licenciatura Plena em M\u00fasica OU Comprovar frequ\u00eancia, em 6\u00ba semestre ou posterior, em Licenciatura Plena em Dan\u00e7a.\" data-balloon-pos=\"up\">Professor de Arte<\/span><\/td>\r\n\r\n<td class=\"cremuneracao\">R$ 0,00<\/td>\r\n<\/tr><tr>\r\n<td class=\"ccargos\">\r\n<span data-balloon-length=\"medium\" aria-label=\"Comprovar frequ\u00eancia, em 6\u00ba semestre ou posterior, em Licenciatura Plena em M\u00fasica.\" data-balloon-pos=\"up\">Professor de Arte - Musicaliza\u00e7\u00e3o no Ensino Fundamental *(1)<\/span><\/td>\r\n\r\n<td class=\"cremuneracao\">R$ 0,00<\/td>\r\n<\/tr><tr>\r\n<td class=\"ccargos\">\r\n<span data-balloon-length=\"medium\" aria-label=\"Comprovar frequ\u00eancia, em 6\u00ba semestre ou posterior, em Licenciatura Plena em M\u00fasica.\" data-balloon-pos=\"up\">Professor de Arte - Musicaliza\u00e7\u00e3o na Educa\u00e7\u00e3o Infantil<\/span><\/td>\r\n\r\n<td class=\"cremuneracao\">R$ 0,00<\/td>\r\n<\/tr><tr>\r\n<td class=\"ccargos\">\r\n<span data-balloon-length=\"medium\" aria-label=\"Comprovar frequ\u00eancia, em 6\u00ba semestre ou posterior, em Licenciatura Plena em Ci\u00eancias Biol\u00f3gicas.\" data-balloon-pos=\"up\">Professor de Ci\u00eancias<\/span><\/td>\r\n\r\n<td class=\"cremuneracao\">R$ 0,00<\/td>\r\n<\/tr><tr>\r\n<td class=\"ccargos\">\r\n<span data-balloon-length=\"medium\" aria-label=\"Comprovar frequ\u00eancia, em 6\u00ba semestre ou posterior, em Licenciatura Plena em Dan\u00e7a.\" data-balloon-pos=\"up\">Professor de Dan\u00e7a<\/span><\/td>\r\n\r\n<td class=\"cremuneracao\">R$ 0,00<\/td>\r\n<\/tr><tr>\r\n<td class=\"ccargos\">\r\n<span data-balloon-length=\"medium\" aria-label=\"Comprovar frequ\u00eancia, em 6\u00ba semestre ou posterior, em Licenciatura Plena em Educa\u00e7\u00e3o Especial OU Comprovar frequ\u00eancia, em 6\u00ba semestre ou posterior, em Licenciatura Plena em Pedagogia.\" data-balloon-pos=\"up\">Professor de Educa\u00e7\u00e3o Especial - Atender estudantes com defici\u00eancia<\/span><\/td>\r\n\r\n<td class=\"cremuneracao\">R$ 0,00<\/td>\r\n<\/tr><tr>\r\n<td class=\"ccargos\">\r\n<span data-balloon-length=\"medium\" aria-label=\"Comprovar frequ\u00eancia, em 6\u00ba semestre ou posterior, em Licenciatura Plena em Pedagogia.\" data-balloon-pos=\"up\">Professor de Educa\u00e7\u00e3o Infantil<\/span><\/td>\r\n\r\n<td class=\"cremuneracao\">R$ 0,00<\/td>\r\n<\/tr><tr>\r\n<td class=\"ccargos\">\r\n<span data-balloon-length=\"medium\" aria-label=\"Comprovar frequ\u00eancia, em 6\u00ba semestre ou posterior, em Licenciatura Plena em Ensino Religioso OU Comprovar frequ\u00eancia, em 6\u00ba semestre ou posterior, em Licenciatura Plena em Ci\u00eancias da Religi\u00e3o OU Comprovar frequ\u00eancia, em 6\u00ba semestre ou posterior, em Licenciatura Plena em Hist\u00f3ria.\" data-balloon-pos=\"up\">Professor de Ensino Religioso<\/span><\/td>\r\n\r\n<td class=\"cremuneracao\">R$ 0,00<\/td>\r\n<\/tr><tr>\r\n<td class=\"ccargos\">\r\n<span data-balloon-length=\"medium\" aria-label=\"Comprovar frequ\u00eancia, em 6\u00ba semestre ou posterior, em Licenciatura Plena em Letras com habilita\u00e7\u00e3o em espanhol; OU Comprovar frequ\u00eancia, em 6\u00ba semestre ou posterior, em Licenciatura Plena com curso em espanhol.\" data-balloon-pos=\"up\">Professor de Espanhol<\/span><\/td>\r\n\r\n<td class=\"cremuneracao\">R$ 0,00<\/td>\r\n<\/tr><tr>\r\n<td class=\"ccargos\">\r\n<span data-balloon-length=\"medium\" aria-label=\"Comprovar frequ\u00eancia, em 6\u00ba semestre ou posterior, em Licenciatura Plena em Geografia.\" data-balloon-pos=\"up\">Professor de Geografia<\/span><\/td>\r\n\r\n<td class=\"cremuneracao\">R$ 0,00<\/td>\r\n<\/tr><tr>\r\n<td class=\"ccargos\">\r\n<span data-balloon-length=\"medium\" aria-label=\"Comprovar frequ\u00eancia, em 6\u00ba semestre ou posterior, em Licenciatura Plena em Hist\u00f3ria.\" data-balloon-pos=\"up\">Professor de Hist\u00f3ria<\/span><\/td>\r\n\r\n<td class=\"cremuneracao\">R$ 0,00<\/td>\r\n<\/tr><tr>\r\n<td class=\"ccargos\">\r\n<span data-balloon-length=\"medium\" aria-label=\"Comprovar frequ\u00eancia, em 6\u00ba semestre ou posterior, em Licenciatura Plena em Inform\u00e1tica OU Comprovar frequ\u00eancia, em 6\u00ba semestre ou posterior, em Licenciatura Plena com certifica\u00e7\u00e3o de no m\u00ednimo 120 horas de cursos de aperfei\u00e7oamento em Sistemas Operacionais, Editores de Texto, Planilhas e Apresenta\u00e7\u00e3o Gr\u00e1fica, Internet e B\u00e1sico em Manuten\u00e7\u00e3o de Computadores.\" data-balloon-pos=\"up\">Professor de Inform\u00e1tica<\/span><\/td>\r\n\r\n<td class=\"cremuneracao\">R$ 0,00<\/td>\r\n<\/tr><tr>\r\n<td class=\"ccargos\">\r\n<span data-balloon-length=\"medium\" aria-label=\"Comprovar frequ\u00eancia, em 6\u00ba semestre ou posterior, em Licenciatura Plena em Letras com habilita\u00e7\u00e3o em Ingl\u00eas.\" data-balloon-pos=\"up\">Professor de Ingl\u00eas<\/span><\/td>\r\n\r\n<td class=\"cremuneracao\">R$ 0,00<\/td>\r\n<\/tr><tr>\r\n<td class=\"ccargos\">\r\n<span data-balloon-length=\"medium\" aria-label=\"Comprovar frequ\u00eancia, em 6\u00ba semestre ou posterior, em de Licenciatura Plena em Matem\u00e1tica.\" data-balloon-pos=\"up\">Professor de Matem\u00e1tica<\/span><\/td>\r\n\r\n<td class=\"cremuneracao\">R$ 0,00<\/td>\r\n<\/tr><tr>\r\n<td class=\"ccargos\">\r\n<span data-balloon-length=\"medium\" aria-label=\"Comprovar frequ\u00eancia, em 6\u00ba semestre ou posterior, em Licenciatura Plena em Letras com habilita\u00e7\u00e3o em Portugu\u00eas.\" data-balloon-pos=\"up\">Professor de Portugu\u00eas<\/span><\/td>\r\n\r\n<td class=\"cremuneracao\">R$ 0,00<\/td>\r\n<\/tr><tr>\r\n<td class=\"ccargos\">\r\n<span data-balloon-length=\"medium\" aria-label=\"Comprovar frequ\u00eancia, em 6\u00ba semestre ou posterior, em Licenciatura Plena em Psicopedagogia.\" data-balloon-pos=\"up\">Professor Psicopedagogo<\/span><\/td>\r\n\r\n<td class=\"cremuneracao\">R$ 0,00<\/td>\r\n<\/tr><tr>\r\n<td class=\"ccargos\">\r\n<span data-balloon-length=\"medium\" aria-label=\"Comprovar frequ\u00eancia, em 6\u00ba semestre ou posterior, em Licenciatura Plena em Letras com habilita\u00e7\u00e3o em Libras OU Comprovar frequ\u00eancia, em 6\u00ba semestre ou posterior, em Licenciatura Plena com curso de forma\u00e7\u00e3o espec\u00edfica de libras, com reconhecimento de institui\u00e7\u00e3o competente, com no m\u00ednimo 120 horas.\" data-balloon-pos=\"up\">Professor Instrutor de Libras<\/span><\/td>\r\n\r\n<td class=\"cremuneracao\">R$ 0,00<\/td>\r\n<\/tr><tr>\r\n<td class=\"ccargos\">\r\n<span data-balloon-length=\"medium\" aria-label=\"Comprovar frequ\u00eancia, em 6\u00ba semestre ou posterior, em Licenciatura Plena em Letras com habilita\u00e7\u00e3o em Libras OU Comprovar frequ\u00eancia, em 6\u00ba semestre ou posterior, em Licenciatura Plena com curso de forma\u00e7\u00e3o espec\u00edfica de libras, com reconhecimento de institui\u00e7\u00e3o competente, com no m\u00ednimo 120 horas.\" data-balloon-pos=\"up\">Professor Int\u00e9rprete de Libras<\/span><\/td>\r\n\r\n<td class=\"cremuneracao\">R$ 0,00<\/td>\r\n<\/tr>\r\n    <\/tbody>\r\n  <\/table>\r\n<\/div>"},"_links":{"self":[{"href":"https:\/\/www.agrobase.com.br\/concursos\/wp-json\/wp\/v2\/posts\/270531","targetHints":{"allow":["GET"]}}],"collection":[{"href":"https:\/\/www.agrobase.com.br\/concursos\/wp-json\/wp\/v2\/posts"}],"about":[{"href":"https:\/\/www.agrobase.com.br\/concursos\/wp-json\/wp\/v2\/types\/post"}],"author":[{"embeddable":true,"href":"https:\/\/www.agrobase.com.br\/concursos\/wp-json\/wp\/v2\/users\/7"}],"replies":[{"embeddable":true,"href":"https:\/\/www.agrobase.com.br\/concursos\/wp-json\/wp\/v2\/comments?post=270531"}],"version-history":[{"count":2,"href":"https:\/\/www.agrobase.com.br\/concursos\/wp-json\/wp\/v2\/posts\/270531\/revisions"}],"predecessor-version":[{"id":270535,"href":"https:\/\/www.agrobase.com.br\/concursos\/wp-json\/wp\/v2\/posts\/270531\/revisions\/270535"}],"wp:featuredmedia":[{"embeddable":true,"href":"https:\/\/www.agrobase.com.br\/concursos\/wp-json\/wp\/v2\/media\/270530"}],"wp:attachment":[{"href":"https:\/\/www.agrobase.com.br\/concursos\/wp-json\/wp\/v2\/media?parent=270531"}],"wp:term":[{"taxonomy":"category","embeddable":true,"href":"https:\/\/www.agrobase.com.br\/concursos\/wp-json\/wp\/v2\/categories?post=270531"},{"taxonomy":"post_tag","embeddable":true,"href":"https:\/\/www.agrobase.com.br\/concursos\/wp-json\/wp\/v2\/tags?post=270531"},{"taxonomy":"_amplo","embeddable":true,"href":"https:\/\/www.agrobase.com.br\/concursos\/wp-json\/wp\/v2\/_amplo?post=270531"},{"taxonomy":"destaque","embeddable":true,"href":"https:\/\/www.agrobase.com.br\/concursos\/wp-json\/wp\/v2\/destaque?post=270531"},{"taxonomy":"instituicoes","embeddable":true,"href":"https:\/\/www.agrobase.com.br\/concursos\/wp-json\/wp\/v2\/instituicoes?post=270531"}],"curies":[{"name":"wp","href":"https:\/\/api.w.org\/{rel}","templated":true}]}}