{"id":270492,"date":"2025-08-27T07:10:39","date_gmt":"2025-08-27T10:10:39","guid":{"rendered":"https:\/\/www.agrobase.com.br\/concursos\/?p=270492"},"modified":"2025-08-26T12:46:26","modified_gmt":"2025-08-26T15:46:26","slug":"prefeitura-crato-ce-selecao-simplificada-02-2025","status":"publish","type":"post","link":"https:\/\/www.agrobase.com.br\/concursos\/2025\/prefeitura-crato-ce-selecao-simplificada-02-2025\/","title":{"rendered":"Prefeitura Crato (CE) &#8211; Sele\u00e7\u00e3o Simplificada 02\/2025"},"content":{"rendered":"<h2>Informa\u00e7\u00f5es Gerais<\/h2>\n<p>O Munic\u00edpio de Crato, no Cear\u00e1, publicou o edital n\u00ba 002\/2025 para seu novo Processo Seletivo Simplificado. O certame \u00e9 organizado por uma comiss\u00e3o pr\u00f3pria e visa formar <strong>cadastro de reservas<\/strong> para futuras contrata\u00e7\u00f5es tempor\u00e1rias em diversas secretarias municipais, como Sa\u00fade, Educa\u00e7\u00e3o, Meio Ambiente, Infraestrutura e Desenvolvimento Rural.<\/p>\n<p>As oportunidades abrangem todos os n\u00edveis de escolaridade: fundamental (incompleto e completo), m\u00e9dio, t\u00e9cnico e superior. O objetivo \u00e9 suprir car\u00eancias tempor\u00e1rias de excepcional interesse p\u00fablico, com contratos que podem ter validade de at\u00e9 12 meses, prorrog\u00e1veis por igual per\u00edodo.<\/p>\n<p>Para os profissionais das \u00e1reas de ci\u00eancias agr\u00e1rias e da sa\u00fade, o edital destaca vagas para <strong>Nutricionista<\/strong> e <strong>Tecn\u00f3logo de Alimentos<\/strong>, al\u00e9m de diversas outras fun\u00e7\u00f5es no setor da sa\u00fade e meio ambiente, como Tecn\u00f3logo em Saneamento Ambiental. Se voc\u00ea busca uma oportunidade no servi\u00e7o p\u00fablico cearense, continue a leitura para conferir os detalhes sobre inscri\u00e7\u00f5es, etapas e cronograma.<\/p>\n<h2>Inscri\u00e7\u00f5es<\/h2>\n<p>As inscri\u00e7\u00f5es para o Processo Seletivo Simplificado de Crato-CE ser\u00e3o realizadas exclusivamente pela internet. Os interessados dever\u00e3o acessar o portal oficial do certame no endere\u00e7o eletr\u00f4nico <strong>pss.crato.ce.gov.br<\/strong> para preencher o formul\u00e1rio de inscri\u00e7\u00e3o.<\/p>\n<p>O per\u00edodo para se candidatar estar\u00e1 aberto das <strong>08h do dia 25 de agosto de 2025 at\u00e9 as 23h59 do dia 04 de setembro de 2025<\/strong>. \u00c9 fundamental que o candidato preencha todos os dados com aten\u00e7\u00e3o, pois informa\u00e7\u00f5es incorretas ou inver\u00eddicas podem levar \u00e0 desclassifica\u00e7\u00e3o. Al\u00e9m disso, a documenta\u00e7\u00e3o comprobat\u00f3ria para a Prova de T\u00edtulos deve ser anexada no momento da inscri\u00e7\u00e3o, conforme as exig\u00eancias do edital.<\/p>\n<p>O edital n\u00e3o menciona valores para taxa de inscri\u00e7\u00e3o nem procedimentos para solicita\u00e7\u00e3o de isen\u00e7\u00e3o. Cada candidato poder\u00e1 se inscrever para apenas uma das fun\u00e7\u00f5es ofertadas. Para garantir sua participa\u00e7\u00e3o e conhecer todas as regras, a leitura completa do edital \u00e9 indispens\u00e1vel.<\/p>\n<h2>Etapas e Provas<\/h2>\n<p>O processo seletivo ser\u00e1 composto por duas etapas principais, totalizando um m\u00e1ximo de 100 pontos. A estrutura de avalia\u00e7\u00e3o foi pensada para abranger tanto o conhecimento te\u00f3rico quanto a experi\u00eancia profissional dos candidatos.<\/p>\n<p>As etapas s\u00e3o as seguintes:<\/p>\n<ul>\n<li><strong>Prova Objetiva:<\/strong> De car\u00e1ter <em>eliminat\u00f3rio e classificat\u00f3rio<\/em>, valendo 70 pontos. A prova ser\u00e1 aplicada para todos os cargos no dia 14 de setembro de 2025, com dura\u00e7\u00e3o de 3 horas. Ser\u00e1 composta por 20 quest\u00f5es de m\u00faltipla escolha sobre Conhecimentos Espec\u00edficos, cada uma com cinco alternativas. Para ser considerado habilitado, o candidato dever\u00e1 obter no m\u00ednimo 60% de acertos no total da prova.<\/li>\n<li><strong>Prova de T\u00edtulos (An\u00e1lise Curricular):<\/strong> De car\u00e1ter apenas <em>classificat\u00f3rio<\/em>, com pontua\u00e7\u00e3o m\u00e1xima de 30 pontos. Participar\u00e3o desta fase apenas os candidatos habilitados na Prova Objetiva. A avalia\u00e7\u00e3o considerar\u00e1 os t\u00edtulos e a experi\u00eancia profissional, cujos documentos comprobat\u00f3rios devem ser anexados no ato da inscri\u00e7\u00e3o.<\/li>\n<\/ul>\n<p>Para obter informa\u00e7\u00f5es detalhadas sobre o conte\u00fado program\u00e1tico, os crit\u00e9rios de pontua\u00e7\u00e3o dos t\u00edtulos e o cronograma completo, \u00e9 fundamental consultar o edital oficial do certame.<\/p>\n<h2>Resultados e Gabarito<\/h2>\n<p>O cronograma de divulga\u00e7\u00e3o dos resultados seguir\u00e1 datas espec\u00edficas, que devem ser acompanhadas pelos candidatos. O gabarito preliminar da prova objetiva ser\u00e1 publicado no mesmo dia da aplica\u00e7\u00e3o, em <strong>14 de setembro de 2025<\/strong>, a partir das 19h. J\u00e1 o resultado preliminar, tanto da prova objetiva quanto da an\u00e1lise de t\u00edtulos, est\u00e1 previsto para <strong>17 de setembro de 2025<\/strong>.<\/p>\n<p>A classifica\u00e7\u00e3o final ser\u00e1 determinada pela soma dos pontos obtidos na Prova Objetiva e na Prova de T\u00edtulos. Em caso de empate, os crit\u00e9rios de desempate seguir\u00e3o a seguinte ordem: idade superior a 60 anos, maior pontua\u00e7\u00e3o na prova objetiva, maior pontua\u00e7\u00e3o nos t\u00edtulos, maior tempo de experi\u00eancia e, por fim, maior idade.<\/p>\n<p>A homologa\u00e7\u00e3o do resultado final do processo seletivo est\u00e1 prevista para <strong>26 de setembro de 2025<\/strong>. Ap\u00f3s essa data, as convoca\u00e7\u00f5es ser\u00e3o realizadas por meio de Edital espec\u00edfico, seguindo a ordem de classifica\u00e7\u00e3o. Os candidatos aprovados dever\u00e3o acompanhar as publica\u00e7\u00f5es para a entrega da documenta\u00e7\u00e3o necess\u00e1ria \u00e0 contrata\u00e7\u00e3o.<\/p>\n<p>\u00c9 de responsabilidade exclusiva do candidato acompanhar todas as publica\u00e7\u00f5es, incluindo convoca\u00e7\u00f5es e resultados, no site oficial da Prefeitura de Crato (www.crato.ce.gov.br), no portal do processo seletivo (pss.crato.ce.gov.br) e no Di\u00e1rio Oficial do Munic\u00edpio.<\/p>\n","protected":false},"excerpt":{"rendered":"<p>Sel. Simplificada Pref. Crato (CE) com edital publicado! Vagas p\/ M\u00e9dico e Enfermagem (Fund. a Sup.). Inscri\u00e7\u00f5es a partir de 25\/08. At\u00e9 R$ 7.8k. Confira detalhes!<\/p>\n","protected":false},"author":7,"featured_media":270491,"comment_status":"open","ping_status":"open","sticky":false,"template":"","format":"standard","meta":{"_acf_changed":false,"_breakdance_hide_in_design_set":false,"_breakdance_tags":"","footnotes":""},"categories":[11,6434,12,17,18,19,21,23,24,26,108,130,143,6525,134],"tags":[43],"_amplo":[],"destaque":[],"instituicoes":[],"class_list":["post-270492","post","type-post","status-publish","format-standard","has-post-thumbnail","hentry","category-educacao-fisica","category-educacao-fisica-licenciatura","category-enfermagem","category-farmacia","category-fisioterapia","category-fonoaudiologia","category-medicina","category-nutricao","category-odontologia","category-psicologia","category-tecnico-enfermagem","category-tecnico-informatica","category-tecnico-odontologia","category-tecnologia-de-alimentos","category-terapia-ocupacional","tag-ceara"],"acf":{"_tipo_vagas":"vagas","_numero_vagas":"","_quadro_vagas":"","_cargos":"diversos","_cargos_especificos":"","_salario_max":"R$ 7875","_abertura":"20250825","_encerramento":"20250904","_inscricoes":"https:\/\/pss.crato.ce.gov.br","_executora_concurso":"","_instituicao_concurso":[],"_link_adicional":null,"_anexos":null,"_produtos":null,"_vagas":"","_salario_min":"R$ 1518","_instituicao":"Prefeitura de Crato","_edital":"https:\/\/www.agrobase.com.br\/concursos\/wp-content\/uploads\/sites\/4\/2025\/08\/edital-02-2025-prefeitura-de-crato-ce.pdf","_anexos_edital":"https:\/\/www.agrobase.com.br\/concursos\/wp-content\/uploads\/sites\/4\/2025\/08\/anexos-edital-02-2025-prefeitura-de-crato-ce.pdf","_fund_incompleto":"<div>\r\n<table class=\"quadro\">\r\n<thead>\r\n<tr>\r\n<th class=\"hcargo\">Cargo<\/th>\r\n\r\n<th class=\"hremuneracao\">Remunera\u00e7\u00e3o<\/th>\r\n<\/tr>\r\n<\/thead>\r\n    <tbody>\r\n      <td class=\"ccargos\">Ajudante de Carga e Descarga<\/td>\r\n\r\n<td class=\"cremuneracao\">R$ 1.518,00 \/40h<\/td>\r\n<\/tr>\r\n    <\/tbody>\r\n  <\/table>\r\n<\/div>","_fund_completo":"<div>\r\n<table class=\"quadro\">\r\n<thead>\r\n<tr>\r\n<th class=\"hcargo\">Cargo<\/th>\r\n\r\n<th class=\"hremuneracao\">Remunera\u00e7\u00e3o<\/th>\r\n<\/tr>\r\n<\/thead>\r\n    <tbody>\r\n      <td class=\"ccargos\">Porteiro<\/td>\r\n\r\n<td class=\"cremuneracao\">R$ 1.518,00 \/40h<\/td>\r\n<\/tr><td class=\"ccargos\">Auxiliar de Servi\u00e7o de Campo\/Capina\u00e7\u00e3o<\/td>\r\n\r\n<td class=\"cremuneracao\">R$ 1.518,00 \/40h<\/td>\r\n<\/tr><td class=\"ccargos\">Coveiro<\/td>\r\n\r\n<td class=\"cremuneracao\">R$ 1.518,00 \/40h<\/td>\r\n<\/tr>\r\n    <\/tbody>\r\n  <\/table>\r\n<\/div>","_medio":"<div>\r\n<table class=\"quadro\">\r\n<thead>\r\n<tr>\r\n<th class=\"hcargo\">Cargo<\/th>\r\n\r\n<th class=\"hremuneracao\">Remunera\u00e7\u00e3o<\/th>\r\n<\/tr>\r\n<\/thead>\r\n    <tbody>\r\n      <td class=\"ccargos\">Secret\u00e1rio Escolar<\/td>\r\n\r\n<td class=\"cremuneracao\">R$ 1.518,00 \/40h<\/td>\r\n<\/tr><td class=\"ccargos\">T\u00e9cnico de Inform\u00e1tica<\/td>\r\n\r\n<td class=\"cremuneracao\">R$ 1.518,00 \/40h<\/td>\r\n<\/tr><td class=\"ccargos\">Monitor de Transporte Escolar<\/td>\r\n\r\n<td class=\"cremuneracao\">R$ 1.518,00 \/40h<\/td>\r\n<\/tr><td class=\"ccargos\">Cuidador Escolar<\/td>\r\n\r\n<td class=\"cremuneracao\">R$ 1.518,00 \/40h<\/td>\r\n<\/tr><td class=\"ccargos\">Auxiliar de Sala<\/td>\r\n\r\n<td class=\"cremuneracao\">R$ 1.518,00 \/40h<\/td>\r\n<\/tr><td class=\"ccargos\">Motorista de Transporte Escolar<\/td>\r\n\r\n<td class=\"cremuneracao\">R$ 2.100,00 \/40h<\/td>\r\n<\/tr><td class=\"ccargos\">Visitador Social<\/td>\r\n\r\n<td class=\"cremuneracao\">R$ 1.518,00 \/40h<\/td>\r\n<\/tr><td class=\"ccargos\">Entrevistador Social do Cad\u00fanico<\/td>\r\n\r\n<td class=\"cremuneracao\">R$ 1.518,00 \/30h<\/td>\r\n<\/tr><td class=\"ccargos\">Monitor de Oficina<\/td>\r\n\r\n<td class=\"cremuneracao\">R$ 1.518,00 \/40h<\/td>\r\n<\/tr><td class=\"ccargos\">Operador de M\u00e1quinas Pesadas - Motoniveladora<\/td>\r\n\r\n<td class=\"cremuneracao\">R$ 3.000,00 \/40h<\/td>\r\n<\/tr><td class=\"ccargos\">Operador de M\u00e1quinas Pesadas - Retroescavadeira<\/td>\r\n\r\n<td class=\"cremuneracao\">R$ 2.500,00 \/40h<\/td>\r\n<\/tr><td class=\"ccargos\">Motorista de Ve\u00edculo Pesado - Caminh\u00e3o<\/td>\r\n\r\n<td class=\"cremuneracao\">R$ 2.000,00 \/40h<\/td>\r\n<\/tr><td class=\"ccargos\">T\u00e9cnico de Enfermagem<\/td>\r\n\r\n<td class=\"cremuneracao\">R$ 1.518,00 \/40h<\/td>\r\n<\/tr><td class=\"ccargos\">T\u00e9cnico de Inform\u00e1tica<\/td>\r\n\r\n<td class=\"cremuneracao\">R$ 1.518,00 \/40h<\/td>\r\n<\/tr><td class=\"ccargos\">Auxiliar de Sa\u00fade Bucal<\/td>\r\n\r\n<td class=\"cremuneracao\">R$ 1.518,00 \/40h<\/td>\r\n<\/tr><td class=\"ccargos\">Atendente de Farm\u00e1cia<\/td>\r\n\r\n<td class=\"cremuneracao\">R$ 1.518,00 \/40h<\/td>\r\n<\/tr><td class=\"ccargos\">Agente do Projeto Boa Noite<\/td>\r\n\r\n<td class=\"cremuneracao\">R$ 1.518,00 \/40h<\/td>\r\n<\/tr>\r\n    <\/tbody>\r\n  <\/table>\r\n<\/div>","_superior":"<div>\r\n<table class=\"quadro\">\r\n<thead>\r\n<tr>\r\n<th class=\"hcargo\">Cargo<\/th>\r\n\r\n<th class=\"hremuneracao\">Remunera\u00e7\u00e3o<\/th>\r\n<\/tr>\r\n<\/thead>\r\n    <tbody>\r\n      <tr>\r\n<td class=\"ccargos\">Nutricionista<\/td>\r\n\r\n<td class=\"cremuneracao\">R$ 2.310,00 \/40h<\/td>\r\n<\/tr><tr>\r\n<td class=\"ccargos\">Supervisor Social<\/td>\r\n\r\n<td class=\"cremuneracao\">R$ 2.310,00 \/40h<\/td>\r\n<\/tr><tr>\r\n<td class=\"ccargos\">Psic\u00f3logo<\/td>\r\n\r\n<td class=\"cremuneracao\">R$ 2.310,00 \/40h<\/td>\r\n<\/tr><tr>\r\n<td class=\"ccargos\">Professor Projetos Comunit\u00e1rios<\/td>\r\n\r\n<td class=\"cremuneracao\">R$ 1.518,00 \/20h<\/td>\r\n<\/tr><tr>\r\n<td class=\"ccargos\">Professor de Inicia\u00e7\u00e3o Esportiva<\/td>\r\n\r\n<td class=\"cremuneracao\">R$ 1.518,00 \/20h<\/td>\r\n<\/tr><tr>\r\n<td class=\"ccargos\">Nutricionista<\/td>\r\n\r\n<td class=\"cremuneracao\">R$ 2.310,00 \/40h<\/td>\r\n<\/tr><tr>\r\n<td class=\"ccargos\">Psic\u00f3logo<\/td>\r\n\r\n<td class=\"cremuneracao\">R$ 2.310,00 \/40h<\/td>\r\n<\/tr><tr>\r\n<td class=\"ccargos\">M\u00e9dico Cirurgi\u00e3o Cabe\u00e7a e Pesco\u00e7o<\/td>\r\n\r\n<td class=\"cremuneracao\">R$ 4.200,00 \/08h<\/td>\r\n<\/tr><tr>\r\n<td class=\"ccargos\">M\u00e9dico Generalista<\/td>\r\n\r\n<td class=\"cremuneracao\">R$ 7.875,00 \/40h<\/td>\r\n<\/tr><tr>\r\n<td class=\"ccargos\">M\u00e9dico Neuropediatra<\/td>\r\n\r\n<td class=\"cremuneracao\">R$ 6.300,00 \/08h<\/td>\r\n<\/tr><tr>\r\n<td class=\"ccargos\">M\u00e9dico Psiquiatra da Inf\u00e2ncia e da Adolesc\u00eancia<\/td>\r\n\r\n<td class=\"cremuneracao\">R$ 4.200,00 \/08h<\/td>\r\n<\/tr><tr>\r\n<td class=\"ccargos\">M\u00e9dico Plantonista<\/td>\r\n\r\n<td class=\"cremuneracao\">R$ 3.150,00 \/12h<\/td>\r\n<\/tr><tr>\r\n<td class=\"ccargos\">M\u00e9dico Patologista<\/td>\r\n\r\n<td class=\"cremuneracao\">R$ 4.200,00 \/08h<\/td>\r\n<\/tr><tr>\r\n<td class=\"ccargos\">M\u00e9dico Cirurgia Pediatra<\/td>\r\n\r\n<td class=\"cremuneracao\">R$ 4.200,00 \/08h<\/td>\r\n<\/tr><tr>\r\n<td class=\"ccargos\">M\u00e9dico Mastologista<\/td>\r\n\r\n<td class=\"cremuneracao\">R$ 4.200,00 \/08h<\/td>\r\n<\/tr><tr>\r\n<td class=\"ccargos\">M\u00e9dico Reumatologista<\/td>\r\n\r\n<td class=\"cremuneracao\">R$ 4.200,00 \/08h<\/td>\r\n<\/tr><tr>\r\n<td class=\"ccargos\">M\u00e9dico Ultrassonografia<\/td>\r\n\r\n<td class=\"cremuneracao\">R$ 4.200,00 \/08h<\/td>\r\n<\/tr><tr>\r\n<td class=\"ccargos\">M\u00e9dico Oncologista<\/td>\r\n\r\n<td class=\"cremuneracao\">R$ 4.200,00 \/08h<\/td>\r\n<\/tr><tr>\r\n<td class=\"ccargos\">M\u00e9dico Pneumologista<\/td>\r\n\r\n<td class=\"cremuneracao\">R$ 4.200,00 \/08h<\/td>\r\n<\/tr><tr>\r\n<td class=\"ccargos\">Cirurgi\u00e3o Dentista da Estrat\u00e9gia Sa\u00fade da Fam\u00edlia<\/td>\r\n\r\n<td class=\"cremuneracao\">R$ 3.360,00 \/40h<\/td>\r\n<\/tr><tr>\r\n<td class=\"ccargos\">Cirurgi\u00e3o Dentista Especialista em Periodontia<\/td>\r\n\r\n<td class=\"cremuneracao\">R$ 3.150,00 \/20h<\/td>\r\n<\/tr><tr>\r\n<td class=\"ccargos\">Cirurgi\u00e3o Dentista Especialista em Endodontia<\/td>\r\n\r\n<td class=\"cremuneracao\">R$ 3.150,00 \/20h<\/td>\r\n<\/tr><tr>\r\n<td class=\"ccargos\">Cirurgi\u00e3o Dentista Especialista em Odontopediatra<\/td>\r\n\r\n<td class=\"cremuneracao\">R$ 3.150,00 \/20h<\/td>\r\n<\/tr><tr>\r\n<td class=\"ccargos\">Cirurgi\u00e3o Dentista Especialista em Pacientes Com Necessidades Especiais<\/td>\r\n\r\n<td class=\"cremuneracao\">R$ 3.150,00 \/20h<\/td>\r\n<\/tr><tr>\r\n<td class=\"ccargos\">Cirurgi\u00e3o Dentista Especialista em Bucomaxilo Facial<\/td>\r\n\r\n<td class=\"cremuneracao\">R$ 3.150,00 \/20h<\/td>\r\n<\/tr><tr>\r\n<td class=\"ccargos\">Cirurgi\u00e3o Dentista Especialista ou P\u00f3s-Graduado em Disfun\u00e7\u00e3o Temporomandibular e Dor Orofacial<\/td>\r\n\r\n<td class=\"cremuneracao\">R$ 3.150,00 \/20h<\/td>\r\n<\/tr><tr>\r\n<td class=\"ccargos\">Enfermeiro<\/td>\r\n\r\n<td class=\"cremuneracao\">R$ 3.150,00 \/40h<\/td>\r\n<\/tr><tr>\r\n<td class=\"ccargos\">Enfermeiro Estomaterapeuta<\/td>\r\n\r\n<td class=\"cremuneracao\">R$ 3.150,00 \/40h<\/td>\r\n<\/tr><tr>\r\n<td class=\"ccargos\">Fonoaudi\u00f3logo<\/td>\r\n\r\n<td class=\"cremuneracao\">R$ 3.675,00 \/20h<\/td>\r\n<\/tr><tr>\r\n<td class=\"ccargos\">Fisioterapeuta<\/td>\r\n\r\n<td class=\"cremuneracao\">R$ 2.801,89 \/30h<\/td>\r\n<\/tr><tr>\r\n<td class=\"ccargos\">Nutricionista<\/td>\r\n\r\n<td class=\"cremuneracao\">R$ 2.310,00 \/40h<\/td>\r\n<\/tr><tr>\r\n<td class=\"ccargos\">Psic\u00f3logo<\/td>\r\n\r\n<td class=\"cremuneracao\">R$ 2.310,00 \/40h<\/td>\r\n<\/tr><tr>\r\n<td class=\"ccargos\">Farmac\u00eautico<\/td>\r\n\r\n<td class=\"cremuneracao\">R$ 2.310,00 \/40h<\/td>\r\n<\/tr><tr>\r\n<td class=\"ccargos\">Terapeuta Ocupacional<\/td>\r\n\r\n<td class=\"cremuneracao\">R$ 2.415,00 \/30h<\/td>\r\n<\/tr><tr>\r\n<td class=\"ccargos\">Tecn\u00f3logo de Alimentos<\/td>\r\n\r\n<td class=\"cremuneracao\">R$ 2.500,00 \/40h<\/td>\r\n<\/tr><tr>\r\n<td class=\"ccargos\">Tecn\u00f3logo em Saneamento Ambiental<\/td>\r\n\r\n<td class=\"cremuneracao\">R$ 2.500,00 \/40h<\/td>\r\n<\/tr><tr>\r\n<td class=\"ccargos\">Tecn\u00f3logo em Constru\u00e7\u00e3o Civil: Topografia e Estradas<\/td>\r\n\r\n<td class=\"cremuneracao\">R$ 2.500,00 \/40h<\/td>\r\n<\/tr><tr>\r\n<td class=\"ccargos\">Psic\u00f3logo<\/td>\r\n\r\n<td class=\"cremuneracao\">R$ 2.310,00 \/40h<\/td>\r\n<\/tr><tr>\r\n<td class=\"ccargos\">Nutricionista<\/td>\r\n\r\n<td class=\"cremuneracao\">R$ 2.310,00 \/40h<\/td>\r\n<\/tr><tr>\r\n<td class=\"ccargos\">M\u00e9dico Generalista<\/td>\r\n\r\n<td class=\"cremuneracao\">R$ 7.875,00 \/40h<\/td>\r\n<\/tr><tr>\r\n<td class=\"ccargos\">Tecn\u00f3logo em Constru\u00e7\u00e3o Civil: Topografia e Estradas<\/td>\r\n\r\n<td class=\"cremuneracao\">R$ 2.500,00 \/40h<\/td>\r\n<\/tr>\r\n    <\/tbody>\r\n  <\/table>\r\n<\/div>"},"_links":{"self":[{"href":"https:\/\/www.agrobase.com.br\/concursos\/wp-json\/wp\/v2\/posts\/270492","targetHints":{"allow":["GET"]}}],"collection":[{"href":"https:\/\/www.agrobase.com.br\/concursos\/wp-json\/wp\/v2\/posts"}],"about":[{"href":"https:\/\/www.agrobase.com.br\/concursos\/wp-json\/wp\/v2\/types\/post"}],"author":[{"embeddable":true,"href":"https:\/\/www.agrobase.com.br\/concursos\/wp-json\/wp\/v2\/users\/7"}],"replies":[{"embeddable":true,"href":"https:\/\/www.agrobase.com.br\/concursos\/wp-json\/wp\/v2\/comments?post=270492"}],"version-history":[{"count":2,"href":"https:\/\/www.agrobase.com.br\/concursos\/wp-json\/wp\/v2\/posts\/270492\/revisions"}],"predecessor-version":[{"id":270496,"href":"https:\/\/www.agrobase.com.br\/concursos\/wp-json\/wp\/v2\/posts\/270492\/revisions\/270496"}],"wp:featuredmedia":[{"embeddable":true,"href":"https:\/\/www.agrobase.com.br\/concursos\/wp-json\/wp\/v2\/media\/270491"}],"wp:attachment":[{"href":"https:\/\/www.agrobase.com.br\/concursos\/wp-json\/wp\/v2\/media?parent=270492"}],"wp:term":[{"taxonomy":"category","embeddable":true,"href":"https:\/\/www.agrobase.com.br\/concursos\/wp-json\/wp\/v2\/categories?post=270492"},{"taxonomy":"post_tag","embeddable":true,"href":"https:\/\/www.agrobase.com.br\/concursos\/wp-json\/wp\/v2\/tags?post=270492"},{"taxonomy":"_amplo","embeddable":true,"href":"https:\/\/www.agrobase.com.br\/concursos\/wp-json\/wp\/v2\/_amplo?post=270492"},{"taxonomy":"destaque","embeddable":true,"href":"https:\/\/www.agrobase.com.br\/concursos\/wp-json\/wp\/v2\/destaque?post=270492"},{"taxonomy":"instituicoes","embeddable":true,"href":"https:\/\/www.agrobase.com.br\/concursos\/wp-json\/wp\/v2\/instituicoes?post=270492"}],"curies":[{"name":"wp","href":"https:\/\/api.w.org\/{rel}","templated":true}]}}