{"id":270440,"date":"2025-08-26T07:20:14","date_gmt":"2025-08-26T10:20:14","guid":{"rendered":"https:\/\/www.agrobase.com.br\/concursos\/?p=270440"},"modified":"2025-08-25T12:34:38","modified_gmt":"2025-08-25T15:34:38","slug":"ufc-ce-selecao-simplificada-121-2025","status":"publish","type":"post","link":"https:\/\/www.agrobase.com.br\/concursos\/2025\/ufc-ce-selecao-simplificada-121-2025\/","title":{"rendered":"UFC (CE) &#8211; Sele\u00e7\u00e3o Simplificada 121\/2025"},"content":{"rendered":"<h2>Informa\u00e7\u00f5es Gerais<\/h2>\n<p>A Universidade Federal do Cear\u00e1 (UFC) publicou o edital n\u00ba 121\/2025 para a Sele\u00e7\u00e3o de Professor Substituto para a carreira do Magist\u00e9rio Superior. O certame, que est\u00e1 com o edital publicado, visa o preenchimento de 7 vagas imediatas em diversos setores de estudo. A contrata\u00e7\u00e3o ser\u00e1 por tempo determinado, conforme a Lei n\u00ba 8.745\/93, para atender a necessidades tempor\u00e1rias da institui\u00e7\u00e3o.<\/p>\n<p>Todas as oportunidades s\u00e3o para candidatos com n\u00edvel superior, exigindo t\u00edtulos de Mestre ou Doutor, a depender da \u00e1rea. As vagas abrangem setores como F\u00edsica, Educa\u00e7\u00e3o, Computa\u00e7\u00e3o, Artes e Ci\u00eancias Biol\u00f3gicas.<\/p>\n<p>Para os profissionais de \u00e1reas correlatas \u00e0s ci\u00eancias agr\u00e1rias e biol\u00f3gicas, destacam-se as oportunidades nos setores de <strong>Anatomia Vegetal<\/strong> e <strong>F\u00edsica do Solo<\/strong>, que dialogam diretamente com a Biologia e a Agronomia.<\/p>\n<p>Continue a leitura para conferir os detalhes sobre o processo de inscri\u00e7\u00e3o, as etapas da sele\u00e7\u00e3o e o cronograma de resultados.<\/p>\n<h2>Inscri\u00e7\u00f5es<\/h2>\n<p>O per\u00edodo de inscri\u00e7\u00f5es para a sele\u00e7\u00e3o de professor substituto da UFC estar\u00e1 aberto de <strong>27 de agosto de 2025 a 02 de setembro de 2025<\/strong>. As inscri\u00e7\u00f5es devem ser realizadas exclusivamente por e-mail, enviado diretamente \u00e0 unidade ou subunidade acad\u00eamica respons\u00e1vel pela vaga de interesse.<\/p>\n<p>Os candidatos, brasileiros ou estrangeiros com visto adequado, devem enviar toda a documenta\u00e7\u00e3o exigida no edital em formato PDF. O pagamento da taxa de inscri\u00e7\u00e3o \u00e9 feito por meio de Guia de Recolhimento da Uni\u00e3o (GRU), gerada no portal PagTesouro. \u00c9 fundamental utilizar o n\u00famero de refer\u00eancia <em>15304515224253<\/em> e preencher corretamente o CPF e nome do contribuinte.<\/p>\n<p>O edital prev\u00ea a possibilidade de reabertura das inscri\u00e7\u00f5es com exig\u00eancia de menor titula\u00e7\u00e3o caso n\u00e3o haja inscritos no per\u00edodo inicial. Antes de pagar a taxa em um per\u00edodo de reabertura, o candidato deve confirmar com a unidade se ela de fato ocorrer\u00e1. N\u00e3o ser\u00e3o aceitas inscri\u00e7\u00f5es condicionais ou envio de documentos fora do prazo. A taxa de inscri\u00e7\u00e3o n\u00e3o ser\u00e1 devolvida, exceto em caso de anula\u00e7\u00e3o do certame.<\/p>\n<p>Para informa\u00e7\u00f5es detalhadas sobre os e-mails de cada departamento e a documenta\u00e7\u00e3o completa, \u00e9 indispens\u00e1vel a leitura atenta do edital nos sites oficiais da UFC e da PROGEP.<\/p>\n<h2>Etapas e Provas<\/h2>\n<p>O processo seletivo ser\u00e1 composto por at\u00e9 tr\u00eas etapas, de car\u00e1ter eliminat\u00f3rio e classificat\u00f3rio, aplicadas em sequ\u00eancia. A aprova\u00e7\u00e3o em uma fase \u00e9 pr\u00e9-requisito para avan\u00e7ar para a seguinte, sendo eliminado o candidato com m\u00e9dia aritm\u00e9tica inferior a 7,0 (sete) em qualquer uma delas.<\/p>\n<ul>\n<li><strong>Prova Escrita:<\/strong> Primeira etapa da sele\u00e7\u00e3o, de car\u00e1ter eliminat\u00f3rio e classificat\u00f3rio. \u00c9 vedada a consulta a qualquer material bibliogr\u00e1fico ou o uso de equipamentos eletr\u00f4nicos durante sua realiza\u00e7\u00e3o, salvo autoriza\u00e7\u00e3o expressa da comiss\u00e3o julgadora.<\/li>\n<li><strong>Prova Did\u00e1tica:<\/strong> Tamb\u00e9m de car\u00e1ter eliminat\u00f3rio e classificat\u00f3rio, esta etapa avalia a aptid\u00e3o pedag\u00f3gica do candidato. Os aprovados na prova escrita s\u00e3o convocados para esta fase.<\/li>\n<li><strong>Prova Pr\u00e1tico-Oral:<\/strong> Etapa espec\u00edfica e obrigat\u00f3ria apenas para os candidatos ao setor de estudo &#8220;Som&#8221;. A sistem\u00e1tica e a dura\u00e7\u00e3o m\u00e1xima de 2 horas ser\u00e3o definidas pela unidade respons\u00e1vel e informadas ao candidato no ato da inscri\u00e7\u00e3o.<\/li>\n<\/ul>\n<p>O calend\u00e1rio detalhado das provas ser\u00e1 divulgado por cada unidade\/subunidade interessada. Recomenda-se a leitura completa do edital para conhecer o conte\u00fado program\u00e1tico, os crit\u00e9rios de avalia\u00e7\u00e3o e as regras espec\u00edficas de cada etapa.<\/p>\n<h2>Resultados e Gabarito<\/h2>\n<p>A classifica\u00e7\u00e3o final dos candidatos aprovados seguir\u00e1 os crit\u00e9rios estabelecidos na Resolu\u00e7\u00e3o n\u00b0 29\/2017\/CEPE. O resultado ser\u00e1 divulgado em at\u00e9 cinco listas distintas, contemplando a ampla concorr\u00eancia e as vagas reservadas para pessoas pretas e pardas, ind\u00edgenas, quilombolas e pessoas com defici\u00eancia.<\/p>\n<p>O resultado final da sele\u00e7\u00e3o ser\u00e1 homologado e publicado no Di\u00e1rio Oficial da Uni\u00e3o (DOU). O certame ter\u00e1 validade de 1 (um) ano a partir da data de homologa\u00e7\u00e3o, podendo ser prorrogado uma \u00fanica vez por igual per\u00edodo, a crit\u00e9rio da UFC.<\/p>\n<p>A aprova\u00e7\u00e3o gera expectativa de direito \u00e0 contrata\u00e7\u00e3o, que ocorrer\u00e1 de acordo com a ordem de classifica\u00e7\u00e3o e a necessidade da universidade. Ap\u00f3s a homologa\u00e7\u00e3o, os candidatos convocados dever\u00e3o apresentar a documenta\u00e7\u00e3o exigida pela Pr\u00f3-Reitoria de Gest\u00e3o de Pessoas (PROGEP). Informa\u00e7\u00f5es sobre o calend\u00e1rio de divulga\u00e7\u00e3o de resultados devem ser obtidas diretamente com a unidade respons\u00e1vel pela vaga, via e-mail.<\/p>\n<p>\u00c9 de responsabilidade exclusiva do candidato acompanhar todas as publica\u00e7\u00f5es oficiais, incluindo a homologa\u00e7\u00e3o no Di\u00e1rio Oficial da Uni\u00e3o e as convoca\u00e7\u00f5es nos canais de comunica\u00e7\u00e3o da Universidade Federal do Cear\u00e1.<\/p>\n","protected":false},"excerpt":{"rendered":"<p>Sele\u00e7\u00e3o UFC (CE) com edital publicado! Vagas p\/ Professor (Superior) em Anatomia e F\u00edsica. Inscri\u00e7\u00f5es a partir de 27\/08. Sal\u00e1rios at\u00e9 R$ 8k. Confira detalhes!<\/p>\n","protected":false},"author":7,"featured_media":270439,"comment_status":"open","ping_status":"open","sticky":false,"template":"","format":"standard","meta":{"_acf_changed":false,"_breakdance_hide_in_design_set":false,"_breakdance_tags":"","footnotes":""},"categories":[4,6433,126,97,14,151,15,112,6436,119,118],"tags":[43],"_amplo":[],"destaque":[],"instituicoes":[],"class_list":["post-270440","post","type-post","status-publish","format-standard","has-post-thumbnail","hentry","category-agronomia","category-biologia-licenciatura","category-ciencia-computacao","category-ecologia","category-engenharia","category-engenharia-computacao","category-engenharia-florestal","category-filosofia","category-fisica-licenciatura","category-musica","category-sociologia","tag-ceara"],"acf":{"_tipo_vagas":"vagas","_numero_vagas":"","_quadro_vagas":"","_cargos":"diversos","_cargos_especificos":"","_salario_max":"R$ 8058.29","_abertura":"20250827","_encerramento":"20250902","_inscricoes":"https:\/\/progep.ufc.br","_executora_concurso":"","_instituicao_concurso":[],"_link_adicional":null,"_anexos":null,"_produtos":null,"_vagas":"7 vagas + CR","_salario_min":"R$ 3090.43","_instituicao":"UFC","_edital":"https:\/\/www.agrobase.com.br\/concursos\/wp-content\/uploads\/sites\/4\/2025\/08\/edital-121-2025-ufc-ce.pdf","_anexos_edital":"","_fund_incompleto":"","_fund_completo":"","_medio":"","_superior":"<div>\r\n<table class=\"quadro\">\r\n<thead>\r\n<tr>\r\n<th class=\"hcargo\">Cargo<\/th>\r\n<th class=\"hvagas\">Vagas<\/th>\r\n<th class=\"hremuneracao\">Remunera\u00e7\u00e3o<\/th>\r\n<\/tr>\r\n<\/thead>\r\n    <tbody>\r\n      <tr>\r\n<td class=\"ccargos\">\r\n<span data-balloon-length=\"medium\" aria-label=\"T\u00edtulo de Doutor\" data-balloon-pos=\"up\">Anatomia vegetal: Rela\u00e7\u00e3o entre estrutura e fun\u00e7\u00e3o em espermat\u00f3fitas<\/span><\/td>\r\n<td class=\"cvagas\">01<\/td>\r\n<td class=\"cremuneracao\">R$ 4.867,43 \/20h<\/td>\r\n<\/tr><tr>\r\n<td class=\"ccargos\">\r\n<span data-balloon-length=\"medium\" aria-label=\"T\u00edtulo de Doutor\" data-balloon-pos=\"up\">F\u00edsica Geral \/ \u00d3tica<\/span><\/td>\r\n<td class=\"cvagas\">01<\/td>\r\n<td class=\"cremuneracao\">R$ 8.058,29 \/40h<\/td>\r\n<\/tr><tr>\r\n<td class=\"ccargos\">\r\n<span data-balloon-length=\"medium\" aria-label=\"T\u00edtulo de Doutor\" data-balloon-pos=\"up\">F\u00edsica do Solo<\/span><\/td>\r\n<td class=\"cvagas\">01<\/td>\r\n<td class=\"cremuneracao\">R$ 8.058,29 \/40h<\/td>\r\n<\/tr><tr>\r\n<td class=\"ccargos\">\r\n<span data-balloon-length=\"medium\" aria-label=\"T\u00edtulo de Doutor\" data-balloon-pos=\"up\">Movimentos Sociais, Educa\u00e7\u00e3o Popular e Educa\u00e7\u00e3o de Jovens e Adultos<\/span><\/td>\r\n<td class=\"cvagas\">01<\/td>\r\n<td class=\"cremuneracao\">R$ 8.058,29 \/40h<\/td>\r\n<\/tr><tr>\r\n<td class=\"ccargos\">\r\n<span data-balloon-length=\"medium\" aria-label=\"T\u00edtulo de Doutor\" data-balloon-pos=\"up\">Did\u00e1tica e Est\u00e1gio I no Ensino Fundamental - Anos Iniciais<\/span><\/td>\r\n<td class=\"cvagas\">01<\/td>\r\n<td class=\"cremuneracao\">R$ 8.058,29 \/40h<\/td>\r\n<\/tr><tr>\r\n<td class=\"ccargos\">\r\n<span data-balloon-length=\"medium\" aria-label=\"T\u00edtulo de Mestre\" data-balloon-pos=\"up\">Som<\/span><\/td>\r\n<td class=\"cvagas\">01<\/td>\r\n<td class=\"cremuneracao\">R$ 5.949,07 \/40h<\/td>\r\n<\/tr><tr>\r\n<td class=\"ccargos\">\r\n<span data-balloon-length=\"medium\" aria-label=\"T\u00edtulo de Doutor\" data-balloon-pos=\"up\">Programa\u00e7\u00e3o de Computadores e Sistemas Operacionais<\/span><\/td>\r\n<td class=\"cvagas\">01<\/td>\r\n<td class=\"cremuneracao\">R$ 8.058,29 \/40h<\/td>\r\n<\/tr>\r\n    <\/tbody>\r\n  <\/table>\r\n<\/div>"},"_links":{"self":[{"href":"https:\/\/www.agrobase.com.br\/concursos\/wp-json\/wp\/v2\/posts\/270440","targetHints":{"allow":["GET"]}}],"collection":[{"href":"https:\/\/www.agrobase.com.br\/concursos\/wp-json\/wp\/v2\/posts"}],"about":[{"href":"https:\/\/www.agrobase.com.br\/concursos\/wp-json\/wp\/v2\/types\/post"}],"author":[{"embeddable":true,"href":"https:\/\/www.agrobase.com.br\/concursos\/wp-json\/wp\/v2\/users\/7"}],"replies":[{"embeddable":true,"href":"https:\/\/www.agrobase.com.br\/concursos\/wp-json\/wp\/v2\/comments?post=270440"}],"version-history":[{"count":2,"href":"https:\/\/www.agrobase.com.br\/concursos\/wp-json\/wp\/v2\/posts\/270440\/revisions"}],"predecessor-version":[{"id":270443,"href":"https:\/\/www.agrobase.com.br\/concursos\/wp-json\/wp\/v2\/posts\/270440\/revisions\/270443"}],"wp:featuredmedia":[{"embeddable":true,"href":"https:\/\/www.agrobase.com.br\/concursos\/wp-json\/wp\/v2\/media\/270439"}],"wp:attachment":[{"href":"https:\/\/www.agrobase.com.br\/concursos\/wp-json\/wp\/v2\/media?parent=270440"}],"wp:term":[{"taxonomy":"category","embeddable":true,"href":"https:\/\/www.agrobase.com.br\/concursos\/wp-json\/wp\/v2\/categories?post=270440"},{"taxonomy":"post_tag","embeddable":true,"href":"https:\/\/www.agrobase.com.br\/concursos\/wp-json\/wp\/v2\/tags?post=270440"},{"taxonomy":"_amplo","embeddable":true,"href":"https:\/\/www.agrobase.com.br\/concursos\/wp-json\/wp\/v2\/_amplo?post=270440"},{"taxonomy":"destaque","embeddable":true,"href":"https:\/\/www.agrobase.com.br\/concursos\/wp-json\/wp\/v2\/destaque?post=270440"},{"taxonomy":"instituicoes","embeddable":true,"href":"https:\/\/www.agrobase.com.br\/concursos\/wp-json\/wp\/v2\/instituicoes?post=270440"}],"curies":[{"name":"wp","href":"https:\/\/api.w.org\/{rel}","templated":true}]}}