{"id":270436,"date":"2025-08-26T07:10:58","date_gmt":"2025-08-26T10:10:58","guid":{"rendered":"https:\/\/www.agrobase.com.br\/concursos\/?p=270436"},"modified":"2025-08-25T11:56:13","modified_gmt":"2025-08-25T14:56:13","slug":"prefeitura-jardim-ms-selecao-simplificada-01-2025","status":"publish","type":"post","link":"https:\/\/www.agrobase.com.br\/concursos\/2025\/prefeitura-jardim-ms-selecao-simplificada-01-2025\/","title":{"rendered":"Prefeitura Jardim (MS) &#8211; Sele\u00e7\u00e3o Simplificada 01\/2025"},"content":{"rendered":"<h2>Informa\u00e7\u00f5es Gerais<\/h2>\n<p>A Prefeitura Municipal de Jardim, no Mato Grosso do Sul, por meio da Secretaria Municipal de Sa\u00fade, publicou o edital n\u00ba 001\/2025 para seu novo Processo Seletivo Simplificado. O certame visa a contrata\u00e7\u00e3o tempor\u00e1ria de profissionais para atender a necessidades de excepcional interesse p\u00fablico na \u00e1rea da sa\u00fade. As oportunidades abrangem os n\u00edveis de escolaridade fundamental, m\u00e9dio\/t\u00e9cnico e superior, com contrata\u00e7\u00e3o regida pela Lei Municipal n\u00ba 1894\/2017 por um per\u00edodo de at\u00e9 12 meses, prorrog\u00e1vel por igual per\u00edodo. <strong>H\u00e1 vagas dispon\u00edveis para o cargo de Nutricionista<\/strong>, al\u00e9m de diversas outras fun\u00e7\u00f5es no setor da sa\u00fade. Continue a leitura para conferir os detalhes sobre as inscri\u00e7\u00f5es, etapas e cronograma completo.<\/p>\n<h2>Inscri\u00e7\u00f5es<\/h2>\n<p>As inscri\u00e7\u00f5es para o Processo Seletivo da Prefeitura de Jardim (MS) ser\u00e3o realizadas presencialmente entre os dias <strong>26 e 28 de agosto de 2025<\/strong>, das 07h \u00e0s 12h, no hor\u00e1rio local. N\u00e3o haver\u00e1 cobran\u00e7a de taxa de inscri\u00e7\u00e3o. Para se inscrever, o candidato dever\u00e1 entregar um envelope lacrado contendo o formul\u00e1rio de inscri\u00e7\u00e3o (Anexo V do edital), c\u00f3pias de RG e CPF, comprovante de escolaridade e os documentos para a prova de t\u00edtulos na Secretaria Municipal de Sa\u00fade, localizada na Rua F\u00e1bio Martins Barbosa, 280, Jardim Itap\u00e9, Jardim-MS. N\u00e3o ser\u00e3o aceitas inscri\u00e7\u00f5es por e-mail, correspond\u00eancia ou fora do prazo estabelecido. \u00c9 fundamental que o candidato certifique-se de que preenche todos os requisitos antes de efetivar a inscri\u00e7\u00e3o. Para mais informa\u00e7\u00f5es, consulte o edital completo.<\/p>\n<h2>Etapas e Provas<\/h2>\n<p>O processo seletivo ser\u00e1 realizado em <strong>etapa \u00fanica<\/strong>, consistindo na An\u00e1lise de T\u00edtulos, de car\u00e1ter eliminat\u00f3rio e classificat\u00f3rio. A pontua\u00e7\u00e3o final ser\u00e1 definida pela soma dos pontos obtidos com a documenta\u00e7\u00e3o apresentada, que deve comprovar a forma\u00e7\u00e3o e a experi\u00eancia profissional do candidato de acordo com os crit\u00e9rios estabelecidos no edital.<\/p>\n<ul>\n<li><strong>T\u00edtulos considerados:<\/strong> Ser\u00e3o avaliados diplomas de p\u00f3s-gradua\u00e7\u00e3o, certificados de cursos e capacita\u00e7\u00f5es na \u00e1rea da sa\u00fade (presenciais ou EAD, realizados a partir de janeiro de 2022), e comprovantes de experi\u00eancia profissional, especialmente no Sistema \u00danico de Sa\u00fade (SUS).<\/li>\n<li><strong>Crit\u00e9rios de avalia\u00e7\u00e3o:<\/strong> Cada t\u00edtulo ser\u00e1 considerado uma \u00fanica vez, e os documentos devem estar leg\u00edveis e conter informa\u00e7\u00f5es claras sobre carga hor\u00e1ria e conte\u00fado program\u00e1tico. Documentos com rasuras ou ileg\u00edveis n\u00e3o ser\u00e3o pontuados.<\/li>\n<\/ul>\n<p>Para conhecer a tabela de pontua\u00e7\u00e3o detalhada e todas as regras da avalia\u00e7\u00e3o, \u00e9 indispens\u00e1vel a leitura atenta do edital.<\/p>\n<h2>Resultados e Gabarito<\/h2>\n<p>A divulga\u00e7\u00e3o dos resultados seguir\u00e1 um cronograma definido. A rela\u00e7\u00e3o preliminar dos inscritos e da avalia\u00e7\u00e3o de t\u00edtulos ser\u00e1 publicada em <strong>03 de setembro de 2025<\/strong>. Os candidatos poder\u00e3o interpor recursos nos dias 04 e 05 de setembro, com o resultado dos recursos previsto para 09 de setembro. A classifica\u00e7\u00e3o final e a homologa\u00e7\u00e3o do processo seletivo ser\u00e3o publicadas em <strong>12 de setembro de 2025<\/strong>.<\/p>\n<p>Em caso de empate na pontua\u00e7\u00e3o final, os crit\u00e9rios de desempate ser\u00e3o, nesta ordem: maior tempo de experi\u00eancia profissional no SUS e maior idade. A convoca\u00e7\u00e3o dos aprovados ocorrer\u00e1 por meio de edital espec\u00edfico, respeitando a ordem de classifica\u00e7\u00e3o.<\/p>\n<p>\u00c9 de responsabilidade exclusiva do candidato acompanhar todas as publica\u00e7\u00f5es oficiais no Di\u00e1rio Oficial da Assomasul e no site da Prefeitura Municipal de Jardim.<\/p>\n","protected":false},"excerpt":{"rendered":"<p>Processo Seletivo Pref. Jardim (MS) com edital publicado! Vagas p\/ Odont\u00f3logo e Enfermeiro (Fund. a Sup.). Inscri\u00e7\u00f5es a partir de 26\/08. Confira detalhes!<\/p>\n","protected":false},"author":7,"featured_media":270435,"comment_status":"open","ping_status":"open","sticky":false,"template":"","format":"standard","meta":{"_acf_changed":false,"_breakdance_hide_in_design_set":false,"_breakdance_tags":"","footnotes":""},"categories":[12,17,18,19,23,24,26,101,108,161,143,134],"tags":[48],"_amplo":[],"destaque":[],"instituicoes":[],"class_list":["post-270436","post","type-post","status-publish","format-standard","has-post-thumbnail","hentry","category-enfermagem","category-farmacia","category-fisioterapia","category-fonoaudiologia","category-nutricao","category-odontologia","category-psicologia","category-servico-social","category-tecnico-enfermagem","category-tecnico-laboratorio","category-tecnico-odontologia","category-terapia-ocupacional","tag-mato-grosso-do-sul"],"acf":{"_tipo_vagas":"vagas","_numero_vagas":"","_quadro_vagas":"","_cargos":"diversos","_cargos_especificos":"","_salario_max":"R$ 6434.69","_abertura":"20250826","_encerramento":"20250828","_inscricoes":"","_executora_concurso":"","_instituicao_concurso":[],"_link_adicional":null,"_anexos":null,"_produtos":null,"_vagas":"52 vagas","_salario_min":"R$ 1601.97","_instituicao":"Prefeitura de Jardim","_edital":"https:\/\/www.agrobase.com.br\/concursos\/wp-content\/uploads\/sites\/4\/2025\/08\/edital-01-2025-prefeitura-de-jardim-ms.pdf","_anexos_edital":"","_fund_incompleto":"","_fund_completo":"<div>\r\n<table class=\"quadro\">\r\n<thead>\r\n<tr>\r\n<th class=\"hcargo\">Cargo<\/th>\r\n<th class=\"hvagas\">Vagas<\/th>\r\n<th class=\"hremuneracao\">Remunera\u00e7\u00e3o<\/th>\r\n<\/tr>\r\n<\/thead>\r\n    <tbody>\r\n      <td class=\"ccargos\">\r\n<span data-balloon-length=\"medium\" aria-label=\"Ensino Fundamental Completo, Carteira Nacional de Habilita\u00e7\u00e3o (CNH) categoria D v\u00e1lida, Experi\u00eancia m\u00ednima comprovada na fun\u00e7\u00e3o, Curso de Transporte de Passageiros ou de Cargas (exigido no edital), Idade m\u00ednima de 21 anos (para categoria D).\" data-balloon-pos=\"up\">Motorista Categoria \"D\"<\/span><\/td>\r\n<td class=\"cvagas\">02<\/td>\r\n<td class=\"cremuneracao\">R$ 1.601,97 \/40h<\/td>\r\n<\/tr>\r\n    <\/tbody>\r\n  <\/table>\r\n<\/div>","_medio":"<div>\r\n<table class=\"quadro\">\r\n<thead>\r\n<tr>\r\n<th class=\"hcargo\">Cargo<\/th>\r\n<th class=\"hvagas\">Vagas<\/th>\r\n<th class=\"hremuneracao\">Remunera\u00e7\u00e3o<\/th>\r\n<\/tr>\r\n<\/thead>\r\n    <tbody>\r\n      <td class=\"ccargos\">\r\n<span data-balloon-length=\"medium\" aria-label=\"Ensino M\u00e9dio Completo\" data-balloon-pos=\"up\">Atendente em Sa\u00fade<\/span><\/td>\r\n<td class=\"cvagas\">06<\/td>\r\n<td class=\"cremuneracao\">R$ 1.608,24 \/40h<\/td>\r\n<\/tr><td class=\"ccargos\">\r\n<span data-balloon-length=\"medium\" aria-label=\"Ensino M\u00e9dio Completo, Curso de Auxiliar de Sa\u00fade Bucal (com certificado reconhecido), Registro no Conselho Regional de Odontologia (CRO) como ASB (ativo e regular).\" data-balloon-pos=\"up\">Auxiliar de Sa\u00fade Bucal<\/span><\/td>\r\n<td class=\"cvagas\">06<\/td>\r\n<td class=\"cremuneracao\">R$ 1.620,24 \/40h<\/td>\r\n<\/tr><td class=\"ccargos\">\r\n<span data-balloon-length=\"medium\" aria-label=\"Ensino M\u00e9dio Completo, Curso T\u00e9cnico em Laborat\u00f3rio de An\u00e1lises Cl\u00ednicas, T\u00e9cnico em Patologia Cl\u00ednica ou T\u00e9cnico em An\u00e1lises Cl\u00ednicas conclu\u00eddo, Registro no Conselho de Classe (CRF ou CFT), quando exigido pelo edital.\" data-balloon-pos=\"up\">T\u00e9cnico em Laborat\u00f3rio<\/span><\/td>\r\n<td class=\"cvagas\">01<\/td>\r\n<td class=\"cremuneracao\">R$ 1.646,26 \/40h<\/td>\r\n<\/tr><td class=\"ccargos\">\r\n<span data-balloon-length=\"medium\" aria-label=\"Ensino m\u00e9dio completo, Curso T\u00e9cnico de Enfermagem, Registro no Conselho ou \u00d3rg\u00e3o Fiscalizador do Exerc\u00edcio da Profiss\u00e3o.\" data-balloon-pos=\"up\">T\u00e9cnico em Enfermagem<\/span><\/td>\r\n<td class=\"cvagas\">07<\/td>\r\n<td class=\"cremuneracao\">R$ 1.646,26 \/40h<\/td>\r\n<\/tr>\r\n    <\/tbody>\r\n  <\/table>\r\n<\/div>","_superior":"<div>\r\n<table class=\"quadro\">\r\n<thead>\r\n<tr>\r\n<th class=\"hcargo\">Cargo<\/th>\r\n<th class=\"hvagas\">Vagas<\/th>\r\n<th class=\"hremuneracao\">Remunera\u00e7\u00e3o<\/th>\r\n<\/tr>\r\n<\/thead>\r\n    <tbody>\r\n      <tr>\r\n<td class=\"ccargos\">\r\n<span data-balloon-length=\"medium\" aria-label=\"Curso superior completo em Servi\u00e7o Social, Registro ativo no CRESS (Conselho Regional de Servi\u00e7o Social).\" data-balloon-pos=\"up\">Assistente Social<\/span><\/td>\r\n<td class=\"cvagas\">01<\/td>\r\n<td class=\"cremuneracao\">R$ 4.526,47 \/30h<\/td>\r\n<\/tr><tr>\r\n<td class=\"ccargos\">\r\n<span data-balloon-length=\"medium\" aria-label=\"Curso Superior em Enfermagem (Bacharelado), Registro ativo no Conselho Regional de Enfermagem (COREN).\" data-balloon-pos=\"up\">Enfermeiro (a)<\/span><\/td>\r\n<td class=\"cvagas\">06<\/td>\r\n<td class=\"cremuneracao\">R$ 4.526,47 \/40h<\/td>\r\n<\/tr><tr>\r\n<td class=\"ccargos\">\r\n<span data-balloon-length=\"medium\" aria-label=\"Curso superior completo em Enfermagem, Especializa\u00e7\u00e3o (p\u00f3s-gradua\u00e7\u00e3o) em Enfermagem Obst\u00e9trica, Registro ativo no Conselho Regional de Enfermagem (COREN).\" data-balloon-pos=\"up\">Enfermeiro (a) Obstetra<\/span><\/td>\r\n<td class=\"cvagas\">01<\/td>\r\n<td class=\"cremuneracao\">R$ 4.526,47 \/40h<\/td>\r\n<\/tr><tr>\r\n<td class=\"ccargos\">\r\n<span data-balloon-length=\"medium\" aria-label=\"Curso Superior completo em Farm\u00e1cia, Registro ativo no Conselho Regional de Farm\u00e1cia (CRF).\" data-balloon-pos=\"up\">Farmac\u00eautico (a)<\/span><\/td>\r\n<td class=\"cvagas\">03<\/td>\r\n<td class=\"cremuneracao\">R$ 4.526,47 \/40h<\/td>\r\n<\/tr><tr>\r\n<td class=\"ccargos\">\r\n<span data-balloon-length=\"medium\" aria-label=\"Curso superior completo em Fisioterapia, Registro no Conselho Regional de Fisioterapia e Terapia Ocupacional (CREFITO).\" data-balloon-pos=\"up\">Fisioterapeuta<\/span><\/td>\r\n<td class=\"cvagas\">01<\/td>\r\n<td class=\"cremuneracao\">R$ 4.526,47 \/30h<\/td>\r\n<\/tr><tr>\r\n<td class=\"ccargos\">\r\n<span data-balloon-length=\"medium\" aria-label=\"Curso superior completo em Fonoaudiologia (Bacharelado), Registro ativo no Conselho Regional de Fonoaudiologia (CRFa) da respectiva regi\u00e3o.\" data-balloon-pos=\"up\">Fonoaudi\u00f3logo (a)<\/span><\/td>\r\n<td class=\"cvagas\">01<\/td>\r\n<td class=\"cremuneracao\">R$ 4.526,47 \/40h<\/td>\r\n<\/tr><tr>\r\n<td class=\"ccargos\">\r\n<span data-balloon-length=\"medium\" aria-label=\"Curso Superior Completo em Nutri\u00e7\u00e3o, Registro ativo no Conselho Regional de Nutricionistas (CRN).\" data-balloon-pos=\"up\">Nutricionista<\/span><\/td>\r\n<td class=\"cvagas\">02<\/td>\r\n<td class=\"cremuneracao\">R$ 4.526,47 \/40h<\/td>\r\n<\/tr><tr>\r\n<td class=\"ccargos\">\r\n<span data-balloon-length=\"medium\" aria-label=\"Curso Superior completo em Odontologia, Registro ativo no Conselho Regional de Odontologia (CRO).\" data-balloon-pos=\"up\">Odont\u00f3logo (a)<\/span><\/td>\r\n<td class=\"cvagas\">08<\/td>\r\n<td class=\"cremuneracao\">R$ 6.434,69 \/40h<\/td>\r\n<\/tr><tr>\r\n<td class=\"ccargos\">\r\n<span data-balloon-length=\"medium\" aria-label=\"Curso Superior completo em Odontologia, Registro ativo no Conselho Regional de Odontologia (CRO).\" data-balloon-pos=\"up\">Odont\u00f3logo (a)<\/span><\/td>\r\n<td class=\"cvagas\">02<\/td>\r\n<td class=\"cremuneracao\">R$ 3.217,35 \/20h<\/td>\r\n<\/tr><tr>\r\n<td class=\"ccargos\">\r\n<span data-balloon-length=\"medium\" aria-label=\"Curso superior completo em Psicologia, Registro ativo no Conselho Regional de Psicologia (CRP).\" data-balloon-pos=\"up\">Psic\u00f3logo (a)<\/span><\/td>\r\n<td class=\"cvagas\">04<\/td>\r\n<td class=\"cremuneracao\">R$ 4.526,47 \/40h<\/td>\r\n<\/tr><tr>\r\n<td class=\"ccargos\">\r\n<span data-balloon-length=\"medium\" aria-label=\"Curso superior completo em Terapia Ocupacional (bacharelado) com diploma reconhecido pelo MEC, Registro profissional ativo no CREFITO (Conselho Regional de Fisioterapia e Terapia Ocupacional), Curr\u00edculo atualizado em alguns casos, comprova\u00e7\u00e3o de experi\u00eancia na \u00e1rea.\" data-balloon-pos=\"up\">Terapeuta Ocupacional<\/span><\/td>\r\n<td class=\"cvagas\">01<\/td>\r\n<td class=\"cremuneracao\">R$ 4.526,47 \/30h<\/td>\r\n<\/tr>\r\n    <\/tbody>\r\n  <\/table>\r\n<\/div>"},"_links":{"self":[{"href":"https:\/\/www.agrobase.com.br\/concursos\/wp-json\/wp\/v2\/posts\/270436","targetHints":{"allow":["GET"]}}],"collection":[{"href":"https:\/\/www.agrobase.com.br\/concursos\/wp-json\/wp\/v2\/posts"}],"about":[{"href":"https:\/\/www.agrobase.com.br\/concursos\/wp-json\/wp\/v2\/types\/post"}],"author":[{"embeddable":true,"href":"https:\/\/www.agrobase.com.br\/concursos\/wp-json\/wp\/v2\/users\/7"}],"replies":[{"embeddable":true,"href":"https:\/\/www.agrobase.com.br\/concursos\/wp-json\/wp\/v2\/comments?post=270436"}],"version-history":[{"count":1,"href":"https:\/\/www.agrobase.com.br\/concursos\/wp-json\/wp\/v2\/posts\/270436\/revisions"}],"predecessor-version":[{"id":270438,"href":"https:\/\/www.agrobase.com.br\/concursos\/wp-json\/wp\/v2\/posts\/270436\/revisions\/270438"}],"wp:featuredmedia":[{"embeddable":true,"href":"https:\/\/www.agrobase.com.br\/concursos\/wp-json\/wp\/v2\/media\/270435"}],"wp:attachment":[{"href":"https:\/\/www.agrobase.com.br\/concursos\/wp-json\/wp\/v2\/media?parent=270436"}],"wp:term":[{"taxonomy":"category","embeddable":true,"href":"https:\/\/www.agrobase.com.br\/concursos\/wp-json\/wp\/v2\/categories?post=270436"},{"taxonomy":"post_tag","embeddable":true,"href":"https:\/\/www.agrobase.com.br\/concursos\/wp-json\/wp\/v2\/tags?post=270436"},{"taxonomy":"_amplo","embeddable":true,"href":"https:\/\/www.agrobase.com.br\/concursos\/wp-json\/wp\/v2\/_amplo?post=270436"},{"taxonomy":"destaque","embeddable":true,"href":"https:\/\/www.agrobase.com.br\/concursos\/wp-json\/wp\/v2\/destaque?post=270436"},{"taxonomy":"instituicoes","embeddable":true,"href":"https:\/\/www.agrobase.com.br\/concursos\/wp-json\/wp\/v2\/instituicoes?post=270436"}],"curies":[{"name":"wp","href":"https:\/\/api.w.org\/{rel}","templated":true}]}}