{"id":270280,"date":"2025-08-21T07:20:38","date_gmt":"2025-08-21T10:20:38","guid":{"rendered":"https:\/\/www.agrobase.com.br\/concursos\/?p=270280"},"modified":"2025-08-20T12:10:00","modified_gmt":"2025-08-20T15:10:00","slug":"prefeitura-maracanau-ce-selecao-simplificada-14-2024","status":"publish","type":"post","link":"https:\/\/www.agrobase.com.br\/concursos\/2025\/prefeitura-maracanau-ce-selecao-simplificada-14-2024\/","title":{"rendered":"Prefeitura Maracana\u00fa (CE) &#8211; Sele\u00e7\u00e3o Simplificada 14\/2024"},"content":{"rendered":"<h2>Informa\u00e7\u00f5es Gerais<\/h2>\n<p>A Prefeitura de Maracana\u00fa, no estado do Cear\u00e1, por meio da Secretaria de Assist\u00eancia Social e Seguran\u00e7a Alimentar, anunciou a abertura de um Processo Seletivo P\u00fablico Simplificado. Com o edital j\u00e1 publicado, o certame visa formar <strong>cadastro de reserva<\/strong> para suprir car\u00eancias tempor\u00e1rias de profissionais em diversas fun\u00e7\u00f5es.<\/p>\n<p>As oportunidades abrangem os n\u00edveis de escolaridade <strong>fundamental, m\u00e9dio\/t\u00e9cnico e superior<\/strong>, com contrata\u00e7\u00f5es sob o regime de contrato por tempo determinado. As vagas est\u00e3o distribu\u00eddas em \u00e1reas como assist\u00eancia social, administrativa, financeira e jur\u00eddica. Destacamos a presen\u00e7a de oportunidades para a \u00e1rea de <strong>Nutri\u00e7\u00e3o<\/strong>, com o cargo de Nutricionista.<\/p>\n<p>Este processo seletivo representa uma excelente chance para profissionais que buscam uma coloca\u00e7\u00e3o no servi\u00e7o p\u00fablico municipal. Continue a leitura para conferir os detalhes sobre o per\u00edodo de inscri\u00e7\u00f5es, as etapas de avalia\u00e7\u00e3o e o cronograma previsto.<\/p>\n<h2>Inscri\u00e7\u00f5es<\/h2>\n<p>As inscri\u00e7\u00f5es para o Processo Seletivo de Maracana\u00fa (CE) ser\u00e3o <strong>gratuitas<\/strong> e realizadas exclusivamente pela internet. Os interessados devem se candidatar a partir das <strong>09h do dia 21 de agosto de 2025 at\u00e9 as 23h59 do dia 22 de agosto de 2025<\/strong> (hor\u00e1rio de Maracana\u00fa-CE), atrav\u00e9s do portal oficial do munic\u00edpio.<\/p>\n<p>Para efetivar a inscri\u00e7\u00e3o, o candidato dever\u00e1 preencher o formul\u00e1rio eletr\u00f4nico e anexar, em formato PDF, toda a documenta\u00e7\u00e3o obrigat\u00f3ria exigida para a fun\u00e7\u00e3o pretendida. Isso inclui documentos de identifica\u00e7\u00e3o, comprovantes de escolaridade e os documentos necess\u00e1rios para a an\u00e1lise de experi\u00eancia profissional. \u00c9 permitido inscrever-se para apenas uma \u00fanica fun\u00e7\u00e3o.<\/p>\n<p>Como n\u00e3o h\u00e1 taxa de inscri\u00e7\u00e3o, n\u00e3o existem procedimentos para solicita\u00e7\u00e3o de isen\u00e7\u00e3o. O candidato deve garantir que todos os dados e documentos enviados estejam corretos e completos, pois informa\u00e7\u00f5es falsas ou inexatas podem levar ao cancelamento da inscri\u00e7\u00e3o. Para mais detalhes sobre os requisitos de cada cargo e a documenta\u00e7\u00e3o exigida, a leitura completa do edital \u00e9 indispens\u00e1vel.<\/p>\n<h2>Etapas e Provas<\/h2>\n<p>O processo seletivo ser\u00e1 composto por tr\u00eas etapas distintas, aplicadas a todos os cargos, com o objetivo de avaliar de forma completa as compet\u00eancias dos candidatos. A estrutura de avalia\u00e7\u00e3o \u00e9 a seguinte:<\/p>\n<ul>\n<li><strong>1\u00aa Etapa: An\u00e1lise de Experi\u00eancia Profissional:<\/strong> De car\u00e1ter classificat\u00f3rio, esta fase consiste na avalia\u00e7\u00e3o dos documentos comprobat\u00f3rios de experi\u00eancia profissional enviados pelo candidato no ato da inscri\u00e7\u00e3o. A pontua\u00e7\u00e3o m\u00e1xima \u00e9 de 30 pontos, e os candidatos que obtiverem nota zero nesta etapa ser\u00e3o eliminados do certame.<\/li>\n<li><strong>2\u00aa Etapa: Prova Objetiva de Conhecimentos Espec\u00edficos:<\/strong> De car\u00e1ter eliminat\u00f3rio e classificat\u00f3rio, a prova ser\u00e1 composta por 15 quest\u00f5es de m\u00faltipla escolha, com dura\u00e7\u00e3o de 3 horas. A avalia\u00e7\u00e3o valer\u00e1 at\u00e9 30 pontos, e ser\u00e1 considerado aprovado o candidato que obtiver uma pontua\u00e7\u00e3o m\u00ednima de 16 pontos. A aplica\u00e7\u00e3o est\u00e1 prevista para o dia 31 de agosto de 2025.<\/li>\n<li><strong>3\u00aa Etapa: Entrevista:<\/strong> De car\u00e1ter classificat\u00f3rio, esta etapa avaliar\u00e1 os candidatos mais bem classificados nas fases anteriores. Ser\u00e3o convocados para a entrevista aqueles que atingirem a pontua\u00e7\u00e3o m\u00ednima de 30 pontos no somat\u00f3rio das etapas anteriores. A pontua\u00e7\u00e3o m\u00e1xima nesta fase \u00e9 de 40 pontos.<\/li>\n<\/ul>\n<p>Para informa\u00e7\u00f5es detalhadas sobre o conte\u00fado program\u00e1tico, os crit\u00e9rios de pontua\u00e7\u00e3o de cada etapa e as regras de realiza\u00e7\u00e3o das provas, \u00e9 fundamental consultar o edital completo do processo seletivo.<\/p>\n<h2>Resultados e Gabarito<\/h2>\n<p>Os resultados de cada etapa do Processo Seletivo Simplificado de Maracana\u00fa ser\u00e3o divulgados no site oficial do munic\u00edpio. De acordo com o cronograma, a publica\u00e7\u00e3o do resultado preliminar da prova objetiva est\u00e1 prevista para <strong>02 de setembro de 2025<\/strong>, e o resultado definitivo, juntamente com a convoca\u00e7\u00e3o para as entrevistas, para <strong>04 de setembro de 2025<\/strong>. O resultado final do certame deve ser divulgado em <strong>10 de setembro de 2025<\/strong>, com a homologa\u00e7\u00e3o prevista para o dia seguinte, 11 de setembro.<\/p>\n<p>Em caso de empate na pontua\u00e7\u00e3o final, o crit\u00e9rio de desempate ser\u00e1 a <strong>maior idade<\/strong>, considerando a data do \u00faltimo dia de inscri\u00e7\u00e3o. A aprova\u00e7\u00e3o no processo seletivo gera apenas a expectativa de direito \u00e0 contrata\u00e7\u00e3o, que ocorrer\u00e1 conforme a necessidade e conveni\u00eancia da administra\u00e7\u00e3o p\u00fablica, respeitando rigorosamente a ordem de classifica\u00e7\u00e3o.<\/p>\n<p>A convoca\u00e7\u00e3o dos aprovados ser\u00e1 publicada no site da Prefeitura de Maracana\u00fa e no quadro de avisos da Secretaria Municipal de Assist\u00eancia Social e Seguran\u00e7a Alimentar. \u00c9 de responsabilidade exclusiva do candidato acompanhar todas as publica\u00e7\u00f5es oficiais referentes ao certame.<\/p>\n","protected":false},"excerpt":{"rendered":"<p>Processo Seletivo Pref. Maracana\u00fa (CE) com edital publicado! Vagas p\/ Advogado e + (Fund. a Sup.). Inscri\u00e7\u00f5es a partir de 21\/08. Confira detalhes!<\/p>\n","protected":false},"author":7,"featured_media":270279,"comment_status":"open","ping_status":"open","sticky":false,"template":"","format":"standard","meta":{"_acf_changed":false,"_breakdance_hide_in_design_set":false,"_breakdance_tags":"","footnotes":""},"categories":[3,9,10,117,23,25],"tags":[43],"_amplo":[],"destaque":[],"instituicoes":[],"class_list":["post-270280","post","type-post","status-publish","format-standard","has-post-thumbnail","hentry","category-administracao","category-ciencias-contabeis","category-direito","category-economia","category-nutricao","category-pedagogia","tag-ceara"],"acf":{"_tipo_vagas":"vagas","_numero_vagas":"","_quadro_vagas":"","_cargos":"diversos","_cargos_especificos":"","_salario_max":"R$ 2844.38","_abertura":"20250821","_encerramento":"20250822","_inscricoes":"https:\/\/www.maracanau.ce.gov.br\/","_executora_concurso":"","_instituicao_concurso":[],"_link_adicional":null,"_anexos":null,"_produtos":null,"_vagas":"CR","_salario_min":"R$ 1765.49","_instituicao":"Prefeitura de Maracana\u00fa","_edital":"https:\/\/www.agrobase.com.br\/concursos\/wp-content\/uploads\/sites\/4\/2025\/08\/edital-14-2024-prefeitura-de-maracanau-ce.pdf","_anexos_edital":"https:\/\/www.agrobase.com.br\/concursos\/wp-content\/uploads\/sites\/4\/2025\/08\/anexos-edital-14-2024-prefeitura-de-maracanau-ce.pdf","_fund_incompleto":"","_fund_completo":"<div>\r\n<table class=\"quadro\">\r\n<thead>\r\n<tr>\r\n<th class=\"hcargo\">Cargo<\/th>\r\n<th class=\"hvagas\">Vagas<\/th>\r\n<th class=\"hremuneracao\">Remunera\u00e7\u00e3o<\/th>\r\n<\/tr>\r\n<\/thead>\r\n    <tbody>\r\n      <td class=\"ccargos\">\r\n<span data-balloon-length=\"medium\" aria-label=\"Profissional de n\u00edvel Fundamental, com experi\u00eancia comprovada de 1 ano na fun\u00e7\u00e3o.\" data-balloon-pos=\"up\">Auxiliar de Cozinha<\/span><\/td>\r\n<td class=\"cvagas\">CR<\/td>\r\n<td class=\"cremuneracao\">R$ 1.765,49 \/180h<\/td>\r\n<\/tr>\r\n    <\/tbody>\r\n  <\/table>\r\n<\/div>","_medio":"<div>\r\n<table class=\"quadro\">\r\n<thead>\r\n<tr>\r\n<th class=\"hcargo\">Cargo<\/th>\r\n<th class=\"hvagas\">Vagas<\/th>\r\n<th class=\"hremuneracao\">Remunera\u00e7\u00e3o<\/th>\r\n<\/tr>\r\n<\/thead>\r\n    <tbody>\r\n      <td class=\"ccargos\">\r\n<span data-balloon-length=\"medium\" aria-label=\"Ensino m\u00e9dio completo e Experi\u00eancia m\u00ednima comprovada de 1(um) ano na fun\u00e7\u00e3o.\" data-balloon-pos=\"up\">Almoxarife<\/span><\/td>\r\n<td class=\"cvagas\">CR<\/td>\r\n<td class=\"cremuneracao\">R$ 1.765,49 \/180h<\/td>\r\n<\/tr><td class=\"ccargos\">\r\n<span data-balloon-length=\"medium\" aria-label=\"Ensino m\u00e9dio completo com experi\u00eancia m\u00ednima de 1 (um) ano na \u00e1rea administrativo- financeira.\" data-balloon-pos=\"up\">Assistente Administrativo Financeiro I<\/span><\/td>\r\n<td class=\"cvagas\">CR<\/td>\r\n<td class=\"cremuneracao\">R$ 2.717,79 \/180h<\/td>\r\n<\/tr><td class=\"ccargos\">\r\n<span data-balloon-length=\"medium\" aria-label=\"Ensino m\u00e9dio completo com experi\u00eancia m\u00ednima de 1 (um) ano na \u00e1rea.\" data-balloon-pos=\"up\">Assistente T\u00e9cnico I<\/span><\/td>\r\n<td class=\"cvagas\">CR<\/td>\r\n<td class=\"cremuneracao\">R$ 1.765,49 \/180h<\/td>\r\n<\/tr><td class=\"ccargos\">\r\n<span data-balloon-length=\"medium\" aria-label=\"Ensino M\u00e9dio completo e Experi\u00eancia m\u00ednima comprovada de 1 (um) ano na fun\u00e7\u00e3o.\" data-balloon-pos=\"up\">Educador Social<\/span><\/td>\r\n<td class=\"cvagas\">CR<\/td>\r\n<td class=\"cremuneracao\">R$ 1.765,49 \/180h<\/td>\r\n<\/tr><td class=\"ccargos\">\r\n<span data-balloon-length=\"medium\" aria-label=\"Ensino m\u00e9dio completo com curso a trilha Entrevista do Cadastro \u00danico e experi\u00eancia m\u00ednima comprovada de 1 ano na fun\u00e7\u00e3o.\" data-balloon-pos=\"up\">Entrevistador social I<\/span><\/td>\r\n<td class=\"cvagas\">CR<\/td>\r\n<td class=\"cremuneracao\">R$ 1.765,49 \/180h<\/td>\r\n<\/tr><td class=\"ccargos\">\r\n<span data-balloon-length=\"medium\" aria-label=\"Ensino m\u00e9dio completo com curso a trilha Entrevista do Cadastro \u00danico e experi\u00eancia m\u00ednima comprovada de 2 anos na fun\u00e7\u00e3o de supervis\u00e3o ou de Entrevistador social.\" data-balloon-pos=\"up\">Entrevistador social II<\/span><\/td>\r\n<td class=\"cvagas\">CR<\/td>\r\n<td class=\"cremuneracao\">R$ 2.118,58 \/180h<\/td>\r\n<\/tr>\r\n    <\/tbody>\r\n  <\/table>\r\n<\/div>","_superior":"<div>\r\n<table class=\"quadro\">\r\n<thead>\r\n<tr>\r\n<th class=\"hcargo\">Cargo<\/th>\r\n<th class=\"hvagas\">Vagas<\/th>\r\n<th class=\"hremuneracao\">Remunera\u00e7\u00e3o<\/th>\r\n<\/tr>\r\n<\/thead>\r\n    <tbody>\r\n      <tr>\r\n<td class=\"ccargos\">\r\n<span data-balloon-length=\"medium\" aria-label=\"Ensino Superior completo em Direito com registro ativo na OAB e experi\u00eancia m\u00ednima comprovada de 1 (um) ano na fun\u00e7\u00e3o.\" data-balloon-pos=\"up\">Advogado<\/span><\/td>\r\n<td class=\"cvagas\">CR<\/td>\r\n<td class=\"cremuneracao\">R$ 2.844,38 \/180h<\/td>\r\n<\/tr><tr>\r\n<td class=\"ccargos\">\r\n<span data-balloon-length=\"medium\" aria-label=\"Ensino Superior completo em qualquer \u00e1rea de forma\u00e7\u00e3o, com experi\u00eancia m\u00ednima comprovada de 1 (um) ano no acompanhamento T\u00e9cnico dos Programas da Prote\u00e7\u00e3o Social Especial\" data-balloon-pos=\"up\">Analista II<\/span><\/td>\r\n<td class=\"cvagas\">CR<\/td>\r\n<td class=\"cremuneracao\">R$ 2.844,38 \/180h<\/td>\r\n<\/tr><tr>\r\n<td class=\"ccargos\">\r\n<span data-balloon-length=\"medium\" aria-label=\"Ensino superior completo em Administra\u00e7\u00e3o, Economia, Direito ou Contabilidade; Experi\u00eancia m\u00ednima comprovada de 1 (um) ano em contabilidade p\u00fablica, licita\u00e7\u00f5es e contratos ou finan\u00e7as p\u00fablicas.\" data-balloon-pos=\"up\">Analista Financeiro<\/span><\/td>\r\n<td class=\"cvagas\">CR<\/td>\r\n<td class=\"cremuneracao\">R$ 2.844,38 \/180h<\/td>\r\n<\/tr><tr>\r\n<td class=\"ccargos\">\r\n<span data-balloon-length=\"medium\" aria-label=\"Ensino superior completo em Ci\u00eancias cont\u00e1beis e registro ativo no conselho regional de contabilidade (CRC) com curso em licita\u00e7\u00e3o conclu\u00eddo at\u00e9 os \u00faltimos 3 anos e experi\u00eancia m\u00ednima comprovada de\" data-balloon-pos=\"up\">Contador<\/span><\/td>\r\n<td class=\"cvagas\">CR<\/td>\r\n<td class=\"cremuneracao\">R$ 2.844,38 \/180h<\/td>\r\n<\/tr><tr>\r\n<td class=\"ccargos\">\r\n<span data-balloon-length=\"medium\" aria-label=\"Ensino Superior em Nutri\u00e7\u00e3o com registro ativo no Conselho Regional de Nutri\u00e7\u00e3o (CRN) e experi\u00eancia m\u00ednima comprovada de 1 (um) ano na fun\u00e7\u00e3o.\" data-balloon-pos=\"up\">Nutricionista<\/span><\/td>\r\n<td class=\"cvagas\">CR<\/td>\r\n<td class=\"cremuneracao\">R$ 2.844,38 \/180h<\/td>\r\n<\/tr><tr>\r\n<td class=\"ccargos\">\r\n<span data-balloon-length=\"medium\" aria-label=\"Ensino superior completo em pedagogia e experi\u00eancia m\u00ednima comprovada de 1 (um) ano na fun\u00e7\u00e3o.\" data-balloon-pos=\"up\">Pedagogo<\/span><\/td>\r\n<td class=\"cvagas\">CR<\/td>\r\n<td class=\"cremuneracao\">R$ 2.844,38 \/180h<\/td>\r\n<\/tr>\r\n    <\/tbody>\r\n  <\/table>\r\n<\/div>"},"_links":{"self":[{"href":"https:\/\/www.agrobase.com.br\/concursos\/wp-json\/wp\/v2\/posts\/270280","targetHints":{"allow":["GET"]}}],"collection":[{"href":"https:\/\/www.agrobase.com.br\/concursos\/wp-json\/wp\/v2\/posts"}],"about":[{"href":"https:\/\/www.agrobase.com.br\/concursos\/wp-json\/wp\/v2\/types\/post"}],"author":[{"embeddable":true,"href":"https:\/\/www.agrobase.com.br\/concursos\/wp-json\/wp\/v2\/users\/7"}],"replies":[{"embeddable":true,"href":"https:\/\/www.agrobase.com.br\/concursos\/wp-json\/wp\/v2\/comments?post=270280"}],"version-history":[{"count":2,"href":"https:\/\/www.agrobase.com.br\/concursos\/wp-json\/wp\/v2\/posts\/270280\/revisions"}],"predecessor-version":[{"id":270284,"href":"https:\/\/www.agrobase.com.br\/concursos\/wp-json\/wp\/v2\/posts\/270280\/revisions\/270284"}],"wp:featuredmedia":[{"embeddable":true,"href":"https:\/\/www.agrobase.com.br\/concursos\/wp-json\/wp\/v2\/media\/270279"}],"wp:attachment":[{"href":"https:\/\/www.agrobase.com.br\/concursos\/wp-json\/wp\/v2\/media?parent=270280"}],"wp:term":[{"taxonomy":"category","embeddable":true,"href":"https:\/\/www.agrobase.com.br\/concursos\/wp-json\/wp\/v2\/categories?post=270280"},{"taxonomy":"post_tag","embeddable":true,"href":"https:\/\/www.agrobase.com.br\/concursos\/wp-json\/wp\/v2\/tags?post=270280"},{"taxonomy":"_amplo","embeddable":true,"href":"https:\/\/www.agrobase.com.br\/concursos\/wp-json\/wp\/v2\/_amplo?post=270280"},{"taxonomy":"destaque","embeddable":true,"href":"https:\/\/www.agrobase.com.br\/concursos\/wp-json\/wp\/v2\/destaque?post=270280"},{"taxonomy":"instituicoes","embeddable":true,"href":"https:\/\/www.agrobase.com.br\/concursos\/wp-json\/wp\/v2\/instituicoes?post=270280"}],"curies":[{"name":"wp","href":"https:\/\/api.w.org\/{rel}","templated":true}]}}