{"id":270224,"date":"2025-08-20T07:10:34","date_gmt":"2025-08-20T10:10:34","guid":{"rendered":"https:\/\/www.agrobase.com.br\/concursos\/?p=270224"},"modified":"2025-08-19T12:17:29","modified_gmt":"2025-08-19T15:17:29","slug":"adepara-pa-selecao-simplificada-01-2025","status":"publish","type":"post","link":"https:\/\/www.agrobase.com.br\/concursos\/2025\/adepara-pa-selecao-simplificada-01-2025\/","title":{"rendered":"ADEPAR\u00c1 (PA) &#8211; Sele\u00e7\u00e3o Simplificada 01\/2025"},"content":{"rendered":"<h2>Informa\u00e7\u00f5es Gerais<\/h2>\n<p>A Ag\u00eancia de Defesa Agropecu\u00e1ria do Estado do Par\u00e1 (ADEPAR\u00c1) publicou o edital n\u00ba 01\/2025 para o seu 11\u00ba Processo Seletivo Simplificado (PSS). Com o edital j\u00e1 dispon\u00edvel, o certame visa o preenchimento de 58 vagas tempor\u00e1rias, sem forma\u00e7\u00e3o de cadastro de reserva, sob regime de Contrato Administrativo com dura\u00e7\u00e3o inicial de 12 meses. As oportunidades abrangem os n\u00edveis fundamental, m\u00e9dio, t\u00e9cnico e superior.<\/p>\n<p>Para profissionais das \u00e1reas de ci\u00eancias agr\u00e1rias, h\u00e1 vagas de grande destaque para <strong>M\u00e9dico Veterin\u00e1rio<\/strong> e <strong>Engenheiro Agr\u00f4nomo<\/strong>, refor\u00e7ando a atua\u00e7\u00e3o t\u00e9cnica da ag\u00eancia no estado. Al\u00e9m disso, o processo seletivo contempla fun\u00e7\u00f5es nos setores administrativo e de campo, como Assistente Administrativo e Auxiliar de Campo.<\/p>\n<p>Continue a leitura para conferir os detalhes sobre as inscri\u00e7\u00f5es, as etapas de sele\u00e7\u00e3o e o cronograma completo deste importante certame.<\/p>\n<h2>Inscri\u00e7\u00f5es<\/h2>\n<p>As inscri\u00e7\u00f5es para o PSS da ADEPAR\u00c1 estar\u00e3o abertas e ser\u00e3o realizadas exclusivamente pela internet. O per\u00edodo para se candidatar ser\u00e1 de <strong>18 de agosto de 2025 a 20 de agosto de 2025<\/strong>. Os interessados dever\u00e3o acessar o portal oficial do processo seletivo no endere\u00e7o eletr\u00f4nico <em>www.sipros.pa.gov.br<\/em> para preencher o formul\u00e1rio.<\/p>\n<p>Uma excelente not\u00edcia para os candidatos \u00e9 que <strong>n\u00e3o haver\u00e1 cobran\u00e7a de taxa de inscri\u00e7\u00e3o<\/strong> para participar deste certame. Durante o ato da inscri\u00e7\u00e3o, ser\u00e1 obrigat\u00f3rio o envio (upload) de diversos documentos comprobat\u00f3rios em formato digital (JPEG, PNG, JPG ou PDF). A documenta\u00e7\u00e3o inclui, entre outros:<\/p>\n<ul>\n<li>Documento de identidade e CPF;<\/li>\n<li>Comprovante de escolaridade exigido para a fun\u00e7\u00e3o;<\/li>\n<li>Comprovante de quita\u00e7\u00e3o eleitoral e militar (para candidatos do sexo masculino);<\/li>\n<li>Curr\u00edculo atualizado com foto;<\/li>\n<li>Documentos que comprovem qualifica\u00e7\u00e3o e experi\u00eancia profissional.<\/li>\n<\/ul>\n<p>Ap\u00f3s a confirma\u00e7\u00e3o, o sistema gerar\u00e1 um n\u00famero de inscri\u00e7\u00e3o que servir\u00e1 como comprovante. \u00c9 fundamental que todas as informa\u00e7\u00f5es sejam preenchidas com aten\u00e7\u00e3o, pois n\u00e3o ser\u00e3o permitidas altera\u00e7\u00f5es posteriores. Para conhecer a lista completa de documentos e todas as regras, a leitura integral do edital \u00e9 indispens\u00e1vel.<\/p>\n<h2>Etapas e Provas<\/h2>\n<p>O Processo Seletivo Simplificado da ADEPAR\u00c1 ser\u00e1 composto por tr\u00eas fases sequenciais, todas de car\u00e1ter competitivo. \u00c9 crucial que o candidato se prepare para cada uma delas, conforme detalhado a seguir:<\/p>\n<ul>\n<li><strong>Primeira Fase: Inscri\u00e7\u00e3o<\/strong><br \/>De car\u00e1ter habilitat\u00f3rio, esta etapa consiste no correto preenchimento do formul\u00e1rio online e no envio de toda a documenta\u00e7\u00e3o exigida no edital. Apenas os candidatos que cumprirem todos os requisitos avan\u00e7ar\u00e3o para a fase seguinte.<\/li>\n<li><strong>Segunda Fase: An\u00e1lise Documental e Curricular<\/strong><br \/>Com car\u00e1ter eliminat\u00f3rio e classificat\u00f3rio, esta fase avalia os documentos enviados para atribuir pontos com base na qualifica\u00e7\u00e3o e na experi\u00eancia profissional. Ser\u00e3o classificados para a pr\u00f3xima etapa os candidatos que atingirem a pontua\u00e7\u00e3o m\u00ednima exigida para cada n\u00edvel de escolaridade e estiverem dentro do limite de at\u00e9 3 vezes o n\u00famero de vagas por fun\u00e7\u00e3o.<\/li>\n<li><strong>Terceira Fase: Entrevista<\/strong><br \/>Tamb\u00e9m de car\u00e1ter eliminat\u00f3rio e classificat\u00f3rio, a entrevista ser\u00e1 realizada por videochamada (via WhatsApp ou Google Meet) com os candidatos mais bem classificados na fase anterior. O objetivo \u00e9 avaliar compet\u00eancias e habilidades pertinentes \u00e0 fun\u00e7\u00e3o. Ser\u00e1 eliminado o candidato que obtiver nota inferior a 5,0 pontos ou n\u00e3o estiver dispon\u00edvel para o contato da banca nos hor\u00e1rios agendados.<\/li>\n<\/ul>\n<p>Para obter informa\u00e7\u00f5es detalhadas sobre os crit\u00e9rios de pontua\u00e7\u00e3o, o conte\u00fado avaliado na entrevista e o cronograma completo, consulte o edital oficial do certame.<\/p>\n<h2>Resultados e Gabarito<\/h2>\n<p>O acompanhamento dos resultados \u00e9 uma etapa crucial para o candidato. Todas as publica\u00e7\u00f5es oficiais, incluindo convoca\u00e7\u00f5es e classifica\u00e7\u00f5es, ser\u00e3o divulgadas no endere\u00e7o eletr\u00f4nico <em>www.sipros.pa.gov.br<\/em> e por meio de extratos no Di\u00e1rio Oficial do Estado do Par\u00e1.<\/p>\n<p>As principais datas a serem observadas s\u00e3o:<\/p>\n<ul>\n<li><strong>25 de agosto de 2025:<\/strong> Divulga\u00e7\u00e3o do resultado preliminar da An\u00e1lise Documental e Curricular.<\/li>\n<li><strong>01 de setembro de 2025:<\/strong> Divulga\u00e7\u00e3o do resultado definitivo da An\u00e1lise e convoca\u00e7\u00e3o para a Entrevista.<\/li>\n<li><strong>08 de setembro de 2025:<\/strong> Publica\u00e7\u00e3o do Resultado Final do PSS.<\/li>\n<\/ul>\n<p>A classifica\u00e7\u00e3o final ser\u00e1 determinada pela soma das notas obtidas na An\u00e1lise Curricular e na Entrevista. Em caso de empate, os crit\u00e9rios de desempate seguir\u00e3o a seguinte ordem: idade igual ou superior a 60 anos, maior pontua\u00e7\u00e3o na qualifica\u00e7\u00e3o profissional, maior tempo de experi\u00eancia profissional e, por fim, maior idade.<\/p>\n<p>Ap\u00f3s a homologa\u00e7\u00e3o do resultado final, os candidatos aprovados dentro do n\u00famero de vagas ser\u00e3o convocados para apresentar a documenta\u00e7\u00e3o original nos Polos de Acolhimento em Bel\u00e9m, Marab\u00e1, Santar\u00e9m e Almeirim, em datas espec\u00edficas. O n\u00e3o comparecimento no prazo estabelecido implicar\u00e1 na exclus\u00e3o do processo.<\/p>\n<p>\u00c9 de responsabilidade exclusiva do candidato acompanhar todas as publica\u00e7\u00f5es e comunicados nos canais oficiais da ADEPAR\u00c1 para n\u00e3o perder nenhuma etapa ou prazo importante.<\/p>\n","protected":false},"excerpt":{"rendered":"<p>Sel. Simplificada ADEPAR\u00c1 (PA) com edital publicado! Vagas p\/ Veterin\u00e1rio e Fiscal (Fund. a Sup.). Inscri\u00e7\u00f5es a partir de 18\/08. Sal\u00e1rios at\u00e9 R$ 5.3k. Confira detalhes!<\/p>\n","protected":false},"author":7,"featured_media":270223,"comment_status":"open","ping_status":"open","sticky":false,"template":"","format":"standard","meta":{"_acf_changed":false,"_breakdance_hide_in_design_set":false,"_breakdance_tags":"","footnotes":""},"categories":[4,9,22,101,29,30],"tags":[51],"_amplo":[],"destaque":[],"instituicoes":[],"class_list":["post-270224","post","type-post","status-publish","format-standard","has-post-thumbnail","hentry","category-agronomia","category-ciencias-contabeis","category-veterinaria","category-servico-social","category-tecnico-agricola","category-tecnico-agropecuaria","tag-para"],"acf":{"_tipo_vagas":"vagas","_numero_vagas":"","_quadro_vagas":"","_cargos":"diversos","_cargos_especificos":"","_salario_max":"R$ 5395.63","_abertura":"20250818","_encerramento":"20250820","_inscricoes":"https:\/\/www.sipros.pa.gov.br","_executora_concurso":"","_instituicao_concurso":[],"_link_adicional":null,"_anexos":null,"_produtos":null,"_vagas":"58 vagas","_salario_min":"R$ 3188.55","_instituicao":"ADEPAR\u00c1","_edital":"https:\/\/www.agrobase.com.br\/concursos\/wp-content\/uploads\/sites\/4\/2025\/08\/edital-01-2025-adepara-pa.pdf","_anexos_edital":"","_fund_incompleto":"","_fund_completo":"<div>\r\n<table class=\"quadro\">\r\n<thead>\r\n<tr>\r\n<th class=\"hcargo\">Cargo<\/th>\r\n<th class=\"hvagas\">Vagas<\/th>\r\n<th class=\"hremuneracao\">Remunera\u00e7\u00e3o<\/th>\r\n<\/tr>\r\n<\/thead>\r\n    <tbody>\r\n      <td class=\"ccargos\">\r\n<span data-balloon-length=\"medium\" aria-label=\"Escolaridade: Certificado de conclus\u00e3o do ensino fundamental expedido por institui\u00e7\u00e3o de ensino devidamente reconhecida por \u00f3rg\u00e3o competente; Disponibilidade para viagem a servi\u00e7o.\" data-balloon-pos=\"up\">Auxiliar de Campo<\/span><\/td>\r\n<td class=\"cvagas\">18<\/td>\r\n<td class=\"cremuneracao\">R$ 3.430,38 \/40h<\/td>\r\n<\/tr>\r\n    <\/tbody>\r\n  <\/table>\r\n<\/div>","_medio":"<div>\r\n<table class=\"quadro\">\r\n<thead>\r\n<tr>\r\n<th class=\"hcargo\">Cargo<\/th>\r\n<th class=\"hvagas\">Vagas<\/th>\r\n<th class=\"hremuneracao\">Remunera\u00e7\u00e3o<\/th>\r\n<\/tr>\r\n<\/thead>\r\n    <tbody>\r\n      <td class=\"ccargos\">\r\n<span data-balloon-length=\"medium\" aria-label=\"Escolaridade: certificado de conclus\u00e3o de curso do ensino m\u00e9dio e com curso profissionalizante de T\u00e9cnico Agr\u00edcola ou de T\u00e9cnico em Agropecu\u00e1ria, expedido por institui\u00e7\u00e3o de ensino devidamente reconhecida por \u00f3rg\u00e3o competente; Habilita\u00e7\u00e3o profissional: registro no \u00f3rg\u00e3o de classe; Dispon\u00edvel para viagem a servi\u00e7o.\" data-balloon-pos=\"up\">Agente Fiscal Agropecu\u00e1rio<\/span><\/td>\r\n<td class=\"cvagas\">17<\/td>\r\n<td class=\"cremuneracao\">R$ 3.640,19 \/40h<\/td>\r\n<\/tr><td class=\"ccargos\">\r\n<span data-balloon-length=\"medium\" aria-label=\"Escolaridade: certificado de conclus\u00e3o de curso do ensino m\u00e9dio, expedido por institui\u00e7\u00e3o de ensino devidamente reconhecida pelo \u00f3rg\u00e3o competente; Disponibilidade para viagem a servi\u00e7o.\" data-balloon-pos=\"up\">Assistente Administrativo<\/span><\/td>\r\n<td class=\"cvagas\">02<\/td>\r\n<td class=\"cremuneracao\">R$ 3.188,55 \/40h<\/td>\r\n<\/tr>\r\n    <\/tbody>\r\n  <\/table>\r\n<\/div>","_superior":"<div>\r\n<table class=\"quadro\">\r\n<thead>\r\n<tr>\r\n<th class=\"hcargo\">Cargo<\/th>\r\n<th class=\"hvagas\">Vagas<\/th>\r\n<th class=\"hremuneracao\">Remunera\u00e7\u00e3o<\/th>\r\n<\/tr>\r\n<\/thead>\r\n    <tbody>\r\n      <tr>\r\n<td class=\"ccargos\">\r\n<span data-balloon-length=\"medium\" aria-label=\"Escolaridade: Diploma do curso de gradua\u00e7\u00e3o de n\u00edvel superior em Medicina Veterin\u00e1ria expedido por institui\u00e7\u00e3o de ensino reconhecida pelo Minist\u00e9rio da Educa\u00e7\u00e3o; Habilita\u00e7\u00e3o profissional: registro no \u00f3rg\u00e3o de classe; Disponibilidade para viagem a servi\u00e7o.\" data-balloon-pos=\"up\">Medicina Veterin\u00e1ria<\/span><\/td>\r\n<td class=\"cvagas\">14<\/td>\r\n<td class=\"cremuneracao\">R$ 5.395,63 \/40h<\/td>\r\n<\/tr><tr>\r\n<td class=\"ccargos\">\r\n<span data-balloon-length=\"medium\" aria-label=\"Escolaridade: Diploma do curso de gradua\u00e7\u00e3o de n\u00edvel superior em Agronomia expedido por institui\u00e7\u00e3o de ensino reconhecida pelo Minist\u00e9rio da Educa\u00e7\u00e3o; Habilita\u00e7\u00e3o profissional: registro no \u00f3rg\u00e3o de classe; Disponibilidade para viagem a servi\u00e7o.\" data-balloon-pos=\"up\">Engenheiro Agr\u00f4nomo<\/span><\/td>\r\n<td class=\"cvagas\">04<\/td>\r\n<td class=\"cremuneracao\">R$ 5.395,63 \/40h<\/td>\r\n<\/tr><tr>\r\n<td class=\"ccargos\">\r\n<span data-balloon-length=\"medium\" aria-label=\"Escolaridade: Diploma do curso de gradua\u00e7\u00e3o de n\u00edvel superior em Contabilidade expedido por institui\u00e7\u00e3o de ensino reconhecida pelo Minist\u00e9rio da Educa\u00e7\u00e3o; Habilita\u00e7\u00e3o profissional: registro no \u00f3rg\u00e3o de classe; Dispon\u00edvel para viagem a servi\u00e7o; Conhecimento no eSocial, Reinf e DCTFWEB.\" data-balloon-pos=\"up\">Contador<\/span><\/td>\r\n<td class=\"cvagas\">02<\/td>\r\n<td class=\"cremuneracao\">R$ 4.276,68 \/40h<\/td>\r\n<\/tr><tr>\r\n<td class=\"ccargos\">\r\n<span data-balloon-length=\"medium\" aria-label=\"Escolaridade: Diploma do curso de gradua\u00e7\u00e3o de n\u00edvel superior em Servi\u00e7o Social expedido por institui\u00e7\u00e3o de ensino reconhecida pelo Minist\u00e9rio da Educa\u00e7\u00e3o; Habilita\u00e7\u00e3o profissional: Registro no \u00f3rg\u00e3o de classe; Dispon\u00edvel para viagem a servi\u00e7o.\" data-balloon-pos=\"up\">Assistente Social<\/span><\/td>\r\n<td class=\"cvagas\">01<\/td>\r\n<td class=\"cremuneracao\">R$ 4.276,68 \/40h<\/td>\r\n<\/tr>\r\n    <\/tbody>\r\n  <\/table>\r\n<\/div>"},"_links":{"self":[{"href":"https:\/\/www.agrobase.com.br\/concursos\/wp-json\/wp\/v2\/posts\/270224","targetHints":{"allow":["GET"]}}],"collection":[{"href":"https:\/\/www.agrobase.com.br\/concursos\/wp-json\/wp\/v2\/posts"}],"about":[{"href":"https:\/\/www.agrobase.com.br\/concursos\/wp-json\/wp\/v2\/types\/post"}],"author":[{"embeddable":true,"href":"https:\/\/www.agrobase.com.br\/concursos\/wp-json\/wp\/v2\/users\/7"}],"replies":[{"embeddable":true,"href":"https:\/\/www.agrobase.com.br\/concursos\/wp-json\/wp\/v2\/comments?post=270224"}],"version-history":[{"count":2,"href":"https:\/\/www.agrobase.com.br\/concursos\/wp-json\/wp\/v2\/posts\/270224\/revisions"}],"predecessor-version":[{"id":270227,"href":"https:\/\/www.agrobase.com.br\/concursos\/wp-json\/wp\/v2\/posts\/270224\/revisions\/270227"}],"wp:featuredmedia":[{"embeddable":true,"href":"https:\/\/www.agrobase.com.br\/concursos\/wp-json\/wp\/v2\/media\/270223"}],"wp:attachment":[{"href":"https:\/\/www.agrobase.com.br\/concursos\/wp-json\/wp\/v2\/media?parent=270224"}],"wp:term":[{"taxonomy":"category","embeddable":true,"href":"https:\/\/www.agrobase.com.br\/concursos\/wp-json\/wp\/v2\/categories?post=270224"},{"taxonomy":"post_tag","embeddable":true,"href":"https:\/\/www.agrobase.com.br\/concursos\/wp-json\/wp\/v2\/tags?post=270224"},{"taxonomy":"_amplo","embeddable":true,"href":"https:\/\/www.agrobase.com.br\/concursos\/wp-json\/wp\/v2\/_amplo?post=270224"},{"taxonomy":"destaque","embeddable":true,"href":"https:\/\/www.agrobase.com.br\/concursos\/wp-json\/wp\/v2\/destaque?post=270224"},{"taxonomy":"instituicoes","embeddable":true,"href":"https:\/\/www.agrobase.com.br\/concursos\/wp-json\/wp\/v2\/instituicoes?post=270224"}],"curies":[{"name":"wp","href":"https:\/\/api.w.org\/{rel}","templated":true}]}}