{"id":270207,"date":"2025-08-19T08:20:30","date_gmt":"2025-08-19T11:20:30","guid":{"rendered":"https:\/\/www.agrobase.com.br\/concursos\/?p=270207"},"modified":"2025-08-18T15:34:40","modified_gmt":"2025-08-18T18:34:40","slug":"prefeitura-praia-grande-sp-selecao-publica-02-2025","status":"publish","type":"post","link":"https:\/\/www.agrobase.com.br\/concursos\/2025\/prefeitura-praia-grande-sp-selecao-publica-02-2025\/","title":{"rendered":"Prefeitura Praia Grande (SP) &#8211; Sele\u00e7\u00e3o P\u00fablica 02\/2025"},"content":{"rendered":"<h2>Informa\u00e7\u00f5es Gerais<\/h2>\n<p>A Prefeitura da Est\u00e2ncia Balne\u00e1ria de Praia Grande, em S\u00e3o Paulo, publicou o edital para seu novo Processo Seletivo. O objetivo do certame \u00e9 a forma\u00e7\u00e3o de <strong>cadastro de reserva<\/strong> para futuras contrata\u00e7\u00f5es em car\u00e1ter tempor\u00e1rio, regidas pela Lei Complementar n\u00ba 317\/2002.<\/p>\n<p>As oportunidades s\u00e3o destinadas a candidatos com <strong>n\u00edvel superior<\/strong> completo, com foco exclusivo na \u00e1rea da Educa\u00e7\u00e3o. O certame contempla diversas especialidades para o cargo de Professor, com destaque para a \u00e1rea de <em>Biologia<\/em>, com oportunidade para Professor III. A sele\u00e7\u00e3o busca profissionais para atuar na rede municipal de ensino, refor\u00e7ando o quadro de educadores.<\/p>\n<p>Nas se\u00e7\u00f5es a seguir, voc\u00ea encontrar\u00e1 todos os detalhes sobre o per\u00edodo de inscri\u00e7\u00f5es, as etapas do processo seletivo e como acompanhar os resultados para se preparar adequadamente para esta oportunidade.<\/p>\n<h2>Inscri\u00e7\u00f5es<\/h2>\n<p>As inscri\u00e7\u00f5es para o Processo Seletivo de Praia Grande estar\u00e3o abertas a partir do dia <strong>15 de agosto de 2025 e se encerram \u00e0s 23h59 do dia 15 de setembro de 2025<\/strong>. Todo o procedimento deve ser realizado exclusivamente pela internet, atrav\u00e9s do site da banca organizadora, o Instituto Brasileiro de Administra\u00e7\u00e3o Municipal (IBAM), no endere\u00e7o <em>www.ibamsp-concursos.org.br<\/em>.<\/p>\n<p>O valor da taxa de inscri\u00e7\u00e3o foi fixado em <strong>R$ 96,00<\/strong> para todas as fun\u00e7\u00f5es. O pagamento poder\u00e1 ser efetuado por meio de boleto banc\u00e1rio ou PIX, com data limite at\u00e9 o dia 16 de setembro de 2025. \u00c9 importante ressaltar que o edital n\u00e3o prev\u00ea procedimentos para solicita\u00e7\u00e3o de isen\u00e7\u00e3o da taxa.<\/p>\n<p>Ap\u00f3s preencher o formul\u00e1rio e efetuar o pagamento, o candidato poder\u00e1 acompanhar a confirma\u00e7\u00e3o e o status de sua inscri\u00e7\u00e3o diretamente na &#8220;\u00c1rea do Candidato&#8221;, dispon\u00edvel no portal do IBAM. Recomenda-se que a inscri\u00e7\u00e3o seja feita com anteced\u00eancia para evitar imprevistos. Para conhecer todas as regras e exig\u00eancias, \u00e9 fundamental a leitura completa do edital.<\/p>\n<h2>Etapas e Provas<\/h2>\n<p>O processo seletivo ser\u00e1 constitu\u00eddo de uma \u00fanica etapa, a <strong>Prova Objetiva<\/strong>, de car\u00e1ter eliminat\u00f3rio e classificat\u00f3rio para todas as fun\u00e7\u00f5es. A aplica\u00e7\u00e3o est\u00e1 prevista para o dia <strong>12 de outubro de 2025<\/strong> e ter\u00e1 dura\u00e7\u00e3o total de 3 horas.<\/p>\n<p>A estrutura da avalia\u00e7\u00e3o \u00e9 a seguinte:<\/p>\n<ul>\n<li><strong>Formato:<\/strong> Quest\u00f5es de m\u00faltipla escolha com 4 alternativas cada, onde cada acerto valer\u00e1 1 ponto.<\/li>\n<li><strong>Disciplinas:<\/strong> A composi\u00e7\u00e3o da prova varia conforme o cargo. Para Professor III (incluindo a especialidade de L\u00edngua Portuguesa), ser\u00e3o 10 quest\u00f5es de Legisla\u00e7\u00e3o e Conhecimentos Pedag\u00f3gicos e 20 de Conhecimentos Espec\u00edficos. Para as demais fun\u00e7\u00f5es, a prova ter\u00e1 10 quest\u00f5es de L\u00edngua Portuguesa, 10 de Legisla\u00e7\u00e3o e Conhecimentos Pedag\u00f3gicos e 10 de Conhecimentos Espec\u00edficos.<\/li>\n<li><strong>Crit\u00e9rios de Aprova\u00e7\u00e3o:<\/strong> Para ser considerado habilitado, o candidato dever\u00e1 obter, no m\u00ednimo, 50% do total de pontos da prova e estar classificado dentro da margem estabelecida para cada fun\u00e7\u00e3o no edital.<\/li>\n<\/ul>\n<p>Para informa\u00e7\u00f5es detalhadas sobre o conte\u00fado program\u00e1tico de cada disciplina, regras de aplica\u00e7\u00e3o e o cronograma completo, \u00e9 indispens\u00e1vel a consulta ao edital oficial do certame.<\/p>\n<h2>Resultados e Gabarito<\/h2>\n<p>Todos os atos oficiais do processo seletivo, incluindo a divulga\u00e7\u00e3o dos gabaritos, resultados preliminares e a classifica\u00e7\u00e3o final, ser\u00e3o publicados no site da banca organizadora, o IBAM (<em>www.ibamsp-concursos.org.br<\/em>), e no site da Prefeitura de Praia Grande (<em>www.praiagrande.sp.gov.br<\/em>), atrav\u00e9s do Di\u00e1rio Oficial Eletr\u00f4nico do munic\u00edpio.<\/p>\n<p>A classifica\u00e7\u00e3o final ser\u00e1 organizada em ordem decrescente da pontua\u00e7\u00e3o obtida na prova objetiva. Em caso de empate, ser\u00e3o aplicados os seguintes crit\u00e9rios de desempate, nesta ordem:<\/p>\n<ul>\n<li>Idade igual ou superior a 60 anos, com prefer\u00eancia ao mais idoso;<\/li>\n<li>Maior pontua\u00e7\u00e3o nas quest\u00f5es de Conhecimentos Espec\u00edficos;<\/li>\n<li>Maior pontua\u00e7\u00e3o nas quest\u00f5es de L\u00edngua Portuguesa;<\/li>\n<li>Maior idade entre os candidatos com menos de 60 anos;<\/li>\n<li>Ter exercido a fun\u00e7\u00e3o de jurado;<\/li>\n<li>Sorteio.<\/li>\n<\/ul>\n<p>Ap\u00f3s a publica\u00e7\u00e3o do resultado final, o certame ser\u00e1 homologado pelo Prefeito. A partir da homologa\u00e7\u00e3o, a convoca\u00e7\u00e3o dos aprovados para contrata\u00e7\u00e3o ser\u00e1 de responsabilidade exclusiva do Munic\u00edpio de Praia Grande. \u00c9 de responsabilidade exclusiva do candidato acompanhar todas as publica\u00e7\u00f5es oficiais referentes ao andamento do processo seletivo.<\/p>\n","protected":false},"excerpt":{"rendered":"<p>Processo Seletivo Pref. Praia Grande (SP) com edital publicado! Vagas p\/ Professores (Superior). Inscri\u00e7\u00f5es a partir de 15\/08. Sal\u00e1rios at\u00e9 R$ 5.6k. Confira!<\/p>\n","protected":false},"author":7,"featured_media":270206,"comment_status":"open","ping_status":"open","sticky":false,"template":"","format":"standard","meta":{"_acf_changed":false,"_breakdance_hide_in_design_set":false,"_breakdance_tags":"","footnotes":""},"categories":[6433,141,6434,6436,111,100,20,6871,116,25,6435],"tags":[62],"_amplo":[],"destaque":[],"instituicoes":[],"class_list":["post-270207","post","type-post","status-publish","format-standard","has-post-thumbnail","hentry","category-biologia-licenciatura","category-educacao-artistica","category-educacao-fisica-licenciatura","category-fisica-licenciatura","category-geografia","category-historia","category-letras","category-letras-ingles","category-matematica","category-pedagogia","category-quimica-licenciatura","tag-sao-paulo"],"acf":{"_tipo_vagas":"vagas","_numero_vagas":"","_quadro_vagas":"","_cargos":"diversos","_cargos_especificos":"","_salario_max":"R$ 5661.9","_abertura":"20250815","_encerramento":"20250915","_inscricoes":"https:\/\/www.ibamsp-concursos.org.br","_executora_concurso":"","_instituicao_concurso":[],"_link_adicional":null,"_anexos":null,"_produtos":null,"_vagas":"CR","_salario_min":"R$ 4760.42","_instituicao":"Prefeitura de Praia Grande","_edital":"https:\/\/www.agrobase.com.br\/concursos\/wp-content\/uploads\/sites\/4\/2025\/08\/edital-02-2025-prefeitura-de-praia-grande-sp.pdf","_anexos_edital":"","_fund_incompleto":"","_fund_completo":"","_medio":"","_superior":"<div>\r\n<table class=\"quadro\">\r\n<thead>\r\n<tr>\r\n<th class=\"hcargo\">Cargo<\/th>\r\n<th class=\"hvagas\">Vagas<\/th>\r\n<th class=\"hremuneracao\">Remunera\u00e7\u00e3o<\/th>\r\n<\/tr>\r\n<\/thead>\r\n    <tbody>\r\n      <tr>\r\n<td class=\"ccargos\">\r\n<span data-balloon-length=\"medium\" aria-label=\"Licenciatura Plena em Pedagogia com habilita\u00e7\u00e3o ou especializa\u00e7\u00e3o em Educa\u00e7\u00e3o Infantil ou Licenciatura Plena em Pedagogia e Magist\u00e9rio em n\u00edvel m\u00e9dio com habilita\u00e7\u00e3o em Educa\u00e7\u00e3o Infantil ou Curso de Licenciatura para Forma\u00e7\u00e3o de Professores de Educa\u00e7\u00e3o Infantil e Ensino Fundamental nos anos iniciais.\" data-balloon-pos=\"up\">PROFESSOR ADJUNTO I (Educa\u00e7\u00e3o Infantil, 1\u00ba ao 5\u00ba ano do Ensino Fundamental Regular e 1\u00ba segmento do Ensino Fundamental da Educa\u00e7\u00e3o de Jovens e Adultos)<\/span><\/td>\r\n<td class=\"cvagas\">CR<\/td>\r\n<td class=\"cremuneracao\">R$ 4.760,42 \/30h<\/td>\r\n<\/tr><tr>\r\n<td class=\"ccargos\">\r\n<span data-balloon-length=\"medium\" aria-label=\"Curso Superior com Licenciatura Plena na \u00e1rea\" data-balloon-pos=\"up\">Professor III - BIOLOGIA<\/span><\/td>\r\n<td class=\"cvagas\">CR<\/td>\r\n<td class=\"cremuneracao\">R$ 5.661,90 \/30h<\/td>\r\n<\/tr><tr>\r\n<td class=\"ccargos\">\r\n<span data-balloon-length=\"medium\" aria-label=\"Curso Superior com Licenciatura Plena na \u00e1rea\" data-balloon-pos=\"up\">Professor III \u2013 CI\u00caNCIAS F\u00cdSICAS E BIOL\u00d3GICAS<\/span><\/td>\r\n<td class=\"cvagas\">CR<\/td>\r\n<td class=\"cremuneracao\">R$ 5.661,90 \/30h<\/td>\r\n<\/tr><tr>\r\n<td class=\"ccargos\">\r\n<span data-balloon-length=\"medium\" aria-label=\"Curso Superior com Licenciatura Plena na \u00e1rea\" data-balloon-pos=\"up\">Professor III - EDUCA\u00c7\u00c3O ART\u00cdSTICA<\/span><\/td>\r\n<td class=\"cvagas\">CR<\/td>\r\n<td class=\"cremuneracao\">R$ 5.661,90 \/30h<\/td>\r\n<\/tr><tr>\r\n<td class=\"ccargos\">\r\n<span data-balloon-length=\"medium\" aria-label=\"Curso Superior com Licenciatura Plena em Pedagogia com habilita\u00e7\u00e3o na \u00e1rea de Defici\u00eancia Mental \/ Intelectual ou Licenciatura Plena em Pedagogia com Especializa\u00e7\u00e3o em n\u00edvel de P\u00f3s-gradua\u00e7\u00e3o lato sensu em Defici\u00eancia Mental \/ Intelectual ou Licenciatura Plena em Pedagogia com Especializa\u00e7\u00e3o em n\u00edvel de P\u00f3s-gradua\u00e7\u00e3o lato sensu em Atendimento Educacional Especializado\" data-balloon-pos=\"up\">Professor III - EDUCA\u00c7\u00c3O ESPECIAL-DI<\/span><\/td>\r\n<td class=\"cvagas\">CR<\/td>\r\n<td class=\"cremuneracao\">R$ 5.661,90 \/30h<\/td>\r\n<\/tr><tr>\r\n<td class=\"ccargos\">\r\n<span data-balloon-length=\"medium\" aria-label=\"Curso Superior com Licenciatura Plena na \u00e1rea\/Registro no Conselho de Classe\" data-balloon-pos=\"up\">Professor III - EDUCA\u00c7\u00c3O F\u00cdSICA<\/span><\/td>\r\n<td class=\"cvagas\">CR<\/td>\r\n<td class=\"cremuneracao\">R$ 5.661,90 \/30h<\/td>\r\n<\/tr><tr>\r\n<td class=\"ccargos\">\r\n<span data-balloon-length=\"medium\" aria-label=\"Curso Superior com Licenciatura Plena na \u00e1rea\" data-balloon-pos=\"up\">Professor III - F\u00cdSICA<\/span><\/td>\r\n<td class=\"cvagas\">CR<\/td>\r\n<td class=\"cremuneracao\">R$ 5.661,90 \/30h<\/td>\r\n<\/tr><tr>\r\n<td class=\"ccargos\">\r\n<span data-balloon-length=\"medium\" aria-label=\"Curso Superior com Licenciatura Plena na \u00e1rea\" data-balloon-pos=\"up\">Professor III - GEOGRAFIA<\/span><\/td>\r\n<td class=\"cvagas\">CR<\/td>\r\n<td class=\"cremuneracao\">R$ 5.661,90 \/30h<\/td>\r\n<\/tr><tr>\r\n<td class=\"ccargos\">\r\n<span data-balloon-length=\"medium\" aria-label=\"Curso Superior com Licenciatura Plena na \u00e1rea\" data-balloon-pos=\"up\">Professor III \u2013 HIST\u00d3RIA<\/span><\/td>\r\n<td class=\"cvagas\">CR<\/td>\r\n<td class=\"cremuneracao\">R$ 5.661,90 \/30h<\/td>\r\n<\/tr><tr>\r\n<td class=\"ccargos\">\r\n<span data-balloon-length=\"medium\" aria-label=\"Curso Superior com Licenciatura Plena na \u00e1rea\" data-balloon-pos=\"up\">Professor III \u2013 INGL\u00caS<\/span><\/td>\r\n<td class=\"cvagas\">CR<\/td>\r\n<td class=\"cremuneracao\">R$ 5.661,90 \/30h<\/td>\r\n<\/tr><tr>\r\n<td class=\"ccargos\">\r\n<span data-balloon-length=\"medium\" aria-label=\"Curso Superior com Licenciatura Plena na \u00e1rea\" data-balloon-pos=\"up\">Professor III \u2013 L\u00cdNGUA PORTUGUESA<\/span><\/td>\r\n<td class=\"cvagas\">CR<\/td>\r\n<td class=\"cremuneracao\">R$ 5.661,90 \/30h<\/td>\r\n<\/tr><tr>\r\n<td class=\"ccargos\">\r\n<span data-balloon-length=\"medium\" aria-label=\"Curso Superior com Licenciatura Plena na \u00e1rea\" data-balloon-pos=\"up\">Professor III - MATEM\u00c1TICA<\/span><\/td>\r\n<td class=\"cvagas\">CR<\/td>\r\n<td class=\"cremuneracao\">R$ 5.661,90 \/30h<\/td>\r\n<\/tr><tr>\r\n<td class=\"ccargos\">\r\n<span data-balloon-length=\"medium\" aria-label=\"Curso Superior com Licenciatura Plena na \u00e1rea\" data-balloon-pos=\"up\">Professor III - QU\u00cdMICA<\/span><\/td>\r\n<td class=\"cvagas\">CR<\/td>\r\n<td class=\"cremuneracao\">R$ 5.661,90 \/30h<\/td>\r\n<\/tr>\r\n    <\/tbody>\r\n  <\/table>\r\n<\/div>"},"_links":{"self":[{"href":"https:\/\/www.agrobase.com.br\/concursos\/wp-json\/wp\/v2\/posts\/270207","targetHints":{"allow":["GET"]}}],"collection":[{"href":"https:\/\/www.agrobase.com.br\/concursos\/wp-json\/wp\/v2\/posts"}],"about":[{"href":"https:\/\/www.agrobase.com.br\/concursos\/wp-json\/wp\/v2\/types\/post"}],"author":[{"embeddable":true,"href":"https:\/\/www.agrobase.com.br\/concursos\/wp-json\/wp\/v2\/users\/7"}],"replies":[{"embeddable":true,"href":"https:\/\/www.agrobase.com.br\/concursos\/wp-json\/wp\/v2\/comments?post=270207"}],"version-history":[{"count":3,"href":"https:\/\/www.agrobase.com.br\/concursos\/wp-json\/wp\/v2\/posts\/270207\/revisions"}],"predecessor-version":[{"id":270211,"href":"https:\/\/www.agrobase.com.br\/concursos\/wp-json\/wp\/v2\/posts\/270207\/revisions\/270211"}],"wp:featuredmedia":[{"embeddable":true,"href":"https:\/\/www.agrobase.com.br\/concursos\/wp-json\/wp\/v2\/media\/270206"}],"wp:attachment":[{"href":"https:\/\/www.agrobase.com.br\/concursos\/wp-json\/wp\/v2\/media?parent=270207"}],"wp:term":[{"taxonomy":"category","embeddable":true,"href":"https:\/\/www.agrobase.com.br\/concursos\/wp-json\/wp\/v2\/categories?post=270207"},{"taxonomy":"post_tag","embeddable":true,"href":"https:\/\/www.agrobase.com.br\/concursos\/wp-json\/wp\/v2\/tags?post=270207"},{"taxonomy":"_amplo","embeddable":true,"href":"https:\/\/www.agrobase.com.br\/concursos\/wp-json\/wp\/v2\/_amplo?post=270207"},{"taxonomy":"destaque","embeddable":true,"href":"https:\/\/www.agrobase.com.br\/concursos\/wp-json\/wp\/v2\/destaque?post=270207"},{"taxonomy":"instituicoes","embeddable":true,"href":"https:\/\/www.agrobase.com.br\/concursos\/wp-json\/wp\/v2\/instituicoes?post=270207"}],"curies":[{"name":"wp","href":"https:\/\/api.w.org\/{rel}","templated":true}]}}