{"id":270179,"date":"2025-08-19T07:30:44","date_gmt":"2025-08-19T10:30:44","guid":{"rendered":"https:\/\/www.agrobase.com.br\/concursos\/?p=270179"},"modified":"2025-08-18T12:37:33","modified_gmt":"2025-08-18T15:37:33","slug":"prefeitura-silves-am-selecao-publica-07-2025","status":"publish","type":"post","link":"https:\/\/www.agrobase.com.br\/concursos\/2025\/prefeitura-silves-am-selecao-publica-07-2025\/","title":{"rendered":"Prefeitura Silves (AM) &#8211; Sele\u00e7\u00e3o P\u00fablica 07\/2025"},"content":{"rendered":"<h2>Informa\u00e7\u00f5es Gerais<\/h2>\n<p>A Prefeitura Municipal de Silves, no estado do Amazonas, publicou o edital n\u00ba 001\/2025 referente ao seu Processo Seletivo P\u00fablico n\u00ba 007\/2025. Organizado pelo IBPTEC (Instituto Brasileiro de Pesquisa Tecnologia Ensino e Ci\u00eancia), o certame visa o preenchimento de 109 vagas imediatas e a forma\u00e7\u00e3o de cadastro de reserva para o quadro de servidores tempor\u00e1rios da Secretaria Municipal de Sa\u00fade. As oportunidades contemplam os n\u00edveis de escolaridade fundamental, m\u00e9dio, t\u00e9cnico e superior.<\/p>\n<p>A contrata\u00e7\u00e3o ser\u00e1 tempor\u00e1ria, com validade de 12 meses, e os contratos ser\u00e3o extintos ap\u00f3s a realiza\u00e7\u00e3o de um futuro concurso p\u00fablico, conforme Termo de Ajuste de Gest\u00e3o firmado com o Tribunal de Contas do Estado do Amazonas (TCE-AM). Todas as vagas s\u00e3o destinadas \u00e0 \u00e1rea da sa\u00fade, com destaque para cargos como <strong>Nutricionista<\/strong> e <strong>Biom\u00e9dico(a)<\/strong>. Nas se\u00e7\u00f5es a seguir, voc\u00ea encontrar\u00e1 todos os detalhes sobre as inscri\u00e7\u00f5es, etapas de sele\u00e7\u00e3o e como acompanhar os resultados.<\/p>\n<h2>Inscri\u00e7\u00f5es<\/h2>\n<p>As inscri\u00e7\u00f5es para o Processo Seletivo da Prefeitura de Silves\/AM devem ser realizadas exclusivamente pela internet, no site da banca organizadora IBPTEC. O per\u00edodo para se inscrever vai de <strong>15 de agosto de 2025 at\u00e9 24 de agosto de 2025<\/strong>, seguindo o hor\u00e1rio oficial de Manaus\/AM.<\/p>\n<p>Os valores da taxa de inscri\u00e7\u00e3o s\u00e3o definidos por n\u00edvel de escolaridade:<\/p>\n<ul>\n<li><strong>N\u00edvel Fundamental:<\/strong> R$ 40,00<\/li>\n<li><strong>N\u00edvel M\u00e9dio\/T\u00e9cnico:<\/strong> R$ 40,00<\/li>\n<li><strong>N\u00edvel Superior:<\/strong> R$ 60,00<\/li>\n<\/ul>\n<p>Para efetivar a inscri\u00e7\u00e3o, o candidato dever\u00e1 preencher o formul\u00e1rio online, gerar o boleto banc\u00e1rio correspondente e realizar o pagamento at\u00e9 a data de vencimento. A confirma\u00e7\u00e3o da inscri\u00e7\u00e3o s\u00f3 ocorrer\u00e1 ap\u00f3s o IBPTEC receber a confirma\u00e7\u00e3o do pagamento pela institui\u00e7\u00e3o banc\u00e1ria. \u00c9 fundamental que o candidato realize o pagamento com anteced\u00eancia, respeitando os hor\u00e1rios de compensa\u00e7\u00e3o. O edital n\u00e3o menciona procedimentos para solicita\u00e7\u00e3o de isen\u00e7\u00e3o da taxa.<\/p>\n<p>Para obter informa\u00e7\u00f5es completas sobre os procedimentos, \u00e9 indispens\u00e1vel a leitura atenta do edital.<\/p>\n<h2>Etapas e Provas<\/h2>\n<p>A sele\u00e7\u00e3o dos candidatos para o Processo Seletivo de Silves\/AM ser\u00e1 realizada em uma \u00fanica etapa, composta por <strong>An\u00e1lise Documental e Prova de T\u00edtulos<\/strong>, de car\u00e1ter eliminat\u00f3rio e classificat\u00f3rio para todos os cargos. Nesta fase, os candidatos ser\u00e3o avaliados com base nos documentos enviados via upload no momento da inscri\u00e7\u00e3o.<\/p>\n<p>A avalia\u00e7\u00e3o ser\u00e1 dividida em dois momentos:<\/p>\n<ul>\n<li><strong>An\u00e1lise Documental (Eliminat\u00f3ria):<\/strong> Consiste na verifica\u00e7\u00e3o do cumprimento dos Requisitos B\u00e1sicos exigidos para o cargo. O candidato que n\u00e3o apresentar a documenta\u00e7\u00e3o comprobat\u00f3ria necess\u00e1ria ser\u00e1 automaticamente eliminado do processo seletivo.<\/li>\n<li><strong>Prova de T\u00edtulos (Classificat\u00f3ria):<\/strong> Ap\u00f3s a aprova\u00e7\u00e3o na an\u00e1lise documental, os t\u00edtulos e a experi\u00eancia profissional declarados ser\u00e3o avaliados e pontuados. Ser\u00e3o considerados diplomas de p\u00f3s-gradua\u00e7\u00e3o (especializa\u00e7\u00e3o, mestrado e doutorado), cursos de qualifica\u00e7\u00e3o e experi\u00eancia profissional comprovada, conforme os crit\u00e9rios e valores estabelecidos no edital.<\/li>\n<\/ul>\n<p>A comprova\u00e7\u00e3o de experi\u00eancia profissional deve seguir rigorosamente os formatos exigidos, como registro em CTPS acompanhado de declara\u00e7\u00e3o do empregador ou certid\u00e3o de tempo de servi\u00e7o para servidores p\u00fablicos. Documentos ileg\u00edveis, incompletos ou que n\u00e3o atendam \u00e0s especifica\u00e7\u00f5es do edital n\u00e3o ser\u00e3o considerados para pontua\u00e7\u00e3o.<\/p>\n<p>Para conhecer a tabela de pontua\u00e7\u00e3o completa, os crit\u00e9rios detalhados de avalia\u00e7\u00e3o e os documentos aceitos, a leitura do edital \u00e9 fundamental.<\/p>\n<h2>Resultados e Gabarito<\/h2>\n<p>Os resultados do Processo Seletivo ser\u00e3o divulgados no site da banca organizadora, IBPTEC, conforme o cronograma previsto. A lista de inscri\u00e7\u00f5es deferidas ser\u00e1 publicada em 26 de agosto de 2025, e o resultado preliminar das notas da an\u00e1lise de t\u00edtulos est\u00e1 previsto para 01 de setembro de 2025.<\/p>\n<p>A classifica\u00e7\u00e3o final dos candidatos ser\u00e1 feita em ordem decrescente da pontua\u00e7\u00e3o total. Em caso de empate para os cargos de n\u00edvel m\u00e9dio, t\u00e9cnico e superior, os crit\u00e9rios de desempate seguir\u00e3o a seguinte ordem de prioridade:<\/p>\n<ul>\n<li>Idade igual ou superior a 60 anos;<\/li>\n<li>Maior pontua\u00e7\u00e3o em experi\u00eancia profissional;<\/li>\n<li>Maior pontua\u00e7\u00e3o em t\u00edtulos de doutorado, mestrado e p\u00f3s-gradua\u00e7\u00e3o, sucessivamente;<\/li>\n<li>Maior idade (para os demais casos).<\/li>\n<\/ul>\n<p>O resultado final ser\u00e1 homologado pela Prefeitura de Silves\/AM e publicado no Di\u00e1rio Oficial e no site do IBPTEC a partir de 04 de setembro de 2025. A convoca\u00e7\u00e3o dos aprovados ocorrer\u00e1 por meio de edital espec\u00edfico, publicado no Di\u00e1rio Oficial e no site oficial da prefeitura.<\/p>\n<p>\u00c9 de inteira responsabilidade do candidato acompanhar todas as publica\u00e7\u00f5es, comunicados e editais referentes ao certame nos canais oficiais indicados, como o site do IBPTEC e o Di\u00e1rio Oficial do munic\u00edpio.<\/p>\n","protected":false},"excerpt":{"rendered":"<p>Processo Seletivo Pref. Silves (AM) com edital publicado! Vagas p\/ Agente e Enfermeiro (Fund. a Sup.). Inscri\u00e7\u00f5es a partir de 15\/08. At\u00e9 R$ 6k. Confira detalhes!<\/p>\n","protected":false},"author":7,"featured_media":270178,"comment_status":"open","ping_status":"open","sticky":false,"template":"","format":"standard","meta":{"_acf_changed":false,"_breakdance_hide_in_design_set":false,"_breakdance_tags":"","footnotes":""},"categories":[7,106,11,6434,12,17,18,23,24,26,101,108],"tags":[41],"_amplo":[],"destaque":[],"instituicoes":[],"class_list":["post-270179","post","type-post","status-publish","format-standard","has-post-thumbnail","hentry","category-biomedicina","category-bioquimica","category-educacao-fisica","category-educacao-fisica-licenciatura","category-enfermagem","category-farmacia","category-fisioterapia","category-nutricao","category-odontologia","category-psicologia","category-servico-social","category-tecnico-enfermagem","tag-amazonas"],"acf":{"_tipo_vagas":"vagas","_numero_vagas":"","_quadro_vagas":"","_cargos":"diversos","_cargos_especificos":"","_salario_max":"R$ 6050","_abertura":"20250815","_encerramento":"20250824","_inscricoes":"https:\/\/www.ibptec.org.br","_executora_concurso":"","_instituicao_concurso":[],"_link_adicional":null,"_anexos":null,"_produtos":null,"_vagas":"109 vagas + CR","_salario_min":"R$ 1700","_instituicao":"Prefeitura de Silves","_edital":"https:\/\/www.agrobase.com.br\/concursos\/wp-content\/uploads\/sites\/4\/2025\/08\/edital-07-2025-prefeitura-de-silves-am.pdf","_anexos_edital":"https:\/\/www.agrobase.com.br\/concursos\/wp-content\/uploads\/sites\/4\/2025\/08\/anexos-edital-07-2025-prefeitura-de-silves-am.pdf","_fund_incompleto":"","_fund_completo":"<div>\r\n<table class=\"quadro\">\r\n<thead>\r\n<tr>\r\n<th class=\"hcargo\">Cargo<\/th>\r\n<th class=\"hvagas\">Vagas<\/th>\r\n<th class=\"hremuneracao\">Remunera\u00e7\u00e3o<\/th>\r\n<\/tr>\r\n<\/thead>\r\n    <tbody>\r\n      <td class=\"ccargos\">\r\n<span data-balloon-length=\"medium\" aria-label=\"Ensino fundamental completo em institui\u00e7\u00e3o reconhecida pelo Minist\u00e9rio da Educa\u00e7\u00e3o. Resid\u00eancia por no m\u00ednimo dois anos no local de atua\u00e7\u00e3o. Aprova\u00e7\u00e3o no Curso Introdut\u00f3rio de Forma\u00e7\u00e3o Inicial e Continuada.\" data-balloon-pos=\"up\">AGENTE COMUNIT\u00c1RIO DE SA\u00daDE (ZONA URBANA)<\/span><\/td>\r\n<td class=\"cvagas\">13 + CR<\/td>\r\n<td class=\"cremuneracao\">R$ 1.700,00 \/40h<\/td>\r\n<\/tr><td class=\"ccargos\">\r\n<span data-balloon-length=\"medium\" aria-label=\"Ensino fundamental completo em institui\u00e7\u00e3o reconhecida pelo Minist\u00e9rio da Educa\u00e7\u00e3o. Resid\u00eancia por no m\u00ednimo dois anos no local de atua\u00e7\u00e3o. Aprova\u00e7\u00e3o no Curso Introdut\u00f3rio de Forma\u00e7\u00e3o Inicial e Continuada.\" data-balloon-pos=\"up\">AGENTE COMUNIT\u00c1RIO DE SA\u00daDE ZONA RURAL<\/span><\/td>\r\n<td class=\"cvagas\">17 + CR<\/td>\r\n<td class=\"cremuneracao\">R$ 1.700,00 \/40h<\/td>\r\n<\/tr>\r\n    <\/tbody>\r\n  <\/table>\r\n<\/div>","_medio":"<div>\r\n<table class=\"quadro\">\r\n<thead>\r\n<tr>\r\n<th class=\"hcargo\">Cargo<\/th>\r\n<th class=\"hvagas\">Vagas<\/th>\r\n<th class=\"hremuneracao\">Remunera\u00e7\u00e3o<\/th>\r\n<\/tr>\r\n<\/thead>\r\n    <tbody>\r\n      <td class=\"ccargos\">\r\n<span data-balloon-length=\"medium\" aria-label=\"N\u00edvel m\u00e9dio completo em institui\u00e7\u00e3o reconhecida pelo Minist\u00e9rio da Educa\u00e7\u00e3o.\" data-balloon-pos=\"up\">AUXILIAR DE CONSULT\u00d3RIO DENT\u00c1RIO ESF<\/span><\/td>\r\n<td class=\"cvagas\">05 + CR<\/td>\r\n<td class=\"cremuneracao\">R$ 1.700,00 \/40h<\/td>\r\n<\/tr><td class=\"ccargos\">\r\n<span data-balloon-length=\"medium\" aria-label=\"N\u00edvel m\u00e9dio completo em institui\u00e7\u00e3o reconhecida pelo Minist\u00e9rio da Educa\u00e7\u00e3o.\" data-balloon-pos=\"up\">MICROSCOPISTA<\/span><\/td>\r\n<td class=\"cvagas\">03 + CR<\/td>\r\n<td class=\"cremuneracao\">R$ 2.640,00 \/40h<\/td>\r\n<\/tr><td class=\"ccargos\">\r\n<span data-balloon-length=\"medium\" aria-label=\"N\u00edvel m\u00e9dio completo em institui\u00e7\u00e3o reconhecida pelo Minist\u00e9rio da Educa\u00e7\u00e3o + habilita\u00e7\u00e3o t\u00e9cnica em patologia.\" data-balloon-pos=\"up\">T\u00c9CNICO EM PATOLOGIA CL\u00cdNICA<\/span><\/td>\r\n<td class=\"cvagas\">02 + CR<\/td>\r\n<td class=\"cremuneracao\">R$ 1.900,00 \/40h<\/td>\r\n<\/tr><td class=\"ccargos\">\r\n<span data-balloon-length=\"medium\" aria-label=\"N\u00edvel m\u00e9dio completo em institui\u00e7\u00e3o reconhecida pelo Minist\u00e9rio da Educa\u00e7\u00e3o + habilita\u00e7\u00e3o t\u00e9cnica em radiologia.\" data-balloon-pos=\"up\">T\u00c9CNICO RADIOLOGIA E IMAGENOLOGIA<\/span><\/td>\r\n<td class=\"cvagas\">02 + CR<\/td>\r\n<td class=\"cremuneracao\">R$ 1.900,00 \/40h<\/td>\r\n<\/tr><td class=\"ccargos\">\r\n<span data-balloon-length=\"medium\" aria-label=\"N\u00edvel m\u00e9dio completo em institui\u00e7\u00e3o reconhecida pelo Minist\u00e9rio da Educa\u00e7\u00e3o + curso t\u00e9cnico de enfermagem.\" data-balloon-pos=\"up\">T\u00c9CNICO(A) DE ENFERMAGEM<\/span><\/td>\r\n<td class=\"cvagas\">12 + CR<\/td>\r\n<td class=\"cremuneracao\">R$ 1.900,00 \/40h<\/td>\r\n<\/tr><td class=\"ccargos\">\r\n<span data-balloon-length=\"medium\" aria-label=\"N\u00edvel m\u00e9dio completo em institui\u00e7\u00e3o reconhecida pelo Minist\u00e9rio da Educa\u00e7\u00e3o + curso t\u00e9cnico de enfermagem.\" data-balloon-pos=\"up\">T\u00c9CNICO(A) DE ENFERMAGEM-ESF<\/span><\/td>\r\n<td class=\"cvagas\">18 + CR<\/td>\r\n<td class=\"cremuneracao\">R$ 1.900,00 \/40h<\/td>\r\n<\/tr>\r\n    <\/tbody>\r\n  <\/table>\r\n<\/div>","_superior":"<div>\r\n<table class=\"quadro\">\r\n<thead>\r\n<tr>\r\n<th class=\"hcargo\">Cargo<\/th>\r\n<th class=\"hvagas\">Vagas<\/th>\r\n<th class=\"hremuneracao\">Remunera\u00e7\u00e3o<\/th>\r\n<\/tr>\r\n<\/thead>\r\n    <tbody>\r\n      <tr>\r\n<td class=\"ccargos\">\r\n<span data-balloon-length=\"medium\" aria-label=\"Ensino Superior completo em Assist\u00eancia Social, conclu\u00eddo em institui\u00e7\u00e3o ensino reconhecida pelo Minist\u00e9rio da Educa\u00e7\u00e3o \u2013 MEC + Registro no Conselho Regional de Servi\u00e7o Social.\" data-balloon-pos=\"up\">ASSISTENTE SOCIAL EMULTI<\/span><\/td>\r\n<td class=\"cvagas\">01 + CR<\/td>\r\n<td class=\"cremuneracao\">R$ 4.266,66 \/40h<\/td>\r\n<\/tr><tr>\r\n<td class=\"ccargos\">\r\n<span data-balloon-length=\"medium\" aria-label=\"N\u00edvel superior completo em Servi\u00e7o Social em institui\u00e7\u00e3o reconhecida pelo Minist\u00e9rio da Educa\u00e7\u00e3o + Registro Ativo no Conselho Regional de Classe.\" data-balloon-pos=\"up\">ASSISTENTE SOCIAL SEMSA<\/span><\/td>\r\n<td class=\"cvagas\">01 + CR<\/td>\r\n<td class=\"cremuneracao\">R$ 3.200,00 \/30h<\/td>\r\n<\/tr><tr>\r\n<td class=\"ccargos\">\r\n<span data-balloon-length=\"medium\" aria-label=\"n\u00edvel superior completo em Biomedicina em institui\u00e7\u00e3o reconhecida pelo Minist\u00e9rio da Educa\u00e7\u00e3o + Registro Ativo no Conselho Regional de Classe.\" data-balloon-pos=\"up\">BIOM\u00c9DICO(A)<\/span><\/td>\r\n<td class=\"cvagas\">01 + CR<\/td>\r\n<td class=\"cremuneracao\">R$ 3.200,00 \/30h<\/td>\r\n<\/tr><tr>\r\n<td class=\"ccargos\">\r\n<span data-balloon-length=\"medium\" aria-label=\"N\u00edvel superior completo em Odontologia em institui\u00e7\u00e3o reconhecida pelo Minist\u00e9rio da Educa\u00e7\u00e3o + Registro Ativo no Conselho Regional de Odontologia.\" data-balloon-pos=\"up\">CIRURGI\u00c3O DENTISTA ESF<\/span><\/td>\r\n<td class=\"cvagas\">04 + CR<\/td>\r\n<td class=\"cremuneracao\">R$ 6.050,00 \/40h<\/td>\r\n<\/tr><tr>\r\n<td class=\"ccargos\">\r\n<span data-balloon-length=\"medium\" aria-label=\"Ensino Superior Completo em Educa\u00e7\u00e3o F\u00edsica, conclu\u00eddo em institui\u00e7\u00e3o ensino reconhecida pelo Minist\u00e9rio da Educa\u00e7\u00e3o \u2013 MEC + Registro Ativo no Conselho Regional de Classe.\" data-balloon-pos=\"up\">EDUCADOR F\u00cdSICO<\/span><\/td>\r\n<td class=\"cvagas\">01 + CR<\/td>\r\n<td class=\"cremuneracao\">R$ 4.132,00 \/40h<\/td>\r\n<\/tr><tr>\r\n<td class=\"ccargos\">\r\n<span data-balloon-length=\"medium\" aria-label=\"N\u00edvel superior completo em Enfermagem em institui\u00e7\u00e3o reconhecida pelo Minist\u00e9rio da Educa\u00e7\u00e3o + Registro Ativo no Conselho Regional de Enfermagem.\" data-balloon-pos=\"up\">ENFERMEIRO(A) GENERALISTA<\/span><\/td>\r\n<td class=\"cvagas\">10 + CR<\/td>\r\n<td class=\"cremuneracao\">R$ 4.500,00 \/30h<\/td>\r\n<\/tr><tr>\r\n<td class=\"ccargos\">\r\n<span data-balloon-length=\"medium\" aria-label=\"N\u00edvel superior completo em Enfermagem em institui\u00e7\u00e3o reconhecida pelo Minist\u00e9rio da Educa\u00e7\u00e3o + Registro Ativo no Conselho Regional de Enfermagem.\" data-balloon-pos=\"up\">ENFERMEIRO(A)-ESF<\/span><\/td>\r\n<td class=\"cvagas\">06 + CR<\/td>\r\n<td class=\"cremuneracao\">R$ 6.000,00 \/40h<\/td>\r\n<\/tr><tr>\r\n<td class=\"ccargos\">\r\n<span data-balloon-length=\"medium\" aria-label=\"N\u00edvel superior completo em Farm\u00e1cia ou Bioqu\u00edmica em institui\u00e7\u00e3o reconhecida pelo Minist\u00e9rio da Educa\u00e7\u00e3o + Registro Ativo no Conselho Regional de Farm\u00e1cia.\" data-balloon-pos=\"up\">FARMAC\u00caUTICO BIOQU\u00cdMICO<\/span><\/td>\r\n<td class=\"cvagas\">03 + CR<\/td>\r\n<td class=\"cremuneracao\">R$ 3.200,00 \/30h<\/td>\r\n<\/tr><tr>\r\n<td class=\"ccargos\">\r\n<span data-balloon-length=\"medium\" aria-label=\"Ensino Superior Completo em Farm\u00e1cia ou Bioqu\u00edmica, conclu\u00eddo em institui\u00e7\u00e3o ensino reconhecida pelo Minist\u00e9rio da Educa\u00e7\u00e3o \u2013 MEC + Registro Ativo no Conselho Regional de Farm\u00e1cia ou Bioqu\u00edmica.\" data-balloon-pos=\"up\">FARMAC\u00caUTICO BIOQU\u00cdMICO EMULTI<\/span><\/td>\r\n<td class=\"cvagas\">01 + CR<\/td>\r\n<td class=\"cremuneracao\">R$ 4.266,66 \/40h<\/td>\r\n<\/tr><tr>\r\n<td class=\"ccargos\">\r\n<span data-balloon-length=\"medium\" aria-label=\"N\u00edvel superior completo em Fisioterapia em institui\u00e7\u00e3o reconhecida pelo Minist\u00e9rio da Educa\u00e7\u00e3o + registro Ativo no Conselho Regional de Fisioterapia.\" data-balloon-pos=\"up\">FISIOTERAPEUTA<\/span><\/td>\r\n<td class=\"cvagas\">03 + CR<\/td>\r\n<td class=\"cremuneracao\">R$ 3.200,00 \/30h<\/td>\r\n<\/tr><tr>\r\n<td class=\"ccargos\">\r\n<span data-balloon-length=\"medium\" aria-label=\"Ensino Superior Completo em Fisioterapia, conclu\u00eddo em institui\u00e7\u00e3o ensino reconhecida pelo Minist\u00e9rio da Educa\u00e7\u00e3o \u2013 MEC + registro Ativo no Conselho Regional de Fisioterapia.\" data-balloon-pos=\"up\">FISIOTERAPEUTA EMULTI<\/span><\/td>\r\n<td class=\"cvagas\">02 + CR<\/td>\r\n<td class=\"cremuneracao\">R$ 4.266,66 \/40h<\/td>\r\n<\/tr><tr>\r\n<td class=\"ccargos\">\r\n<span data-balloon-length=\"medium\" aria-label=\"Ensino Superior Completo em Nutri\u00e7\u00e3o, conclu\u00eddo em institui\u00e7\u00e3o ensino reconhecida pelo Minist\u00e9rio da Educa\u00e7\u00e3o \u2013 MEC. Registro Ativo no Conselho Regional de Nutri\u00e7\u00e3o.\" data-balloon-pos=\"up\">NUTRICIONISTA<\/span><\/td>\r\n<td class=\"cvagas\">01 + CR<\/td>\r\n<td class=\"cremuneracao\">R$ 3.200,00 \/30h<\/td>\r\n<\/tr><tr>\r\n<td class=\"ccargos\">\r\n<span data-balloon-length=\"medium\" aria-label=\"Ensino Superior Completo em Psicologia, conclu\u00eddo em institui\u00e7\u00e3o ensino reconhecida pelo Minist\u00e9rio da Educa\u00e7\u00e3o + Registro Ativo no Conselho Regional de Psicologia.\" data-balloon-pos=\"up\">PSIC\u00d3LOGO(A) EMULTI<\/span><\/td>\r\n<td class=\"cvagas\">01 + CR<\/td>\r\n<td class=\"cremuneracao\">R$ 4.266,66 \/40h<\/td>\r\n<\/tr>\r\n    <\/tbody>\r\n  <\/table>\r\n<\/div>"},"_links":{"self":[{"href":"https:\/\/www.agrobase.com.br\/concursos\/wp-json\/wp\/v2\/posts\/270179","targetHints":{"allow":["GET"]}}],"collection":[{"href":"https:\/\/www.agrobase.com.br\/concursos\/wp-json\/wp\/v2\/posts"}],"about":[{"href":"https:\/\/www.agrobase.com.br\/concursos\/wp-json\/wp\/v2\/types\/post"}],"author":[{"embeddable":true,"href":"https:\/\/www.agrobase.com.br\/concursos\/wp-json\/wp\/v2\/users\/7"}],"replies":[{"embeddable":true,"href":"https:\/\/www.agrobase.com.br\/concursos\/wp-json\/wp\/v2\/comments?post=270179"}],"version-history":[{"count":1,"href":"https:\/\/www.agrobase.com.br\/concursos\/wp-json\/wp\/v2\/posts\/270179\/revisions"}],"predecessor-version":[{"id":270181,"href":"https:\/\/www.agrobase.com.br\/concursos\/wp-json\/wp\/v2\/posts\/270179\/revisions\/270181"}],"wp:featuredmedia":[{"embeddable":true,"href":"https:\/\/www.agrobase.com.br\/concursos\/wp-json\/wp\/v2\/media\/270178"}],"wp:attachment":[{"href":"https:\/\/www.agrobase.com.br\/concursos\/wp-json\/wp\/v2\/media?parent=270179"}],"wp:term":[{"taxonomy":"category","embeddable":true,"href":"https:\/\/www.agrobase.com.br\/concursos\/wp-json\/wp\/v2\/categories?post=270179"},{"taxonomy":"post_tag","embeddable":true,"href":"https:\/\/www.agrobase.com.br\/concursos\/wp-json\/wp\/v2\/tags?post=270179"},{"taxonomy":"_amplo","embeddable":true,"href":"https:\/\/www.agrobase.com.br\/concursos\/wp-json\/wp\/v2\/_amplo?post=270179"},{"taxonomy":"destaque","embeddable":true,"href":"https:\/\/www.agrobase.com.br\/concursos\/wp-json\/wp\/v2\/destaque?post=270179"},{"taxonomy":"instituicoes","embeddable":true,"href":"https:\/\/www.agrobase.com.br\/concursos\/wp-json\/wp\/v2\/instituicoes?post=270179"}],"curies":[{"name":"wp","href":"https:\/\/api.w.org\/{rel}","templated":true}]}}