{"id":270133,"date":"2025-08-18T07:50:28","date_gmt":"2025-08-18T10:50:28","guid":{"rendered":"https:\/\/www.agrobase.com.br\/concursos\/?p=270133"},"modified":"2025-08-15T13:34:12","modified_gmt":"2025-08-15T16:34:12","slug":"ifpe-pe-concurso-39-2025","status":"publish","type":"post","link":"https:\/\/www.agrobase.com.br\/concursos\/2025\/ifpe-pe-concurso-39-2025\/","title":{"rendered":"IFPE (PE) &#8211; Concurso 39\/2025"},"content":{"rendered":"<h2>Informa\u00e7\u00f5es Gerais<\/h2>\n<p>O Instituto Federal de Educa\u00e7\u00e3o, Ci\u00eancia e Tecnologia de Pernambuco (IFPE) publicou o edital para seu novo Concurso P\u00fablico destinado ao provimento de 77 vagas efetivas para cargos T\u00e9cnicos-Administrativos em Educa\u00e7\u00e3o (TAE\u2019s). Organizado pela FUNCERN, o certame visa preencher o quadro de pessoal da Reitoria e dos diversos Campi do instituto, sob o Regime Jur\u00eddico \u00danico (Lei n\u00ba 8.112\/1990), garantindo estabilidade aos aprovados.<\/p>\n<p>As oportunidades abrangem os n\u00edveis de escolaridade m\u00e9dio\/t\u00e9cnico e superior, contemplando diversas \u00e1reas de atua\u00e7\u00e3o, como administra\u00e7\u00e3o, tecnologia da informa\u00e7\u00e3o, contabilidade, enfermagem, engenharia e assist\u00eancia social. Para os profissionais das \u00e1reas de ci\u00eancias agr\u00e1rias, o edital contempla uma vaga para o cargo de <strong>T\u00e9cnico em Agropecu\u00e1ria<\/strong>. A lota\u00e7\u00e3o dos aprovados poder\u00e1 ocorrer em qualquer um dos Campi ou na Reitoria do IFPE, conforme a necessidade da institui\u00e7\u00e3o.<\/p>\n<h2>Inscri\u00e7\u00f5es<\/h2>\n<p>As inscri\u00e7\u00f5es para o concurso do IFPE ser\u00e3o realizadas exclusivamente pela internet, no site da banca organizadora, a FUNCERN. O per\u00edodo para se inscrever est\u00e1 previsto para ocorrer entre <strong>20 de agosto de 2025 e 04 de setembro de 2025<\/strong>. \u00c9 fundamental que os candidatos preencham o formul\u00e1rio de inscri\u00e7\u00e3o com aten\u00e7\u00e3o e efetuem o pagamento da taxa para confirmar a participa\u00e7\u00e3o.<\/p>\n<p>Os valores da taxa de inscri\u00e7\u00e3o variam conforme o n\u00edvel de classifica\u00e7\u00e3o do cargo pretendido:<\/p>\n<ul>\n<li><strong>N\u00edvel de Classifica\u00e7\u00e3o C:<\/strong> R$ 75,00<\/li>\n<li><strong>N\u00edvel de Classifica\u00e7\u00e3o D:<\/strong> R$ 120,00<\/li>\n<li><strong>N\u00edvel de Classifica\u00e7\u00e3o E:<\/strong> R$ 150,00<\/li>\n<\/ul>\n<p>O pagamento poder\u00e1 ser efetuado via Pix ou Boleto Banc\u00e1rio, respeitando os prazos de compensa\u00e7\u00e3o. Ap\u00f3s a inscri\u00e7\u00e3o, o candidato dever\u00e1 acompanhar a valida\u00e7\u00e3o na \u00e1rea restrita do site da FUNCERN. O edital n\u00e3o detalha os procedimentos para solicita\u00e7\u00e3o de isen\u00e7\u00e3o da taxa, portanto, \u00e9 crucial consultar o documento oficial para verificar as regras aplic\u00e1veis.<\/p>\n<p>Para garantir sua participa\u00e7\u00e3o e conhecer todas as normas do certame, a leitura completa do edital \u00e9 indispens\u00e1vel.<\/p>\n<h2>Etapas e Provas<\/h2>\n<p>O processo seletivo do concurso IFPE ser\u00e1 realizado em <strong>etapa \u00fanica<\/strong>, consistindo em uma Prova Objetiva de car\u00e1ter eliminat\u00f3rio e classificat\u00f3rio para todos os cargos. A avalia\u00e7\u00e3o est\u00e1 prevista para ser aplicada no dia <strong>26 de outubro de 2025<\/strong>, na cidade de Recife (PE), podendo se estender a munic\u00edpios da Regi\u00e3o Metropolitana.<\/p>\n<p>A prova ter\u00e1 dura\u00e7\u00e3o de 4 horas e ser\u00e1 composta por 50 quest\u00f5es de m\u00faltipla escolha, com cinco alternativas cada. A estrutura da avalia\u00e7\u00e3o ser\u00e1 a seguinte:<\/p>\n<ul>\n<li><strong>L\u00edngua Portuguesa:<\/strong> 10 quest\u00f5es<\/li>\n<li><strong>No\u00e7\u00f5es de Inform\u00e1tica:<\/strong> 5 quest\u00f5es<\/li>\n<li><strong>Legisla\u00e7\u00e3o Aplicada:<\/strong> 10 quest\u00f5es<\/li>\n<li><strong>Integridade:<\/strong> 5 quest\u00f5es<\/li>\n<li><strong>Conhecimentos Espec\u00edficos:<\/strong> 20 quest\u00f5es<\/li>\n<\/ul>\n<p>Para ser aprovado, o candidato dever\u00e1 obter, no m\u00ednimo, 60% de acertos no total da prova e n\u00e3o zerar a disciplina de Legisla\u00e7\u00e3o Aplicada. O peso das quest\u00f5es varia, sendo que a \u00e1rea de Conhecimentos Espec\u00edficos possui maior valor na pontua\u00e7\u00e3o final.<\/p>\n<p>Recomenda-se a leitura atenta do edital para conferir o conte\u00fado program\u00e1tico completo de cada disciplina, as regras de aplica\u00e7\u00e3o da prova e o cronograma detalhado.<\/p>\n<h2>Resultados e Gabarito<\/h2>\n<p>A divulga\u00e7\u00e3o dos resultados do concurso IFPE seguir\u00e1 um cronograma espec\u00edfico, e todas as publica\u00e7\u00f5es oficiais ser\u00e3o feitas no portal da banca organizadora, a FUNCERN. Os gabaritos preliminares da Prova Objetiva est\u00e3o previstos para o mesmo dia da aplica\u00e7\u00e3o, 26 de outubro de 2025, com a vers\u00e3o definitiva sendo publicada em 05 de novembro de 2025. O resultado final do certame tem previs\u00e3o de divulga\u00e7\u00e3o para 05 de dezembro de 2025.<\/p>\n<p>Em caso de empate na nota final, os crit\u00e9rios de desempate seguir\u00e3o a seguinte ordem de prioridade:<\/p>\n<ul>\n<li>Idade igual ou superior a 60 anos;<\/li>\n<li>Maior nota em Conhecimentos Espec\u00edficos;<\/li>\n<li>Maior nota em Legisla\u00e7\u00e3o Aplicada;<\/li>\n<li>Maior nota em L\u00edngua Portuguesa;<\/li>\n<li>Maior idade.<\/li>\n<\/ul>\n<p>A homologa\u00e7\u00e3o do resultado final est\u00e1 prevista para 08 de dezembro de 2025 e ser\u00e1 publicada no Di\u00e1rio Oficial da Uni\u00e3o (DOU). As convoca\u00e7\u00f5es dos aprovados tamb\u00e9m ocorrer\u00e3o por meio de edital no DOU, seguindo rigorosamente a ordem de classifica\u00e7\u00e3o. O concurso ter\u00e1 validade de dois anos, podendo ser prorrogado por igual per\u00edodo.<\/p>\n<p>\u00c9 de responsabilidade exclusiva do candidato acompanhar todas as publica\u00e7\u00f5es, convoca\u00e7\u00f5es e comunicados referentes ao concurso no site da FUNCERN e no Di\u00e1rio Oficial da Uni\u00e3o.<\/p>\n","protected":false},"excerpt":{"rendered":"<p>Concurso IFPE (PE) com edital publicado! Vagas p\/ Assistente Adm. e TI (M\u00e9dio\/T\u00e9cnico e Sup.). Inscri\u00e7\u00f5es a partir de 20\/08. Confira detalhes!<\/p>\n","protected":false},"author":7,"featured_media":270132,"comment_status":"open","ping_status":"open","sticky":false,"template":"","format":"standard","meta":{"_acf_changed":false,"_breakdance_hide_in_design_set":false,"_breakdance_tags":"","footnotes":""},"categories":[3,126,9,120,6434,14,151,103,152,21,101,30,128,108,130,161,157,159],"tags":[54],"_amplo":[],"destaque":[],"instituicoes":[],"class_list":["post-270133","post","type-post","status-publish","format-standard","has-post-thumbnail","hentry","category-administracao","category-ciencia-computacao","category-ciencias-contabeis","category-comunicacao-social","category-educacao-fisica-licenciatura","category-engenharia","category-engenharia-computacao","category-engenharia-eletrica","category-engenharia-seguranca-trabalho","category-medicina","category-servico-social","category-tecnico-agropecuaria","category-tecnico-em-contabilidade","category-tecnico-enfermagem","category-tecnico-informatica","category-tecnico-laboratorio","category-tecnico-seguranca-trabalho","category-tecnologia-da-informacao","tag-pernambuco"],"acf":{"_tipo_vagas":"vagas","_numero_vagas":"","_quadro_vagas":"","_cargos":"diversos","_cargos_especificos":"","_salario_max":"R$ 4.967,04","_abertura":"20250820","_encerramento":"20250904","_inscricoes":"https:\/\/inscricoes.funcern.org\/e\/ifpe-tae-2025","_executora_concurso":"","_instituicao_concurso":[],"_link_adicional":null,"_anexos":null,"_produtos":null,"_vagas":"77 vagas","_salario_min":"R$ 2.483,52","_instituicao":"IFPE","_edital":"https:\/\/www.agrobase.com.br\/concursos\/wp-content\/uploads\/sites\/4\/2025\/08\/edital-39-2025-ifpe-pe.pdf","_anexos_edital":"https:\/\/www.agrobase.com.br\/concursos\/wp-content\/uploads\/sites\/4\/2025\/08\/anexos-edital-39-2025-ifpe-pe.pdf","_fund_incompleto":"","_fund_completo":"","_medio":"<div>\r\n<table class=\"quadro\">\r\n<thead>\r\n<tr>\r\n<th class=\"hcargo\">Cargo<\/th>\r\n<th class=\"hvagas\">Vagas<\/th>\r\n<th class=\"hremuneracao\">Remunera\u00e7\u00e3o<\/th>\r\n<\/tr>\r\n<\/thead>\r\n    <tbody>\r\n      <td class=\"ccargos\">\r\n<span data-balloon-length=\"medium\" aria-label=\"Ensino M\u00e9dio Completo e Experi\u00eancia Profissional m\u00ednima de 06 (seis) meses.\" data-balloon-pos=\"up\">Assistente de Alunos<\/span><\/td>\r\n<td class=\"cvagas\">03<\/td>\r\n<td class=\"cremuneracao\">R$ 0,00 \/40h<\/td>\r\n<\/tr><td class=\"ccargos\">\r\n<span data-balloon-length=\"medium\" aria-label=\"Ensino M\u00e9dio Profissionalizante em Administra\u00e7\u00e3o ou Ensino M\u00e9dio Completo, acrescido de Curso T\u00e9cnico em Administra\u00e7\u00e3o, ou Ensino M\u00e9dio Completo e Experi\u00eancia Profissional m\u00ednima de 12 (doze) meses na \u00e1rea.\" data-balloon-pos=\"up\">Assistente em Administra\u00e7\u00e3o<\/span><\/td>\r\n<td class=\"cvagas\">22<\/td>\r\n<td class=\"cremuneracao\">R$ 0,00 \/40h<\/td>\r\n<\/tr><td class=\"ccargos\">\r\n<span data-balloon-length=\"medium\" aria-label=\"Ensino M\u00e9dio Profissionalizante em Produ\u00e7\u00e3o de \u00c1udio e V\u00eddeo ou \u00e1reas afins ou Ensino M\u00e9dio Completo, acrescido de Curso T\u00e9cnico em Produ\u00e7\u00e3o de \u00c1udio e V\u00eddeo ou \u00e1reas afins.\" data-balloon-pos=\"up\">T\u00e9cnico de Laborat\u00f3rio - \u00c1rea \u00c1udio e V\u00eddeo<\/span><\/td>\r\n<td class=\"cvagas\">01<\/td>\r\n<td class=\"cremuneracao\">R$ 0,00 \/40h<\/td>\r\n<\/tr><td class=\"ccargos\">\r\n<span data-balloon-length=\"medium\" aria-label=\"Ensino M\u00e9dio Profissionalizante em Edifica\u00e7\u00f5es ou Ensino M\u00e9dio Completo, acrescido de Curso T\u00e9cnico em Edifica\u00e7\u00f5es, e registro no Conselho Profissional competente.\" data-balloon-pos=\"up\">T\u00e9cnico de Laborat\u00f3rio - \u00c1rea Edifica\u00e7\u00f5es<\/span><\/td>\r\n<td class=\"cvagas\">01<\/td>\r\n<td class=\"cremuneracao\">R$ 0,00 \/40h<\/td>\r\n<\/tr><td class=\"ccargos\">\r\n<span data-balloon-length=\"medium\" aria-label=\"Ensino M\u00e9dio Profissionalizante em Eletroeletr\u00f4nica ou \u00e1reas afins ou Ensino M\u00e9dio Completo, acrescido de Curso T\u00e9cnico em Eletroeletr\u00f4nica ou \u00e1reas afins.\" data-balloon-pos=\"up\">T\u00e9cnico de Laborat\u00f3rio - \u00c1rea Eletroeletr\u00f4nica<\/span><\/td>\r\n<td class=\"cvagas\">01<\/td>\r\n<td class=\"cremuneracao\">R$ 0,00 \/40h<\/td>\r\n<\/tr><td class=\"ccargos\">\r\n<span data-balloon-length=\"medium\" aria-label=\"Ensino M\u00e9dio Profissionalizante em Eventos ou \u00e1reas afins ou Ensino M\u00e9dio Completo, acrescido de Curso T\u00e9cnico em Eventos ou \u00e1reas afins.\" data-balloon-pos=\"up\">T\u00e9cnico de Laborat\u00f3rio - \u00c1rea Eventos<\/span><\/td>\r\n<td class=\"cvagas\">01<\/td>\r\n<td class=\"cremuneracao\">R$ 0,00 \/40h<\/td>\r\n<\/tr><td class=\"ccargos\">\r\n<span data-balloon-length=\"medium\" aria-label=\"Ensino M\u00e9dio Profissionalizante em Gastronomia ou Cozinha ou Ensino M\u00e9dio Completo, acrescido de Curso T\u00e9cnico em Gastronomia ou Cozinha.\" data-balloon-pos=\"up\">T\u00e9cnico de Laborat\u00f3rio - \u00c1rea Gastronomia<\/span><\/td>\r\n<td class=\"cvagas\">01<\/td>\r\n<td class=\"cremuneracao\">R$ 0,00 \/40h<\/td>\r\n<\/tr><td class=\"ccargos\">\r\n<span data-balloon-length=\"medium\" aria-label=\"Ensino M\u00e9dio Profissionalizante em Hospedagem ou Ensino M\u00e9dio Completo, acrescido de Curso T\u00e9cnico em Hospedagem.\" data-balloon-pos=\"up\">T\u00e9cnico de Laborat\u00f3rio - \u00c1rea Hospedagem<\/span><\/td>\r\n<td class=\"cvagas\">01<\/td>\r\n<td class=\"cremuneracao\">R$ 0,00 \/40h<\/td>\r\n<\/tr><td class=\"ccargos\">\r\n<span data-balloon-length=\"medium\" aria-label=\"Ensino M\u00e9dio Profissionalizante de Manuten\u00e7\u00e3o e Suporte em Inform\u00e1tica ou \u00e1reas afins ou Ensino M\u00e9dio Completo, acrescido de Curso T\u00e9cnico de Manuten\u00e7\u00e3o e Suporte em Inform\u00e1tica ou \u00e1reas afins.\" data-balloon-pos=\"up\">T\u00e9cnico de Laborat\u00f3rio - \u00c1rea Manuten\u00e7\u00e3o e Suporte em Inform\u00e1tica<\/span><\/td>\r\n<td class=\"cvagas\">02<\/td>\r\n<td class=\"cremuneracao\">R$ 0,00 \/40h<\/td>\r\n<\/tr><td class=\"ccargos\">\r\n<span data-balloon-length=\"medium\" aria-label=\"Ensino M\u00e9dio Profissionalizante em Mec\u00e2nica ou \u00e1reas afins ou Ensino M\u00e9dio Completo, acrescido de Curso T\u00e9cnico em Mec\u00e2nica ou \u00e1reas afins.\" data-balloon-pos=\"up\">T\u00e9cnico de Laborat\u00f3rio - \u00c1rea Mec\u00e2nica<\/span><\/td>\r\n<td class=\"cvagas\">01<\/td>\r\n<td class=\"cremuneracao\">R$ 0,00 \/40h<\/td>\r\n<\/tr><td class=\"ccargos\">\r\n<span data-balloon-length=\"medium\" aria-label=\"Ensino M\u00e9dio Profissionalizante em Qu\u00edmica ou Ensino M\u00e9dio Completo, acrescido de Curso T\u00e9cnico em Qu\u00edmica, e registro no Conselho Profissional competente.\" data-balloon-pos=\"up\">T\u00e9cnico de Laborat\u00f3rio - \u00c1rea Qu\u00edmica<\/span><\/td>\r\n<td class=\"cvagas\">01<\/td>\r\n<td class=\"cremuneracao\">R$ 0,00 \/40h<\/td>\r\n<\/tr><td class=\"ccargos\">\r\n<span data-balloon-length=\"medium\" aria-label=\"Ensino M\u00e9dio Profissionalizante em Redes de Computadores ou \u00e1reas afins ou Ensino M\u00e9dio Completo, acrescido de Curso T\u00e9cnico em Redes de Computadores ou \u00e1reas afins.\" data-balloon-pos=\"up\">T\u00e9cnico de Laborat\u00f3rio - \u00c1rea Redes de Computadores<\/span><\/td>\r\n<td class=\"cvagas\">02<\/td>\r\n<td class=\"cremuneracao\">R$ 0,00 \/40h<\/td>\r\n<\/tr><td class=\"ccargos\">\r\n<span data-balloon-length=\"medium\" aria-label=\"Ensino M\u00e9dio Profissionalizante em Seguran\u00e7a do Trabalho ou Ensino M\u00e9dio Completo, acrescido de Curso T\u00e9cnico em Seguran\u00e7a do Trabalho, e registro no Conselho Profissional competente.\" data-balloon-pos=\"up\">T\u00e9cnico de Laborat\u00f3rio - \u00c1rea Seguran\u00e7a do Trabalho<\/span><\/td>\r\n<td class=\"cvagas\">01<\/td>\r\n<td class=\"cremuneracao\">R$ 0,00 \/40h<\/td>\r\n<\/tr><td class=\"ccargos\">\r\n<span data-balloon-length=\"medium\" aria-label=\"Ensino M\u00e9dio Profissionalizante em Inform\u00e1tica ou \u00e1reas afins ou Ensino M\u00e9dio Completo, acrescido de Curso T\u00e9cnico em Inform\u00e1tica ou \u00e1reas afins.\" data-balloon-pos=\"up\">T\u00e9cnico de Laborat\u00f3rio - \u00c1rea Tecnologia da Informa\u00e7\u00e3o<\/span><\/td>\r\n<td class=\"cvagas\">01<\/td>\r\n<td class=\"cremuneracao\">R$ 0,00 \/40h<\/td>\r\n<\/tr><td class=\"ccargos\">\r\n<span data-balloon-length=\"medium\" aria-label=\"Ensino M\u00e9dio Profissionalizante em Inform\u00e1tica ou \u00e1reas afins ou em Eletr\u00f4nica com \u00eanfase em Sistemas Computacionais ou Ensino M\u00e9dio Completo, acrescido de Curso T\u00e9cnico em Inform\u00e1tica ou \u00e1reas afins ou em Eletr\u00f4nica com \u00eanfase em Sistemas Computacionais.\" data-balloon-pos=\"up\">T\u00e9cnico de Tecnologia da Informa\u00e7\u00e3o<\/span><\/td>\r\n<td class=\"cvagas\">08<\/td>\r\n<td class=\"cremuneracao\">R$ 0,00 \/40h<\/td>\r\n<\/tr><td class=\"ccargos\">\r\n<span data-balloon-length=\"medium\" aria-label=\"Ensino M\u00e9dio Profissionalizante em Agropecu\u00e1ria ou Ensino M\u00e9dio Completo, acrescido de Curso T\u00e9cnico em Agropecu\u00e1ria, e registro no Conselho Profissional competente.\" data-balloon-pos=\"up\">T\u00e9cnico em Agropecu\u00e1ria<\/span><\/td>\r\n<td class=\"cvagas\">01<\/td>\r\n<td class=\"cremuneracao\">R$ 0,00 \/40h<\/td>\r\n<\/tr><td class=\"ccargos\">\r\n<span data-balloon-length=\"medium\" aria-label=\"Ensino M\u00e9dio Profissionalizante em Contabilidade ou Ensino M\u00e9dio Completo, acrescido de Curso T\u00e9cnico em Contabilidade, e registro no Conselho Profissional competente.\" data-balloon-pos=\"up\">T\u00e9cnico em Contabilidade<\/span><\/td>\r\n<td class=\"cvagas\">06<\/td>\r\n<td class=\"cremuneracao\">R$ 0,00 \/40h<\/td>\r\n<\/tr><td class=\"ccargos\">\r\n<span data-balloon-length=\"medium\" aria-label=\"Ensino M\u00e9dio Profissionalizante em Enfermagem ou Ensino M\u00e9dio Completo, acrescido de Curso T\u00e9cnico em Enfermagem, e registro no Conselho Profissional competente.\" data-balloon-pos=\"up\">T\u00e9cnico em Enfermagem<\/span><\/td>\r\n<td class=\"cvagas\">03<\/td>\r\n<td class=\"cremuneracao\">R$ 0,00 \/40h<\/td>\r\n<\/tr>\r\n    <\/tbody>\r\n  <\/table>\r\n<\/div>","_superior":"<div>\r\n<table class=\"quadro\">\r\n<thead>\r\n<tr>\r\n<th class=\"hcargo\">Cargo<\/th>\r\n<th class=\"hvagas\">Vagas<\/th>\r\n<th class=\"hremuneracao\">Remunera\u00e7\u00e3o<\/th>\r\n<\/tr>\r\n<\/thead>\r\n    <tbody>\r\n      <tr>\r\n<td class=\"ccargos\">\r\n<span data-balloon-length=\"medium\" aria-label=\"Bacharelado em Administra\u00e7\u00e3o, e registro no Conselho Profissional competente.\" data-balloon-pos=\"up\">Administrador<\/span><\/td>\r\n<td class=\"cvagas\">02<\/td>\r\n<td class=\"cremuneracao\">R$ 0,00 \/40h<\/td>\r\n<\/tr><tr>\r\n<td class=\"ccargos\">\r\n<span data-balloon-length=\"medium\" aria-label=\"Bacharelado em Ci\u00eancia da Computa\u00e7\u00e3o ou Bacharelado em Sistemas da Informa\u00e7\u00e3o ou Bacharelado em Engenharia de Software ou Licenciatura em Computa\u00e7\u00e3o ou Licenciatura em Inform\u00e1tica ou Superior de Tecnologia em An\u00e1lise e Desenvolvimento de Sistemas ou Superior de Tecnologia em Banco de Dados ou Superior de Gest\u00e3o da Tecnologia da Informa\u00e7\u00e3o ou Superior de Tecnologia em Sistemas para Internet ou Superior de Tecnologia em Redes de Computadores.\" data-balloon-pos=\"up\">Analista de Tecnologia da Informa\u00e7\u00e3o - \u00c1rea Desenvolvimento<\/span><\/td>\r\n<td class=\"cvagas\">02<\/td>\r\n<td class=\"cremuneracao\">R$ 0,00 \/40h<\/td>\r\n<\/tr><tr>\r\n<td class=\"ccargos\">\r\n<span data-balloon-length=\"medium\" aria-label=\"Bacharelado em Ci\u00eancia da Computa\u00e7\u00e3o ou Bacharelado em Sistemas da Informa\u00e7\u00e3o ou Bacharelado em Engenharia da Computa\u00e7\u00e3o ou Bacharelado em Engenharia de Software ou Licenciatura em Computa\u00e7\u00e3o ou Licenciatura em Inform\u00e1tica ou Superior de Tecnologia em An\u00e1lise e Desenvolvimento de Sistemas ou Superior de Tecnologia em Banco de Dados ou Superior de Gest\u00e3o da Tecnologia da Informa\u00e7\u00e3o ou Superior de Tecnologia em Sistemas para Internet ou Superior de Tecnologia em Redes de Computadores.\" data-balloon-pos=\"up\">Analista de Tecnologia da Informa\u00e7\u00e3o - \u00c1rea Infraestrutura e Seguran\u00e7a<\/span><\/td>\r\n<td class=\"cvagas\">01<\/td>\r\n<td class=\"cremuneracao\">R$ 0,00 \/40h<\/td>\r\n<\/tr><tr>\r\n<td class=\"ccargos\">\r\n<span data-balloon-length=\"medium\" aria-label=\"Bacharelado em Servi\u00e7o Social, e registro no Conselho Profissional competente.\" data-balloon-pos=\"up\">Assistente Social<\/span><\/td>\r\n<td class=\"cvagas\">02<\/td>\r\n<td class=\"cremuneracao\">R$ 0,00 \/40h<\/td>\r\n<\/tr><tr>\r\n<td class=\"ccargos\">\r\n<span data-balloon-length=\"medium\" aria-label=\"Bacharelado em Ci\u00eancias Cont\u00e1beis, e registro no Conselho Profissional competente.\" data-balloon-pos=\"up\">Contador<\/span><\/td>\r\n<td class=\"cvagas\">02<\/td>\r\n<td class=\"cremuneracao\">R$ 0,00 \/40h<\/td>\r\n<\/tr><tr>\r\n<td class=\"ccargos\">\r\n<span data-balloon-length=\"medium\" aria-label=\"Bacharelado em Engenharia Civil, e registro no Conselho Profissional competente.\" data-balloon-pos=\"up\">Engenheiro - \u00c1rea Civil<\/span><\/td>\r\n<td class=\"cvagas\">01<\/td>\r\n<td class=\"cremuneracao\">R$ 0,00 \/40h<\/td>\r\n<\/tr><tr>\r\n<td class=\"ccargos\">\r\n<span data-balloon-length=\"medium\" aria-label=\"Bacharelado em Engenharia El\u00e9trica, e registro no Conselho Profissional competente.\" data-balloon-pos=\"up\">Engenheiro - \u00c1rea El\u00e9trica<\/span><\/td>\r\n<td class=\"cvagas\">01<\/td>\r\n<td class=\"cremuneracao\">R$ 0,00 \/40h<\/td>\r\n<\/tr><tr>\r\n<td class=\"ccargos\">\r\n<span data-balloon-length=\"medium\" aria-label=\"Bacharelado em Engenharia de Seguran\u00e7a do Trabalho ou Bacharelado em qualquer Engenharia com Especializa\u00e7\u00e3o em Engenharia de Seguran\u00e7a do Trabalho, e registro no Conselho Profissional competente.\" data-balloon-pos=\"up\">Engenheiro de Seguran\u00e7a do Trabalho<\/span><\/td>\r\n<td class=\"cvagas\">01<\/td>\r\n<td class=\"cremuneracao\">R$ 0,00 \/40h<\/td>\r\n<\/tr><tr>\r\n<td class=\"ccargos\">\r\n<span data-balloon-length=\"medium\" aria-label=\"Bacharelado em Medicina com Resid\u00eancia M\u00e9dica em Medicina do Trabalho ou Denomina\u00e7\u00e3o Equivalente, reconhecida pela Comiss\u00e3o Nacional de Resid\u00eancia M\u00e9dica do Minist\u00e9rio da Educa\u00e7\u00e3o (MEC), ou com Especializa\u00e7\u00e3o em Medicina do Trabalho, e registro no Conselho Profissional competente.\" data-balloon-pos=\"up\">M\u00e9dico - \u00c1rea Medicina do Trabalho<\/span><\/td>\r\n<td class=\"cvagas\">01<\/td>\r\n<td class=\"cremuneracao\">R$ 0,00 \/20h<\/td>\r\n<\/tr><tr>\r\n<td class=\"ccargos\">\r\n<span data-balloon-length=\"medium\" aria-label=\"Bacharelado em Medicina com Resid\u00eancia M\u00e9dica em Psiquiatria, em Servi\u00e7o Credenciado e Reconhecido pelo Minist\u00e9rio da Educa\u00e7\u00e3o (MEC) e pela Sociedade Brasileira de Psiquiatria ou com Especializa\u00e7\u00e3o em Psiquiatria, e registro no Conselho Profissional competente.\" data-balloon-pos=\"up\">M\u00e9dico - \u00c1rea Psiquiatria<\/span><\/td>\r\n<td class=\"cvagas\">01<\/td>\r\n<td class=\"cremuneracao\">R$ 0,00 \/20h<\/td>\r\n<\/tr><tr>\r\n<td class=\"ccargos\">\r\n<span data-balloon-length=\"medium\" aria-label=\"Bacharelado em Administra\u00e7\u00e3o ou Superior de Tecnologia em Gest\u00e3o de Recursos Humanos.\" data-balloon-pos=\"up\">Tecn\u00f3logo - Forma\u00e7\u00e3o Gest\u00e3o de Pessoas<\/span><\/td>\r\n<td class=\"cvagas\">02<\/td>\r\n<td class=\"cremuneracao\">R$ 0,00 \/40h<\/td>\r\n<\/tr><tr>\r\n<td class=\"ccargos\">\r\n<span data-balloon-length=\"medium\" aria-label=\"Bacharelado em Ci\u00eancia da Computa\u00e7\u00e3o ou Bacharelado em Sistemas da Informa\u00e7\u00e3o ou Bacharelado em Engenharia da Computa\u00e7\u00e3o ou Bacharelado em Engenharia de Software ou Licenciatura em Computa\u00e7\u00e3o ou Licenciatura em Inform\u00e1tica ou Superior de Tecnologia em An\u00e1lise e Desenvolvimento de Sistemas ou Superior de Tecnologia em Banco de Dados ou Superior de Gest\u00e3o da Tecnologia da Informa\u00e7\u00e3o ou Superior de Tecnologia em Sistemas para Internet ou Superior de Tecnologia em Redes de Computadores.\" data-balloon-pos=\"up\">Tecn\u00f3logo - Forma\u00e7\u00e3o Gest\u00e3o de Tecnologia da Informa\u00e7\u00e3o<\/span><\/td>\r\n<td class=\"cvagas\">01<\/td>\r\n<td class=\"cremuneracao\">R$ 0,00 \/40h<\/td>\r\n<\/tr><tr>\r\n<td class=\"ccargos\">\r\n<span data-balloon-length=\"medium\" aria-label=\"Bacharelado em Educa\u00e7\u00e3o F\u00edsica ou Licenciatura em Educa\u00e7\u00e3o F\u00edsica ou Superior de Tecnologia em Gest\u00e3o Desportiva e Lazer, e registro no Conselho Profissional competente.\" data-balloon-pos=\"up\">Tecn\u00f3logo - Forma\u00e7\u00e3o Gest\u00e3o Desportiva e Lazer<\/span><\/td>\r\n<td class=\"cvagas\">01<\/td>\r\n<td class=\"cremuneracao\">R$ 0,00 \/40h<\/td>\r\n<\/tr><tr>\r\n<td class=\"ccargos\">\r\n<span data-balloon-length=\"medium\" aria-label=\"Bacharelado em Administra\u00e7\u00e3o ou Bacharelado em Administra\u00e7\u00e3o P\u00fablica ou Superior de Tecnologia em Gest\u00e3o P\u00fablica.\" data-balloon-pos=\"up\">Tecn\u00f3logo - Forma\u00e7\u00e3o Gest\u00e3o P\u00fablica<\/span><\/td>\r\n<td class=\"cvagas\">01<\/td>\r\n<td class=\"cremuneracao\">R$ 0,00 \/40h<\/td>\r\n<\/tr><tr>\r\n<td class=\"ccargos\">\r\n<span data-balloon-length=\"medium\" aria-label=\"Bacharelado em Audiovisual ou Bacharelado em Cinema e Audiovisual ou Bacharelado em Comunica\u00e7\u00e3o Social ou Bacharelado em R\u00e1dio e TV ou Superior de Tecnologia em Comunica\u00e7\u00e3o Social ou Superior de Tecnologia em Produ\u00e7\u00e3o de \u00c1udio e V\u00eddeo ou Superior de Tecnologia em Produ\u00e7\u00e3o Audiovisual ou Superior de Tecnologia em Multim\u00eddia.\" data-balloon-pos=\"up\">Tecn\u00f3logo - Forma\u00e7\u00e3o Produ\u00e7\u00e3o Audiovisual<\/span><\/td>\r\n<td class=\"cvagas\">01<\/td>\r\n<td class=\"cremuneracao\">R$ 0,00 \/40h<\/td>\r\n<\/tr>\r\n    <\/tbody>\r\n  <\/table>\r\n<\/div>"},"_links":{"self":[{"href":"https:\/\/www.agrobase.com.br\/concursos\/wp-json\/wp\/v2\/posts\/270133","targetHints":{"allow":["GET"]}}],"collection":[{"href":"https:\/\/www.agrobase.com.br\/concursos\/wp-json\/wp\/v2\/posts"}],"about":[{"href":"https:\/\/www.agrobase.com.br\/concursos\/wp-json\/wp\/v2\/types\/post"}],"author":[{"embeddable":true,"href":"https:\/\/www.agrobase.com.br\/concursos\/wp-json\/wp\/v2\/users\/7"}],"replies":[{"embeddable":true,"href":"https:\/\/www.agrobase.com.br\/concursos\/wp-json\/wp\/v2\/comments?post=270133"}],"version-history":[{"count":2,"href":"https:\/\/www.agrobase.com.br\/concursos\/wp-json\/wp\/v2\/posts\/270133\/revisions"}],"predecessor-version":[{"id":270137,"href":"https:\/\/www.agrobase.com.br\/concursos\/wp-json\/wp\/v2\/posts\/270133\/revisions\/270137"}],"wp:featuredmedia":[{"embeddable":true,"href":"https:\/\/www.agrobase.com.br\/concursos\/wp-json\/wp\/v2\/media\/270132"}],"wp:attachment":[{"href":"https:\/\/www.agrobase.com.br\/concursos\/wp-json\/wp\/v2\/media?parent=270133"}],"wp:term":[{"taxonomy":"category","embeddable":true,"href":"https:\/\/www.agrobase.com.br\/concursos\/wp-json\/wp\/v2\/categories?post=270133"},{"taxonomy":"post_tag","embeddable":true,"href":"https:\/\/www.agrobase.com.br\/concursos\/wp-json\/wp\/v2\/tags?post=270133"},{"taxonomy":"_amplo","embeddable":true,"href":"https:\/\/www.agrobase.com.br\/concursos\/wp-json\/wp\/v2\/_amplo?post=270133"},{"taxonomy":"destaque","embeddable":true,"href":"https:\/\/www.agrobase.com.br\/concursos\/wp-json\/wp\/v2\/destaque?post=270133"},{"taxonomy":"instituicoes","embeddable":true,"href":"https:\/\/www.agrobase.com.br\/concursos\/wp-json\/wp\/v2\/instituicoes?post=270133"}],"curies":[{"name":"wp","href":"https:\/\/api.w.org\/{rel}","templated":true}]}}