{"id":270121,"date":"2025-08-18T07:20:17","date_gmt":"2025-08-18T10:20:17","guid":{"rendered":"https:\/\/www.agrobase.com.br\/concursos\/?p=270121"},"modified":"2025-08-15T12:27:26","modified_gmt":"2025-08-15T15:27:26","slug":"if-sudeste-mg-mg-selecao-simplificada-62-2025","status":"publish","type":"post","link":"https:\/\/www.agrobase.com.br\/concursos\/2025\/if-sudeste-mg-mg-selecao-simplificada-62-2025\/","title":{"rendered":"IF Sudeste MG (MG) &#8211; Sele\u00e7\u00e3o Simplificada 62\/2025"},"content":{"rendered":"<h2>Informa\u00e7\u00f5es Gerais<\/h2>\n<p>O Instituto Federal de Educa\u00e7\u00e3o, Ci\u00eancia e Tecnologia do Sudeste de Minas Gerais (IF Sudeste MG) publicou o edital para seu Processo Seletivo Simplificado, regulado pelo <strong>Edital\/PSS N\u00ba 62\/2025<\/strong>. O objetivo \u00e9 a contrata\u00e7\u00e3o tempor\u00e1ria de Professores Substitutos para atender \u00e0s necessidades do Campus Rio Pomba. Todas as oportunidades exigem n\u00edvel superior e a jornada de trabalho \u00e9 de 40 horas semanais, sob regime da Lei n\u00ba 8.745\/1993.<\/p>\n<p>Este certame \u00e9 especialmente interessante para profissionais das ci\u00eancias agr\u00e1rias, com vagas destinadas \u00e0s \u00e1reas de <strong>Engenharia Agr\u00edcola<\/strong>, <strong>Microbiologia Agr\u00edcola<\/strong> e <strong>Zootecnia<\/strong>, contemplando forma\u00e7\u00f5es como Agronomia e Medicina Veterin\u00e1ria. A remunera\u00e7\u00e3o \u00e9 composta pelo vencimento b\u00e1sico acrescido de retribui\u00e7\u00e3o por titula\u00e7\u00e3o e benef\u00edcios.<\/p>\n<h2>Inscri\u00e7\u00f5es<\/h2>\n<p>As inscri\u00e7\u00f5es para o Processo Seletivo Simplificado do IF Sudeste MG estar\u00e3o abertas de <strong>13 de agosto de 2025 at\u00e9 as 23h59 do dia 27 de agosto de 2025<\/strong>. O procedimento deve ser realizado exclusivamente pela internet, atrav\u00e9s do portal oficial de concursos da institui\u00e7\u00e3o.<\/p>\n<p>Para se candidatar, \u00e9 necess\u00e1rio criar uma conta no sistema, preencher o formul\u00e1rio eletr\u00f4nico e confirmar a inscri\u00e7\u00e3o. Ap\u00f3s o cadastro, o candidato poder\u00e1 acessar a \u00c1rea do Candidato para acompanhar todas as etapas, emitir comprovantes e interpor recursos. O edital n\u00e3o menciona cobran\u00e7a de taxa de inscri\u00e7\u00e3o. \u00c9 fundamental que o candidato leia atentamente o edital completo para compreender todas as regras e requisitos antes de efetuar a inscri\u00e7\u00e3o.<\/p>\n<h2>Etapas e Provas<\/h2>\n<p>O processo seletivo ser\u00e1 composto por duas etapas principais, ambas realizadas no Campus Rio Pomba:<\/p>\n<ul>\n<li><strong>Prova de Desempenho Did\u00e1tico:<\/strong> De car\u00e1ter <em>eliminat\u00f3rio e classificat\u00f3rio<\/em>, consiste em uma aula p\u00fablica com dura\u00e7\u00e3o de 30 minutos sobre um tema sorteado previamente. A avalia\u00e7\u00e3o vai de 0 a 100 pontos, sendo necess\u00e1rio obter no m\u00ednimo 60 pontos para aprova\u00e7\u00e3o. O candidato dever\u00e1 entregar um plano de aula em tr\u00eas vias no dia da prova.<\/li>\n<li><strong>Prova de T\u00edtulos (Avalia\u00e7\u00e3o Curricular):<\/strong> De car\u00e1ter apenas <em>classificat\u00f3rio<\/em>. Nesta fase, ser\u00e3o pontuados os t\u00edtulos acad\u00eamicos (Doutorado, Mestrado, Especializa\u00e7\u00e3o), a forma\u00e7\u00e3o pedag\u00f3gica e a experi\u00eancia docente comprovada. A documenta\u00e7\u00e3o deve ser entregue no mesmo dia da Prova de Desempenho Did\u00e1tico.<\/li>\n<\/ul>\n<p>Para obter informa\u00e7\u00f5es detalhadas sobre os crit\u00e9rios de avalia\u00e7\u00e3o, temas da prova did\u00e1tica e o cronograma completo, consulte o edital oficial do certame.<\/p>\n<h2>Resultados e Gabarito<\/h2>\n<p>A divulga\u00e7\u00e3o dos resultados de cada etapa seguir\u00e1 o cronograma oficial, dispon\u00edvel no Anexo II do edital. A pontua\u00e7\u00e3o final ser\u00e1 a soma dos pontos obtidos na Prova de Desempenho Did\u00e1tico e na Prova de T\u00edtulos, sendo obrigat\u00f3ria a nota m\u00ednima de 60 pontos na etapa did\u00e1tica para classifica\u00e7\u00e3o. Em caso de empate, os crit\u00e9rios de desempate incluem maior idade, ter atuado como jurado e maior pontua\u00e7\u00e3o em cada uma das etapas.<\/p>\n<p>O resultado final do processo seletivo ser\u00e1 homologado pelo Reitor do IF Sudeste MG e publicado no Di\u00e1rio Oficial da Uni\u00e3o (DOU). Ap\u00f3s a homologa\u00e7\u00e3o, os candidatos aprovados ser\u00e3o convocados por ordem de classifica\u00e7\u00e3o para apresentar a documenta\u00e7\u00e3o e assinar o contrato. A convoca\u00e7\u00e3o deve ser acompanhada no site da institui\u00e7\u00e3o.<\/p>\n<p>\u00c9 de responsabilidade exclusiva do candidato acompanhar todas as publica\u00e7\u00f5es oficiais, incluindo convoca\u00e7\u00f5es e resultados, no site do IF Sudeste MG e no Di\u00e1rio Oficial da Uni\u00e3o.<\/p>\n","protected":false},"excerpt":{"rendered":"<p>Sel. Simplificada IF Sudeste MG com edital publicado! Vagas p\/ Eng. Agr\u00edcola e Zootecnia (Superior). Inscri\u00e7\u00f5es a partir de 13\/08. Confira detalhes!<\/p>\n","protected":false},"author":7,"featured_media":270120,"comment_status":"open","ping_status":"open","sticky":false,"template":"","format":"standard","meta":{"_acf_changed":false,"_breakdance_hide_in_design_set":false,"_breakdance_tags":"","footnotes":""},"categories":[4,95,13,22,28],"tags":[50],"_amplo":[],"destaque":[],"instituicoes":[],"class_list":["post-270121","post","type-post","status-publish","format-standard","has-post-thumbnail","hentry","category-agronomia","category-engenharia-agricola","category-engenharia-ambiental","category-veterinaria","category-zootecnia","tag-minas-gerais"],"acf":{"_tipo_vagas":"vagas","_numero_vagas":"","_quadro_vagas":"","_cargos":"diversos","_cargos_especificos":"","_salario_max":"R$ 8.059,29","_abertura":"20250813","_encerramento":"20250827","_inscricoes":"https:\/\/concursos.ifsudestemg.edu.br\/","_executora_concurso":"","_instituicao_concurso":[],"_link_adicional":null,"_anexos":null,"_produtos":null,"_vagas":"3 vagas","_salario_min":"R$ 4.867,77","_instituicao":"IF Sudeste de Minas","_edital":"https:\/\/www.agrobase.com.br\/concursos\/wp-content\/uploads\/sites\/4\/2025\/08\/edital-62-2025-if-sudeste-de-minas-mg.pdf","_anexos_edital":"https:\/\/www.agrobase.com.br\/concursos\/wp-content\/uploads\/sites\/4\/2025\/08\/anexos-edital-62-2025-if-sudeste-de-minas-mg.pdf","_fund_incompleto":"","_fund_completo":"","_medio":"","_superior":"<div>\r\n<table class=\"quadro\">\r\n<thead>\r\n<tr>\r\n<th class=\"hcargo\">Cargo<\/th>\r\n<th class=\"hvagas\">Vagas<\/th>\r\n<th class=\"hremuneracao\">Remunera\u00e7\u00e3o<\/th>\r\n<\/tr>\r\n<\/thead>\r\n    <tbody>\r\n      <tr>\r\n<td class=\"ccargos\">\r\n<span data-balloon-length=\"medium\" aria-label=\"Gradua\u00e7\u00e3o em Engenharia Agr\u00edcola ou Engenharia Agr\u00edcola e Ambiental; OU Gradua\u00e7\u00e3o em Engenharia Agr\u00edcola ou Engenharia Agr\u00edcola e Ambiental; com Especializa\u00e7\u00e3o na disciplina ou \u00e1rea\/concentra\u00e7\u00e3o; OU Gradua\u00e7\u00e3o em Engenharia Agr\u00edcola ou Engenharia Agr\u00edcola e Ambiental; com Mestrado na disciplina ou \u00e1rea\/concentra\u00e7\u00e3o, de acordo com as \u00e1reas da tabela da Capes; OU Gradua\u00e7\u00e3o em Engenharia Agr\u00edcola ou Engenharia Agr\u00edcola e Ambiental; com Doutorado na disciplina ou \u00e1rea\/concentra\u00e7\u00e3o, de acordo com as \u00e1reas da tabela da Capes.\" data-balloon-pos=\"up\">Engenharia Agr\u00edcola<\/span><\/td>\r\n<td class=\"cvagas\">01<\/td>\r\n<td class=\"cremuneracao\">R$ 0,00 \/40h<\/td>\r\n<\/tr><tr>\r\n<td class=\"ccargos\">\r\n<span data-balloon-length=\"medium\" aria-label=\"Gradua\u00e7\u00e3o em Agroecologia ou Engenharia Agron\u00f4mica ou Agronomia ou Tecn\u00f3logo em Agroecologia; OU Gradua\u00e7\u00e3o em Agroecologia ou Engenharia Agron\u00f4mica ou Agronomia ou Tecn\u00f3logo em Agroecologia; com Especializa\u00e7\u00e3o na disciplina ou \u00e1rea\/concentra\u00e7\u00e3o; OU Gradua\u00e7\u00e3o em Agroecologia ou Engenharia Agron\u00f4mica ou Agronomia ou Tecn\u00f3logo em Agroecologia; com Mestrado na disciplina ou \u00e1rea\/concentra\u00e7\u00e3o, de acordo com as \u00e1reas da tabela da Capes; OU Gradua\u00e7\u00e3o em Agroecologia ou Engenharia Agron\u00f4mica ou Agronomia ou Tecn\u00f3logo em Agroecologia; com Doutorado na disciplina ou \u00e1rea\/concentra\u00e7\u00e3o, de acordo com as \u00e1reas da tabela da Capes.\" data-balloon-pos=\"up\">Microbiologia Agr\u00edcola<\/span><\/td>\r\n<td class=\"cvagas\">01<\/td>\r\n<td class=\"cremuneracao\">R$ 0,00 \/40h<\/td>\r\n<\/tr><tr>\r\n<td class=\"ccargos\">\r\n<span data-balloon-length=\"medium\" aria-label=\"Gradua\u00e7\u00e3o em Zootecnia ou Medicina Veterin\u00e1ria ou Agronomia; OU Gradua\u00e7\u00e3o em Zootecnia ou Medicina Veterin\u00e1ria ou Agronomia; com Especializa\u00e7\u00e3o na disciplina ou \u00e1rea\/concentra\u00e7\u00e3o; OU Gradua\u00e7\u00e3o em Zootecnia ou Medicina Veterin\u00e1ria ou Agronomia; com Mestrado na disciplina ou \u00e1rea\/concentra\u00e7\u00e3o, de acordo com as \u00e1reas da tabela da Capes; OU Gradua\u00e7\u00e3o em Zootecnia ou Medicina Veterin\u00e1ria ou Agronomia; com Doutorado na disciplina ou \u00e1rea\/concentra\u00e7\u00e3o, de acordo com as \u00e1reas da tabela da Capes.\" data-balloon-pos=\"up\">Zootecnia<\/span><\/td>\r\n<td class=\"cvagas\">01<\/td>\r\n<td class=\"cremuneracao\">R$ 0,00 \/40h<\/td>\r\n<\/tr>\r\n    <\/tbody>\r\n  <\/table>\r\n<\/div>"},"_links":{"self":[{"href":"https:\/\/www.agrobase.com.br\/concursos\/wp-json\/wp\/v2\/posts\/270121","targetHints":{"allow":["GET"]}}],"collection":[{"href":"https:\/\/www.agrobase.com.br\/concursos\/wp-json\/wp\/v2\/posts"}],"about":[{"href":"https:\/\/www.agrobase.com.br\/concursos\/wp-json\/wp\/v2\/types\/post"}],"author":[{"embeddable":true,"href":"https:\/\/www.agrobase.com.br\/concursos\/wp-json\/wp\/v2\/users\/7"}],"replies":[{"embeddable":true,"href":"https:\/\/www.agrobase.com.br\/concursos\/wp-json\/wp\/v2\/comments?post=270121"}],"version-history":[{"count":2,"href":"https:\/\/www.agrobase.com.br\/concursos\/wp-json\/wp\/v2\/posts\/270121\/revisions"}],"predecessor-version":[{"id":270125,"href":"https:\/\/www.agrobase.com.br\/concursos\/wp-json\/wp\/v2\/posts\/270121\/revisions\/270125"}],"wp:featuredmedia":[{"embeddable":true,"href":"https:\/\/www.agrobase.com.br\/concursos\/wp-json\/wp\/v2\/media\/270120"}],"wp:attachment":[{"href":"https:\/\/www.agrobase.com.br\/concursos\/wp-json\/wp\/v2\/media?parent=270121"}],"wp:term":[{"taxonomy":"category","embeddable":true,"href":"https:\/\/www.agrobase.com.br\/concursos\/wp-json\/wp\/v2\/categories?post=270121"},{"taxonomy":"post_tag","embeddable":true,"href":"https:\/\/www.agrobase.com.br\/concursos\/wp-json\/wp\/v2\/tags?post=270121"},{"taxonomy":"_amplo","embeddable":true,"href":"https:\/\/www.agrobase.com.br\/concursos\/wp-json\/wp\/v2\/_amplo?post=270121"},{"taxonomy":"destaque","embeddable":true,"href":"https:\/\/www.agrobase.com.br\/concursos\/wp-json\/wp\/v2\/destaque?post=270121"},{"taxonomy":"instituicoes","embeddable":true,"href":"https:\/\/www.agrobase.com.br\/concursos\/wp-json\/wp\/v2\/instituicoes?post=270121"}],"curies":[{"name":"wp","href":"https:\/\/api.w.org\/{rel}","templated":true}]}}