{"id":270111,"date":"2025-08-18T07:00:15","date_gmt":"2025-08-18T10:00:15","guid":{"rendered":"https:\/\/www.agrobase.com.br\/concursos\/?p=270111"},"modified":"2025-08-15T11:42:44","modified_gmt":"2025-08-15T14:42:44","slug":"prefeitura-rio-bonito-rj-selecao-simplificada-01-2025","status":"publish","type":"post","link":"https:\/\/www.agrobase.com.br\/concursos\/2025\/prefeitura-rio-bonito-rj-selecao-simplificada-01-2025\/","title":{"rendered":"Prefeitura Rio Bonito (RJ) &#8211; Sele\u00e7\u00e3o Simplificada 01\/2025"},"content":{"rendered":"<h2>Informa\u00e7\u00f5es Gerais<\/h2>\n<p>A Secretaria Municipal de Assist\u00eancia Social de Rio Bonito (RJ) publicou o edital para seu novo Processo Seletivo Simplificado, regido pela Portaria n\u00ba 022\/2025. O certame visa a contrata\u00e7\u00e3o de profissionais em car\u00e1ter tempor\u00e1rio, al\u00e9m da forma\u00e7\u00e3o de cadastro reserva, para atua\u00e7\u00e3o em programas socioassistenciais. As oportunidades abrangem os n\u00edveis de escolaridade fundamental, m\u00e9dio\/t\u00e9cnico e superior, com contrata\u00e7\u00f5es por tempo determinado de at\u00e9 12 meses, podendo haver prorroga\u00e7\u00e3o por igual per\u00edodo.<\/p>\n<p>As vagas s\u00e3o destinadas a diversas \u00e1reas para compor as equipes do CRAS, CREAS, CEAM, Casa da Crian\u00e7a e do Adolescente, Programa Bolsa Fam\u00edlia e Programa Crian\u00e7a Feliz. Para os profissionais de \u00e1reas espec\u00edficas, destaca-se a oportunidade para o cargo de <strong>Nutricionista<\/strong>.<\/p>\n<h2>Inscri\u00e7\u00f5es<\/h2>\n<p>As inscri\u00e7\u00f5es para este processo seletivo s\u00e3o <strong>totalmente gratuitas<\/strong> e devem ser realizadas presencialmente. Os interessados dever\u00e3o comparecer ao CRAS CENTRO, localizado na Rua Dr. Supardo, n\u00ba 9, Centro, Rio Bonito\/RJ, entre os dias <strong>18 e 20 de agosto de 2025<\/strong>, no hor\u00e1rio das 9h \u00e0s 16h.<\/p>\n<p>Para se inscrever, o candidato deve entregar a ficha de inscri\u00e7\u00e3o (Anexo IV do edital) e o curr\u00edculo padr\u00e3o (Anexo V) devidamente preenchidos, juntamente com as c\u00f3pias dos documentos exigidos no item 6 do edital. Toda a documenta\u00e7\u00e3o deve ser apresentada em um envelope pardo. N\u00e3o ser\u00e3o aceitas inscri\u00e7\u00f5es fora do prazo ou com documenta\u00e7\u00e3o incompleta ou ileg\u00edvel. Cada candidato poder\u00e1 se inscrever para apenas um dos cargos ofertados.<\/p>\n<p>Como n\u00e3o h\u00e1 taxa de inscri\u00e7\u00e3o, n\u00e3o existem procedimentos para solicita\u00e7\u00e3o de isen\u00e7\u00e3o. Todas as informa\u00e7\u00f5es e anexos necess\u00e1rios est\u00e3o dispon\u00edveis no site oficial da prefeitura. \u00c9 fundamental a leitura completa do edital para conhecer todas as regras e documentos obrigat\u00f3rios.<\/p>\n<h2>Etapas e Provas<\/h2>\n<p>O Processo Seletivo Simplificado ser\u00e1 conduzido em duas etapas distintas, totalizando um m\u00e1ximo de 100 pontos. A sele\u00e7\u00e3o dos candidatos ocorrer\u00e1 da seguinte forma:<\/p>\n<ul>\n<li><strong>1\u00aa Etapa: An\u00e1lise Curricular<\/strong><br \/>De car\u00e1ter <em>eliminat\u00f3rio<\/em>, esta fase consiste na avalia\u00e7\u00e3o de t\u00edtulos e da experi\u00eancia profissional comprovada pelo candidato. A pontua\u00e7\u00e3o m\u00e1xima \u00e9 de 60 pontos, distribu\u00edda conforme os crit\u00e9rios de escolaridade adicional, cursos de capacita\u00e7\u00e3o na \u00e1rea e tempo de experi\u00eancia na fun\u00e7\u00e3o. Apenas os 30 candidatos com as maiores pontua\u00e7\u00f5es nesta etapa ser\u00e3o convocados para a fase seguinte.<\/li>\n<li><strong>2\u00aa Etapa: Entrevista T\u00e9cnica e Comportamental<\/strong><br \/>De car\u00e1ter <em>eliminat\u00f3rio e classificat\u00f3rio<\/em>, a entrevista visa avaliar o perfil profissional e o conhecimento t\u00e9cnico do candidato para o cargo pretendido. A pontua\u00e7\u00e3o m\u00e1xima \u00e9 de 40 pontos, considerando crit\u00e9rios como dom\u00ednio da fun\u00e7\u00e3o, comunica\u00e7\u00e3o, postura profissional e alinhamento \u00e0 vaga. O n\u00e3o comparecimento ou a avalia\u00e7\u00e3o como &#8220;n\u00e3o apto&#8221; resultar\u00e1 na elimina\u00e7\u00e3o do candidato.<\/li>\n<\/ul>\n<p>Para obter informa\u00e7\u00f5es detalhadas sobre os crit\u00e9rios de pontua\u00e7\u00e3o, documentos comprobat\u00f3rios e o cronograma de cada fase, consulte o edital completo.<\/p>\n<h2>Resultados e Gabarito<\/h2>\n<p>A classifica\u00e7\u00e3o final dos candidatos ser\u00e1 determinada pelo somat\u00f3rio dos pontos obtidos na An\u00e1lise Curricular e na Entrevista, divulgada em ordem decrescente. Em caso de empate, os crit\u00e9rios de desempate seguir\u00e3o a seguinte ordem de prefer\u00eancia: maior pontua\u00e7\u00e3o em t\u00edtulos e cursos, maior tempo de experi\u00eancia no setor p\u00fablico e, por fim, maior idade.<\/p>\n<p>O cronograma previsto para a divulga\u00e7\u00e3o dos resultados \u00e9 o seguinte:<\/p>\n<ul>\n<li><strong>Resultado Preliminar da An\u00e1lise Curricular:<\/strong> 25 de agosto de 2025.<\/li>\n<li><strong>Resultado da An\u00e1lise Curricular (p\u00f3s-recursos):<\/strong> 28 de agosto de 2025.<\/li>\n<li><strong>Classifica\u00e7\u00e3o Final:<\/strong> 08 de setembro de 2025.<\/li>\n<\/ul>\n<p>Ap\u00f3s a homologa\u00e7\u00e3o do resultado final, os candidatos aprovados ser\u00e3o convocados por meio de um Edital de Convoca\u00e7\u00e3o espec\u00edfico, publicado no site oficial do munic\u00edpio de Rio Bonito e no Jornal A Tribuna RJ. A convoca\u00e7\u00e3o seguir\u00e1 rigorosamente a ordem de classifica\u00e7\u00e3o e as necessidades da administra\u00e7\u00e3o.<\/p>\n<p>\u00c9 de responsabilidade exclusiva do candidato acompanhar todas as publica\u00e7\u00f5es oficiais referentes ao andamento do processo seletivo nos canais de comunica\u00e7\u00e3o informados no edital.<\/p>\n","protected":false},"excerpt":{"rendered":"<p>Processo Seletivo Pref. Rio Bonito (RJ) com edital publicado! Vagas p\/ Assistente Social e + (Fund. a Sup.). Inscri\u00e7\u00f5es a partir de 18\/08. Confira detalhes!<\/p>\n","protected":false},"author":7,"featured_media":270110,"comment_status":"open","ping_status":"open","sticky":false,"template":"","format":"standard","meta":{"_acf_changed":false,"_breakdance_hide_in_design_set":false,"_breakdance_tags":"","footnotes":""},"categories":[23,25,26,101],"tags":[56],"_amplo":[],"destaque":[],"instituicoes":[],"class_list":["post-270111","post","type-post","status-publish","format-standard","has-post-thumbnail","hentry","category-nutricao","category-pedagogia","category-psicologia","category-servico-social","tag-rio-de-janeiro"],"acf":{"_tipo_vagas":"vagas","_numero_vagas":"","_quadro_vagas":"","_cargos":"diversos","_cargos_especificos":"","_salario_max":"R$ 2100","_abertura":"20250818","_encerramento":"20250820","_inscricoes":"https:\/\/www.riobonito.rj.gov.br","_executora_concurso":"","_instituicao_concurso":[],"_link_adicional":null,"_anexos":null,"_produtos":null,"_vagas":"64 vagas + CR","_salario_min":"R$ 1518","_instituicao":"Prefeitura de Rio Bonito","_edital":"https:\/\/www.agrobase.com.br\/concursos\/wp-content\/uploads\/sites\/4\/2025\/08\/edital-01-2025-prefeitura-de-rio-bonito-rj.pdf","_anexos_edital":"","_fund_incompleto":"","_fund_completo":"<div>\r\n<table class=\"quadro\">\r\n<thead>\r\n<tr>\r\n<th class=\"hcargo\">Cargo<\/th>\r\n<th class=\"hvagas\">Vagas<\/th>\r\n<th class=\"hremuneracao\">Remunera\u00e7\u00e3o<\/th>\r\n<\/tr>\r\n<\/thead>\r\n    <tbody>\r\n      <td class=\"ccargos\">\r\n<span data-balloon-length=\"medium\" aria-label=\"Ensino Fundamental, qualifica\u00e7\u00e3o e experi\u00eancia comprovada na \u00e1rea\" data-balloon-pos=\"up\">Vigia<\/span><\/td>\r\n<td class=\"cvagas\">4+CR<\/td>\r\n<td class=\"cremuneracao\">R$ 1.518,00 \/12hx36h<\/td>\r\n<\/tr><td class=\"ccargos\">\r\n<span data-balloon-length=\"medium\" aria-label=\"Ensino Fundamental, qualifica\u00e7\u00e3o e experi\u00eancia comprovada na \u00e1rea\" data-balloon-pos=\"up\">Cozinheira<\/span><\/td>\r\n<td class=\"cvagas\">2+CR<\/td>\r\n<td class=\"cremuneracao\">R$ 1.518,00 \/40h<\/td>\r\n<\/tr><td class=\"ccargos\">\r\n<span data-balloon-length=\"medium\" aria-label=\"Auxiliar de Educador\/Cuidador da Casa da Crian\u00e7a\" data-balloon-pos=\"up\">Educador\/Cuidador da Casa da Crian\u00e7a<\/span><\/td>\r\n<td class=\"cvagas\">10+CR<\/td>\r\n<td class=\"cremuneracao\">R$ 1.518,00 \/12h\/36h<\/td>\r\n<\/tr>\r\n    <\/tbody>\r\n  <\/table>\r\n<\/div>","_medio":"<div>\r\n<table class=\"quadro\">\r\n<thead>\r\n<tr>\r\n<th class=\"hcargo\">Cargo<\/th>\r\n<th class=\"hvagas\">Vagas<\/th>\r\n<th class=\"hremuneracao\">Remunera\u00e7\u00e3o<\/th>\r\n<\/tr>\r\n<\/thead>\r\n    <tbody>\r\n      <td class=\"ccargos\">\r\n<span data-balloon-length=\"medium\" aria-label=\"Ensino M\u00e9dio Completo, qualifica\u00e7\u00e3o e experi\u00eancia comprovada na \u00e1rea.\" data-balloon-pos=\"up\">Educador Social<\/span><\/td>\r\n<td class=\"cvagas\">4+CR<\/td>\r\n<td class=\"cremuneracao\">R$ 1.518,00 \/40h<\/td>\r\n<\/tr><td class=\"ccargos\">\r\n<span data-balloon-length=\"medium\" aria-label=\"Ensino M\u00e9dio Completo, qualifica\u00e7\u00e3o e experi\u00eancia comprovada na \u00e1rea.\" data-balloon-pos=\"up\">Digitador<\/span><\/td>\r\n<td class=\"cvagas\">3+CR<\/td>\r\n<td class=\"cremuneracao\">R$ 1.518,00 \/40h<\/td>\r\n<\/tr><td class=\"ccargos\">\r\n<span data-balloon-length=\"medium\" aria-label=\"Ensino M\u00e9dio Completo, qualifica\u00e7\u00e3o e experi\u00eancia comprovada na \u00e1rea.\" data-balloon-pos=\"up\">Auxiliar Administrativo<\/span><\/td>\r\n<td class=\"cvagas\">5+CR<\/td>\r\n<td class=\"cremuneracao\">R$ 1.518,00 \/40h<\/td>\r\n<\/tr><td class=\"ccargos\">\r\n<span data-balloon-length=\"medium\" aria-label=\"Ensino M\u00e9dio Completo, qualifica\u00e7\u00e3o e experi\u00eancia comprovada na \u00e1rea.\" data-balloon-pos=\"up\">Instrutor de Oficina Design de Sobrancelha<\/span><\/td>\r\n<td class=\"cvagas\">1+CR<\/td>\r\n<td class=\"cremuneracao\">R$ 1.518,00 \/30h<\/td>\r\n<\/tr><td class=\"ccargos\">\r\n<span data-balloon-length=\"medium\" aria-label=\"Ensino M\u00e9dio Completo, qualifica\u00e7\u00e3o e experi\u00eancia comprovada na \u00e1rea.\" data-balloon-pos=\"up\">Instrutor de Oficina Manicure e Pedicure<\/span><\/td>\r\n<td class=\"cvagas\">1+CR<\/td>\r\n<td class=\"cremuneracao\">R$ 1.518,00 \/30h<\/td>\r\n<\/tr><td class=\"ccargos\">\r\n<span data-balloon-length=\"medium\" aria-label=\"Ensino M\u00e9dio Completo, qualifica\u00e7\u00e3o e experi\u00eancia comprovada na \u00e1rea.\" data-balloon-pos=\"up\">Instrutor de Oficina Cabeleireira<\/span><\/td>\r\n<td class=\"cvagas\">1+CR<\/td>\r\n<td class=\"cremuneracao\">R$ 1.518,00 \/30h<\/td>\r\n<\/tr><td class=\"ccargos\">\r\n<span data-balloon-length=\"medium\" aria-label=\"Ensino M\u00e9dio Completo, qualifica\u00e7\u00e3o e experi\u00eancia comprovada na \u00e1rea.\" data-balloon-pos=\"up\">Instrutor de Oficina Dan\u00e7a Ballet<\/span><\/td>\r\n<td class=\"cvagas\">1+CR<\/td>\r\n<td class=\"cremuneracao\">R$ 1.518,00 \/30h<\/td>\r\n<\/tr><td class=\"ccargos\">\r\n<span data-balloon-length=\"medium\" aria-label=\"Ensino M\u00e9dio Completo, qualifica\u00e7\u00e3o e experi\u00eancia comprovada na \u00e1rea.\" data-balloon-pos=\"up\">Instrutor de Oficina Artesanato<\/span><\/td>\r\n<td class=\"cvagas\">1+CR<\/td>\r\n<td class=\"cremuneracao\">R$ 1.518,00 \/30h<\/td>\r\n<\/tr><td class=\"ccargos\">\r\n<span data-balloon-length=\"medium\" aria-label=\"Ensino M\u00e9dio Completo. Preferencialmente com experi\u00eancia no Programa 'Crian\u00e7a Feliz'\" data-balloon-pos=\"up\">Visitador<\/span><\/td>\r\n<td class=\"cvagas\">9+CR<\/td>\r\n<td class=\"cremuneracao\">R$ 1.518,00 \/40h<\/td>\r\n<\/tr><td class=\"ccargos\">\r\n<span data-balloon-length=\"medium\" aria-label=\"Ensino M\u00e9dio Completo, qualifica\u00e7\u00e3o e experi\u00eancia comprovada na \u00e1rea.\" data-balloon-pos=\"up\">Agente de Abordagem<\/span><\/td>\r\n<td class=\"cvagas\">2+CR<\/td>\r\n<td class=\"cremuneracao\">R$ 1.518,00 \/40h<\/td>\r\n<\/tr>\r\n    <\/tbody>\r\n  <\/table>\r\n<\/div>","_superior":"<div>\r\n<table class=\"quadro\">\r\n<thead>\r\n<tr>\r\n<th class=\"hcargo\">Cargo<\/th>\r\n<th class=\"hvagas\">Vagas<\/th>\r\n<th class=\"hremuneracao\">Remunera\u00e7\u00e3o<\/th>\r\n<\/tr>\r\n<\/thead>\r\n    <tbody>\r\n      <tr>\r\n<td class=\"ccargos\">\r\n<span data-balloon-length=\"medium\" aria-label=\"Ensino Superior\" data-balloon-pos=\"up\">Assistente Social<\/span><\/td>\r\n<td class=\"cvagas\">6+CR<\/td>\r\n<td class=\"cremuneracao\">R$ 1.650,00 \/30h<\/td>\r\n<\/tr><tr>\r\n<td class=\"ccargos\">\r\n<span data-balloon-length=\"medium\" aria-label=\"Ensino Superior\" data-balloon-pos=\"up\">Psic\u00f3logo<\/span><\/td>\r\n<td class=\"cvagas\">4+CR<\/td>\r\n<td class=\"cremuneracao\">R$ 1.650,00 \/30h<\/td>\r\n<\/tr><tr>\r\n<td class=\"ccargos\">\r\n<span data-balloon-length=\"medium\" aria-label=\"Ensino Superior\" data-balloon-pos=\"up\">Pedagogo<\/span><\/td>\r\n<td class=\"cvagas\">5+CR<\/td>\r\n<td class=\"cremuneracao\">R$ 1.650,00 \/30h<\/td>\r\n<\/tr><tr>\r\n<td class=\"ccargos\">\r\n<span data-balloon-length=\"medium\" aria-label=\"Ensino Superior\" data-balloon-pos=\"up\">Nutricionista<\/span><\/td>\r\n<td class=\"cvagas\">1+CR<\/td>\r\n<td class=\"cremuneracao\">R$ 1.650,00 \/30h<\/td>\r\n<\/tr><tr>\r\n<td class=\"ccargos\">\r\n<span data-balloon-length=\"medium\" aria-label=\"Ensino Superior\" data-balloon-pos=\"up\">Articulador de Projetos<\/span><\/td>\r\n<td class=\"cvagas\">3+CR<\/td>\r\n<td class=\"cremuneracao\">R$ 2.100,00 \/40h<\/td>\r\n<\/tr><tr>\r\n<td class=\"ccargos\">\r\n<span data-balloon-length=\"medium\" aria-label=\"Ensino Superior\" data-balloon-pos=\"up\">T\u00e9cnico de Vigil\u00e2ncia Socioassistencial<\/span><\/td>\r\n<td class=\"cvagas\">1+CR<\/td>\r\n<td class=\"cremuneracao\">R$ 1.518,00 \/30h<\/td>\r\n<\/tr>\r\n    <\/tbody>\r\n  <\/table>\r\n<\/div>"},"_links":{"self":[{"href":"https:\/\/www.agrobase.com.br\/concursos\/wp-json\/wp\/v2\/posts\/270111","targetHints":{"allow":["GET"]}}],"collection":[{"href":"https:\/\/www.agrobase.com.br\/concursos\/wp-json\/wp\/v2\/posts"}],"about":[{"href":"https:\/\/www.agrobase.com.br\/concursos\/wp-json\/wp\/v2\/types\/post"}],"author":[{"embeddable":true,"href":"https:\/\/www.agrobase.com.br\/concursos\/wp-json\/wp\/v2\/users\/7"}],"replies":[{"embeddable":true,"href":"https:\/\/www.agrobase.com.br\/concursos\/wp-json\/wp\/v2\/comments?post=270111"}],"version-history":[{"count":2,"href":"https:\/\/www.agrobase.com.br\/concursos\/wp-json\/wp\/v2\/posts\/270111\/revisions"}],"predecessor-version":[{"id":270114,"href":"https:\/\/www.agrobase.com.br\/concursos\/wp-json\/wp\/v2\/posts\/270111\/revisions\/270114"}],"wp:featuredmedia":[{"embeddable":true,"href":"https:\/\/www.agrobase.com.br\/concursos\/wp-json\/wp\/v2\/media\/270110"}],"wp:attachment":[{"href":"https:\/\/www.agrobase.com.br\/concursos\/wp-json\/wp\/v2\/media?parent=270111"}],"wp:term":[{"taxonomy":"category","embeddable":true,"href":"https:\/\/www.agrobase.com.br\/concursos\/wp-json\/wp\/v2\/categories?post=270111"},{"taxonomy":"post_tag","embeddable":true,"href":"https:\/\/www.agrobase.com.br\/concursos\/wp-json\/wp\/v2\/tags?post=270111"},{"taxonomy":"_amplo","embeddable":true,"href":"https:\/\/www.agrobase.com.br\/concursos\/wp-json\/wp\/v2\/_amplo?post=270111"},{"taxonomy":"destaque","embeddable":true,"href":"https:\/\/www.agrobase.com.br\/concursos\/wp-json\/wp\/v2\/destaque?post=270111"},{"taxonomy":"instituicoes","embeddable":true,"href":"https:\/\/www.agrobase.com.br\/concursos\/wp-json\/wp\/v2\/instituicoes?post=270111"}],"curies":[{"name":"wp","href":"https:\/\/api.w.org\/{rel}","templated":true}]}}