{"id":270079,"date":"2025-08-15T07:40:16","date_gmt":"2025-08-15T10:40:16","guid":{"rendered":"https:\/\/www.agrobase.com.br\/concursos\/?p=270079"},"modified":"2025-08-14T14:17:04","modified_gmt":"2025-08-14T17:17:04","slug":"prefeitura-sao-miguel-do-oeste-sc-selecao-publica-01-2025","status":"publish","type":"post","link":"https:\/\/www.agrobase.com.br\/concursos\/2025\/prefeitura-sao-miguel-do-oeste-sc-selecao-publica-01-2025\/","title":{"rendered":"Prefeitura S\u00e3o Miguel do Oeste (SC) &#8211; Sele\u00e7\u00e3o P\u00fablica 01\/2025"},"content":{"rendered":"<h2>Informa\u00e7\u00f5es Gerais<\/h2>\n<p>A Prefeitura Municipal de S\u00e3o Miguel do Oeste, em Santa Catarina, publicou o edital n.\u00ba 001\/2025 de seu novo processo seletivo. Organizado pela Associa\u00e7\u00e3o dos Munic\u00edpios do Extremo Oeste de Santa Catarina (AMEOSC), o certame visa formar <strong>cadastro de reserva<\/strong> para contrata\u00e7\u00f5es tempor\u00e1rias no Magist\u00e9rio P\u00fablico Municipal. As oportunidades s\u00e3o para cargos de n\u00edveis m\u00e9dio e superior, sob o Regime Estatut\u00e1rio, vinculadas ao Regime Geral de Previd\u00eancia Social (RGPS).<\/p>\n<p>As vagas destinam-se a substituir servidores efetivos em licen\u00e7a, f\u00e9rias ou outras aus\u00eancias, abrangendo principalmente as \u00e1reas de educa\u00e7\u00e3o. H\u00e1 oportunidades para Coordenador Pedag\u00f3gico, Auxiliar de Creche e diversas habilita\u00e7\u00f5es de Professor. <strong>Destaca-se a presen\u00e7a do cargo de Professor de Ci\u00eancias, que contempla profissionais com forma\u00e7\u00e3o em Ci\u00eancias Biol\u00f3gicas.<\/strong><\/p>\n<h2>Inscri\u00e7\u00f5es<\/h2>\n<p>As inscri\u00e7\u00f5es para o processo seletivo da Prefeitura de S\u00e3o Miguel do Oeste\/SC estar\u00e3o abertas e dever\u00e3o ser realizadas exclusivamente pela internet. O per\u00edodo para se candidatar inicia \u00e0s <strong>10h do dia 13 de agosto de 2025 e encerra \u00e0s 23h59 do dia 11 de setembro de 2025<\/strong>.<\/p>\n<p>Para se inscrever, o candidato deve acessar o site da banca organizadora, AMEOSC, no endere\u00e7o <em>https:\/\/ameosc.org.br<\/em>, preencher o formul\u00e1rio de inscri\u00e7\u00e3o e gerar o boleto banc\u00e1rio. O pagamento da taxa de inscri\u00e7\u00e3o dever\u00e1 ser efetuado at\u00e9 o dia 12 de setembro de 2025. O edital prev\u00ea a possibilidade de solicitar isen\u00e7\u00e3o da taxa, cujos crit\u00e9rios e procedimentos est\u00e3o detalhados no documento oficial. Para candidatos sem acesso \u00e0 internet, a prefeitura disponibilizar\u00e1 um ponto de apoio para a realiza\u00e7\u00e3o da inscri\u00e7\u00e3o.<\/p>\n<p>\u00c9 permitido se inscrever para apenas um cargo. Ap\u00f3s a conclus\u00e3o, o candidato deve acompanhar o status de sua inscri\u00e7\u00e3o na \u00e1rea restrita do site da AMEOSC.<\/p>\n<h2>Etapas e Provas<\/h2>\n<p>O processo seletivo ser\u00e1 composto por duas etapas principais, com crit\u00e9rios distintos para cada grupo de cargos. A estrutura de avalia\u00e7\u00e3o foi pensada para analisar tanto os conhecimentos te\u00f3ricos quanto a forma\u00e7\u00e3o acad\u00eamica dos candidatos.<\/p>\n<p>As etapas s\u00e3o as seguintes:<\/p>\n<ul>\n<li><strong>Prova Objetiva:<\/strong> De car\u00e1ter eliminat\u00f3rio e classificat\u00f3rio, ser\u00e1 aplicada a todos os candidatos no dia <strong>28 de setembro de 2025<\/strong>. A prova ter\u00e1 dura\u00e7\u00e3o de 2 horas e 30 minutos e ser\u00e1 composta por 20 quest\u00f5es de m\u00faltipla escolha sobre L\u00edngua Portuguesa, Conhecimentos Gerais e Conhecimentos Espec\u00edficos. Para ser aprovado, o candidato ao cargo de Auxiliar de Creche precisa obter nota m\u00ednima de 4,00, enquanto para os cargos de Coordenador Pedag\u00f3gico e Professor, a nota m\u00ednima \u00e9 de 3,00.<\/li>\n<li><strong>Prova de T\u00edtulos:<\/strong> De car\u00e1ter apenas classificat\u00f3rio, esta etapa \u00e9 exclusiva para os candidatos aos cargos de Coordenador Pedag\u00f3gico e Professor que forem aprovados na prova objetiva. A pontua\u00e7\u00e3o ser\u00e1 atribu\u00edda com base em cursos de Doutorado, Mestrado, P\u00f3s-Gradua\u00e7\u00e3o e cursos de atualiza\u00e7\u00e3o na \u00e1rea da Educa\u00e7\u00e3o. Os documentos comprobat\u00f3rios devem ser enviados em formato PDF durante o per\u00edodo de inscri\u00e7\u00e3o.<\/li>\n<\/ul>\n<h2>Resultados e Gabarito<\/h2>\n<p>O acompanhamento dos resultados \u00e9 uma fase crucial do processo seletivo. O gabarito preliminar da prova objetiva ser\u00e1 divulgado at\u00e9 as 23h59 do primeiro dia \u00fatil ap\u00f3s a aplica\u00e7\u00e3o da prova. Ap\u00f3s o per\u00edodo de recursos, o gabarito definitivo e o resultado preliminar ser\u00e3o publicados conforme o cronograma.<\/p>\n<p>A classifica\u00e7\u00e3o final ser\u00e1 determinada pela nota da prova objetiva para o cargo de Auxiliar de Creche, e pela soma das notas da prova objetiva e da prova de t\u00edtulos para os cargos de Coordenador Pedag\u00f3gico e Professor. Em caso de empate na nota final, ser\u00e3o aplicados os seguintes crit\u00e9rios de desempate, nesta ordem:<\/p>\n<ul>\n<li>Idade igual ou superior a 60 anos;<\/li>\n<li>Maior pontua\u00e7\u00e3o em Conhecimentos Espec\u00edficos;<\/li>\n<li>Maior pontua\u00e7\u00e3o em L\u00edngua Portuguesa;<\/li>\n<li>Maior pontua\u00e7\u00e3o em Conhecimentos Gerais;<\/li>\n<li>Curso de LIBRAS (apenas para Auxiliar de Creche);<\/li>\n<li>Ter exercido a fun\u00e7\u00e3o de jurado;<\/li>\n<li>Maior idade (entre os n\u00e3o idosos);<\/li>\n<li>Sorteio p\u00fablico.<\/li>\n<\/ul>\n<p>A homologa\u00e7\u00e3o do resultado final ser\u00e1 publicada nos sites da AMEOSC e da Prefeitura. A convoca\u00e7\u00e3o dos candidatos aprovados ser\u00e1 realizada por meio de publica\u00e7\u00e3o no site da Prefeitura, e os convocados ter\u00e3o 48 horas para manifestar interesse na vaga.<\/p>\n<p>\u00c9 de responsabilidade exclusiva do candidato acompanhar todas as publica\u00e7\u00f5es, comunicados e eventuais retifica\u00e7\u00f5es nos endere\u00e7os eletr\u00f4nicos oficiais da banca organizadora e da prefeitura.<\/p>\n","protected":false},"excerpt":{"rendered":"<p>Processo Seletivo Pref. S\u00e3o Miguel do Oeste (SC) com edital publicado! Vagas p\/ Professor e + (M\u00e9dio\/T\u00e9c. e Sup.). Inscri\u00e7\u00f5es a partir de 13\/08. Confira detalhes!<\/p>\n","protected":false},"author":7,"featured_media":270078,"comment_status":"open","ping_status":"open","sticky":false,"template":"","format":"standard","meta":{"_acf_changed":false,"_breakdance_hide_in_design_set":false,"_breakdance_tags":"","footnotes":""},"categories":[6433,141,6434,111,100,20,6872,6871,116,25],"tags":[61],"_amplo":[],"destaque":[],"instituicoes":[],"class_list":["post-270079","post","type-post","status-publish","format-standard","has-post-thumbnail","hentry","category-biologia-licenciatura","category-educacao-artistica","category-educacao-fisica-licenciatura","category-geografia","category-historia","category-letras","category-letras-espanhol","category-letras-ingles","category-matematica","category-pedagogia","tag-santa-catarina"],"acf":{"_tipo_vagas":"vagas","_numero_vagas":"","_quadro_vagas":"","_cargos":"diversos","_cargos_especificos":"","_salario_max":"R$ 4867.77","_abertura":"20250813","_encerramento":"20250911","_inscricoes":"https:\/\/ameosc.org.br","_executora_concurso":"","_instituicao_concurso":[],"_link_adicional":null,"_anexos":null,"_produtos":null,"_vagas":"CR","_salario_min":"R$ 2391.53","_instituicao":"Prefeitura de S\u00e3o Miguel do Oeste","_edital":"https:\/\/www.agrobase.com.br\/concursos\/wp-content\/uploads\/sites\/4\/2025\/08\/edital-01-2025-prefeitura-de-sao-miguel-do-oeste-sc.pdf","_anexos_edital":"https:\/\/www.agrobase.com.br\/concursos\/wp-content\/uploads\/sites\/4\/2025\/08\/anexos-edital-01-2025-prefeitura-de-sao-miguel-do-oeste-sc.pdf","_fund_incompleto":"","_fund_completo":"","_medio":"<div>\r\n<table class=\"quadro\">\r\n<thead>\r\n<tr>\r\n<th class=\"hcargo\">Cargo<\/th>\r\n<th class=\"hvagas\">Vagas<\/th>\r\n<th class=\"hremuneracao\">Remunera\u00e7\u00e3o<\/th>\r\n<\/tr>\r\n<\/thead>\r\n    <tbody>\r\n      <td class=\"ccargos\">\r\n<span data-balloon-length=\"medium\" aria-label=\"Ensino M\u00e9dio completo.\" data-balloon-pos=\"up\">Auxiliar de Creche<\/span><\/td>\r\n<td class=\"cvagas\">CR<\/td>\r\n<td class=\"cremuneracao\">R$ 2.391,53 \/40h<\/td>\r\n<\/tr>\r\n    <\/tbody>\r\n  <\/table>\r\n<\/div>","_superior":"<div>\r\n<table class=\"quadro\">\r\n<thead>\r\n<tr>\r\n<th class=\"hcargo\">Cargo<\/th>\r\n<th class=\"hvagas\">Vagas<\/th>\r\n<th class=\"hremuneracao\">Remunera\u00e7\u00e3o<\/th>\r\n<\/tr>\r\n<\/thead>\r\n    <tbody>\r\n      <tr>\r\n<td class=\"ccargos\">\r\n<span data-balloon-length=\"medium\" aria-label=\"Ensino Superior em Pedagogia ou habilita\u00e7\u00e3o obtida em curso de n\u00edvel superior com especializa\u00e7\u00e3o na \u00e1rea de atua\u00e7\u00e3o do cargo.\" data-balloon-pos=\"up\">Coordenador Pedag\u00f3gico<\/span><\/td>\r\n<td class=\"cvagas\">CR<\/td>\r\n<td class=\"cremuneracao\">R$ 4.867,77 \/40h<\/td>\r\n<\/tr><tr>\r\n<td class=\"ccargos\">\r\n<span data-balloon-length=\"medium\" aria-label=\"Licenciatura em Arte e suas linguagens.\" data-balloon-pos=\"up\">Professor de Arte<\/span><\/td>\r\n<td class=\"cvagas\">CR<\/td>\r\n<td class=\"cremuneracao\">R$ 4.867,77 \/10, 20, 30 ou 40h<\/td>\r\n<\/tr><tr>\r\n<td class=\"ccargos\">\r\n<span data-balloon-length=\"medium\" aria-label=\"Licenciatura em Ci\u00eancias ou Ci\u00eancias Biol\u00f3gicas.\" data-balloon-pos=\"up\">Professor de Ci\u00eancias<\/span><\/td>\r\n<td class=\"cvagas\">CR<\/td>\r\n<td class=\"cremuneracao\">R$ 4.867,77 \/10, 20, 30 ou 40h<\/td>\r\n<\/tr><tr>\r\n<td class=\"ccargos\">\r\n<span data-balloon-length=\"medium\" aria-label=\"Licenciatura em Educa\u00e7\u00e3o Especial; ou Licenciatura em Pedagogia - Educa\u00e7\u00e3o Especial; ou Licenciatura em Pedagogia com especializa\u00e7\u00e3o em Educa\u00e7\u00e3o Especial; ou Licenciatura em Pedagogia.\" data-balloon-pos=\"up\">Professor de Educa\u00e7\u00e3o Especial<\/span><\/td>\r\n<td class=\"cvagas\">CR<\/td>\r\n<td class=\"cremuneracao\">R$ 4.867,77 \/20 ou 40h<\/td>\r\n<\/tr><tr>\r\n<td class=\"ccargos\">\r\n<span data-balloon-length=\"medium\" aria-label=\"Licenciatura em Pedagogia.\" data-balloon-pos=\"up\">Professor de Educa\u00e7\u00e3o Financeira e Empreendedorismo<\/span><\/td>\r\n<td class=\"cvagas\">CR<\/td>\r\n<td class=\"cremuneracao\">R$ 4.867,77 \/10, 20, 30 ou 40h<\/td>\r\n<\/tr><tr>\r\n<td class=\"ccargos\">\r\n<span data-balloon-length=\"medium\" aria-label=\"Licenciatura em Educa\u00e7\u00e3o F\u00edsica, com registro no \u00f3rg\u00e3o fiscalizador - CREF.\" data-balloon-pos=\"up\">Professor de Educa\u00e7\u00e3o F\u00edsica<\/span><\/td>\r\n<td class=\"cvagas\">CR<\/td>\r\n<td class=\"cremuneracao\">R$ 4.867,77 \/10, 20, 30 ou 40h<\/td>\r\n<\/tr><tr>\r\n<td class=\"ccargos\">\r\n<span data-balloon-length=\"medium\" aria-label=\"Licenciatura Plena ou Bacharelado em Educa\u00e7\u00e3o F\u00edsica, com registro no \u00f3rg\u00e3o fiscalizador (CREF).\" data-balloon-pos=\"up\">Professor de Educa\u00e7\u00e3o F\u00edsica - Programa Atleta na Escola<\/span><\/td>\r\n<td class=\"cvagas\">CR<\/td>\r\n<td class=\"cremuneracao\">R$ 4.867,77 \/10, 20, 30 ou 40h<\/td>\r\n<\/tr><tr>\r\n<td class=\"ccargos\">\r\n<span data-balloon-length=\"medium\" aria-label=\"Licenciatura ou Bacharelado em Educa\u00e7\u00e3o F\u00edsica, com registro no \u00f3rg\u00e3o fiscalizador (CREF); faixa preta reconhecida pela Confedera\u00e7\u00e3o Brasileira de Jud\u00f4; e, no m\u00ednimo, 40 horas de curso espec\u00edfico em Jud\u00f4.\" data-balloon-pos=\"up\">Professor de Educa\u00e7\u00e3o F\u00edsica - Programa Atleta na Escola (Jud\u00f4)<\/span><\/td>\r\n<td class=\"cvagas\">CR<\/td>\r\n<td class=\"cremuneracao\">R$ 4.867,77 \/10, 20, 30 ou 40h<\/td>\r\n<\/tr><tr>\r\n<td class=\"ccargos\">\r\n<span data-balloon-length=\"medium\" aria-label=\"Licenciatura em Pedagogia \u2013 Educa\u00e7\u00e3o Infantil; ou Licenciatura em Pedagogia com especializa\u00e7\u00e3o em Educa\u00e7\u00e3o Infantil; ou Licenciatura em Pedagogia.\" data-balloon-pos=\"up\">Professor de Educa\u00e7\u00e3o Infantil<\/span><\/td>\r\n<td class=\"cvagas\">CR<\/td>\r\n<td class=\"cremuneracao\">R$ 4.867,77 \/10, 20, 30 ou 40h<\/td>\r\n<\/tr><tr>\r\n<td class=\"ccargos\">\r\n<span data-balloon-length=\"medium\" aria-label=\"Licenciatura em Pedagogia \u2013 Anos Iniciais; ou Licenciatura em Pedagogia com especializa\u00e7\u00e3o em Anos Iniciais; ou Licenciatura em Pedagogia.\" data-balloon-pos=\"up\">Professor de Ensino Fundamental Anos Iniciais<\/span><\/td>\r\n<td class=\"cvagas\">CR<\/td>\r\n<td class=\"cremuneracao\">R$ 4.867,77 \/10, 20, 30 ou 40h<\/td>\r\n<\/tr><tr>\r\n<td class=\"ccargos\">\r\n<span data-balloon-length=\"medium\" aria-label=\"Licenciatura em Ci\u00eancias da Religi\u00e3o ou curso similar.\" data-balloon-pos=\"up\">Professor de Ensino Religioso<\/span><\/td>\r\n<td class=\"cvagas\">CR<\/td>\r\n<td class=\"cremuneracao\">R$ 4.867,77 \/10, 20, 30 ou 40h<\/td>\r\n<\/tr><tr>\r\n<td class=\"ccargos\">\r\n<span data-balloon-length=\"medium\" aria-label=\"Licenciatura em Geografia.\" data-balloon-pos=\"up\">Professor de Geografia<\/span><\/td>\r\n<td class=\"cvagas\">CR<\/td>\r\n<td class=\"cremuneracao\">R$ 4.867,77 \/10, 20, 30 ou 40h<\/td>\r\n<\/tr><tr>\r\n<td class=\"ccargos\">\r\n<span data-balloon-length=\"medium\" aria-label=\"Licenciatura em Hist\u00f3ria.\" data-balloon-pos=\"up\">Professor de Hist\u00f3ria<\/span><\/td>\r\n<td class=\"cvagas\">CR<\/td>\r\n<td class=\"cremuneracao\">R$ 4.867,77 \/10, 20, 30 ou 40h<\/td>\r\n<\/tr><tr>\r\n<td class=\"ccargos\">\r\n<span data-balloon-length=\"medium\" aria-label=\"Licenciatura em Letras\/Espanhol.\" data-balloon-pos=\"up\">Professor de L\u00edngua Espanhola<\/span><\/td>\r\n<td class=\"cvagas\">CR<\/td>\r\n<td class=\"cremuneracao\">R$ 4.867,77 \/10, 20, 30 ou 40h<\/td>\r\n<\/tr><tr>\r\n<td class=\"ccargos\">\r\n<span data-balloon-length=\"medium\" aria-label=\"Licenciatura em Letras\/Ingl\u00eas.\" data-balloon-pos=\"up\">Professor de L\u00edngua Inglesa<\/span><\/td>\r\n<td class=\"cvagas\">CR<\/td>\r\n<td class=\"cremuneracao\">R$ 4.867,77 \/10, 20, 30 ou 40h<\/td>\r\n<\/tr><tr>\r\n<td class=\"ccargos\">\r\n<span data-balloon-length=\"medium\" aria-label=\"Licenciatura em Letras\/Portugu\u00eas.\" data-balloon-pos=\"up\">Professor de L\u00edngua Portuguesa<\/span><\/td>\r\n<td class=\"cvagas\">CR<\/td>\r\n<td class=\"cremuneracao\">R$ 4.867,77 \/10, 20, 30 ou 40h<\/td>\r\n<\/tr><tr>\r\n<td class=\"ccargos\">\r\n<span data-balloon-length=\"medium\" aria-label=\"Licenciatura em Matem\u00e1tica.\" data-balloon-pos=\"up\">Professor de Matem\u00e1tica<\/span><\/td>\r\n<td class=\"cvagas\">CR<\/td>\r\n<td class=\"cremuneracao\">R$ 4.867,77 \/10, 20, 30 ou 40h<\/td>\r\n<\/tr>\r\n    <\/tbody>\r\n  <\/table>\r\n<\/div>"},"_links":{"self":[{"href":"https:\/\/www.agrobase.com.br\/concursos\/wp-json\/wp\/v2\/posts\/270079","targetHints":{"allow":["GET"]}}],"collection":[{"href":"https:\/\/www.agrobase.com.br\/concursos\/wp-json\/wp\/v2\/posts"}],"about":[{"href":"https:\/\/www.agrobase.com.br\/concursos\/wp-json\/wp\/v2\/types\/post"}],"author":[{"embeddable":true,"href":"https:\/\/www.agrobase.com.br\/concursos\/wp-json\/wp\/v2\/users\/7"}],"replies":[{"embeddable":true,"href":"https:\/\/www.agrobase.com.br\/concursos\/wp-json\/wp\/v2\/comments?post=270079"}],"version-history":[{"count":2,"href":"https:\/\/www.agrobase.com.br\/concursos\/wp-json\/wp\/v2\/posts\/270079\/revisions"}],"predecessor-version":[{"id":270083,"href":"https:\/\/www.agrobase.com.br\/concursos\/wp-json\/wp\/v2\/posts\/270079\/revisions\/270083"}],"wp:featuredmedia":[{"embeddable":true,"href":"https:\/\/www.agrobase.com.br\/concursos\/wp-json\/wp\/v2\/media\/270078"}],"wp:attachment":[{"href":"https:\/\/www.agrobase.com.br\/concursos\/wp-json\/wp\/v2\/media?parent=270079"}],"wp:term":[{"taxonomy":"category","embeddable":true,"href":"https:\/\/www.agrobase.com.br\/concursos\/wp-json\/wp\/v2\/categories?post=270079"},{"taxonomy":"post_tag","embeddable":true,"href":"https:\/\/www.agrobase.com.br\/concursos\/wp-json\/wp\/v2\/tags?post=270079"},{"taxonomy":"_amplo","embeddable":true,"href":"https:\/\/www.agrobase.com.br\/concursos\/wp-json\/wp\/v2\/_amplo?post=270079"},{"taxonomy":"destaque","embeddable":true,"href":"https:\/\/www.agrobase.com.br\/concursos\/wp-json\/wp\/v2\/destaque?post=270079"},{"taxonomy":"instituicoes","embeddable":true,"href":"https:\/\/www.agrobase.com.br\/concursos\/wp-json\/wp\/v2\/instituicoes?post=270079"}],"curies":[{"name":"wp","href":"https:\/\/api.w.org\/{rel}","templated":true}]}}