{"id":269946,"date":"2025-08-13T07:20:48","date_gmt":"2025-08-13T10:20:48","guid":{"rendered":"https:\/\/www.agrobase.com.br\/concursos\/?p=269946"},"modified":"2025-08-12T12:42:55","modified_gmt":"2025-08-12T15:42:55","slug":"prefeitura-anguera-ba-selecao-simplificada-04-2025","status":"publish","type":"post","link":"https:\/\/www.agrobase.com.br\/concursos\/2025\/prefeitura-anguera-ba-selecao-simplificada-04-2025\/","title":{"rendered":"Prefeitura Anguera (BA) &#8211; Sele\u00e7\u00e3o Simplificada 04\/2025"},"content":{"rendered":"<h2>Informa\u00e7\u00f5es Gerais<\/h2>\n<p>A Prefeitura Municipal de Anguera, na Bahia, publicou o edital n\u00ba 001\/2025 para seu novo Processo Seletivo Simplificado. O certame, organizado pela CONCEP\u00c7\u00c3O CONSULTORIA, visa preencher 312 vagas imediatas e formar cadastro de reserva para cargos tempor\u00e1rios em diversas secretarias municipais. As contrata\u00e7\u00f5es ser\u00e3o por tempo determinado, com validade inicial de dois anos, podendo ser prorrogadas por igual per\u00edodo.<\/p>\n<p>As oportunidades abrangem todos os n\u00edveis de escolaridade: fundamental (completo e incompleto), m\u00e9dio, t\u00e9cnico e superior, com vagas distribu\u00eddas nas \u00e1reas de sa\u00fade, educa\u00e7\u00e3o, administrativa e operacional. Para os profissionais de \u00e1reas espec\u00edficas, destacam-se as vagas para <strong>Nutricionista<\/strong> e <strong>Professor de Ci\u00eancias Biol\u00f3gicas<\/strong>. Este processo seletivo \u00e9 uma excelente oportunidade para quem busca uma coloca\u00e7\u00e3o no servi\u00e7o p\u00fablico municipal.<\/p>\n<h2>Inscri\u00e7\u00f5es<\/h2>\n<p>As inscri\u00e7\u00f5es para o Processo Seletivo da Prefeitura de Anguera est\u00e3o previstas para ocorrer entre <strong>12 e 20 de agosto de 2025<\/strong>. Um dos grandes atrativos deste certame \u00e9 a <strong>gratuidade da taxa de inscri\u00e7\u00e3o<\/strong> para todos os cargos, eliminando a necessidade de solicita\u00e7\u00e3o de isen\u00e7\u00e3o.<\/p>\n<p>Aten\u00e7\u00e3o: as inscri\u00e7\u00f5es ser\u00e3o realizadas <strong>exclusivamente de forma presencial<\/strong>. Os interessados dever\u00e3o comparecer ao endere\u00e7o indicado no edital (Rua Alzira de Oliveira Freitas, n.\u00ba 24, Sala Administrativa, Centro, Anguera\/BA), das 08h \u00e0s 12h e das 13h30 \u00e0s 16h30. No ato da inscri\u00e7\u00e3o, o candidato dever\u00e1 entregar, em envelope lacrado e identificado, toda a documenta\u00e7\u00e3o comprobat\u00f3ria para a etapa de avalia\u00e7\u00e3o de t\u00edtulos e experi\u00eancia. Cada candidato poder\u00e1 se inscrever para um \u00fanico cargo.<\/p>\n<h2>Etapas e Provas<\/h2>\n<p>O processo seletivo da Prefeitura de Anguera ser\u00e1 composto por at\u00e9 tr\u00eas etapas, variando conforme o cargo pretendido. Diferente de concursos tradicionais, n\u00e3o haver\u00e1 prova objetiva com disciplinas te\u00f3ricas. A avalia\u00e7\u00e3o ser\u00e1 focada na qualifica\u00e7\u00e3o, experi\u00eancia e perfil do candidato.<\/p>\n<ul>\n<li><strong>Avalia\u00e7\u00e3o de Melhor Qualifica\u00e7\u00e3o e Maior Experi\u00eancia Profissional:<\/strong> De car\u00e1ter <em>classificat\u00f3rio<\/em>, esta etapa \u00e9 obrigat\u00f3ria para todos os candidatos. Consiste na an\u00e1lise da documenta\u00e7\u00e3o (t\u00edtulos, cursos e comprovantes de experi\u00eancia) entregue no ato da inscri\u00e7\u00e3o. A n\u00e3o apresenta\u00e7\u00e3o de documentos n\u00e3o elimina o candidato, mas resulta em pontua\u00e7\u00e3o zero nesta fase.<\/li>\n<li><strong>Avalia\u00e7\u00e3o de Habilidades e Perfil:<\/strong> De car\u00e1ter <em>eliminat\u00f3rio e classificat\u00f3rio<\/em>, ser\u00e1 aplicada para a maioria dos cargos de n\u00edvel superior, t\u00e9cnico, m\u00e9dio e fundamental. Esta etapa visa avaliar compet\u00eancias comportamentais por meio de uma banca examinadora espec\u00edfica. Para ser aprovado, o candidato precisa obter uma pontua\u00e7\u00e3o m\u00ednima de 12 dos 20 pontos poss\u00edveis.<\/li>\n<li><strong>Avalia\u00e7\u00e3o Pr\u00e1tica:<\/strong> De car\u00e1ter <em>eliminat\u00f3rio e classificat\u00f3rio<\/em>, esta fase \u00e9 exclusiva para os candidatos aos cargos de <strong>Motorista<\/strong> e <strong>Operador de M\u00e1quinas Pesadas<\/strong>. O objetivo \u00e9 testar as habilidades pr\u00e1ticas na execu\u00e7\u00e3o das tarefas da fun\u00e7\u00e3o. A pontua\u00e7\u00e3o m\u00ednima para aprova\u00e7\u00e3o \u00e9 de 18 dos 30 pontos totais.<\/li>\n<\/ul>\n<p>Para conhecer os crit\u00e9rios de pontua\u00e7\u00e3o de cada etapa, as regras de avalia\u00e7\u00e3o e o cronograma completo, incluindo as datas de convoca\u00e7\u00e3o, consulte o edital oficial.<\/p>\n<h2>Resultados e Gabarito<\/h2>\n<p>A divulga\u00e7\u00e3o dos resultados do Processo Seletivo da Prefeitura de Anguera seguir\u00e1 um cronograma detalhado. A lista de inscri\u00e7\u00f5es deferidas ser\u00e1 publicada em <strong>22 de agosto de 2025<\/strong>. Os resultados preliminares de todas as etapas de avalia\u00e7\u00e3o (qualifica\u00e7\u00e3o, perfil e pr\u00e1tica) est\u00e3o previstos para <strong>26 de agosto de 2025<\/strong>. Ap\u00f3s o per\u00edodo de recursos, o resultado final ser\u00e1 divulgado em <strong>29 de agosto de 2025<\/strong>, com a homologa\u00e7\u00e3o do certame prevista para <strong>01 de setembro de 2025<\/strong>.<\/p>\n<p>A classifica\u00e7\u00e3o final ser\u00e1 feita em ordem decrescente da pontua\u00e7\u00e3o total. Em caso de empate, os crit\u00e9rios de desempate s\u00e3o:<\/p>\n<ul>\n<li>Para cargos de n\u00edvel superior, m\u00e9dio e t\u00e9cnico: 1\u00ba) maior pontua\u00e7\u00e3o na avalia\u00e7\u00e3o de experi\u00eancia profissional; 2\u00ba) maior idade.<\/li>\n<li>Para cargos de n\u00edvel fundamental: 1\u00ba) maior idade.<\/li>\n<\/ul>\n<p>A convoca\u00e7\u00e3o dos aprovados, tanto para o exame m\u00e9dico admissional quanto para a contrata\u00e7\u00e3o, ser\u00e1 publicada no Di\u00e1rio Oficial do Munic\u00edpio, dispon\u00edvel no site da Prefeitura. \u00c9 de responsabilidade exclusiva do candidato acompanhar todas as publica\u00e7\u00f5es oficiais no site da banca organizadora e no Di\u00e1rio Oficial para n\u00e3o perder os prazos e as convoca\u00e7\u00f5es.<\/p>\n","protected":false},"excerpt":{"rendered":"<p>Proc. Seletivo Pref. Anguera (BA) com edital publicado! Vagas p\/ Professor e M\u00e9dico (Fund. a Sup.). Inscri\u00e7\u00f5es a partir de 12\/08. At\u00e9 R$ 12.3k. Confira detalhes!<\/p>\n","protected":false},"author":7,"featured_media":269945,"comment_status":"open","ping_status":"open","sticky":false,"template":"","format":"standard","meta":{"_acf_changed":false,"_breakdance_hide_in_design_set":false,"_breakdance_tags":"","footnotes":""},"categories":[6433,141,11,6434,12,18,19,111,100,6872,6871,116,21,23,24,25,26,6435,101,108,130,143],"tags":[42],"_amplo":[],"destaque":[],"instituicoes":[],"class_list":["post-269946","post","type-post","status-publish","format-standard","has-post-thumbnail","hentry","category-biologia-licenciatura","category-educacao-artistica","category-educacao-fisica","category-educacao-fisica-licenciatura","category-enfermagem","category-fisioterapia","category-fonoaudiologia","category-geografia","category-historia","category-letras-espanhol","category-letras-ingles","category-matematica","category-medicina","category-nutricao","category-odontologia","category-pedagogia","category-psicologia","category-quimica-licenciatura","category-servico-social","category-tecnico-enfermagem","category-tecnico-informatica","category-tecnico-odontologia","tag-bahia"],"acf":{"_tipo_vagas":"vagas","_numero_vagas":"","_quadro_vagas":"","_cargos":"diversos","_cargos_especificos":"","_salario_max":"R$ 12386.5","_abertura":"20250812","_encerramento":"20250820","_inscricoes":"https:\/\/www.anguera.ba.gov.br\/","_executora_concurso":"","_instituicao_concurso":[],"_link_adicional":null,"_anexos":null,"_produtos":null,"_vagas":"312 vagas","_salario_min":"R$ 1518","_instituicao":"Prefeitura de Anguera","_edital":"https:\/\/www.agrobase.com.br\/concursos\/wp-content\/uploads\/sites\/4\/2025\/08\/edital-04-2025-prefeitura-de-anguera-ba.pdf","_anexos_edital":"","_fund_incompleto":"<div>\r\n<table class=\"quadro\">\r\n<thead>\r\n<tr>\r\n<th class=\"hcargo\">Cargo<\/th>\r\n<th class=\"hvagas\">Vagas<\/th>\r\n<th class=\"hremuneracao\">Remunera\u00e7\u00e3o<\/th>\r\n<\/tr>\r\n<\/thead>\r\n    <tbody>\r\n      <td class=\"ccargos\">\r\n<span data-balloon-length=\"medium\" aria-label=\"Ensino Fundamental S\u00e9ries Iniciais 1\u00aa a 4\u00aa, devidamente reconhecido pelo Minist\u00e9rio da Educa\u00e7\u00e3o.\" data-balloon-pos=\"up\">Auxiliar de Servi\u00e7os Gerais<\/span><\/td>\r\n<td class=\"cvagas\">60<\/td>\r\n<td class=\"cremuneracao\">R$ 1.518,00 \/40h<\/td>\r\n<\/tr><td class=\"ccargos\">\r\n<span data-balloon-length=\"medium\" aria-label=\"Ensino Fundamental S\u00e9ries Iniciais 1\u00aa a 4\u00aa, devidamente reconhecido pelo Minist\u00e9rio da Educa\u00e7\u00e3o.\" data-balloon-pos=\"up\">Eletricista<\/span><\/td>\r\n<td class=\"cvagas\">01<\/td>\r\n<td class=\"cremuneracao\">R$ 1.518,00 \/40h<\/td>\r\n<\/tr><td class=\"ccargos\">\r\n<span data-balloon-length=\"medium\" aria-label=\"Ensino Fundamental S\u00e9ries Iniciais 1\u00aa a 4\u00aa, devidamente reconhecido pelo Minist\u00e9rio da Educa\u00e7\u00e3o.\" data-balloon-pos=\"up\">Gari<\/span><\/td>\r\n<td class=\"cvagas\">02<\/td>\r\n<td class=\"cremuneracao\">R$ 1.518,00 \/40h<\/td>\r\n<\/tr><td class=\"ccargos\">\r\n<span data-balloon-length=\"medium\" aria-label=\"Ensino Fundamental S\u00e9ries Iniciais 1\u00aa a 4\u00aa, devidamente reconhecido pelo Minist\u00e9rio da Educa\u00e7\u00e3o.\" data-balloon-pos=\"up\">Merendeira<\/span><\/td>\r\n<td class=\"cvagas\">10<\/td>\r\n<td class=\"cremuneracao\">R$ 1.518,00 \/40h<\/td>\r\n<\/tr><td class=\"ccargos\">\r\n<span data-balloon-length=\"medium\" aria-label=\"Ensino Fundamental S\u00e9ries Iniciais 1\u00aa a 4\u00aa, devidamente reconhecido pelo Minist\u00e9rio da Educa\u00e7\u00e3o.\" data-balloon-pos=\"up\">Pedreiro<\/span><\/td>\r\n<td class=\"cvagas\">01<\/td>\r\n<td class=\"cremuneracao\">R$ 1.518,00 \/40h<\/td>\r\n<\/tr>\r\n    <\/tbody>\r\n  <\/table>\r\n<\/div>","_fund_completo":"<div>\r\n<table class=\"quadro\">\r\n<thead>\r\n<tr>\r\n<th class=\"hcargo\">Cargo<\/th>\r\n<th class=\"hvagas\">Vagas<\/th>\r\n<th class=\"hremuneracao\">Remunera\u00e7\u00e3o<\/th>\r\n<\/tr>\r\n<\/thead>\r\n    <tbody>\r\n      <td class=\"ccargos\">\r\n<span data-balloon-length=\"medium\" aria-label=\"N\u00edvel fundamental completo, devidamente reconhecido pelo Minist\u00e9rio da Educa\u00e7\u00e3o.\" data-balloon-pos=\"up\">Auxiliar Administrativo<\/span><\/td>\r\n<td class=\"cvagas\">15<\/td>\r\n<td class=\"cremuneracao\">R$ 1.518,00 \/40h<\/td>\r\n<\/tr><td class=\"ccargos\">\r\n<span data-balloon-length=\"medium\">Motorista<\/span><\/td>\r\n<td class=\"cvagas\">15<\/td>\r\n<td class=\"cremuneracao\">R$ 1.518,00 \/40h<\/td>\r\n<\/tr><td class=\"ccargos\">\r\n<span data-balloon-length=\"medium\" data-balloon-pos=\"up\">Operador de M\u00e1quinas Pesadas<\/span><\/td>\r\n<td class=\"cvagas\">03<\/td>\r\n<td class=\"cremuneracao\">R$ 1.518,00 \/40h<\/td>\r\n<\/tr>\r\n    <\/tbody>\r\n  <\/table>\r\n<\/div>","_medio":"<div>\r\n<table class=\"quadro\">\r\n<thead>\r\n<tr>\r\n<th class=\"hcargo\">Cargo<\/th>\r\n<th class=\"hvagas\">Vagas<\/th>\r\n<th class=\"hremuneracao\">Remunera\u00e7\u00e3o<\/th>\r\n<\/tr>\r\n<\/thead>\r\n    <tbody>\r\n      <td class=\"ccargos\">\r\n<span data-balloon-length=\"medium\" aria-label=\"N\u00edvel m\u00e9dio completo e Curso T\u00e9cnico de Enfermagem, devidamente reconhecido pelo Minist\u00e9rio da Educa\u00e7\u00e3o. Registro profissional no Conselho Regional de Enfermagem - COREN.\" data-balloon-pos=\"up\">T\u00e9cnico em Enfermagem<\/span><\/td>\r\n<td class=\"cvagas\">10<\/td>\r\n<td class=\"cremuneracao\">R$ 1.518,00 \/40h<\/td>\r\n<\/tr><td class=\"ccargos\">\r\n<span data-balloon-length=\"medium\" aria-label=\"N\u00edvel m\u00e9dio completo, devidamente reconhecido pelo Minist\u00e9rio da Educa\u00e7\u00e3o.\" data-balloon-pos=\"up\">T\u00e9cnico em Sa\u00fade Bucal<\/span><\/td>\r\n<td class=\"cvagas\">01<\/td>\r\n<td class=\"cremuneracao\">R$ 1.518,00 \/40h<\/td>\r\n<\/tr><td class=\"ccargos\">\r\n<span data-balloon-length=\"medium\" aria-label=\"N\u00edvel m\u00e9dio completo e Curso T\u00e9cnico de Inform\u00e1tica, devidamente reconhecido pelo Minist\u00e9rio da Educa\u00e7\u00e3o.\" data-balloon-pos=\"up\">T\u00e9cnico em Inform\u00e1tica<\/span><\/td>\r\n<td class=\"cvagas\">01<\/td>\r\n<td class=\"cremuneracao\">R$ 1.518,00 \/40h<\/td>\r\n<\/tr><td class=\"ccargos\">\r\n<span data-balloon-length=\"medium\" aria-label=\"N\u00edvel m\u00e9dio completo, devidamente reconhecido pelo Minist\u00e9rio da Educa\u00e7\u00e3o.\" data-balloon-pos=\"up\">Assistente Administrativo<\/span><\/td>\r\n<td class=\"cvagas\">02<\/td>\r\n<td class=\"cremuneracao\">R$ 1.518,00 \/40h<\/td>\r\n<\/tr><td class=\"ccargos\">\r\n<span data-balloon-length=\"medium\" aria-label=\"N\u00edvel m\u00e9dio completo, devidamente reconhecido pelo Minist\u00e9rio da Educa\u00e7\u00e3o.\" data-balloon-pos=\"up\">Auxiliar de Desenvolvimento Educacional (Ensino)<\/span><\/td>\r\n<td class=\"cvagas\">06<\/td>\r\n<td class=\"cremuneracao\">R$ 1.518,00 \/40h<\/td>\r\n<\/tr><td class=\"ccargos\">\r\n<span data-balloon-length=\"medium\" aria-label=\"N\u00edvel m\u00e9dio completo, devidamente reconhecido pelo Minist\u00e9rio da Educa\u00e7\u00e3o.\" data-balloon-pos=\"up\">Auxiliar de Ensino Educacional<\/span><\/td>\r\n<td class=\"cvagas\">35<\/td>\r\n<td class=\"cremuneracao\">R$ 1.518,00 \/40h<\/td>\r\n<\/tr>\r\n    <\/tbody>\r\n  <\/table>\r\n<\/div>","_superior":"<div>\r\n<table class=\"quadro\">\r\n<thead>\r\n<tr>\r\n<th class=\"hcargo\">Cargo<\/th>\r\n<th class=\"hvagas\">Vagas<\/th>\r\n<th class=\"hremuneracao\">Remunera\u00e7\u00e3o<\/th>\r\n<\/tr>\r\n<\/thead>\r\n    <tbody>\r\n      <tr>\r\n<td class=\"ccargos\">\r\n<span data-balloon-length=\"medium\" aria-label=\"Gradua\u00e7\u00e3o superior em Servi\u00e7o Social, devidamente reconhecido pelo Minist\u00e9rio da Educa\u00e7\u00e3o. Registro profissional no Conselho Regional de Servi\u00e7o Social - CRESS.\" data-balloon-pos=\"up\">Assistente Social<\/span><\/td>\r\n<td class=\"cvagas\">03<\/td>\r\n<td class=\"cremuneracao\">R$ 1.518,00 \/40h<\/td>\r\n<\/tr><tr>\r\n<td class=\"ccargos\">\r\n<span data-balloon-length=\"medium\" aria-label=\"Gradua\u00e7\u00e3o superior em Educa\u00e7\u00e3o F\u00edsica, devidamente reconhecido pelo Minist\u00e9rio da Educa\u00e7\u00e3o. Registro profissional no Conselho Regional de Educa\u00e7\u00e3o F\u00edsica - CREFI.\" data-balloon-pos=\"up\">Educador F\u00edsico<\/span><\/td>\r\n<td class=\"cvagas\">01<\/td>\r\n<td class=\"cremuneracao\">R$ 1.518,00 \/20h<\/td>\r\n<\/tr><tr>\r\n<td class=\"ccargos\">\r\n<span data-balloon-length=\"medium\" aria-label=\"Gradua\u00e7\u00e3o superior em Enfermagem, devidamente reconhecido pelo Minist\u00e9rio da Educa\u00e7\u00e3o. Registro profissional no Conselho Regional de Enfermagem - CORENS.\" data-balloon-pos=\"up\">Enfermeiro (a)<\/span><\/td>\r\n<td class=\"cvagas\">03<\/td>\r\n<td class=\"cremuneracao\">R$ 1.518,00 \/40h<\/td>\r\n<\/tr><tr>\r\n<td class=\"ccargos\">\r\n<span data-balloon-length=\"medium\" aria-label=\"Gradua\u00e7\u00e3o superior em Fisioterapia, devidamente reconhecido pelo Minist\u00e9rio da Educa\u00e7\u00e3o. Registro profissional no Conselho Regional de Fisioterapia - CREFITO.\" data-balloon-pos=\"up\">Fisioterapeuta<\/span><\/td>\r\n<td class=\"cvagas\">01<\/td>\r\n<td class=\"cremuneracao\">R$ 1.518,00 \/40h<\/td>\r\n<\/tr><tr>\r\n<td class=\"ccargos\">\r\n<span data-balloon-length=\"medium\" aria-label=\"Gradua\u00e7\u00e3o superior em Fonoaudiologia, devidamente reconhecido pelo Minist\u00e9rio da Educa\u00e7\u00e3o. Registro profissional no Conselho Regional de Fonoaudiologia - CREFONO.\" data-balloon-pos=\"up\">Fonoaudi\u00f3logo<\/span><\/td>\r\n<td class=\"cvagas\">01<\/td>\r\n<td class=\"cremuneracao\">R$ 2.000,00 \/20h<\/td>\r\n<\/tr><tr>\r\n<td class=\"ccargos\">\r\n<span data-balloon-length=\"medium\" aria-label=\"Gradua\u00e7\u00e3o superior em Medicina, devidamente reconhecido pelo Minist\u00e9rio da Educa\u00e7\u00e3o. Registro profissional no Conselho Regional de Medicina - CREMEB.\" data-balloon-pos=\"up\">M\u00e9dico Cl\u00ednico<\/span><\/td>\r\n<td class=\"cvagas\">01<\/td>\r\n<td class=\"cremuneracao\">R$ 12.386,50 \/40h<\/td>\r\n<\/tr><tr>\r\n<td class=\"ccargos\">\r\n<span data-balloon-length=\"medium\" aria-label=\"Gradua\u00e7\u00e3o superior em Nutri\u00e7\u00e3o, devidamente reconhecido pelo Minist\u00e9rio da Educa\u00e7\u00e3o. Registro profissional no Conselho Regional de Nutricionistas - CRN.\" data-balloon-pos=\"up\">Nutricionista<\/span><\/td>\r\n<td class=\"cvagas\">03<\/td>\r\n<td class=\"cremuneracao\">R$ 1.518,00 \/40h<\/td>\r\n<\/tr><tr>\r\n<td class=\"ccargos\">\r\n<span data-balloon-length=\"medium\" aria-label=\"Gradua\u00e7\u00e3o superior em Odontologia, devidamente reconhecido pelo Minist\u00e9rio da Educa\u00e7\u00e3o. Registro profissional no Conselho Regional de Odontologia - CRO.\" data-balloon-pos=\"up\">Odont\u00f3logo<\/span><\/td>\r\n<td class=\"cvagas\">05<\/td>\r\n<td class=\"cremuneracao\">R$ 1.800,00 \/40h<\/td>\r\n<\/tr><tr>\r\n<td class=\"ccargos\">\r\n<span data-balloon-length=\"medium\" aria-label=\"Gradua\u00e7\u00e3o superior em Psicologia, devidamente reconhecido pelo Minist\u00e9rio da Educa\u00e7\u00e3o. Registro profissional no Conselho Regional de Psicologia - CRP.\" data-balloon-pos=\"up\">Psic\u00f3logo<\/span><\/td>\r\n<td class=\"cvagas\">03<\/td>\r\n<td class=\"cremuneracao\">R$ 1.518,00 \/40h<\/td>\r\n<\/tr><tr>\r\n<td class=\"ccargos\">\r\n<span data-balloon-length=\"medium\" aria-label=\"Forma\u00e7\u00e3o em Magist\u00e9rio de n\u00edvel m\u00e9dio, curso de Licenciatura em andamento ou Diploma de Licenciatura em Pedagogia ou outra Licenciatura devidamente registrado, expedido por Institui\u00e7\u00e3o de Ensino Superior em situa\u00e7\u00e3o regular no cadastro do Minist\u00e9rio da Educa\u00e7\u00e3o (MEC).\" data-balloon-pos=\"up\">Professor Municipal de Educa\u00e7\u00e3o Infantil, Anos Iniciais do Ensino Fundamental<\/span><\/td>\r\n<td class=\"cvagas\">60<\/td>\r\n<td class=\"cremuneracao\">R$ 2.290,29 \/20h<\/td>\r\n<\/tr><tr>\r\n<td class=\"ccargos\">\r\n<span data-balloon-length=\"medium\" aria-label=\"Forma\u00e7\u00e3o em Magist\u00e9rio de n\u00edvel m\u00e9dio, curso de Licenciatura em andamento ou Diploma de Licenciatura em Pedagogia ou outra Licenciatura devidamente registrado, expedido por Institui\u00e7\u00e3o de Ensino Superior em situa\u00e7\u00e3o regular no cadastro do Minist\u00e9rio da Educa\u00e7\u00e3o (MEC).\" data-balloon-pos=\"up\">Professor Municipal de Educa\u00e7\u00e3o de Jovens e Adultos<\/span><\/td>\r\n<td class=\"cvagas\">20<\/td>\r\n<td class=\"cremuneracao\">R$ 1.659,59 \/20h<\/td>\r\n<\/tr><tr>\r\n<td class=\"ccargos\">\r\n<span data-balloon-length=\"medium\" aria-label=\"Diploma, devidamente registrado, de curso de Licenciatura plena em Ci\u00eancias Biol\u00f3gicas, expedido por Institui\u00e7\u00e3o de Ensino Superior em situa\u00e7\u00e3o regular no cadastro do Minist\u00e9rio da Educa\u00e7\u00e3o (MEC).\" data-balloon-pos=\"up\">Professor (a) Municipal Licenciatura em Ci\u00eancias Biol\u00f3gicas<\/span><\/td>\r\n<td class=\"cvagas\">07<\/td>\r\n<td class=\"cremuneracao\">R$ 2.290,29 \/20h<\/td>\r\n<\/tr><tr>\r\n<td class=\"ccargos\">\r\n<span data-balloon-length=\"medium\" aria-label=\"Diploma, devidamente registrado, de curso de Licenciatura plena em Educa\u00e7\u00e3o F\u00edsica, expedido por Institui\u00e7\u00e3o de Ensino Superior em situa\u00e7\u00e3o regular no cadastro do Minist\u00e9rio da Educa\u00e7\u00e3o (MEC).\" data-balloon-pos=\"up\">Professor (a) Municipal Licenciatura em Educa\u00e7\u00e3o F\u00edsica<\/span><\/td>\r\n<td class=\"cvagas\">07<\/td>\r\n<td class=\"cremuneracao\">R$ 2.290,29 \/20h<\/td>\r\n<\/tr><tr>\r\n<td class=\"ccargos\">\r\n<span data-balloon-length=\"medium\" aria-label=\"Diploma, devidamente registrado, de curso de Licenciatura plena em Geografia, expedido por Institui\u00e7\u00e3o de Ensino Superior em situa\u00e7\u00e3o regular no cadastro do Minist\u00e9rio da Educa\u00e7\u00e3o (MEC).\" data-balloon-pos=\"up\">Professor (a) Municipal Licenciatura em Geografia<\/span><\/td>\r\n<td class=\"cvagas\">05<\/td>\r\n<td class=\"cremuneracao\">R$ 2.290,29 \/20h<\/td>\r\n<\/tr><tr>\r\n<td class=\"ccargos\">\r\n<span data-balloon-length=\"medium\" aria-label=\"Diploma, devidamente registrado, de curso de Licenciatura plena em Hist\u00f3ria, expedido por Institui\u00e7\u00e3o de Ensino Superior em situa\u00e7\u00e3o regular no cadastro do Minist\u00e9rio da Educa\u00e7\u00e3o (MEC).\" data-balloon-pos=\"up\">Professor (a) Municipal Licenciatura em Hist\u00f3ria<\/span><\/td>\r\n<td class=\"cvagas\">03<\/td>\r\n<td class=\"cremuneracao\">R$ 2.290,29 \/20h<\/td>\r\n<\/tr><tr>\r\n<td class=\"ccargos\">\r\n<span data-balloon-length=\"medium\" aria-label=\"Diploma, devidamente registrado, de curso de Licenciatura plena em Licenciatura em L\u00edngua Inglesa, expedido por Institui\u00e7\u00e3o de Ensino Superior em situa\u00e7\u00e3o regular no cadastro do Minist\u00e9rio da Educa\u00e7\u00e3o (MEC).\" data-balloon-pos=\"up\">Professor (a) Municipal Licenciatura em L\u00edngua Inglesa<\/span><\/td>\r\n<td class=\"cvagas\">03<\/td>\r\n<td class=\"cremuneracao\">R$ 2.290,29 \/20h<\/td>\r\n<\/tr><tr>\r\n<td class=\"ccargos\">\r\n<span data-balloon-length=\"medium\" aria-label=\"Diploma, devidamente registrado, de curso de Licenciatura plena em Licenciatura em L\u00edngua Portuguesa, expedido por Institui\u00e7\u00e3o de Ensino Superior em situa\u00e7\u00e3o regular no cadastro do Minist\u00e9rio da Educa\u00e7\u00e3o (MEC).\" data-balloon-pos=\"up\">Professor (a) Municipal Licenciatura em L\u00edngua Portuguesa<\/span><\/td>\r\n<td class=\"cvagas\">12<\/td>\r\n<td class=\"cremuneracao\">R$ 2.290,29 \/20h<\/td>\r\n<\/tr><tr>\r\n<td class=\"ccargos\">\r\n<span data-balloon-length=\"medium\" aria-label=\"Diploma, devidamente registrado, de curso de Licenciatura plena em Licenciatura em Matem\u00e1tica, expedido por Institui\u00e7\u00e3o de Ensino Superior em situa\u00e7\u00e3o regular no cadastro do Minist\u00e9rio da Educa\u00e7\u00e3o (MEC).\" data-balloon-pos=\"up\">Professor (a) Municipal Licenciatura em Matem\u00e1tica<\/span><\/td>\r\n<td class=\"cvagas\">14<\/td>\r\n<td class=\"cremuneracao\">R$ 2.290,29 \/20h<\/td>\r\n<\/tr><tr>\r\n<td class=\"ccargos\">\r\n<span data-balloon-length=\"medium\" aria-label=\"Diploma, devidamente registrado, de curso de Licenciatura plena em Licenciatura em Arte, expedido por Institui\u00e7\u00e3o de Ensino Superior em situa\u00e7\u00e3o regular no cadastro do Minist\u00e9rio da Educa\u00e7\u00e3o (MEC).\" data-balloon-pos=\"up\">Professor (a) Municipal Licenciatura em Arte<\/span><\/td>\r\n<td class=\"cvagas\">01<\/td>\r\n<td class=\"cremuneracao\">R$ 2.290,29 \/20h<\/td>\r\n<\/tr>\r\n    <\/tbody>\r\n  <\/table>\r\n<\/div>"},"_links":{"self":[{"href":"https:\/\/www.agrobase.com.br\/concursos\/wp-json\/wp\/v2\/posts\/269946","targetHints":{"allow":["GET"]}}],"collection":[{"href":"https:\/\/www.agrobase.com.br\/concursos\/wp-json\/wp\/v2\/posts"}],"about":[{"href":"https:\/\/www.agrobase.com.br\/concursos\/wp-json\/wp\/v2\/types\/post"}],"author":[{"embeddable":true,"href":"https:\/\/www.agrobase.com.br\/concursos\/wp-json\/wp\/v2\/users\/7"}],"replies":[{"embeddable":true,"href":"https:\/\/www.agrobase.com.br\/concursos\/wp-json\/wp\/v2\/comments?post=269946"}],"version-history":[{"count":2,"href":"https:\/\/www.agrobase.com.br\/concursos\/wp-json\/wp\/v2\/posts\/269946\/revisions"}],"predecessor-version":[{"id":269949,"href":"https:\/\/www.agrobase.com.br\/concursos\/wp-json\/wp\/v2\/posts\/269946\/revisions\/269949"}],"wp:featuredmedia":[{"embeddable":true,"href":"https:\/\/www.agrobase.com.br\/concursos\/wp-json\/wp\/v2\/media\/269945"}],"wp:attachment":[{"href":"https:\/\/www.agrobase.com.br\/concursos\/wp-json\/wp\/v2\/media?parent=269946"}],"wp:term":[{"taxonomy":"category","embeddable":true,"href":"https:\/\/www.agrobase.com.br\/concursos\/wp-json\/wp\/v2\/categories?post=269946"},{"taxonomy":"post_tag","embeddable":true,"href":"https:\/\/www.agrobase.com.br\/concursos\/wp-json\/wp\/v2\/tags?post=269946"},{"taxonomy":"_amplo","embeddable":true,"href":"https:\/\/www.agrobase.com.br\/concursos\/wp-json\/wp\/v2\/_amplo?post=269946"},{"taxonomy":"destaque","embeddable":true,"href":"https:\/\/www.agrobase.com.br\/concursos\/wp-json\/wp\/v2\/destaque?post=269946"},{"taxonomy":"instituicoes","embeddable":true,"href":"https:\/\/www.agrobase.com.br\/concursos\/wp-json\/wp\/v2\/instituicoes?post=269946"}],"curies":[{"name":"wp","href":"https:\/\/api.w.org\/{rel}","templated":true}]}}