{"id":269922,"date":"2025-08-12T08:20:57","date_gmt":"2025-08-12T11:20:57","guid":{"rendered":"https:\/\/www.agrobase.com.br\/concursos\/?p=269922"},"modified":"2025-08-11T15:18:45","modified_gmt":"2025-08-11T18:18:45","slug":"ufla-mg-concurso-58-2025","status":"publish","type":"post","link":"https:\/\/www.agrobase.com.br\/concursos\/2025\/ufla-mg-concurso-58-2025\/","title":{"rendered":"UFLA (MG) &#8211; Concurso 58\/2025"},"content":{"rendered":"<h2>Informa\u00e7\u00f5es Gerais<\/h2>\n<p>A Universidade Federal de Lavras (UFLA) abriu um novo concurso p\u00fablico, regido pelo <strong>Edital n\u00ba 58\/2025<\/strong>, para o preenchimento de cargos efetivos na carreira de servidores t\u00e9cnico-administrativos. Com o edital j\u00e1 publicado, o certame oferece um total de 34 vagas imediatas, al\u00e9m da forma\u00e7\u00e3o de cadastro de reserva, para os c\u00e2mpus de Lavras-MG e S\u00e3o Sebasti\u00e3o do Para\u00edso-MG.<\/p>\n<p>As oportunidades contemplam os n\u00edveis de escolaridade <strong>m\u00e9dio\/t\u00e9cnico (N\u00edvel D) e superior (N\u00edvel E)<\/strong>, com contrata\u00e7\u00e3o sob o regime estatut\u00e1rio, que garante estabilidade ao servidor. As vagas est\u00e3o distribu\u00eddas em diversas \u00e1reas, como administra\u00e7\u00e3o, tecnologia da informa\u00e7\u00e3o e educa\u00e7\u00e3o.<\/p>\n<p>Para os profissionais da \u00e1rea da sa\u00fade, o concurso se destaca por oferecer vagas para os cargos de <strong>Enfermeiro e M\u00e9dico<\/strong> em diferentes especialidades, representando uma excelente oportunidade de ingresso na carreira p\u00fablica federal.<\/p>\n<h2>Inscri\u00e7\u00f5es<\/h2>\n<p>As inscri\u00e7\u00f5es para o concurso da UFLA ser\u00e3o realizadas exclusivamente pela internet, no per\u00edodo de <strong>11 de agosto de 2025 a 12 de setembro de 2025<\/strong>. Os interessados dever\u00e3o acessar o portal oficial de concursos da universidade para preencher o formul\u00e1rio de inscri\u00e7\u00e3o.<\/p>\n<p>Os valores da taxa de inscri\u00e7\u00e3o foram definidos de acordo com o n\u00edvel de escolaridade do cargo pretendido:<\/p>\n<ul>\n<li><strong>N\u00edvel D (M\u00e9dio\/T\u00e9cnico):<\/strong> R$ 120,00<\/li>\n<li><strong>N\u00edvel E (Superior):<\/strong> R$ 200,00<\/li>\n<\/ul>\n<p>O pagamento da taxa deve ser efetuado at\u00e9 o dia <strong>15 de setembro de 2025<\/strong>, por meio da plataforma PagTesouro, que aceita quita\u00e7\u00e3o via PIX ou Cart\u00e3o de Cr\u00e9dito. \u00c9 importante notar que, dependendo da forma de pagamento, podem incidir tarifas do prestador de servi\u00e7o. Ap\u00f3s a conclus\u00e3o do cadastro, o candidato deve acompanhar a situa\u00e7\u00e3o de sua inscri\u00e7\u00e3o na \u00e1rea restrita &#8220;Minhas Inscri\u00e7\u00f5es&#8221; no sistema da UFLA.<\/p>\n<h2>Etapas e Provas<\/h2>\n<p>O processo seletivo do concurso da Universidade Federal de Lavras (UFLA) ser\u00e1 composto por uma <strong>\u00fanica etapa<\/strong> para todos os cargos, de car\u00e1ter eliminat\u00f3rio e classificat\u00f3rio. Esta fase consistir\u00e1 em uma Prova Objetiva de m\u00faltipla escolha, com dura\u00e7\u00e3o total de 4 horas.<\/p>\n<p>Confira os principais detalhes da avalia\u00e7\u00e3o:<\/p>\n<ul>\n<li><strong>Formato:<\/strong> Prova Objetiva de m\u00faltipla escolha.<\/li>\n<li><strong>Car\u00e1ter:<\/strong> Eliminat\u00f3rio e Classificat\u00f3rio.<\/li>\n<li><strong>Data Prevista:<\/strong> 30 de novembro de 2025.<\/li>\n<li><strong>Local:<\/strong> As provas ser\u00e3o aplicadas na cidade de Lavras &#8211; MG.<\/li>\n<li><strong>Conte\u00fado Program\u00e1tico:<\/strong> As disciplinas e os conte\u00fados espec\u00edficos para cada cargo ser\u00e3o divulgados a partir de 11 de agosto de 2025, na p\u00e1gina oficial do concurso.<\/li>\n<li><strong>Crit\u00e9rios de Elimina\u00e7\u00e3o:<\/strong> Ser\u00e1 eliminado o candidato que obtiver pontua\u00e7\u00e3o zero em qualquer um dos conte\u00fados da prova ou que alcan\u00e7ar um desempenho inferior a 50% nas quest\u00f5es de Conhecimento Espec\u00edfico.<\/li>\n<\/ul>\n<h2>Resultados e Gabarito<\/h2>\n<p>A divulga\u00e7\u00e3o dos resultados do concurso da UFLA seguir\u00e1 um cronograma espec\u00edfico. O gabarito preliminar e o caderno de provas ser\u00e3o disponibilizados na p\u00e1gina do edital a partir das 10h do dia seguinte \u00e0 realiza\u00e7\u00e3o da prova. Ap\u00f3s o per\u00edodo de recursos, o gabarito definitivo ser\u00e1 publicado.<\/p>\n<p>O resultado preliminar do concurso ser\u00e1 divulgado no site oficial, e os candidatos poder\u00e3o consultar a imagem digitalizada de seus formul\u00e1rios de respostas. Em caso de empate na pontua\u00e7\u00e3o final, os crit\u00e9rios de desempate seguir\u00e3o a seguinte ordem:<\/p>\n<ul>\n<li>Idade igual ou superior a 60 anos;<\/li>\n<li>Maior pontua\u00e7\u00e3o nas quest\u00f5es de Conhecimento Espec\u00edfico;<\/li>\n<li>Maior idade (data de nascimento mais antiga).<\/li>\n<\/ul>\n<p>O resultado final ser\u00e1 <strong>homologado<\/strong> pelo Reitor da UFLA, tornando a classifica\u00e7\u00e3o oficial, e publicado no Di\u00e1rio Oficial da Uni\u00e3o (DOU) e na p\u00e1gina do concurso. A convoca\u00e7\u00e3o dos aprovados para a nomea\u00e7\u00e3o ocorrer\u00e1 de acordo com a necessidade da institui\u00e7\u00e3o e a ordem de classifica\u00e7\u00e3o, devendo ser acompanhada pelos mesmos canais oficiais.<\/p>\n<p>\u00c9 de responsabilidade exclusiva do candidato acompanhar todas as publica\u00e7\u00f5es, convoca\u00e7\u00f5es e comunicados referentes ao concurso p\u00fablico no site da UFLA e no Di\u00e1rio Oficial da Uni\u00e3o.<\/p>\n","protected":false},"excerpt":{"rendered":"<p>Concurso UFLA (MG) com edital publicado! Vagas p\/ TI e Administra\u00e7\u00e3o (M\u00e9dio\/Superior). Inscri\u00e7\u00f5es a partir de 11\/08. Sal\u00e1rios at\u00e9 R$ 4.9k. Confira detalhes!<\/p>\n","protected":false},"author":7,"featured_media":269921,"comment_status":"open","ping_status":"open","sticky":false,"template":"","format":"standard","meta":{"_acf_changed":false,"_breakdance_hide_in_design_set":false,"_breakdance_tags":"","footnotes":""},"categories":[126,12,151,21,25,159],"tags":[50],"_amplo":[],"destaque":[],"instituicoes":[],"class_list":["post-269922","post","type-post","status-publish","format-standard","has-post-thumbnail","hentry","category-ciencia-computacao","category-enfermagem","category-engenharia-computacao","category-medicina","category-pedagogia","category-tecnologia-da-informacao","tag-minas-gerais"],"acf":{"_tipo_vagas":"vagas","_numero_vagas":"","_quadro_vagas":"","_cargos":"diversos","_cargos_especificos":"","_salario_max":"R$ 4967.04","_abertura":"20250811","_encerramento":"20250912","_inscricoes":"https:\/\/sig.ufla.br\/modulos\/publico\/editais_servidores","_executora_concurso":"","_instituicao_concurso":[],"_link_adicional":null,"_anexos":null,"_produtos":null,"_vagas":"34 vagas + CR","_salario_min":"R$ 3029.9","_instituicao":"UFLA","_edital":"https:\/\/www.agrobase.com.br\/concursos\/wp-content\/uploads\/sites\/4\/2025\/08\/edital-58-2025-ufla-mg.pdf","_anexos_edital":"","_fund_incompleto":"","_fund_completo":"","_medio":"<div>\r\n<table class=\"quadro\">\r\n<thead>\r\n<tr>\r\n<th class=\"hcargo\">Cargo<\/th>\r\n<th class=\"hvagas\">Vagas<\/th>\r\n<th class=\"hremuneracao\">Remunera\u00e7\u00e3o<\/th>\r\n<\/tr>\r\n<\/thead>\r\n    <tbody>\r\n      <td class=\"ccargos\">\r\n<span data-balloon-length=\"medium\" aria-label=\"Ensino M\u00e9dio Profissionalizante ou Ensino M\u00e9dio Completo.\" data-balloon-pos=\"up\">Assistente em Administra\u00e7\u00e3o<\/span><\/td>\r\n<td class=\"cvagas\">12 + CR<\/td>\r\n<td class=\"cremuneracao\">R$ 3.029,90 \/40h<\/td>\r\n<\/tr><td class=\"ccargos\">\r\n<span data-balloon-length=\"medium\" aria-label=\"Ensino M\u00e9dio Profissionalizante ou Ensino M\u00e9dio Completo.\" data-balloon-pos=\"up\">Assistente em Administra\u00e7\u00e3o<\/span><\/td>\r\n<td class=\"cvagas\">02 + CR<\/td>\r\n<td class=\"cremuneracao\">R$ 3.029,90 \/40h<\/td>\r\n<\/tr><td class=\"ccargos\">\r\n<span data-balloon-length=\"medium\" aria-label=\"Curso M\u00e9dio Profissionalizante ou Ensino M\u00e9dio Completo + Curso T\u00e9cnico em eletr\u00f4nica com \u00eanfase em sistemas computacionais.\" data-balloon-pos=\"up\">T\u00e9cnico em Tecnologia da Informa\u00e7\u00e3o<\/span><\/td>\r\n<td class=\"cvagas\">02 + CR<\/td>\r\n<td class=\"cremuneracao\">R$ 3.029,90 \/40h<\/td>\r\n<\/tr><td class=\"ccargos\">\r\n<span data-balloon-length=\"medium\" aria-label=\"Curso M\u00e9dio Profissionalizante ou Ensino M\u00e9dio Completo + Curso T\u00e9cnico em eletr\u00f4nica com \u00eanfase em sistemas computacionais.\" data-balloon-pos=\"up\">T\u00e9cnico em Tecnologia da Informa\u00e7\u00e3o<\/span><\/td>\r\n<td class=\"cvagas\">01 + CR<\/td>\r\n<td class=\"cremuneracao\">R$ 3.029,90 \/40h<\/td>\r\n<\/tr>\r\n    <\/tbody>\r\n  <\/table>\r\n<\/div>","_superior":"<div>\r\n<table class=\"quadro\">\r\n<thead>\r\n<tr>\r\n<th class=\"hcargo\">Cargo<\/th>\r\n<th class=\"hvagas\">Vagas<\/th>\r\n<th class=\"hremuneracao\">Remunera\u00e7\u00e3o<\/th>\r\n<\/tr>\r\n<\/thead>\r\n    <tbody>\r\n      <tr>\r\n<td class=\"ccargos\">\r\n<span data-balloon-length=\"medium\" aria-label=\"Curso superior em n\u00edvel de gradua\u00e7\u00e3o na \u00e1rea (Gradua\u00e7\u00e3o em Ci\u00eancias da Computa\u00e7\u00e3o; ou Gradua\u00e7\u00e3o em Ci\u00eancias de Dados; ou An\u00e1lise e Desenvolvimento de Sistemas; ou Engenharia da Computa\u00e7\u00e3o; ou Sistemas de Informa\u00e7\u00e3o; ou Desenvolvimento de Sistema de Informa\u00e7\u00e3o; ou Sistemas para Internet; ou Engenharia de Sistemas; ou Redes de Computadores; ou Engenharia de Software).\" data-balloon-pos=\"up\">Analista de Tecnologia da Informa\u00e7\u00e3o<\/span><\/td>\r\n<td class=\"cvagas\">01 + CR<\/td>\r\n<td class=\"cremuneracao\">R$ 4.967,04 \/40h<\/td>\r\n<\/tr><tr>\r\n<td class=\"ccargos\">\r\n<span data-balloon-length=\"medium\" aria-label=\"Curso superior completo de Enfermagem e\/ou registro no conselho competente.\" data-balloon-pos=\"up\">Enfermeiro<\/span><\/td>\r\n<td class=\"cvagas\">02 + CR<\/td>\r\n<td class=\"cremuneracao\">R$ 4.967,04 \/40h<\/td>\r\n<\/tr><tr>\r\n<td class=\"ccargos\">\r\n<span data-balloon-length=\"medium\" aria-label=\"Curso superior completo em Medicina e\/ou registro no conselho competente.\" data-balloon-pos=\"up\">M\u00e9dico\/Medicina Generalista<\/span><\/td>\r\n<td class=\"cvagas\">01 + CR<\/td>\r\n<td class=\"cremuneracao\">R$ 4.967,04 \/20h<\/td>\r\n<\/tr><tr>\r\n<td class=\"ccargos\">\r\n<span data-balloon-length=\"medium\" aria-label=\"Curso superior completo em Medicina e\/ou registro no conselho competente.\" data-balloon-pos=\"up\">M\u00e9dico\/Cl\u00ednica M\u00e9dica<\/span><\/td>\r\n<td class=\"cvagas\">01 + CR<\/td>\r\n<td class=\"cremuneracao\">R$ 4.967,04 \/20h<\/td>\r\n<\/tr><tr>\r\n<td class=\"ccargos\">\r\n<span data-balloon-length=\"medium\" aria-label=\"Curso superior completo em Medicina e\/ou registro no conselho competente.\" data-balloon-pos=\"up\">M\u00e9dico\/Medicina da Fam\u00edlia e Comunidade<\/span><\/td>\r\n<td class=\"cvagas\">01 + CR<\/td>\r\n<td class=\"cremuneracao\">R$ 4.967,04 \/20h<\/td>\r\n<\/tr><tr>\r\n<td class=\"ccargos\">\r\n<span data-balloon-length=\"medium\" aria-label=\"Curso superior completo em Medicina e\/ou registro no conselho competente.\" data-balloon-pos=\"up\">M\u00e9dico\/Pediatria<\/span><\/td>\r\n<td class=\"cvagas\">01 + CR<\/td>\r\n<td class=\"cremuneracao\">R$ 4.967,04 \/20h<\/td>\r\n<\/tr><tr>\r\n<td class=\"ccargos\">\r\n<span data-balloon-length=\"medium\" aria-label=\"Curso Superior em Pedagogia ou Licenciaturas.\" data-balloon-pos=\"up\">T\u00e9cnico em Assuntos Educacionais<\/span><\/td>\r\n<td class=\"cvagas\">08 + CR<\/td>\r\n<td class=\"cremuneracao\">R$ 4.967,04 \/40h<\/td>\r\n<\/tr><tr>\r\n<td class=\"ccargos\">\r\n<span data-balloon-length=\"medium\" aria-label=\"Curso Superior em Pedagogia ou Licenciaturas.\" data-balloon-pos=\"up\">T\u00e9cnico em Assuntos Educacionais<\/span><\/td>\r\n<td class=\"cvagas\">02 + CR<\/td>\r\n<td class=\"cremuneracao\">R$ 4.967,04 \/40h<\/td>\r\n<\/tr>\r\n    <\/tbody>\r\n  <\/table>\r\n<\/div>"},"_links":{"self":[{"href":"https:\/\/www.agrobase.com.br\/concursos\/wp-json\/wp\/v2\/posts\/269922","targetHints":{"allow":["GET"]}}],"collection":[{"href":"https:\/\/www.agrobase.com.br\/concursos\/wp-json\/wp\/v2\/posts"}],"about":[{"href":"https:\/\/www.agrobase.com.br\/concursos\/wp-json\/wp\/v2\/types\/post"}],"author":[{"embeddable":true,"href":"https:\/\/www.agrobase.com.br\/concursos\/wp-json\/wp\/v2\/users\/7"}],"replies":[{"embeddable":true,"href":"https:\/\/www.agrobase.com.br\/concursos\/wp-json\/wp\/v2\/comments?post=269922"}],"version-history":[{"count":3,"href":"https:\/\/www.agrobase.com.br\/concursos\/wp-json\/wp\/v2\/posts\/269922\/revisions"}],"predecessor-version":[{"id":269926,"href":"https:\/\/www.agrobase.com.br\/concursos\/wp-json\/wp\/v2\/posts\/269922\/revisions\/269926"}],"wp:featuredmedia":[{"embeddable":true,"href":"https:\/\/www.agrobase.com.br\/concursos\/wp-json\/wp\/v2\/media\/269921"}],"wp:attachment":[{"href":"https:\/\/www.agrobase.com.br\/concursos\/wp-json\/wp\/v2\/media?parent=269922"}],"wp:term":[{"taxonomy":"category","embeddable":true,"href":"https:\/\/www.agrobase.com.br\/concursos\/wp-json\/wp\/v2\/categories?post=269922"},{"taxonomy":"post_tag","embeddable":true,"href":"https:\/\/www.agrobase.com.br\/concursos\/wp-json\/wp\/v2\/tags?post=269922"},{"taxonomy":"_amplo","embeddable":true,"href":"https:\/\/www.agrobase.com.br\/concursos\/wp-json\/wp\/v2\/_amplo?post=269922"},{"taxonomy":"destaque","embeddable":true,"href":"https:\/\/www.agrobase.com.br\/concursos\/wp-json\/wp\/v2\/destaque?post=269922"},{"taxonomy":"instituicoes","embeddable":true,"href":"https:\/\/www.agrobase.com.br\/concursos\/wp-json\/wp\/v2\/instituicoes?post=269922"}],"curies":[{"name":"wp","href":"https:\/\/api.w.org\/{rel}","templated":true}]}}