{"id":269902,"date":"2025-08-12T07:50:35","date_gmt":"2025-08-12T10:50:35","guid":{"rendered":"https:\/\/www.agrobase.com.br\/concursos\/?p=269902"},"modified":"2025-08-11T14:33:42","modified_gmt":"2025-08-11T17:33:42","slug":"prefeitura-paramoti-ce-concurso-01-2025","status":"publish","type":"post","link":"https:\/\/www.agrobase.com.br\/concursos\/2025\/prefeitura-paramoti-ce-concurso-01-2025\/","title":{"rendered":"Prefeitura Paramoti (CE) &#8211; Concurso 01\/2025"},"content":{"rendered":"<h2>Informa\u00e7\u00f5es Gerais<\/h2>\n<p>A Prefeitura Municipal de Paramoti, no Cear\u00e1, publicou o edital para seu novo Concurso P\u00fablico, organizado pela Funda\u00e7\u00e3o CETREDE. O certame visa preencher 89 vagas imediatas e formar cadastro de reserva para o Quadro Permanente de Pessoal, sob o regime Estatut\u00e1rio. As oportunidades abrangem todos os n\u00edveis de escolaridade: fundamental (completo e incompleto), m\u00e9dio, t\u00e9cnico e superior.<\/p>\n<p>As vagas est\u00e3o distribu\u00eddas em diversas \u00e1reas, como administra\u00e7\u00e3o, sa\u00fade, educa\u00e7\u00e3o e servi\u00e7os gerais. <strong>Para os profissionais de \u00e1reas de interesse do nosso portal, o concurso oferece vagas para M\u00e9dico Veterin\u00e1rio e Nutricionista<\/strong>, al\u00e9m de outras carreiras na \u00e1rea da sa\u00fade como M\u00e9dico, Enfermeiro, Fisioterapeuta e Farmac\u00eautico Bioqu\u00edmico.<\/p>\n<p>Este \u00e9 um certame de grande porte, com remunera\u00e7\u00f5es que variam de R$ 1.518,00 a R$ 10.000,00.<\/p>\n<h2>Inscri\u00e7\u00f5es<\/h2>\n<p>As inscri\u00e7\u00f5es para o Concurso da Prefeitura de Paramoti ser\u00e3o realizadas exclusivamente pela internet, no site da banca organizadora, a Funda\u00e7\u00e3o CETREDE. O per\u00edodo para se inscrever vai de <strong>08 de agosto de 2025 a 08 de setembro de 2025<\/strong>.<\/p>\n<p>As taxas de inscri\u00e7\u00e3o foram definidas de acordo com o n\u00edvel de escolaridade do cargo pretendido:<\/p>\n<ul>\n<li><strong>N\u00edvel Superior:<\/strong> R$ 140,00<\/li>\n<li><strong>N\u00edvel M\u00e9dio:<\/strong> R$ 100,00<\/li>\n<li><strong>N\u00edvel Fundamental:<\/strong> R$ 80,00<\/li>\n<\/ul>\n<p>O pagamento da taxa deve ser efetuado por meio de boleto banc\u00e1rio, que poder\u00e1 ser pago em qualquer banco, casas lot\u00e9ricas ou Correios, com vencimento impreter\u00edvel em <strong>09 de setembro de 2025<\/strong>. A confirma\u00e7\u00e3o da inscri\u00e7\u00e3o ocorrer\u00e1 ap\u00f3s a compensa\u00e7\u00e3o do pagamento.<\/p>\n<p>Haver\u00e1 possibilidade de solicitar isen\u00e7\u00e3o da taxa de inscri\u00e7\u00e3o para candidatos amparados pelo Decreto Federal n\u00ba 6.593\/2008, que comprovem inscri\u00e7\u00e3o no Cadastro \u00danico para Programas Sociais do Governo Federal (Cad\u00danico) e sejam membros de fam\u00edlia de baixa renda. Os procedimentos e prazos para a solicita\u00e7\u00e3o de isen\u00e7\u00e3o devem ser consultados diretamente no edital.<\/p>\n<h2>Etapas e Provas<\/h2>\n<p>O processo seletivo do Concurso de Paramoti ser\u00e1 estruturado em at\u00e9 tr\u00eas etapas, variando conforme o cargo escolhido. Todos os candidatos ser\u00e3o avaliados por meio de provas objetivas, com etapas adicionais para cargos espec\u00edficos.<\/p>\n<p>As etapas previstas s\u00e3o:<\/p>\n<ul>\n<li><strong>Prova Objetiva:<\/strong> de car\u00e1ter eliminat\u00f3rio e classificat\u00f3rio, para <em>todos os cargos<\/em>. A prova ser\u00e1 composta por 60 quest\u00f5es de m\u00faltipla escolha (A, B, C, D, E), divididas em:\n<ul>\n<li>Conhecimentos Gerais (P1): 40 quest\u00f5es<\/li>\n<li>Conhecimentos Espec\u00edficos (P2): 20 quest\u00f5es<\/li>\n<\/ul>\n<p>Para ser aprovado, o candidato dever\u00e1 obter nota m\u00ednima de 50 pontos em cada uma das provas (P1 e P2). A dura\u00e7\u00e3o total ser\u00e1 de 4 horas.<\/p>\n<\/li>\n<li><strong>Prova Discursiva\/Produ\u00e7\u00e3o Textual:<\/strong> de car\u00e1ter eliminat\u00f3rio e classificat\u00f3rio, aplicada apenas para os cargos de <em>Professor (todas as \u00e1reas) e Psicopedagogo<\/em>. A prova consistir\u00e1 na elabora\u00e7\u00e3o de um texto de 20 a 30 linhas sobre temas da atualidade e valer\u00e1 100 pontos, exigindo nota m\u00ednima de 50 para aprova\u00e7\u00e3o.<\/li>\n<li><strong>Prova de T\u00edtulos:<\/strong> de car\u00e1ter apenas classificat\u00f3rio, destinada aos candidatos de <em>n\u00edvel superior<\/em> aprovados nas etapas anteriores. Ser\u00e3o pontuados diplomas de Doutorado (6,0 pontos), Mestrado (4,0 pontos) e Especializa\u00e7\u00e3o (2,0 pontos), com pontua\u00e7\u00e3o m\u00e1xima de 12 pontos.<\/li>\n<\/ul>\n<p>As provas objetivas e discursivas est\u00e3o previstas para o dia <strong>05 de outubro de 2025<\/strong>.<\/p>\n<h2>Resultados e Gabarito<\/h2>\n<p>A divulga\u00e7\u00e3o dos resultados do Concurso de Paramoti seguir\u00e1 um cronograma estabelecido pela Funda\u00e7\u00e3o CETREDE, que ser\u00e1 publicado em seu site oficial. Os candidatos poder\u00e3o consultar os gabaritos preliminares e definitivos das provas objetivas, bem como os resultados de cada etapa, no endere\u00e7o eletr\u00f4nico da banca.<\/p>\n<p>A classifica\u00e7\u00e3o final dos candidatos ser\u00e1 ordenada em ordem decrescente da nota final. Em caso de empate, ser\u00e3o aplicados os seguintes crit\u00e9rios de desempate, nesta ordem:<\/p>\n<ul>\n<li>Idade igual ou superior a 60 anos (preced\u00eancia para o mais idoso);<\/li>\n<li>Maior nota na prova de Conhecimentos Espec\u00edficos (P2);<\/li>\n<li>Maior nota na Prova Discursiva\/Produ\u00e7\u00e3o Textual (quando aplic\u00e1vel);<\/li>\n<li>Maior idade (para os demais casos);<\/li>\n<li>Ter exercido a fun\u00e7\u00e3o de jurado.<\/li>\n<\/ul>\n<p>O resultado final do concurso ser\u00e1 homologado pela Prefeita Municipal de Paramoti e publicado no Di\u00e1rio Oficial do Estado do Cear\u00e1 e\/ou do Munic\u00edpio. Ap\u00f3s a homologa\u00e7\u00e3o, a convoca\u00e7\u00e3o para nomea\u00e7\u00e3o e posse ser\u00e1 realizada por meio de edital publicado no site oficial da Prefeitura de Paramoti (www.Paramoti.ce.gov.br), podendo haver tamb\u00e9m comunica\u00e7\u00e3o por carta registrada.<\/p>\n<p>\u00c9 de responsabilidade exclusiva do candidato acompanhar todas as publica\u00e7\u00f5es oficiais no site da banca organizadora durante o certame e no site da prefeitura e no Di\u00e1rio Oficial ap\u00f3s a homologa\u00e7\u00e3o do resultado final.<\/p>\n","protected":false},"excerpt":{"rendered":"<p>Concurso Pref. Paramoti (CE) com edital publicado! Vagas p\/ M\u00e9dico, Professor (Fund. a Sup.). Inscri\u00e7\u00f5es a partir de 08\/08. Sal\u00e1rios at\u00e9 R$ 10k. Confira detalhes!<\/p>\n","protected":false},"author":7,"featured_media":269901,"comment_status":"open","ping_status":"open","sticky":false,"template":"","format":"standard","meta":{"_acf_changed":false,"_breakdance_hide_in_design_set":false,"_breakdance_tags":"","footnotes":""},"categories":[106,6434,12,17,18,19,111,100,20,6871,116,21,22,23,24,25,26,101,108,134],"tags":[43],"_amplo":[],"destaque":[],"instituicoes":[],"class_list":["post-269902","post","type-post","status-publish","format-standard","has-post-thumbnail","hentry","category-bioquimica","category-educacao-fisica-licenciatura","category-enfermagem","category-farmacia","category-fisioterapia","category-fonoaudiologia","category-geografia","category-historia","category-letras","category-letras-ingles","category-matematica","category-medicina","category-veterinaria","category-nutricao","category-odontologia","category-pedagogia","category-psicologia","category-servico-social","category-tecnico-enfermagem","category-terapia-ocupacional","tag-ceara"],"acf":{"_tipo_vagas":"vagas","_numero_vagas":"","_quadro_vagas":"","_cargos":"diversos","_cargos_especificos":"","_salario_max":"R$ 10000","_abertura":"20250808","_encerramento":"20250908","_inscricoes":"https:\/\/www.fundacaocetrede.ufc.br","_executora_concurso":"","_instituicao_concurso":[],"_link_adicional":null,"_anexos":null,"_produtos":null,"_vagas":"89 vagas + CR","_salario_min":"R$ 1518","_instituicao":"Prefeitura de Paramoti","_edital":"https:\/\/www.agrobase.com.br\/concursos\/wp-content\/uploads\/sites\/4\/2025\/08\/edital-01-2025-prefeitura-de-paramoti-ce.pdf","_anexos_edital":"https:\/\/www.agrobase.com.br\/concursos\/wp-content\/uploads\/sites\/4\/2025\/08\/anexos-edital-01-2025-prefeitura-de-paramoti-ce.pdf","_fund_incompleto":"<div>\r\n<table class=\"quadro\">\r\n<thead>\r\n<tr>\r\n<th class=\"hcargo\">Cargo<\/th>\r\n<th class=\"hvagas\">Vagas<\/th>\r\n<th class=\"hremuneracao\">Remunera\u00e7\u00e3o<\/th>\r\n<\/tr>\r\n<\/thead>\r\n    <tbody>\r\n      <td class=\"ccargos\">\r\n<span data-balloon-length=\"medium\" aria-label=\"Ensino Fundamental Incompleto\" data-balloon-pos=\"up\">Coveiro<\/span><\/td>\r\n<td class=\"cvagas\">02 + CR<\/td>\r\n<td class=\"cremuneracao\">R$ 2.277,00 \/40h<\/td>\r\n<\/tr>\r\n    <\/tbody>\r\n  <\/table>\r\n<\/div>","_fund_completo":"<div>\r\n<table class=\"quadro\">\r\n<thead>\r\n<tr>\r\n<th class=\"hcargo\">Cargo<\/th>\r\n<th class=\"hvagas\">Vagas<\/th>\r\n<th class=\"hremuneracao\">Remunera\u00e7\u00e3o<\/th>\r\n<\/tr>\r\n<\/thead>\r\n    <tbody>\r\n      <td class=\"ccargos\">\r\n<span data-balloon-length=\"medium\" aria-label=\"Ensino Fundamental Completo\" data-balloon-pos=\"up\">Auxiliar de Servi\u00e7os Gerais<\/span><\/td>\r\n<td class=\"cvagas\">10 + CR<\/td>\r\n<td class=\"cremuneracao\">R$ 1.518,00 \/40h<\/td>\r\n<\/tr><td class=\"ccargos\">\r\n<span data-balloon-length=\"medium\" aria-label=\"Ensino Fundamental Completo\" data-balloon-pos=\"up\">Cozinheiro<\/span><\/td>\r\n<td class=\"cvagas\">02 + CR<\/td>\r\n<td class=\"cremuneracao\">R$ 1.518,00 \/40h<\/td>\r\n<\/tr><td class=\"ccargos\">\r\n<span data-balloon-length=\"medium\" aria-label=\"Ensino Fundamental Completo\" data-balloon-pos=\"up\">Gari<\/span><\/td>\r\n<td class=\"cvagas\">03 + CR<\/td>\r\n<td class=\"cremuneracao\">R$ 1.518,00 \/40h<\/td>\r\n<\/tr><td class=\"ccargos\">\r\n<span data-balloon-length=\"medium\" aria-label=\"Ensino Fundamental Completo\" data-balloon-pos=\"up\">Vigia<\/span><\/td>\r\n<td class=\"cvagas\">03 + CR<\/td>\r\n<td class=\"cremuneracao\">R$ 1.518,00 \/40h<\/td>\r\n<\/tr>\r\n    <\/tbody>\r\n  <\/table>\r\n<\/div>","_medio":"<div>\r\n<table class=\"quadro\">\r\n<thead>\r\n<tr>\r\n<th class=\"hcargo\">Cargo<\/th>\r\n<th class=\"hvagas\">Vagas<\/th>\r\n<th class=\"hremuneracao\">Remunera\u00e7\u00e3o<\/th>\r\n<\/tr>\r\n<\/thead>\r\n    <tbody>\r\n      <td class=\"ccargos\">\r\n<span data-balloon-length=\"medium\" aria-label=\"N\u00edvel M\u00e9dio Completo e conhecimentos de inform\u00e1tica\" data-balloon-pos=\"up\">Agente Administrativo<\/span><\/td>\r\n<td class=\"cvagas\">01 + CR<\/td>\r\n<td class=\"cremuneracao\">R$ 1.518,00 \/40h<\/td>\r\n<\/tr><td class=\"ccargos\">\r\n<span data-balloon-length=\"medium\" aria-label=\"N\u00edvel M\u00e9dio completo e conhecimentos de inform\u00e1tica\" data-balloon-pos=\"up\">Agente Comunit\u00e1rio de Endemias<\/span><\/td>\r\n<td class=\"cvagas\">01 + CR<\/td>\r\n<td class=\"cremuneracao\">R$ 3.036,00 \/40h<\/td>\r\n<\/tr><td class=\"ccargos\">\r\n<span data-balloon-length=\"medium\" aria-label=\"N\u00edvel m\u00e9dio completo\" data-balloon-pos=\"up\">Atendente de Farm\u00e1cia<\/span><\/td>\r\n<td class=\"cvagas\">02 + CR<\/td>\r\n<td class=\"cremuneracao\">R$ 1.518,00 \/40h<\/td>\r\n<\/tr><td class=\"ccargos\">\r\n<span data-balloon-length=\"medium\" aria-label=\"N\u00edvel M\u00e9dio Completo Com curso t\u00e9cnico de auxiliar odontol\u00f3gico\" data-balloon-pos=\"up\">Auxiliar de Consult\u00f3rio Dent\u00e1rio<\/span><\/td>\r\n<td class=\"cvagas\">02 + CR<\/td>\r\n<td class=\"cremuneracao\">R$ 1.518,00 \/40h<\/td>\r\n<\/tr><td class=\"ccargos\">\r\n<span data-balloon-length=\"medium\" aria-label=\"N\u00edvel m\u00e9dio completo\" data-balloon-pos=\"up\">Maqueiro<\/span><\/td>\r\n<td class=\"cvagas\">02 + CR<\/td>\r\n<td class=\"cremuneracao\">R$ 1.518,00 \/40h<\/td>\r\n<\/tr><td class=\"ccargos\">\r\n<span data-balloon-length=\"medium\" aria-label=\"N\u00edvel m\u00e9dio completo\" data-balloon-pos=\"up\">Motorista Categoria B<\/span><\/td>\r\n<td class=\"cvagas\">02 + CR<\/td>\r\n<td class=\"cremuneracao\">R$ 1.518,00 \/40h<\/td>\r\n<\/tr><td class=\"ccargos\">\r\n<span data-balloon-length=\"medium\" aria-label=\"N\u00edvel M\u00e9dio \/Curso de Socorrista e Curso de condutor Escolar\" data-balloon-pos=\"up\">Motorista Categoria D<\/span><\/td>\r\n<td class=\"cvagas\">07 + CR<\/td>\r\n<td class=\"cremuneracao\">R$ 2.000,00 \/40h<\/td>\r\n<\/tr><td class=\"ccargos\">\r\n<span data-balloon-length=\"medium\" aria-label=\"N\u00edvel M\u00e9dio com Curso T\u00e9cnico de Enfermagem e Registro no COREN\" data-balloon-pos=\"up\">T\u00e9cnico de Enfermagem<\/span><\/td>\r\n<td class=\"cvagas\">08 + CR<\/td>\r\n<td class=\"cremuneracao\">R$ 2.200,00 \/40h<\/td>\r\n<\/tr><td class=\"ccargos\">\r\n<span data-balloon-length=\"medium\" aria-label=\"N\u00edvel M\u00e9dio com Curso T\u00e9cnico ou Tecn\u00f3logo em Radiologia\" data-balloon-pos=\"up\">T\u00e9cnico de Radiologia<\/span><\/td>\r\n<td class=\"cvagas\">01 + CR<\/td>\r\n<td class=\"cremuneracao\">R$ 2.277,00 \/20h<\/td>\r\n<\/tr>\r\n    <\/tbody>\r\n  <\/table>\r\n<\/div>","_superior":"<div>\r\n<table class=\"quadro\">\r\n<thead>\r\n<tr>\r\n<th class=\"hcargo\">Cargo<\/th>\r\n<th class=\"hvagas\">Vagas<\/th>\r\n<th class=\"hremuneracao\">Remunera\u00e7\u00e3o<\/th>\r\n<\/tr>\r\n<\/thead>\r\n    <tbody>\r\n      <tr>\r\n<td class=\"ccargos\">\r\n<span data-balloon-length=\"medium\" aria-label=\"Superior completo em Servi\u00e7o Social com Registro Profissional\" data-balloon-pos=\"up\">Assistente Social<\/span><\/td>\r\n<td class=\"cvagas\">01 + CR<\/td>\r\n<td class=\"cremuneracao\">R$ 2.500,00 \/30h<\/td>\r\n<\/tr><tr>\r\n<td class=\"ccargos\">\r\n<span data-balloon-length=\"medium\" aria-label=\"Superior completo em Enfermagem. Registro Profissional\" data-balloon-pos=\"up\">Enfermeiro<\/span><\/td>\r\n<td class=\"cvagas\">03 + CR<\/td>\r\n<td class=\"cremuneracao\">R$ 2.500,00 \/40h<\/td>\r\n<\/tr><tr>\r\n<td class=\"ccargos\">\r\n<span data-balloon-length=\"medium\" aria-label=\"Superior completo em Farm\u00e1cia com Registro Profissional\" data-balloon-pos=\"up\">Farmac\u00eautico Bioqu\u00edmico<\/span><\/td>\r\n<td class=\"cvagas\">01 + CR<\/td>\r\n<td class=\"cremuneracao\">R$ 3.036,00 \/40h<\/td>\r\n<\/tr><tr>\r\n<td class=\"ccargos\">\r\n<span data-balloon-length=\"medium\" aria-label=\"Superior completo em Fisioterapia com Registro Profissional\" data-balloon-pos=\"up\">Fisioterapeuta<\/span><\/td>\r\n<td class=\"cvagas\">01 + CR<\/td>\r\n<td class=\"cremuneracao\">R$ 3.036,00 \/40h<\/td>\r\n<\/tr><tr>\r\n<td class=\"ccargos\">\r\n<span data-balloon-length=\"medium\" aria-label=\"Superior completo em Fonoaudiologia\" data-balloon-pos=\"up\">Fonoaudi\u00f3logo<\/span><\/td>\r\n<td class=\"cvagas\">01 + CR<\/td>\r\n<td class=\"cremuneracao\">R$ 3.036,00 \/30h<\/td>\r\n<\/tr><tr>\r\n<td class=\"ccargos\">\r\n<span data-balloon-length=\"medium\" aria-label=\"Gradua\u00e7\u00e3o em Medicina com Registro Profissional\" data-balloon-pos=\"up\">M\u00e9dico<\/span><\/td>\r\n<td class=\"cvagas\">02 + CR<\/td>\r\n<td class=\"cremuneracao\">R$ 10.000,00 \/40h<\/td>\r\n<\/tr><tr>\r\n<td class=\"ccargos\">\r\n<span data-balloon-length=\"medium\" aria-label=\"Gradua\u00e7\u00e3o em Medicina Veterin\u00e1ria com Registro Profissional\" data-balloon-pos=\"up\">M\u00e9dico Veterin\u00e1rio<\/span><\/td>\r\n<td class=\"cvagas\">01 + CR<\/td>\r\n<td class=\"cremuneracao\">R$ 3.036,00 \/20h<\/td>\r\n<\/tr><tr>\r\n<td class=\"ccargos\">\r\n<span data-balloon-length=\"medium\" aria-label=\"Superior completo em Nutri\u00e7\u00e3o. Registro Profissional\" data-balloon-pos=\"up\">Nutricionista<\/span><\/td>\r\n<td class=\"cvagas\">01 + CR<\/td>\r\n<td class=\"cremuneracao\">R$ 2.400,00 \/30h<\/td>\r\n<\/tr><tr>\r\n<td class=\"ccargos\">\r\n<span data-balloon-length=\"medium\" aria-label=\"Gradua\u00e7\u00e3o em Odontologia com Registro Profissional\" data-balloon-pos=\"up\">Odont\u00f3logo<\/span><\/td>\r\n<td class=\"cvagas\">02 + CR<\/td>\r\n<td class=\"cremuneracao\">R$ 2.500,00 \/40h<\/td>\r\n<\/tr><tr>\r\n<td class=\"ccargos\">\r\n<span data-balloon-length=\"medium\" aria-label=\"Gradua\u00e7\u00e3o em Psicologia com Registro Profissional\" data-balloon-pos=\"up\">Psic\u00f3logo<\/span><\/td>\r\n<td class=\"cvagas\">01 + CR<\/td>\r\n<td class=\"cremuneracao\">R$ 2.467,36 \/20h<\/td>\r\n<\/tr><tr>\r\n<td class=\"ccargos\">\r\n<span data-balloon-length=\"medium\" aria-label=\"Gradua\u00e7\u00e3o em Terapia Ocupacional\" data-balloon-pos=\"up\">Terapeuta Ocupacional<\/span><\/td>\r\n<td class=\"cvagas\">02 + CR<\/td>\r\n<td class=\"cremuneracao\">R$ 3.036,00 \/30h<\/td>\r\n<\/tr><tr>\r\n<td class=\"ccargos\">\r\n<span data-balloon-length=\"medium\" aria-label=\"Curso Superior de Licenciatura em Pedagogia\" data-balloon-pos=\"up\">Professor de Educa\u00e7\u00e3o B\u00e1sica I - de 1\u00ba ao 5\u00ba Ano<\/span><\/td>\r\n<td class=\"cvagas\">08 + CR<\/td>\r\n<td class=\"cremuneracao\">R$ 2.467,36 \/20h<\/td>\r\n<\/tr><tr>\r\n<td class=\"ccargos\">\r\n<span data-balloon-length=\"medium\" aria-label=\"Curso Superior de Licenciatura Plena com habilita\u00e7\u00e3o em L\u00edngua Portuguesa\" data-balloon-pos=\"up\">Professor de Educa\u00e7\u00e3o B\u00e1sica II - Portugu\u00eas<\/span><\/td>\r\n<td class=\"cvagas\">02 + CR<\/td>\r\n<td class=\"cremuneracao\">R$ 2.467,36 \/20h<\/td>\r\n<\/tr><tr>\r\n<td class=\"ccargos\">\r\n<span data-balloon-length=\"medium\" aria-label=\"Curso Superior de Licenciatura Plena com habilita\u00e7\u00e3o em Matem\u00e1tica\" data-balloon-pos=\"up\">Professor de Educa\u00e7\u00e3o B\u00e1sica II - Matem\u00e1tica<\/span><\/td>\r\n<td class=\"cvagas\">03 + CR<\/td>\r\n<td class=\"cremuneracao\">R$ 2.467,36 \/20h<\/td>\r\n<\/tr><tr>\r\n<td class=\"ccargos\">\r\n<span data-balloon-length=\"medium\" aria-label=\"Curso Superior de Licenciatura Plena com habilita\u00e7\u00e3o em geografia\" data-balloon-pos=\"up\">Professor de Educa\u00e7\u00e3o B\u00e1sica II - Geografia<\/span><\/td>\r\n<td class=\"cvagas\">01 + CR<\/td>\r\n<td class=\"cremuneracao\">R$ 2.467,36 \/20h<\/td>\r\n<\/tr><tr>\r\n<td class=\"ccargos\">\r\n<span data-balloon-length=\"medium\" aria-label=\"Curso Superior de Licenciatura Plena com habilita\u00e7\u00e3o em hist\u00f3ria\" data-balloon-pos=\"up\">Professor de Educa\u00e7\u00e3o B\u00e1sica II - Hist\u00f3ria<\/span><\/td>\r\n<td class=\"cvagas\">01 + CR<\/td>\r\n<td class=\"cremuneracao\">R$ 2.467,36 \/20h<\/td>\r\n<\/tr><tr>\r\n<td class=\"ccargos\">\r\n<span data-balloon-length=\"medium\" aria-label=\"Curso Superior de Licenciatura Plena com habilita\u00e7\u00e3o em Educa\u00e7\u00e3o F\u00edsica\" data-balloon-pos=\"up\">Professor de Educa\u00e7\u00e3o B\u00e1sica I e II - Educa\u00e7\u00e3o F\u00edsica<\/span><\/td>\r\n<td class=\"cvagas\">02 + CR<\/td>\r\n<td class=\"cremuneracao\">R$ 2.467,36 \/20h<\/td>\r\n<\/tr><tr>\r\n<td class=\"ccargos\">\r\n<span data-balloon-length=\"medium\" aria-label=\"Curso Superior de Licenciatura Plena com habilita\u00e7\u00e3o em Ingl\u00eas\" data-balloon-pos=\"up\">Professor de Educa\u00e7\u00e3o B\u00e1sica II - Ingl\u00eas<\/span><\/td>\r\n<td class=\"cvagas\">01 + CR<\/td>\r\n<td class=\"cremuneracao\">R$ 2.467,36 \/20h<\/td>\r\n<\/tr><tr>\r\n<td class=\"ccargos\">\r\n<span data-balloon-length=\"medium\" aria-label=\"Curso Superior de Licenciatura em Pedagogia\" data-balloon-pos=\"up\">Professor de educa\u00e7\u00e3o b\u00e1sica I Professor de Educa\u00e7\u00e3o Infantil<\/span><\/td>\r\n<td class=\"cvagas\">08 + CR<\/td>\r\n<td class=\"cremuneracao\">R$ 2.467,36 \/20h<\/td>\r\n<\/tr><tr>\r\n<td class=\"ccargos\">\r\n<span data-balloon-length=\"medium\" aria-label=\"Curso Superior em Psicopedagogia\" data-balloon-pos=\"up\">Psicopedagogo<\/span><\/td>\r\n<td class=\"cvagas\">01 + CR<\/td>\r\n<td class=\"cremuneracao\">R$ 2.277,00 \/40h<\/td>\r\n<\/tr>\r\n    <\/tbody>\r\n  <\/table>\r\n<\/div>"},"_links":{"self":[{"href":"https:\/\/www.agrobase.com.br\/concursos\/wp-json\/wp\/v2\/posts\/269902","targetHints":{"allow":["GET"]}}],"collection":[{"href":"https:\/\/www.agrobase.com.br\/concursos\/wp-json\/wp\/v2\/posts"}],"about":[{"href":"https:\/\/www.agrobase.com.br\/concursos\/wp-json\/wp\/v2\/types\/post"}],"author":[{"embeddable":true,"href":"https:\/\/www.agrobase.com.br\/concursos\/wp-json\/wp\/v2\/users\/7"}],"replies":[{"embeddable":true,"href":"https:\/\/www.agrobase.com.br\/concursos\/wp-json\/wp\/v2\/comments?post=269902"}],"version-history":[{"count":2,"href":"https:\/\/www.agrobase.com.br\/concursos\/wp-json\/wp\/v2\/posts\/269902\/revisions"}],"predecessor-version":[{"id":269906,"href":"https:\/\/www.agrobase.com.br\/concursos\/wp-json\/wp\/v2\/posts\/269902\/revisions\/269906"}],"wp:featuredmedia":[{"embeddable":true,"href":"https:\/\/www.agrobase.com.br\/concursos\/wp-json\/wp\/v2\/media\/269901"}],"wp:attachment":[{"href":"https:\/\/www.agrobase.com.br\/concursos\/wp-json\/wp\/v2\/media?parent=269902"}],"wp:term":[{"taxonomy":"category","embeddable":true,"href":"https:\/\/www.agrobase.com.br\/concursos\/wp-json\/wp\/v2\/categories?post=269902"},{"taxonomy":"post_tag","embeddable":true,"href":"https:\/\/www.agrobase.com.br\/concursos\/wp-json\/wp\/v2\/tags?post=269902"},{"taxonomy":"_amplo","embeddable":true,"href":"https:\/\/www.agrobase.com.br\/concursos\/wp-json\/wp\/v2\/_amplo?post=269902"},{"taxonomy":"destaque","embeddable":true,"href":"https:\/\/www.agrobase.com.br\/concursos\/wp-json\/wp\/v2\/destaque?post=269902"},{"taxonomy":"instituicoes","embeddable":true,"href":"https:\/\/www.agrobase.com.br\/concursos\/wp-json\/wp\/v2\/instituicoes?post=269902"}],"curies":[{"name":"wp","href":"https:\/\/api.w.org\/{rel}","templated":true}]}}