{"id":269869,"date":"2025-08-12T07:00:32","date_gmt":"2025-08-12T10:00:32","guid":{"rendered":"https:\/\/www.agrobase.com.br\/concursos\/?p=269869"},"modified":"2025-08-11T12:17:16","modified_gmt":"2025-08-11T15:17:16","slug":"prefeitura-prainha-pa-selecao-simplificada-02-2025","status":"publish","type":"post","link":"https:\/\/www.agrobase.com.br\/concursos\/2025\/prefeitura-prainha-pa-selecao-simplificada-02-2025\/","title":{"rendered":"Prefeitura Prainha (PA) &#8211; Sele\u00e7\u00e3o Simplificada 02\/2025"},"content":{"rendered":"<h2>Informa\u00e7\u00f5es Gerais<\/h2>\n<p>A Prefeitura Municipal de Prainha, no estado do Par\u00e1, publicou o edital de seu novo Processo Seletivo Simplificado (PSS). Organizado pela DCF PEREIRA LTDA, o certame visa o preenchimento de <strong>346 vagas imediatas<\/strong>, al\u00e9m da forma\u00e7\u00e3o de cadastro de reserva, para contrata\u00e7\u00e3o em car\u00e1ter tempor\u00e1rio. As oportunidades s\u00e3o para atua\u00e7\u00e3o na sede, zona rural do munic\u00edpio e na Casa de Apoio em Santar\u00e9m\/PA, sob o Regime Jur\u00eddico Municipal.<\/p>\n<p>As vagas contemplam todos os n\u00edveis de escolaridade: fundamental (incompleto e completo), m\u00e9dio, t\u00e9cnico e superior. H\u00e1 oportunidades em diversas \u00e1reas, como administrativa, operacional, de sa\u00fade e ambiental.<\/p>\n<p>Para os profissionais das \u00e1reas de ci\u00eancias agr\u00e1rias e biol\u00f3gicas, o edital traz vagas importantes, incluindo <strong>Engenheiro Agr\u00f4nomo, Engenheiro Florestal, M\u00e9dico Veterin\u00e1rio, Bi\u00f3logo e Nutricionista<\/strong>.<\/p>\n<h2>Inscri\u00e7\u00f5es<\/h2>\n<p>As inscri\u00e7\u00f5es para o Processo Seletivo Simplificado da Prefeitura de Prainha ser\u00e3o realizadas exclusivamente pela internet, atrav\u00e9s do site da banca organizadora, a DCF PEREIRA LTDA. O per\u00edodo para se candidatar est\u00e1 previsto para iniciar em <strong>7 de agosto de 2025 e se encerrar \u00e0s 23h59 do dia 14 de agosto de 2025<\/strong>.<\/p>\n<p>A taxa de inscri\u00e7\u00e3o foi fixada em <strong>R$ 50,00<\/strong> para todos os cargos, independentemente do n\u00edvel de escolaridade, e o pagamento poder\u00e1 ser efetuado via PIX ou boleto banc\u00e1rio. O edital permite que um candidato realize mais de uma inscri\u00e7\u00e3o, desde que atenda aos requisitos de cada cargo, pois as avalia\u00e7\u00f5es ser\u00e3o individuais. No entanto, em caso de aprova\u00e7\u00e3o em mais de uma fun\u00e7\u00e3o, ser\u00e1 necess\u00e1rio optar por apenas uma no momento da convoca\u00e7\u00e3o.<\/p>\n<p>O edital menciona a possibilidade de solicitar a isen\u00e7\u00e3o da taxa, mas n\u00e3o detalha os crit\u00e9rios. Os candidatos interessados devem verificar as regras espec\u00edficas no documento oficial. Ap\u00f3s a inscri\u00e7\u00e3o e o pagamento, \u00e9 fundamental acompanhar a publica\u00e7\u00e3o da lista de inscri\u00e7\u00f5es deferidas e o andamento do processo na \u00e1rea do candidato. Para garantir a participa\u00e7\u00e3o, \u00e9 indispens\u00e1vel a leitura completa do edital.<\/p>\n<h2>Etapas e Provas<\/h2>\n<p>O processo seletivo da Prefeitura de Prainha ser\u00e1 realizado em tr\u00eas etapas principais, com foco na an\u00e1lise de documentos e experi\u00eancia profissional dos candidatos. A estrutura de avalia\u00e7\u00e3o \u00e9 a seguinte:<\/p>\n<ul>\n<li><strong>Primeira Etapa &#8211; Inscri\u00e7\u00e3o:<\/strong> Fase inicial em que o candidato realiza o cadastro online e anexa todos os documentos comprobat\u00f3rios exigidos para a avalia\u00e7\u00e3o.<\/li>\n<li><strong>Segunda Etapa &#8211; Avalia\u00e7\u00e3o Documental:<\/strong> De car\u00e1ter <em>eliminat\u00f3rio e classificat\u00f3rio<\/em>, esta fase consiste na an\u00e1lise e pontua\u00e7\u00e3o dos documentos enviados. Ser\u00e3o avaliados os seguintes t\u00f3picos:\n<ul>\n<li><strong>Requisitos M\u00ednimos:<\/strong> Comprova\u00e7\u00e3o da escolaridade exigida para o cargo.<\/li>\n<li><strong>Qualifica\u00e7\u00e3o Profissional:<\/strong> An\u00e1lise de cursos de qualifica\u00e7\u00e3o, aperfei\u00e7oamento, p\u00f3s-gradua\u00e7\u00e3o, mestrado e doutorado, conforme o n\u00edvel do cargo. Cursos de qualifica\u00e7\u00e3o devem ter carga hor\u00e1ria m\u00ednima de 8 horas.<\/li>\n<li><strong>Experi\u00eancia Profissional:<\/strong> Contabiliza\u00e7\u00e3o do tempo de servi\u00e7o no cargo\/fun\u00e7\u00e3o pretendido, comprovado por meio de CTPS, contratos ou declara\u00e7\u00f5es de \u00f3rg\u00e3os p\u00fablicos e empresas.<\/li>\n<\/ul>\n<p>A pontua\u00e7\u00e3o m\u00e1xima nesta etapa \u00e9 de 100 pontos, sendo necess\u00e1rio obter no m\u00ednimo 50 pontos para n\u00e3o ser eliminado.<\/p>\n<\/li>\n<li><strong>Terceira Etapa &#8211; Convoca\u00e7\u00e3o:<\/strong> Os candidatos classificados ser\u00e3o convocados para apresentar os documentos originais e c\u00f3pias, confirmando as informa\u00e7\u00f5es fornecidas na inscri\u00e7\u00e3o. O n\u00e3o comparecimento ou a n\u00e3o comprova\u00e7\u00e3o dos requisitos resultar\u00e1 na elimina\u00e7\u00e3o do candidato.<\/p>\n<\/ul>\n<p>Para conhecer os crit\u00e9rios de pontua\u00e7\u00e3o detalhados, a lista completa de documentos aceitos e o cronograma de cada fase, \u00e9 fundamental a leitura atenta do edital.<\/p>\n<h2>Resultados e Gabarito<\/h2>\n<p>A divulga\u00e7\u00e3o dos resultados do PSS de Prainha seguir\u00e1 um cronograma espec\u00edfico, que deve ser acompanhado pelos candidatos. A lista provis\u00f3ria de inscri\u00e7\u00f5es deferidas ser\u00e1 publicada em <strong>28 de agosto de 2025<\/strong>, com a homologa\u00e7\u00e3o final das inscri\u00e7\u00f5es ocorrendo em <strong>9 de setembro de 2025<\/strong>.<\/p>\n<p>O resultado preliminar da Avalia\u00e7\u00e3o Documental est\u00e1 previsto para <strong>17 de setembro de 2025<\/strong>. Ap\u00f3s o per\u00edodo de recursos, o resultado final do processo seletivo ser\u00e1 publicado e homologado no dia <strong>30 de setembro de 2025<\/strong>. A classifica\u00e7\u00e3o final ser\u00e1 organizada em ordem decrescente da pontua\u00e7\u00e3o obtida.<\/p>\n<p>Os crit\u00e9rios de desempate, caso necess\u00e1rios, seguir\u00e3o a seguinte ordem:<\/p>\n<ul>\n<li>Idade igual ou superior a 60 anos;<\/li>\n<li>Maior pontua\u00e7\u00e3o em qualifica\u00e7\u00e3o profissional;<\/li>\n<li>Maior pontua\u00e7\u00e3o em tempo de experi\u00eancia profissional;<\/li>\n<li>Maior idade.<\/li>\n<\/ul>\n<p>A convoca\u00e7\u00e3o para a comprova\u00e7\u00e3o de documentos e posterior contrata\u00e7\u00e3o ocorrer\u00e1 entre <strong>6 e 10 de outubro de 2025<\/strong>. Os candidatos devem acompanhar as publica\u00e7\u00f5es nos sites oficiais da banca organizadora, DCF PEREIRA LTDA, e da Prefeitura de Prainha.<\/p>\n<p>\u00c9 de responsabilidade exclusiva do candidato acompanhar todas as publica\u00e7\u00f5es de editais, comunicados e resultados nos canais oficiais informados, incluindo o Di\u00e1rio Oficial dos Munic\u00edpios, para n\u00e3o perder nenhum prazo ou convoca\u00e7\u00e3o.<\/p>\n","protected":false},"excerpt":{"rendered":"<p>Processo Seletivo Pref. Prainha (PA) com edital publicado! Vagas p\/ Enfermagem e Social (Fund. a Sup.). Inscri\u00e7\u00f5es a partir de 07\/08. At\u00e9 R$ 4.9k. Confira detalhes!<\/p>\n","protected":false},"author":7,"featured_media":269868,"comment_status":"open","ping_status":"open","sticky":false,"template":"","format":"standard","meta":{"_acf_changed":false,"_breakdance_hide_in_design_set":false,"_breakdance_tags":"","footnotes":""},"categories":[4,6,11,6434,12,15,17,18,19,22,23,24,25,26,101,31,108,161,143,134],"tags":[51],"_amplo":[],"destaque":[],"instituicoes":[],"class_list":["post-269869","post","type-post","status-publish","format-standard","has-post-thumbnail","hentry","category-agronomia","category-biologia","category-educacao-fisica","category-educacao-fisica-licenciatura","category-enfermagem","category-engenharia-florestal","category-farmacia","category-fisioterapia","category-fonoaudiologia","category-veterinaria","category-nutricao","category-odontologia","category-pedagogia","category-psicologia","category-servico-social","category-tecnico-ambiental","category-tecnico-enfermagem","category-tecnico-laboratorio","category-tecnico-odontologia","category-terapia-ocupacional","tag-para"],"acf":{"_tipo_vagas":"vagas","_numero_vagas":"","_quadro_vagas":"","_cargos":"diversos","_cargos_especificos":"","_salario_max":"R$ 4942","_abertura":"20250807","_encerramento":"20250814","_inscricoes":"https:\/\/drassessoriaeducacional.com.br\/","_executora_concurso":"","_instituicao_concurso":[],"_link_adicional":null,"_anexos":null,"_produtos":null,"_vagas":"325 vagas","_salario_min":"R$ 1518","_instituicao":"Prefeitura de Prainha","_edital":"https:\/\/www.agrobase.com.br\/concursos\/wp-content\/uploads\/sites\/4\/2025\/08\/edital-02-2025-prefeitura-de-prainha-pa.pdf","_anexos_edital":"https:\/\/www.agrobase.com.br\/concursos\/wp-content\/uploads\/sites\/4\/2025\/08\/anexos-edital-02-2025-prefeitura-de-prainha-pa.pdf","_fund_incompleto":"<div>\r\n<table class=\"quadro\">\r\n<thead>\r\n<tr>\r\n<th class=\"hcargo\">Cargo<\/th>\r\n<th class=\"hvagas\">Vagas<\/th>\r\n<th class=\"hremuneracao\">Remunera\u00e7\u00e3o<\/th>\r\n<\/tr>\r\n<\/thead>\r\n    <tbody>\r\n      <td class=\"ccargos\">\r\n<span data-balloon-length=\"medium\" aria-label=\"N\u00edvel Fundamental Incompleto\" data-balloon-pos=\"up\">COVEIRO<\/span><\/td>\r\n<td class=\"cvagas\">07<\/td>\r\n<td class=\"cremuneracao\">R$ 1.518,00 \/40h<\/td>\r\n<\/tr><td class=\"ccargos\">\r\n<span data-balloon-length=\"medium\" aria-label=\"N\u00edvel Fundamental Incompleto\" data-balloon-pos=\"up\">SERVI\u00c7OS GERAIS<\/span><\/td>\r\n<td class=\"cvagas\">53<\/td>\r\n<td class=\"cremuneracao\">R$ 1.518,00 \/40h<\/td>\r\n<\/tr><td class=\"ccargos\">\r\n<span data-balloon-length=\"medium\" aria-label=\"N\u00edvel Fundamental Incompleto\" data-balloon-pos=\"up\">GARI<\/span><\/td>\r\n<td class=\"cvagas\">06<\/td>\r\n<td class=\"cremuneracao\">R$ 1.518,00 \/40h<\/td>\r\n<\/tr><td class=\"ccargos\">\r\n<span data-balloon-length=\"medium\" aria-label=\"N\u00edvel Fundamental Incompleto\" data-balloon-pos=\"up\">MAGAREFE<\/span><\/td>\r\n<td class=\"cvagas\">04<\/td>\r\n<td class=\"cremuneracao\">R$ 1.518,00 \/40h<\/td>\r\n<\/tr><td class=\"ccargos\">\r\n<span data-balloon-length=\"medium\" aria-label=\"N\u00edvel Fundamental Incompleto\" data-balloon-pos=\"up\">VIGIA<\/span><\/td>\r\n<td class=\"cvagas\">07<\/td>\r\n<td class=\"cremuneracao\">R$ 1.518,00 \/40h<\/td>\r\n<\/tr><td class=\"ccargos\">\r\n<span data-balloon-length=\"medium\" aria-label=\"N\u00edvel Fundamental Incompleto\" data-balloon-pos=\"up\">JARDINEIRO<\/span><\/td>\r\n<td class=\"cvagas\">01<\/td>\r\n<td class=\"cremuneracao\">R$ 1.518,00 \/40h<\/td>\r\n<\/tr><td class=\"ccargos\">\r\n<span data-balloon-length=\"medium\" aria-label=\"N\u00edvel Fundamental Incompleto\" data-balloon-pos=\"up\">ARTES\u00c3O<\/span><\/td>\r\n<td class=\"cvagas\">01<\/td>\r\n<td class=\"cremuneracao\">R$ 1.518,00 \/40h<\/td>\r\n<\/tr><td class=\"ccargos\">\r\n<span data-balloon-length=\"medium\" aria-label=\"N\u00edvel Fundamental Incompleto\" data-balloon-pos=\"up\">COZINHEIRO<\/span><\/td>\r\n<td class=\"cvagas\">01<\/td>\r\n<td class=\"cremuneracao\">R$ 1.518,00 \/40h<\/td>\r\n<\/tr>\r\n    <\/tbody>\r\n  <\/table>\r\n<\/div>","_fund_completo":"<div>\r\n<table class=\"quadro\">\r\n<thead>\r\n<tr>\r\n<th class=\"hcargo\">Cargo<\/th>\r\n<th class=\"hvagas\">Vagas<\/th>\r\n<th class=\"hremuneracao\">Remunera\u00e7\u00e3o<\/th>\r\n<\/tr>\r\n<\/thead>\r\n    <tbody>\r\n      <td class=\"ccargos\">\r\n<span data-balloon-length=\"medium\" aria-label=\"N\u00edvel Fundamental Completo\" data-balloon-pos=\"up\">RECEPCIONISTA<\/span><\/td>\r\n<td class=\"cvagas\">01<\/td>\r\n<td class=\"cremuneracao\">R$ 1.518,00 \/40h<\/td>\r\n<\/tr><td class=\"ccargos\">\r\n<span data-balloon-length=\"medium\" aria-label=\"N\u00edvel Fundamental Completo\" data-balloon-pos=\"up\">AUXILIAR ADMINISTRATIVO<\/span><\/td>\r\n<td class=\"cvagas\">25<\/td>\r\n<td class=\"cremuneracao\">R$ 1.518,00 \/40h<\/td>\r\n<\/tr><td class=\"ccargos\">\r\n<span data-balloon-length=\"medium\" aria-label=\"N\u00edvel Fundamental Completo e Curso de Capacita\u00e7\u00e3o na \u00e1rea.\" data-balloon-pos=\"up\">MAQUEIRO<\/span><\/td>\r\n<td class=\"cvagas\">04<\/td>\r\n<td class=\"cremuneracao\">R$ 1.518,00 \/40h<\/td>\r\n<\/tr><td class=\"ccargos\">\r\n<span data-balloon-length=\"medium\" data-balloon-pos=\"up\">MOTORISTA CATEGORIA B<\/span><\/td>\r\n<td class=\"cvagas\">11<\/td>\r\n<td class=\"cremuneracao\">R$ 2.118,00 \/40h<\/td>\r\n<\/tr><td class=\"ccargos\">\r\n<span data-balloon-length=\"medium\" data-balloon-pos=\"up\">MOTORISTA CATEGORIA D<\/span><\/td>\r\n<td class=\"cvagas\">17<\/td>\r\n<td class=\"cremuneracao\">R$ 2.824,00 \/40h<\/td>\r\n<\/tr><td class=\"ccargos\">\r\n<span data-balloon-length=\"medium\" aria-label=\"N\u00edvel Fundamental Completo e Habilita\u00e7\u00e3o N\u00e1utica\" data-balloon-pos=\"up\">MOTORISTA DE COMANDO FLUVIAL<\/span><\/td>\r\n<td class=\"cvagas\">11<\/td>\r\n<td class=\"cremuneracao\">R$ 1.518,00 \/40h<\/td>\r\n<\/tr>\r\n    <\/tbody>\r\n  <\/table>\r\n<\/div>","_medio":"<div>\r\n<table class=\"quadro\">\r\n<thead>\r\n<tr>\r\n<th class=\"hcargo\">Cargo<\/th>\r\n<th class=\"hvagas\">Vagas<\/th>\r\n<th class=\"hremuneracao\">Remunera\u00e7\u00e3o<\/th>\r\n<\/tr>\r\n<\/thead>\r\n    <tbody>\r\n      <td class=\"ccargos\">\r\n<span data-balloon-length=\"medium\" aria-label=\"N\u00edvel M\u00e9dio Completo\" data-balloon-pos=\"up\">AGENTE ADMINISTRATIVO<\/span><\/td>\r\n<td class=\"cvagas\">13<\/td>\r\n<td class=\"cremuneracao\">R$ 2.118,00 \/40h<\/td>\r\n<\/tr><td class=\"ccargos\">\r\n<span data-balloon-length=\"medium\" aria-label=\"N\u00edvel M\u00e9dio Completo e Curso de capacita\u00e7\u00e3o em Agente Ambiental\" data-balloon-pos=\"up\">AGENTE AMBIENTAL<\/span><\/td>\r\n<td class=\"cvagas\">03<\/td>\r\n<td class=\"cremuneracao\">R$ 2.118,00 \/40h<\/td>\r\n<\/tr><td class=\"ccargos\">\r\n<span data-balloon-length=\"medium\" aria-label=\"N\u00edvel M\u00e9dio Completo e Curso de Capacita\u00e7\u00e3o em Guarda Ambiental\" data-balloon-pos=\"up\">GUARDA AMBIENTAL<\/span><\/td>\r\n<td class=\"cvagas\">01<\/td>\r\n<td class=\"cremuneracao\">R$ 1.518,00 \/40h<\/td>\r\n<\/tr><td class=\"ccargos\">\r\n<span data-balloon-length=\"medium\" aria-label=\"N\u00edvel M\u00e9dio Completo\" data-balloon-pos=\"up\">AGENTE DE TRIBUTOS<\/span><\/td>\r\n<td class=\"cvagas\">01<\/td>\r\n<td class=\"cremuneracao\">R$ 1.518,00 \/40h<\/td>\r\n<\/tr><td class=\"ccargos\">\r\n<span data-balloon-length=\"medium\" aria-label=\"N\u00edvel M\u00e9dio Completo\" data-balloon-pos=\"up\">FISCAL DE TERRAS<\/span><\/td>\r\n<td class=\"cvagas\">01<\/td>\r\n<td class=\"cremuneracao\">R$ 1.518,00 \/40h<\/td>\r\n<\/tr><td class=\"ccargos\">\r\n<span data-balloon-length=\"medium\" aria-label=\"N\u00edvel M\u00e9dio com Curso Profissionalizante em Atendente de Farm\u00e1cia\" data-balloon-pos=\"up\">ATENDENTE DE FARM\u00c1CIA<\/span><\/td>\r\n<td class=\"cvagas\">09<\/td>\r\n<td class=\"cremuneracao\">R$ 1.518,00 \/40h<\/td>\r\n<\/tr><td class=\"ccargos\">\r\n<span data-balloon-length=\"medium\" aria-label=\"N\u00edvel M\u00e9dio Completo e Curso de Microscopia.\" data-balloon-pos=\"up\">MICROSCOPISTA<\/span><\/td>\r\n<td class=\"cvagas\">04<\/td>\r\n<td class=\"cremuneracao\">R$ 1.518,00 \/40h<\/td>\r\n<\/tr><td class=\"ccargos\">\r\n<span data-balloon-length=\"medium\" aria-label=\"N\u00edvel M\u00e9dio e Curso T\u00e9cnico de Laborat\u00f3rio ou Equivalente. Inscri\u00e7\u00e3o e situa\u00e7\u00e3o regular no registro de classe competente.\" data-balloon-pos=\"up\">T\u00c9CNICO DE LABORAT\u00d3RIO<\/span><\/td>\r\n<td class=\"cvagas\">03<\/td>\r\n<td class=\"cremuneracao\">R$ 2.824,00 \/40h<\/td>\r\n<\/tr><td class=\"ccargos\">\r\n<span data-balloon-length=\"medium\" aria-label=\"N\u00edvel M\u00e9dio com Curso T\u00e9cnico em Enfermagem. Inscri\u00e7\u00e3o e situa\u00e7\u00e3o regular no registro de classe competente.\" data-balloon-pos=\"up\">T\u00c9CNICO EM ENFERMAGEM<\/span><\/td>\r\n<td class=\"cvagas\">70<\/td>\r\n<td class=\"cremuneracao\">R$ 1.518,00 \/40h<\/td>\r\n<\/tr><td class=\"ccargos\">\r\n<span data-balloon-length=\"medium\" aria-label=\"N\u00edvel M\u00e9dio com Curso T\u00e9cnico em Radiologia. Inscri\u00e7\u00e3o e situa\u00e7\u00e3o regular no registro de classe competente.\" data-balloon-pos=\"up\">T\u00c9CNICO EM RADIOLOGIA<\/span><\/td>\r\n<td class=\"cvagas\">02<\/td>\r\n<td class=\"cremuneracao\">R$ 2.824,00 \/20h<\/td>\r\n<\/tr><td class=\"ccargos\">\r\n<span data-balloon-length=\"medium\" aria-label=\"N\u00edvel M\u00e9dio com Curso T\u00e9cnico em Sa\u00fade Bucal. Inscri\u00e7\u00e3o e situa\u00e7\u00e3o regular no registro de classe competente.\" data-balloon-pos=\"up\">T\u00c9CNICO EM HIGIENE BUCAL<\/span><\/td>\r\n<td class=\"cvagas\">09<\/td>\r\n<td class=\"cremuneracao\">R$ 2.824,00 \/40h<\/td>\r\n<\/tr>\r\n    <\/tbody>\r\n  <\/table>\r\n<\/div>","_superior":"<div>\r\n<table class=\"quadro\">\r\n<thead>\r\n<tr>\r\n<th class=\"hcargo\">Cargo<\/th>\r\n<th class=\"hvagas\">Vagas<\/th>\r\n<th class=\"hremuneracao\">Remunera\u00e7\u00e3o<\/th>\r\n<\/tr>\r\n<\/thead>\r\n    <tbody>\r\n      <tr>\r\n<td class=\"ccargos\">\r\n<span data-balloon-length=\"medium\" aria-label=\"DIPLOMA de Gradua\u00e7\u00e3o em Servi\u00e7o Social, expedido por institui\u00e7\u00e3o autorizada e igualmente reconhecida pelo Minist\u00e9rio da Educa\u00e7\u00e3o \u2013 MEC. Inscri\u00e7\u00e3o e situa\u00e7\u00e3o regular no registro de classe competente.\" data-balloon-pos=\"up\">ASSISTENTE SOCIAL<\/span><\/td>\r\n<td class=\"cvagas\">06<\/td>\r\n<td class=\"cremuneracao\">R$ 4.942,00 \/40h<\/td>\r\n<\/tr><tr>\r\n<td class=\"ccargos\">\r\n<span data-balloon-length=\"medium\" aria-label=\"DIPLOMA de Gradua\u00e7\u00e3o em Pedagogia, expedido por institui\u00e7\u00e3o autorizada e igualmente reconhecida pelo Minist\u00e9rio da Educa\u00e7\u00e3o \u2013 MEC. Inscri\u00e7\u00e3o e situa\u00e7\u00e3o regular no registro de classe competente.\" data-balloon-pos=\"up\">PEDAGOGO<\/span><\/td>\r\n<td class=\"cvagas\">01<\/td>\r\n<td class=\"cremuneracao\">R$ 4.379,96 \/40h<\/td>\r\n<\/tr><tr>\r\n<td class=\"ccargos\">\r\n<span data-balloon-length=\"medium\" aria-label=\"DIPLOMA de Gradua\u00e7\u00e3o em Odontologia, expedido por institui\u00e7\u00e3o autorizada e igualmente reconhecida pelo Minist\u00e9rio da Educa\u00e7\u00e3o \u2013 MEC. Inscri\u00e7\u00e3o e situa\u00e7\u00e3o regular no registro de classe competente.\" data-balloon-pos=\"up\">ODONT\u00d3LOGO<\/span><\/td>\r\n<td class=\"cvagas\">06<\/td>\r\n<td class=\"cremuneracao\">R$ 4.942,00 \/40h<\/td>\r\n<\/tr><tr>\r\n<td class=\"ccargos\">\r\n<span data-balloon-length=\"medium\" aria-label=\"DIPLOMA de Gradua\u00e7\u00e3o em Enfermagem, expedido por institui\u00e7\u00e3o autorizada e igualmente reconhecida pelo Minist\u00e9rio da Educa\u00e7\u00e3o \u2013 MEC. Inscri\u00e7\u00e3o e situa\u00e7\u00e3o regular no registro de classe competente.\" data-balloon-pos=\"up\">Enfermeiro<\/span><\/td>\r\n<td class=\"cvagas\">17<\/td>\r\n<td class=\"cremuneracao\">R$ 4.942,00 \/40h<\/td>\r\n<\/tr><tr>\r\n<td class=\"ccargos\">\r\n<span data-balloon-length=\"medium\" aria-label=\"Inscri\u00e7\u00e3o e situa\u00e7\u00e3o regular no registro de classe competente.\" data-balloon-pos=\"up\">ENFERMEIRO<\/span><\/td>\r\n<td class=\"cvagas\">08<\/td>\r\n<td class=\"cremuneracao\">R$ 2.349,25 \/40h<\/td>\r\n<\/tr><tr>\r\n<td class=\"ccargos\">\r\n<span data-balloon-length=\"medium\" aria-label=\"DIPLOMA de Gradua\u00e7\u00e3o em Enfermagem e especializa\u00e7\u00e3o em Sa\u00fade Mental, expedidos por institui\u00e7\u00e3o autorizada e igualmente reconhecida pelo Minist\u00e9rio da Educa\u00e7\u00e3o - MEC. Inscri\u00e7\u00e3o e situa\u00e7\u00e3o regular no registro de classe competente.\" data-balloon-pos=\"up\">ENFERMEIRO COM ESPECIALIZA\u00c7\u00c3O SA\u00daDE MENTAL<\/span><\/td>\r\n<td class=\"cvagas\">01<\/td>\r\n<td class=\"cremuneracao\">R$ 2.349,25 \/40h<\/td>\r\n<\/tr><tr>\r\n<td class=\"ccargos\">\r\n<span data-balloon-length=\"medium\" aria-label=\"DIPLOMA de Gradua\u00e7\u00e3o em Farm\u00e1cia, expedido por institui\u00e7\u00e3o autorizada e igualmente reconhecida pelo Minist\u00e9rio da Educa\u00e7\u00e3o - MEC. Inscri\u00e7\u00e3o e situa\u00e7\u00e3o regular no registro de classe competente.\" data-balloon-pos=\"up\">FARMAC\u00caUTICO<\/span><\/td>\r\n<td class=\"cvagas\">03<\/td>\r\n<td class=\"cremuneracao\">R$ 4.942,00 \/40h<\/td>\r\n<\/tr><tr>\r\n<td class=\"ccargos\">\r\n<span data-balloon-length=\"medium\" aria-label=\"DIPLOMA de Gradua\u00e7\u00e3o em Psicologia, expedido por institui\u00e7\u00e3o autorizada e igualmente reconhecida pelo Minist\u00e9rio da Educa\u00e7\u00e3o \u2013 MEC. Inscri\u00e7\u00e3o e situa\u00e7\u00e3o regular no registro de classe competente.\" data-balloon-pos=\"up\">PSIC\u00d3LOGO<\/span><\/td>\r\n<td class=\"cvagas\">06<\/td>\r\n<td class=\"cremuneracao\">R$ 4.942,00 \/40h<\/td>\r\n<\/tr><tr>\r\n<td class=\"ccargos\">\r\n<span data-balloon-length=\"medium\" aria-label=\"DIPLOMA de Gradua\u00e7\u00e3o em Nutri\u00e7\u00e3o, expedido por institui\u00e7\u00e3o autorizada e igualmente reconhecida pelo Minist\u00e9rio da Educa\u00e7\u00e3o - MEC. Inscri\u00e7\u00e3o e situa\u00e7\u00e3o regular no registro de classe competente.\" data-balloon-pos=\"up\">NUTRICIONISTA<\/span><\/td>\r\n<td class=\"cvagas\">02<\/td>\r\n<td class=\"cremuneracao\">R$ 4.942,00 \/40h<\/td>\r\n<\/tr><tr>\r\n<td class=\"ccargos\">\r\n<span data-balloon-length=\"medium\" aria-label=\"DIPLOMA de Gradua\u00e7\u00e3o em Fisioterapia, expedido por institui\u00e7\u00e3o autorizada e igualmente reconhecida pelo Minist\u00e9rio da Educa\u00e7\u00e3o - MEC. Inscri\u00e7\u00e3o e situa\u00e7\u00e3o regular no registro de classe competente.\" data-balloon-pos=\"up\">FISIOTERAPEUTA<\/span><\/td>\r\n<td class=\"cvagas\">03<\/td>\r\n<td class=\"cremuneracao\">R$ 4.942,00 \/40h<\/td>\r\n<\/tr><tr>\r\n<td class=\"ccargos\">\r\n<span data-balloon-length=\"medium\" aria-label=\"DIPLOMA de Gradua\u00e7\u00e3o em Fonoaudiologia, expedido por institui\u00e7\u00e3o autorizada e igualmente reconhecida pelo Minist\u00e9rio da Educa\u00e7\u00e3o - MEC. Inscri\u00e7\u00e3o e situa\u00e7\u00e3o regular no registro de classe competente.\" data-balloon-pos=\"up\">FONOAUDI\u00d3LOGO<\/span><\/td>\r\n<td class=\"cvagas\">01<\/td>\r\n<td class=\"cremuneracao\">R$ 2.349,25 \/40h<\/td>\r\n<\/tr><tr>\r\n<td class=\"ccargos\">\r\n<span data-balloon-length=\"medium\" aria-label=\"DIPLOMA de Gradua\u00e7\u00e3o em Terapia Ocupacional, expedido por institui\u00e7\u00e3o autorizada e igualmente reconhecida pelo Minist\u00e9rio da Educa\u00e7\u00e3o - MEC. Inscri\u00e7\u00e3o e situa\u00e7\u00e3o regular no registro de classe competente.\" data-balloon-pos=\"up\">TERAPEUTA OCUPACIONAL<\/span><\/td>\r\n<td class=\"cvagas\">01<\/td>\r\n<td class=\"cremuneracao\">R$ 4.942,00 \/40h<\/td>\r\n<\/tr><tr>\r\n<td class=\"ccargos\">\r\n<span data-balloon-length=\"medium\" aria-label=\"DIPLOMA de Gradua\u00e7\u00e3o em Educa\u00e7\u00e3o F\u00edsica, expedido por institui\u00e7\u00e3o autorizada e igualmente reconhecida pelo Minist\u00e9rio da Educa\u00e7\u00e3o - MEC, Inscri\u00e7\u00e3o e situa\u00e7\u00e3o regular no registro de classe competente.\" data-balloon-pos=\"up\">PROF. DE EDUCA\u00c7\u00c3O F\u00cdSICA NA SA\u00daDE<\/span><\/td>\r\n<td class=\"cvagas\">01<\/td>\r\n<td class=\"cremuneracao\">R$ 4.942,00 \/40h<\/td>\r\n<\/tr><tr>\r\n<td class=\"ccargos\">\r\n<span data-balloon-length=\"medium\" aria-label=\"DIPLOMA de Gradua\u00e7\u00e3o em Biologia ou Ci\u00eancias Biol\u00f3gicas, expedido por institui\u00e7\u00e3o autorizada e igualmente reconhecida pelo Minist\u00e9rio da Educa\u00e7\u00e3o - MEC. Inscri\u00e7\u00e3o e situa\u00e7\u00e3o regular no registro de classe competente.\" data-balloon-pos=\"up\">BI\u00d3LOGO<\/span><\/td>\r\n<td class=\"cvagas\">01<\/td>\r\n<td class=\"cremuneracao\">R$ 4.942,00 \/40h<\/td>\r\n<\/tr><tr>\r\n<td class=\"ccargos\">\r\n<span data-balloon-length=\"medium\" aria-label=\"DIPLOMA de Gradua\u00e7\u00e3o em Agronomia, expedido por institui\u00e7\u00e3o autorizada e igualmente reconhecida pelo Minist\u00e9rio da Educa\u00e7\u00e3o - MEC. Inscri\u00e7\u00e3o e situa\u00e7\u00e3o regular no registro de classe competente.\" data-balloon-pos=\"up\">ENGENHEIRO AGR\u00d4NOMO<\/span><\/td>\r\n<td class=\"cvagas\">01<\/td>\r\n<td class=\"cremuneracao\">R$ 4.942,00 \/40h<\/td>\r\n<\/tr><tr>\r\n<td class=\"ccargos\">\r\n<span data-balloon-length=\"medium\" aria-label=\"DIPLOMA de Gradua\u00e7\u00e3o em Engenharia Florestal, expedido por institui\u00e7\u00e3o autorizada e igualmente reconhecida pelo Minist\u00e9rio da Educa\u00e7\u00e3o - MEC. Inscri\u00e7\u00e3o e situa\u00e7\u00e3o regular no registro de classe competente.\" data-balloon-pos=\"up\">ENGENHEIRO FLORESTAL<\/span><\/td>\r\n<td class=\"cvagas\">01<\/td>\r\n<td class=\"cremuneracao\">R$ 4.942,00 \/40h<\/td>\r\n<\/tr><tr>\r\n<td class=\"ccargos\">\r\n<span data-balloon-length=\"medium\" aria-label=\"DIPLOMA de Gradua\u00e7\u00e3o em Medicina Veterin\u00e1ria, expedido por institui\u00e7\u00e3o autorizada e igualmente reconhecida pelo Minist\u00e9rio da Educa\u00e7\u00e3o - MEC.\" data-balloon-pos=\"up\">M\u00c9DICO VETERIN\u00c1RIO<\/span><\/td>\r\n<td class=\"cvagas\">01<\/td>\r\n<td class=\"cremuneracao\">R$ 4.942,00 \/40h<\/td>\r\n<\/tr>\r\n    <\/tbody>\r\n  <\/table>\r\n<\/div>"},"_links":{"self":[{"href":"https:\/\/www.agrobase.com.br\/concursos\/wp-json\/wp\/v2\/posts\/269869","targetHints":{"allow":["GET"]}}],"collection":[{"href":"https:\/\/www.agrobase.com.br\/concursos\/wp-json\/wp\/v2\/posts"}],"about":[{"href":"https:\/\/www.agrobase.com.br\/concursos\/wp-json\/wp\/v2\/types\/post"}],"author":[{"embeddable":true,"href":"https:\/\/www.agrobase.com.br\/concursos\/wp-json\/wp\/v2\/users\/7"}],"replies":[{"embeddable":true,"href":"https:\/\/www.agrobase.com.br\/concursos\/wp-json\/wp\/v2\/comments?post=269869"}],"version-history":[{"count":2,"href":"https:\/\/www.agrobase.com.br\/concursos\/wp-json\/wp\/v2\/posts\/269869\/revisions"}],"predecessor-version":[{"id":269873,"href":"https:\/\/www.agrobase.com.br\/concursos\/wp-json\/wp\/v2\/posts\/269869\/revisions\/269873"}],"wp:featuredmedia":[{"embeddable":true,"href":"https:\/\/www.agrobase.com.br\/concursos\/wp-json\/wp\/v2\/media\/269868"}],"wp:attachment":[{"href":"https:\/\/www.agrobase.com.br\/concursos\/wp-json\/wp\/v2\/media?parent=269869"}],"wp:term":[{"taxonomy":"category","embeddable":true,"href":"https:\/\/www.agrobase.com.br\/concursos\/wp-json\/wp\/v2\/categories?post=269869"},{"taxonomy":"post_tag","embeddable":true,"href":"https:\/\/www.agrobase.com.br\/concursos\/wp-json\/wp\/v2\/tags?post=269869"},{"taxonomy":"_amplo","embeddable":true,"href":"https:\/\/www.agrobase.com.br\/concursos\/wp-json\/wp\/v2\/_amplo?post=269869"},{"taxonomy":"destaque","embeddable":true,"href":"https:\/\/www.agrobase.com.br\/concursos\/wp-json\/wp\/v2\/destaque?post=269869"},{"taxonomy":"instituicoes","embeddable":true,"href":"https:\/\/www.agrobase.com.br\/concursos\/wp-json\/wp\/v2\/instituicoes?post=269869"}],"curies":[{"name":"wp","href":"https:\/\/api.w.org\/{rel}","templated":true}]}}