{"id":269817,"date":"2025-08-11T07:20:39","date_gmt":"2025-08-11T10:20:39","guid":{"rendered":"https:\/\/www.agrobase.com.br\/concursos\/?p=269817"},"modified":"2025-08-08T13:07:14","modified_gmt":"2025-08-08T16:07:14","slug":"uff-rj-selecao-simplificada-183-2025","status":"publish","type":"post","link":"https:\/\/www.agrobase.com.br\/concursos\/2025\/uff-rj-selecao-simplificada-183-2025\/","title":{"rendered":"UFF (RJ) &#8211; Sele\u00e7\u00e3o Simplificada 183\/2025"},"content":{"rendered":"<h2>Informa\u00e7\u00f5es Gerais<\/h2>\n<p>A Universidade Federal Fluminense (UFF) publicou o edital n\u00ba 183\/2025 de seu Processo Seletivo Simplificado para a contrata\u00e7\u00e3o de Professor Substituto. O certame visa o preenchimento de uma vaga imediata em regime de contrato tempor\u00e1rio, com dura\u00e7\u00e3o inicial de at\u00e9 12 meses, podendo ser prorrogado at\u00e9 o limite de 24 meses. \u00c9 importante ressaltar que esta sele\u00e7\u00e3o n\u00e3o se constitui como concurso para a carreira permanente do Magist\u00e9rio Superior.<\/p>\n<p>A oportunidade \u00e9 para a \u00e1rea de Sa\u00fade Coletiva, destinada a candidatos com n\u00edvel superior e mestrado. O edital contempla graduados em diversos campos do conhecimento, com destaque para <strong>Medicina Veterin\u00e1ria, Nutri\u00e7\u00e3o, Ci\u00eancias Biol\u00f3gicas (Biologia)<\/strong>, Enfermagem, Farm\u00e1cia e outras \u00e1reas da sa\u00fade e ci\u00eancias humanas.<\/p>\n<h2>Inscri\u00e7\u00f5es<\/h2>\n<p>As inscri\u00e7\u00f5es para o processo seletivo da UFF estar\u00e3o abertas <strong>das 12h de 11 de agosto de 2025 at\u00e9 as 23h59 de 20 de agosto de 2025<\/strong>. Os interessados devem realizar a inscri\u00e7\u00e3o exclusivamente pela internet, atrav\u00e9s do Sistema de Gerenciamento de Concursos da universidade.<\/p>\n<p>O procedimento exige o cadastro pr\u00e9vio no sistema, o preenchimento do formul\u00e1rio de inscri\u00e7\u00e3o e o envio digitalizado dos documentos solicitados. A taxa de inscri\u00e7\u00e3o \u00e9 de <strong>R$ 60,00<\/strong> e deve ser paga por meio de Guia de Recolhimento da Uni\u00e3o (GRU) at\u00e9 o \u00faltimo dia do per\u00edodo de inscri\u00e7\u00f5es. O edital n\u00e3o prev\u00ea a possibilidade de isen\u00e7\u00e3o da taxa.<\/p>\n<p>Ap\u00f3s finalizar a inscri\u00e7\u00e3o, \u00e9 fundamental que o candidato verifique a gera\u00e7\u00e3o do n\u00famero de confirma\u00e7\u00e3o. Caso ocorra algum problema, a organiza\u00e7\u00e3o deve ser contatada pelo e-mail indicado no edital.<\/p>\n<h2>Etapas e Provas<\/h2>\n<p>O processo seletivo da UFF ser\u00e1 realizado entre os dias 27 de agosto e 02 de setembro de 2025, sendo composto por tr\u00eas fases avaliativas. A presen\u00e7a do candidato \u00e9 obrigat\u00f3ria em todas as etapas. A avalia\u00e7\u00e3o seguir\u00e1 a seguinte estrutura:<\/p>\n<ul>\n<li><strong>Prova Escrita:<\/strong> De car\u00e1ter eliminat\u00f3rio, com dura\u00e7\u00e3o de 3 horas. Ser\u00e1 considerado aprovado o candidato que obtiver nota igual ou superior a 7,0, atribu\u00edda pela maioria dos membros da banca examinadora.<\/li>\n<li><strong>Prova Did\u00e1tica:<\/strong> Consiste em uma aula expositiva com dura\u00e7\u00e3o de 50 minutos sobre um tema sorteado. Esta etapa visa aferir a capacidade did\u00e1tica, o dom\u00ednio do conte\u00fado e as habilidades do candidato para o exerc\u00edcio da doc\u00eancia.<\/li>\n<li><strong>An\u00e1lise de Curr\u00edculo (Curriculum Lattes):<\/strong> Etapa classificat\u00f3ria que avalia a trajet\u00f3ria acad\u00eamica e profissional, considerando titula\u00e7\u00e3o, experi\u00eancia docente, atividades profissionais e produ\u00e7\u00e3o cient\u00edfica.<\/li>\n<\/ul>\n<p>A nota final ser\u00e1 calculada com base nos seguintes pesos: Prova Escrita (peso 3), Prova Did\u00e1tica (peso 3) e An\u00e1lise de Curr\u00edculo (peso 4).<\/p>\n<h2>Resultados e Gabarito<\/h2>\n<p>O acompanhamento dos resultados \u00e9 fundamental para n\u00e3o perder os prazos de convoca\u00e7\u00e3o. As divulga\u00e7\u00f5es ocorrer\u00e3o conforme o cronograma oficial do certame, sendo de responsabilidade do candidato verificar todas as publica\u00e7\u00f5es.<\/p>\n<p>As principais datas para a publica\u00e7\u00e3o de resultados s\u00e3o:<\/p>\n<ul>\n<li><strong>Resultado da Prova Escrita:<\/strong> 29 de agosto de 2025 (divulgado por e-mail).<\/li>\n<li><strong>Resultado Final:<\/strong> 02 de setembro de 2025, a partir das 17h.<\/li>\n<\/ul>\n<p>Ap\u00f3s a divulga\u00e7\u00e3o do resultado final, o processo seletivo ser\u00e1 homologado e ter\u00e1 validade de 2 (dois) anos, n\u00e3o podendo ser prorrogado. Os candidatos aprovados ser\u00e3o convocados por correio eletr\u00f4nico e ter\u00e3o o prazo de 30 dias para se apresentar, realizar os exames m\u00e9dicos e assinar o contrato. A contrata\u00e7\u00e3o poder\u00e1 ocorrer a qualquer momento dentro do per\u00edodo de validade da sele\u00e7\u00e3o.<\/p>\n<p>\u00c9 de responsabilidade exclusiva do candidato acompanhar todas as publica\u00e7\u00f5es e comunicados oficiais no endere\u00e7o eletr\u00f4nico da sele\u00e7\u00e3o e verificar sua caixa de e-mail, incluindo a pasta de spam.<\/p>\n","protected":false},"excerpt":{"rendered":"<p>Processo Seletivo UFF (RJ) com edital publicado! Vaga p\/ Prof. Substituto (Superior). Inscri\u00e7\u00f5es a partir de 11\/08. Sal\u00e1rio at\u00e9 R$ 8k. Confira detalhes!<\/p>\n","protected":false},"author":7,"featured_media":269816,"comment_status":"open","ping_status":"open","sticky":false,"template":"","format":"standard","meta":{"_acf_changed":false,"_breakdance_hide_in_design_set":false,"_breakdance_tags":"","footnotes":""},"categories":[6433,7,121,6434,12,17,112,18,19,111,100,21,22,23,24,25,26,101,134],"tags":[56],"_amplo":[],"destaque":[],"instituicoes":[],"class_list":["post-269817","post","type-post","status-publish","format-standard","has-post-thumbnail","hentry","category-biologia-licenciatura","category-biomedicina","category-ciencias-sociais","category-educacao-fisica-licenciatura","category-enfermagem","category-farmacia","category-filosofia","category-fisioterapia","category-fonoaudiologia","category-geografia","category-historia","category-medicina","category-veterinaria","category-nutricao","category-odontologia","category-pedagogia","category-psicologia","category-servico-social","category-terapia-ocupacional","tag-rio-de-janeiro"],"acf":{"_tipo_vagas":"vagas","_numero_vagas":"","_quadro_vagas":"","_cargos":"diversos","_cargos_especificos":"","_salario_max":"R$ 8058.29","_abertura":"20250811","_encerramento":"20250820","_inscricoes":"https:\/\/app.uff.br\/cpd","_executora_concurso":"","_instituicao_concurso":[],"_link_adicional":null,"_anexos":null,"_produtos":null,"_vagas":"1 vaga","_salario_min":"R$ 3090.43","_instituicao":"UFF","_edital":"https:\/\/www.agrobase.com.br\/concursos\/wp-content\/uploads\/sites\/4\/2025\/08\/edital-183-2025-uff-rj.pdf","_anexos_edital":"","_fund_incompleto":"","_fund_completo":"","_medio":"","_superior":"<div>\r\n<table class=\"quadro\">\r\n<thead>\r\n<tr>\r\n<th class=\"hcargo\">Cargo<\/th>\r\n<th class=\"hvagas\">Vagas<\/th>\r\n<th class=\"hremuneracao\">Remunera\u00e7\u00e3o<\/th>\r\n<\/tr>\r\n<\/thead>\r\n    <tbody>\r\n      <tr>\r\n<td class=\"ccargos\">\r\n<span data-balloon-length=\"medium\" aria-label=\"Gradua\u00e7\u00e3o: Biomedicina, Ci\u00eancias Biol\u00f3gicas, Ci\u00eancias Sociais, Educa\u00e7\u00e3o F\u00edsica, Enfermagem, Farm\u00e1cia, Filosofia, Fisioterapia, Fonoaudiologia, Geografia, Hist\u00f3ria, Medicina Veterin\u00e1ria, Medicina, Nutri\u00e7\u00e3o, Odontologia, Pedagogia, Psicologia, Sa\u00fade Coletiva, Servi\u00e7o Social e Terapia Ocupacional. Mestrado: Sa\u00fade Coletiva, Sa\u00fade Comunit\u00e1ria, Sa\u00fade P\u00fablica, Sa\u00fade da Fam\u00edlia, Medicina Social, Medicina Preventiva, Educa\u00e7\u00e3o em Ci\u00eancias e Sa\u00fade, Ensino em Sa\u00fade.\" data-balloon-pos=\"up\">Professor Substituto - DEPARTAMENTO DE PLANEJAMENTO EM SA\u00daDE - MPS - \u00c1rea de Concentra\u00e7\u00e3o: SA\u00daDE COLETIVA<\/span><\/td>\r\n<td class=\"cvagas\">01<\/td>\r\n<td class=\"cremuneracao\">R$ 3.863,04 \/20h<\/td>\r\n<\/tr>\r\n    <\/tbody>\r\n  <\/table>\r\n<\/div>"},"_links":{"self":[{"href":"https:\/\/www.agrobase.com.br\/concursos\/wp-json\/wp\/v2\/posts\/269817","targetHints":{"allow":["GET"]}}],"collection":[{"href":"https:\/\/www.agrobase.com.br\/concursos\/wp-json\/wp\/v2\/posts"}],"about":[{"href":"https:\/\/www.agrobase.com.br\/concursos\/wp-json\/wp\/v2\/types\/post"}],"author":[{"embeddable":true,"href":"https:\/\/www.agrobase.com.br\/concursos\/wp-json\/wp\/v2\/users\/7"}],"replies":[{"embeddable":true,"href":"https:\/\/www.agrobase.com.br\/concursos\/wp-json\/wp\/v2\/comments?post=269817"}],"version-history":[{"count":2,"href":"https:\/\/www.agrobase.com.br\/concursos\/wp-json\/wp\/v2\/posts\/269817\/revisions"}],"predecessor-version":[{"id":269820,"href":"https:\/\/www.agrobase.com.br\/concursos\/wp-json\/wp\/v2\/posts\/269817\/revisions\/269820"}],"wp:featuredmedia":[{"embeddable":true,"href":"https:\/\/www.agrobase.com.br\/concursos\/wp-json\/wp\/v2\/media\/269816"}],"wp:attachment":[{"href":"https:\/\/www.agrobase.com.br\/concursos\/wp-json\/wp\/v2\/media?parent=269817"}],"wp:term":[{"taxonomy":"category","embeddable":true,"href":"https:\/\/www.agrobase.com.br\/concursos\/wp-json\/wp\/v2\/categories?post=269817"},{"taxonomy":"post_tag","embeddable":true,"href":"https:\/\/www.agrobase.com.br\/concursos\/wp-json\/wp\/v2\/tags?post=269817"},{"taxonomy":"_amplo","embeddable":true,"href":"https:\/\/www.agrobase.com.br\/concursos\/wp-json\/wp\/v2\/_amplo?post=269817"},{"taxonomy":"destaque","embeddable":true,"href":"https:\/\/www.agrobase.com.br\/concursos\/wp-json\/wp\/v2\/destaque?post=269817"},{"taxonomy":"instituicoes","embeddable":true,"href":"https:\/\/www.agrobase.com.br\/concursos\/wp-json\/wp\/v2\/instituicoes?post=269817"}],"curies":[{"name":"wp","href":"https:\/\/api.w.org\/{rel}","templated":true}]}}