{"id":269692,"date":"2025-08-07T07:00:53","date_gmt":"2025-08-07T10:00:53","guid":{"rendered":"https:\/\/www.agrobase.com.br\/concursos\/?p=269692"},"modified":"2025-08-06T11:44:40","modified_gmt":"2025-08-06T14:44:40","slug":"prefeitura-carolina-ma-selecao-simplificada-01-2025","status":"publish","type":"post","link":"https:\/\/www.agrobase.com.br\/concursos\/2025\/prefeitura-carolina-ma-selecao-simplificada-01-2025\/","title":{"rendered":"Prefeitura Carolina (MA) &#8211; Sele\u00e7\u00e3o Simplificada 01\/2025"},"content":{"rendered":"<h2>Informa\u00e7\u00f5es Gerais<\/h2>\n<p>A Prefeitura do Munic\u00edpio de Carolina, no Maranh\u00e3o, publicou o edital n\u00ba 01\/2025 para seu novo Processo Seletivo Simplificado. Organizado pela Secretaria Municipal de Educa\u00e7\u00e3o, o certame visa a contrata\u00e7\u00e3o por tempo determinado para o preenchimento de mais de 600 vagas imediatas, al\u00e9m da forma\u00e7\u00e3o de cadastro de reserva. As oportunidades abrangem os n\u00edveis de escolaridade fundamental, m\u00e9dio, t\u00e9cnico e superior, com contratos que podem variar de 1 a 12 meses, conforme a necessidade da administra\u00e7\u00e3o p\u00fablica.<\/p>\n<p>As vagas s\u00e3o destinadas principalmente \u00e0 Rede Municipal de Ensino, contemplando cargos nas \u00e1reas de educa\u00e7\u00e3o, administra\u00e7\u00e3o e servi\u00e7os gerais. <strong>Para os profissionais das \u00e1reas de agr\u00e1rias e sa\u00fade, destaca-se a oferta de vagas para o cargo de Nutricionista.<\/strong> Este processo seletivo representa uma excelente oportunidade para profissionais que buscam uma coloca\u00e7\u00e3o no servi\u00e7o p\u00fablico municipal.<\/p>\n<h2>Inscri\u00e7\u00f5es<\/h2>\n<p>As inscri\u00e7\u00f5es para o Processo Seletivo da Prefeitura de Carolina &#8211; MA ser\u00e3o realizadas de forma <strong>presencial e gratuita<\/strong>. Os interessados dever\u00e3o comparecer \u00e0 Sede da Secretaria Municipal de Educa\u00e7\u00e3o, localizada na Rua dos Oper\u00e1rios, s\/n\u00ba, Centro, Carolina, Maranh\u00e3o, nos dias <strong>06 e 07 de agosto de 2025, das 8h \u00e0s 12h<\/strong>.<\/p>\n<p>No ato da inscri\u00e7\u00e3o, o candidato dever\u00e1 preencher a Ficha de Inscri\u00e7\u00e3o (Anexo I do edital) e entreg\u00e1-la em um envelope lacrado juntamente com as c\u00f3pias dos seguintes documentos:<\/p>\n<ul>\n<li>Carteira de Identidade e CPF;<\/li>\n<li>Comprovante de Resid\u00eancia;<\/li>\n<li>T\u00edtulo de Eleitor e comprovante da \u00faltima vota\u00e7\u00e3o;<\/li>\n<li>Certificado de Reservista (para candidatos do sexo masculino);<\/li>\n<li>Comprovante de Escolaridade exigido para o cargo;<\/li>\n<li>Curriculum Vitae detalhado;<\/li>\n<li>Documentos comprobat\u00f3rios de t\u00edtulos e experi\u00eancia profissional;<\/li>\n<li>Declara\u00e7\u00f5es constantes nos Anexos II e III do edital.<\/li>\n<\/ul>\n<p>A inscri\u00e7\u00e3o pode ser feita por procura\u00e7\u00e3o com firma reconhecida. N\u00e3o ser\u00e3o aceitas inscri\u00e7\u00f5es ou envio de documentos por outros meios, como e-mail ou fax. O deferimento da inscri\u00e7\u00e3o est\u00e1 condicionado \u00e0 entrega correta de toda a documenta\u00e7\u00e3o.<\/p>\n<h2>Etapas e Provas<\/h2>\n<p>O Processo Seletivo Simplificado da Prefeitura de Carolina &#8211; MA ser\u00e1 composto por duas etapas principais, ambas de car\u00e1ter classificat\u00f3rio, al\u00e9m de uma fase inicial de habilita\u00e7\u00e3o documental.<\/p>\n<ul>\n<li><strong>Habilita\u00e7\u00e3o (Eliminat\u00f3ria):<\/strong> Nesta fase inicial, a comiss\u00e3o avaliar\u00e1 se o candidato apresentou toda a documenta\u00e7\u00e3o obrigat\u00f3ria listada no item 4.2 do edital. A aus\u00eancia ou irregularidade de qualquer documento resultar\u00e1 na desclassifica\u00e7\u00e3o do candidato.<\/li>\n<li><strong>An\u00e1lise Curricular (Classificat\u00f3ria):<\/strong> A pontua\u00e7\u00e3o ser\u00e1 atribu\u00edda com base nos t\u00edtulos e na experi\u00eancia profissional comprovada pelo candidato. Os crit\u00e9rios variam conforme o n\u00edvel de escolaridade, incluindo forma\u00e7\u00e3o acad\u00eamica (gradua\u00e7\u00e3o, p\u00f3s-gradua\u00e7\u00e3o, mestrado, doutorado), cursos de aperfei\u00e7oamento e experi\u00eancia profissional na \u00e1rea de atua\u00e7\u00e3o.<\/li>\n<li><strong>Entrevista (Classificat\u00f3ria):<\/strong> Realizada no mesmo dia e local da inscri\u00e7\u00e3o, a entrevista tem como objetivo avaliar compet\u00eancias como clareza de express\u00e3o, dom\u00ednio pedag\u00f3gico, planejamento, e adequa\u00e7\u00e3o ao perfil do cargo. Para fun\u00e7\u00f5es t\u00e9cnicas, ser\u00e3o avaliadas habilidades pr\u00e1ticas. A pontua\u00e7\u00e3o obtida na entrevista ser\u00e1 somada \u00e0 da an\u00e1lise curricular para compor a nota final. O n\u00e3o comparecimento \u00e0 entrevista resultar\u00e1 em nota zero nesta etapa.<\/li>\n<\/ul>\n<p>Para conhecer detalhadamente os crit\u00e9rios de pontua\u00e7\u00e3o de cada t\u00edtulo, as compet\u00eancias avaliadas na entrevista e o cronograma completo, \u00e9 imprescind\u00edvel a consulta ao edital oficial do certame.<\/p>\n<h2>Resultados e Gabarito<\/h2>\n<p>A divulga\u00e7\u00e3o dos resultados e demais atos do Processo Seletivo da Prefeitura de Carolina &#8211; MA seguir\u00e1 um cronograma definido. A homologa\u00e7\u00e3o das inscri\u00e7\u00f5es est\u00e1 prevista para ser publicada no dia <strong>11 de agosto de 2025<\/strong>. Os resultados preliminares e finais da an\u00e1lise curricular e da entrevista ser\u00e3o disponibilizados no site oficial do munic\u00edpio.<\/p>\n<p>A classifica\u00e7\u00e3o final dos candidatos ser\u00e1 feita em ordem decrescente da pontua\u00e7\u00e3o total. Em caso de empate, ser\u00e3o aplicados os seguintes crit\u00e9rios, nesta ordem:<\/p>\n<ul>\n<li>Maior titula\u00e7\u00e3o acad\u00eamica (Doutorado, Mestrado, P\u00f3s-Gradua\u00e7\u00e3o);<\/li>\n<li>Idade igual ou superior a 60 anos (dando-se prefer\u00eancia ao de idade mais elevada);<\/li>\n<li>Maior idade entre 18 e 60 anos;<\/li>\n<li>Experi\u00eancia no servi\u00e7o do magist\u00e9rio p\u00fablico municipal;<\/li>\n<li>Maior pontua\u00e7\u00e3o na entrevista.<\/li>\n<\/ul>\n<p>A convoca\u00e7\u00e3o dos aprovados ocorrer\u00e1 de acordo com a necessidade da administra\u00e7\u00e3o e ser\u00e1 publicada no site oficial da Prefeitura. Os candidatos convocados ter\u00e3o 24 horas para se apresentar com a documenta\u00e7\u00e3o exigida. \u00c9 de responsabilidade exclusiva do candidato acompanhar todas as publica\u00e7\u00f5es no site <strong>www.carolina.ma.gov.br<\/strong> e nos murais da Prefeitura e da Secretaria de Educa\u00e7\u00e3o.<\/p>\n","protected":false},"excerpt":{"rendered":"<p>Aguardando in\u00edcio: Sel. Simplificada Pref. Carolina (MA) com 600+CR vagas p\/ Professor, ASG (Fund. a Sup.). Inscri\u00e7\u00f5es a partir de 06\/08. Confira detalhes!<\/p>\n","protected":false},"author":7,"featured_media":269691,"comment_status":"open","ping_status":"open","sticky":false,"template":"","format":"standard","meta":{"_acf_changed":false,"_breakdance_hide_in_design_set":false,"_breakdance_tags":"","footnotes":""},"categories":[94,6433,141,6434,111,100,20,6871,116,23,25,26,101,130],"tags":[49],"_amplo":[],"destaque":[],"instituicoes":[],"class_list":["post-269692","post","type-post","status-publish","format-standard","has-post-thumbnail","hentry","category-biblioteconomia","category-biologia-licenciatura","category-educacao-artistica","category-educacao-fisica-licenciatura","category-geografia","category-historia","category-letras","category-letras-ingles","category-matematica","category-nutricao","category-pedagogia","category-psicologia","category-servico-social","category-tecnico-informatica","tag-maranhao"],"acf":{"_tipo_vagas":"vagas","_numero_vagas":"","_quadro_vagas":"","_cargos":"diversos","_cargos_especificos":"","_salario_max":"R$ 2500","_abertura":"20250806","_encerramento":"20250807","_inscricoes":"https:\/\/www.carolina.ma.gov.br","_executora_concurso":"","_instituicao_concurso":[],"_link_adicional":null,"_anexos":null,"_produtos":null,"_vagas":"600 vagas + CR","_salario_min":"R$ 1518","_instituicao":"Prefeitura de Carolina","_edital":"https:\/\/www.agrobase.com.br\/concursos\/wp-content\/uploads\/sites\/4\/2025\/08\/edital-01-2025-prefeitura-de-carolina-ma.pdf","_anexos_edital":"","_fund_incompleto":"","_fund_completo":"<div>\r\n<table class=\"quadro\">\r\n<thead>\r\n<tr>\r\n<th class=\"hcargo\">Cargo<\/th>\r\n<th class=\"hvagas\">Vagas<\/th>\r\n<th class=\"hremuneracao\">Remunera\u00e7\u00e3o<\/th>\r\n<\/tr>\r\n<\/thead>\r\n    <tbody>\r\n      <td class=\"ccargos\">\r\n<span data-balloon-length=\"medium\" aria-label=\"Curso de Ensino Fundamental Completo.\" data-balloon-pos=\"up\">ASG<\/span><\/td>\r\n<td class=\"cvagas\">70 + CR<\/td>\r\n<td class=\"cremuneracao\">R$ 1.518,00 \/20h<\/td>\r\n<\/tr><td class=\"ccargos\">\r\n<span data-balloon-length=\"medium\" aria-label=\"Curso de Ensino Fundamental Completo.\" data-balloon-pos=\"up\">ASV<\/span><\/td>\r\n<td class=\"cvagas\">53 + CR<\/td>\r\n<td class=\"cremuneracao\">R$ 1.518,00 \/Escala 24x48<\/td>\r\n<\/tr>\r\n    <\/tbody>\r\n  <\/table>\r\n<\/div>","_medio":"<div>\r\n<table class=\"quadro\">\r\n<thead>\r\n<tr>\r\n<th class=\"hcargo\">Cargo<\/th>\r\n<th class=\"hvagas\">Vagas<\/th>\r\n<th class=\"hremuneracao\">Remunera\u00e7\u00e3o<\/th>\r\n<\/tr>\r\n<\/thead>\r\n    <tbody>\r\n      <td class=\"ccargos\">\r\n<span data-balloon-length=\"medium\" aria-label=\"Curso de Ensino M\u00e9dio Completo.\" data-balloon-pos=\"up\">PROFISSIONAL AUXILIAR DE APOIO PEDAG\u00d3GICO.<\/span><\/td>\r\n<td class=\"cvagas\">93 + CR<\/td>\r\n<td class=\"cremuneracao\">R$ 1.518,00 \/40h<\/td>\r\n<\/tr><td class=\"ccargos\">\r\n<span data-balloon-length=\"medium\" aria-label=\"Curso de Ensino M\u00e9dio Completo.\" data-balloon-pos=\"up\">BIBLIOTEC\u00c1RIO<\/span><\/td>\r\n<td class=\"cvagas\">5 + CR<\/td>\r\n<td class=\"cremuneracao\">R$ 1.518,00 \/20h<\/td>\r\n<\/tr><td class=\"ccargos\">\r\n<span data-balloon-length=\"medium\" aria-label=\"Curso de Ensino M\u00e9dio Completo com Habilita\u00e7\u00e3o Espec\u00edfica.\" data-balloon-pos=\"up\">AUXILIAR ADMINISTRATIVO<\/span><\/td>\r\n<td class=\"cvagas\">25 + CR<\/td>\r\n<td class=\"cremuneracao\">R$ 1.518,00 \/20h<\/td>\r\n<\/tr><td class=\"ccargos\">\r\n<span data-balloon-length=\"medium\" aria-label=\"Habilita\u00e7\u00e3o Espec\u00edfica para Fun\u00e7\u00e3o.\" data-balloon-pos=\"up\">ELETRICISTA<\/span><\/td>\r\n<td class=\"cvagas\">2 + CR<\/td>\r\n<td class=\"cremuneracao\">R$ 2.000,00 \/40h<\/td>\r\n<\/tr><td class=\"ccargos\">\r\n<span data-balloon-length=\"medium\" aria-label=\"Carteira Nacional de Habilita\u00e7\u00e3o categoria D ou E.\" data-balloon-pos=\"up\">MOTORISTA ESCOLAR.<\/span><\/td>\r\n<td class=\"cvagas\">12 + CR<\/td>\r\n<td class=\"cremuneracao\">R$ 2.000,00 \/40h<\/td>\r\n<\/tr><td class=\"ccargos\">\r\n<span data-balloon-length=\"medium\" aria-label=\"Carteira Nacional de Habilita\u00e7\u00e3o categoria B ou C.\" data-balloon-pos=\"up\">MOTORISTA<\/span><\/td>\r\n<td class=\"cvagas\">3 + CR<\/td>\r\n<td class=\"cremuneracao\">R$ 2.000,00 \/40h<\/td>\r\n<\/tr><td class=\"ccargos\">\r\n<span data-balloon-length=\"medium\" aria-label=\"Habilita\u00e7\u00e3o Espec\u00edfica para Fun\u00e7\u00e3o.\" data-balloon-pos=\"up\">MEC\u00c2NICO<\/span><\/td>\r\n<td class=\"cvagas\">3 + CR<\/td>\r\n<td class=\"cremuneracao\">R$ 2.500,00 \/40h<\/td>\r\n<\/tr><td class=\"ccargos\">\r\n<span data-balloon-length=\"medium\" aria-label=\"Curso de Ensino M\u00e9dio Completo com Habilita\u00e7\u00e3o Espec\u00edfica para fun\u00e7\u00e3o.\" data-balloon-pos=\"up\">T\u00c9CNICO EM INFORM\u00c1TICA.<\/span><\/td>\r\n<td class=\"cvagas\">2 + CR<\/td>\r\n<td class=\"cremuneracao\">R$ 1.518,00 \/20h<\/td>\r\n<\/tr><td class=\"ccargos\">\r\n<span data-balloon-length=\"medium\" aria-label=\"Curso de Ensino M\u00e9dio Completo.\" data-balloon-pos=\"up\">MONITOR DE P\u00c1TIO.<\/span><\/td>\r\n<td class=\"cvagas\">4 + CR<\/td>\r\n<td class=\"cremuneracao\">R$ 1.518,00 \/40h<\/td>\r\n<\/tr>\r\n    <\/tbody>\r\n  <\/table>\r\n<\/div>","_superior":"<div>\r\n<table class=\"quadro\">\r\n<thead>\r\n<tr>\r\n<th class=\"hcargo\">Cargo<\/th>\r\n<th class=\"hvagas\">Vagas<\/th>\r\n<th class=\"hremuneracao\">Remunera\u00e7\u00e3o<\/th>\r\n<\/tr>\r\n<\/thead>\r\n    <tbody>\r\n      <tr>\r\n<td class=\"ccargos\">\r\n<span data-balloon-length=\"medium\" aria-label=\"N\u00edvel Superior com habilita\u00e7\u00e3o espec\u00edfica.\" data-balloon-pos=\"up\">PROFESSOR DE PEDAGOGIA<\/span><\/td>\r\n<td class=\"cvagas\">160 + CR<\/td>\r\n<td class=\"cremuneracao\">R$ 2.300,00 \/20h<\/td>\r\n<\/tr><tr>\r\n<td class=\"ccargos\">\r\n<span data-balloon-length=\"medium\" aria-label=\"N\u00edvel Superior com habilita\u00e7\u00e3o espec\u00edfica.\" data-balloon-pos=\"up\">PROFESSOR DE PEDAGOGIA (Coordena\u00e7\u00e3o)<\/span><\/td>\r\n<td class=\"cvagas\">3 + CR<\/td>\r\n<td class=\"cremuneracao\">R$ 2.433,00 \/20h<\/td>\r\n<\/tr><tr>\r\n<td class=\"ccargos\">\r\n<span data-balloon-length=\"medium\" aria-label=\"N\u00edvel Superior com habilita\u00e7\u00e3o espec\u00edfica para fun\u00e7\u00e3o.\" data-balloon-pos=\"up\">PROFESSOR AUXILIAR<\/span><\/td>\r\n<td class=\"cvagas\">25 + CR<\/td>\r\n<td class=\"cremuneracao\">R$ 2.000,00 \/20h<\/td>\r\n<\/tr><tr>\r\n<td class=\"ccargos\">\r\n<span data-balloon-length=\"medium\" aria-label=\"N\u00edvel Superior com habilita\u00e7\u00e3o espec\u00edfica.\" data-balloon-pos=\"up\">PROFESSOR \u00c1REA ESPEC\u00cdFICA PORTUGU\u00caS<\/span><\/td>\r\n<td class=\"cvagas\">25 + CR<\/td>\r\n<td class=\"cremuneracao\">R$ 2.300,00 \/20h<\/td>\r\n<\/tr><tr>\r\n<td class=\"ccargos\">\r\n<span data-balloon-length=\"medium\" aria-label=\"N\u00edvel Superior com habilita\u00e7\u00e3o espec\u00edfica.\" data-balloon-pos=\"up\">PROFESSOR MATEM\u00c1TICA<\/span><\/td>\r\n<td class=\"cvagas\">25 + CR<\/td>\r\n<td class=\"cremuneracao\">R$ 2.300,00 \/20h<\/td>\r\n<\/tr><tr>\r\n<td class=\"ccargos\">\r\n<span data-balloon-length=\"medium\" aria-label=\"N\u00edvel Superior com habilita\u00e7\u00e3o espec\u00edfica.\" data-balloon-pos=\"up\">PROFESSOR CIENCIAS<\/span><\/td>\r\n<td class=\"cvagas\">15 + CR<\/td>\r\n<td class=\"cremuneracao\">R$ 2.300,00 \/20h<\/td>\r\n<\/tr><tr>\r\n<td class=\"ccargos\">\r\n<span data-balloon-length=\"medium\" aria-label=\"N\u00edvel Superior com habilita\u00e7\u00e3o espec\u00edfica.\" data-balloon-pos=\"up\">PROFESSOR HIST\u00d3RIA<\/span><\/td>\r\n<td class=\"cvagas\">13 + CR<\/td>\r\n<td class=\"cremuneracao\">R$ 2.300,00 \/20h<\/td>\r\n<\/tr><tr>\r\n<td class=\"ccargos\">\r\n<span data-balloon-length=\"medium\" aria-label=\"N\u00edvel Superior com habilita\u00e7\u00e3o espec\u00edfica.\" data-balloon-pos=\"up\">PROFESSOR GEOGRAFIA<\/span><\/td>\r\n<td class=\"cvagas\">10 + CR<\/td>\r\n<td class=\"cremuneracao\">R$ 2.300,00 \/20h<\/td>\r\n<\/tr><tr>\r\n<td class=\"ccargos\">\r\n<span data-balloon-length=\"medium\" aria-label=\"N\u00edvel Superior com habilita\u00e7\u00e3o espec\u00edfica.\" data-balloon-pos=\"up\">PROFESSOR INGL\u00caS<\/span><\/td>\r\n<td class=\"cvagas\">15 + CR<\/td>\r\n<td class=\"cremuneracao\">R$ 2.300,00 \/20h<\/td>\r\n<\/tr><tr>\r\n<td class=\"ccargos\">\r\n<span data-balloon-length=\"medium\" aria-label=\"N\u00edvel Superior com habilita\u00e7\u00e3o espec\u00edfica.\" data-balloon-pos=\"up\">PROFESSOR De ARTE<\/span><\/td>\r\n<td class=\"cvagas\">6 + CR<\/td>\r\n<td class=\"cremuneracao\">R$ 2.300,00 \/20h<\/td>\r\n<\/tr><tr>\r\n<td class=\"ccargos\">\r\n<span data-balloon-length=\"medium\" aria-label=\"N\u00edvel Superior com habilita\u00e7\u00e3o espec\u00edfica.\" data-balloon-pos=\"up\">PROFESSOR E. RELIGIOSO<\/span><\/td>\r\n<td class=\"cvagas\">6 + CR<\/td>\r\n<td class=\"cremuneracao\">R$ 2.300,00 \/20h<\/td>\r\n<\/tr><tr>\r\n<td class=\"ccargos\">\r\n<span data-balloon-length=\"medium\" aria-label=\"N\u00edvel Superior com habilita\u00e7\u00e3o espec\u00edfica.\" data-balloon-pos=\"up\">PROFESSOR EDUCA\u00c7\u00c3O F\u00cdSICA<\/span><\/td>\r\n<td class=\"cvagas\">12 + CR<\/td>\r\n<td class=\"cremuneracao\">R$ 2.300,00 \/20h<\/td>\r\n<\/tr><tr>\r\n<td class=\"ccargos\">\r\n<span data-balloon-length=\"medium\" aria-label=\"N\u00edvel Superior com habilita\u00e7\u00e3o espec\u00edfica.\" data-balloon-pos=\"up\">PSICOL\u00d3GA<\/span><\/td>\r\n<td class=\"cvagas\">2 + CR<\/td>\r\n<td class=\"cremuneracao\">R$ 2.400,00 \/30h<\/td>\r\n<\/tr><tr>\r\n<td class=\"ccargos\">\r\n<span data-balloon-length=\"medium\" aria-label=\"N\u00edvel Superior com habilita\u00e7\u00e3o espec\u00edfica.\" data-balloon-pos=\"up\">NEUROPSICOPEDAGOGA<\/span><\/td>\r\n<td class=\"cvagas\">2 + CR<\/td>\r\n<td class=\"cremuneracao\">R$ 2.000,00 \/30h<\/td>\r\n<\/tr><tr>\r\n<td class=\"ccargos\">\r\n<span data-balloon-length=\"medium\" aria-label=\"N\u00edvel Superior com habilita\u00e7\u00e3o espec\u00edfica.\" data-balloon-pos=\"up\">ASSISTENTE SOCIAL<\/span><\/td>\r\n<td class=\"cvagas\">2 + CR<\/td>\r\n<td class=\"cremuneracao\">R$ 2.500,00 \/30h<\/td>\r\n<\/tr><tr>\r\n<td class=\"ccargos\">\r\n<span data-balloon-length=\"medium\" aria-label=\"N\u00edvel Superior com habilita\u00e7\u00e3o espec\u00edfica.\" data-balloon-pos=\"up\">NUTRICIONISTA<\/span><\/td>\r\n<td class=\"cvagas\">2 + CR<\/td>\r\n<td class=\"cremuneracao\">R$ 2.500,00 \/30h<\/td>\r\n<\/tr>\r\n    <\/tbody>\r\n  <\/table>\r\n<\/div>"},"_links":{"self":[{"href":"https:\/\/www.agrobase.com.br\/concursos\/wp-json\/wp\/v2\/posts\/269692","targetHints":{"allow":["GET"]}}],"collection":[{"href":"https:\/\/www.agrobase.com.br\/concursos\/wp-json\/wp\/v2\/posts"}],"about":[{"href":"https:\/\/www.agrobase.com.br\/concursos\/wp-json\/wp\/v2\/types\/post"}],"author":[{"embeddable":true,"href":"https:\/\/www.agrobase.com.br\/concursos\/wp-json\/wp\/v2\/users\/7"}],"replies":[{"embeddable":true,"href":"https:\/\/www.agrobase.com.br\/concursos\/wp-json\/wp\/v2\/comments?post=269692"}],"version-history":[{"count":2,"href":"https:\/\/www.agrobase.com.br\/concursos\/wp-json\/wp\/v2\/posts\/269692\/revisions"}],"predecessor-version":[{"id":269695,"href":"https:\/\/www.agrobase.com.br\/concursos\/wp-json\/wp\/v2\/posts\/269692\/revisions\/269695"}],"wp:featuredmedia":[{"embeddable":true,"href":"https:\/\/www.agrobase.com.br\/concursos\/wp-json\/wp\/v2\/media\/269691"}],"wp:attachment":[{"href":"https:\/\/www.agrobase.com.br\/concursos\/wp-json\/wp\/v2\/media?parent=269692"}],"wp:term":[{"taxonomy":"category","embeddable":true,"href":"https:\/\/www.agrobase.com.br\/concursos\/wp-json\/wp\/v2\/categories?post=269692"},{"taxonomy":"post_tag","embeddable":true,"href":"https:\/\/www.agrobase.com.br\/concursos\/wp-json\/wp\/v2\/tags?post=269692"},{"taxonomy":"_amplo","embeddable":true,"href":"https:\/\/www.agrobase.com.br\/concursos\/wp-json\/wp\/v2\/_amplo?post=269692"},{"taxonomy":"destaque","embeddable":true,"href":"https:\/\/www.agrobase.com.br\/concursos\/wp-json\/wp\/v2\/destaque?post=269692"},{"taxonomy":"instituicoes","embeddable":true,"href":"https:\/\/www.agrobase.com.br\/concursos\/wp-json\/wp\/v2\/instituicoes?post=269692"}],"curies":[{"name":"wp","href":"https:\/\/api.w.org\/{rel}","templated":true}]}}