{"id":269645,"date":"2025-08-06T07:10:24","date_gmt":"2025-08-06T10:10:24","guid":{"rendered":"https:\/\/www.agrobase.com.br\/concursos\/?p=269645"},"modified":"2025-08-06T11:21:14","modified_gmt":"2025-08-06T14:21:14","slug":"prefeitura-sao-francisco-do-conde-ba-selecao-simplificada-01-2025","status":"publish","type":"post","link":"https:\/\/www.agrobase.com.br\/concursos\/2025\/prefeitura-sao-francisco-do-conde-ba-selecao-simplificada-01-2025\/","title":{"rendered":"Prefeitura S\u00e3o Francisco do Conde (BA) &#8211; Sele\u00e7\u00e3o Simplificada 01\/2025"},"content":{"rendered":"<h2>Informa\u00e7\u00f5es Gerais<\/h2>\n<p>A Prefeitura de S\u00e3o Francisco do Conde, na Bahia, publicou o edital para seu novo Processo Seletivo Simplificado (PSS), destinado \u00e0 contrata\u00e7\u00e3o tempor\u00e1ria de profissionais para a Secretaria Municipal da Sa\u00fade. Organizado pela banca Inaz do Par\u00e1, o certame oferece 494 vagas imediatas, al\u00e9m da forma\u00e7\u00e3o de cadastro de reserva, para cargos de n\u00edveis fundamental, m\u00e9dio, t\u00e9cnico e superior. As contrata\u00e7\u00f5es ser\u00e3o realizadas sob o Regime Especial de Direito Administrativo (REDA), com validade de dois anos, prorrog\u00e1vel por igual per\u00edodo.<\/p>\n<p>As oportunidades abrangem diversas \u00e1reas da sa\u00fade e de apoio administrativo. <strong>Destaque para as vagas de n\u00edvel superior em Nutri\u00e7\u00e3o e Zootecnia<\/strong>, al\u00e9m de outras carreiras como Enfermagem, Fisioterapia, Psicologia e Farm\u00e1cia. Se voc\u00ea busca uma oportunidade no servi\u00e7o p\u00fablico baiano, continue a leitura para conferir todos os detalhes sobre as inscri\u00e7\u00f5es, etapas e o cronograma completo deste processo seletivo.<\/p>\n<h2>Inscri\u00e7\u00f5es<\/h2>\n<p>As inscri\u00e7\u00f5es para o Processo Seletivo Simplificado de S\u00e3o Francisco do Conde ser\u00e3o realizadas exclusivamente pela internet. Os interessados dever\u00e3o acessar o site da banca organizadora, Inaz do Par\u00e1, no endere\u00e7o <strong>https:\/\/paconcursos.selecao.net.br<\/strong>, para preencher o formul\u00e1rio de inscri\u00e7\u00e3o. O per\u00edodo para se candidatar estar\u00e1 aberto <em>das 08h00 do dia 04 de agosto de 2025 at\u00e9 as 10h00 do dia 09 de agosto de 2025<\/em>, seguindo o hor\u00e1rio oficial de Bras\u00edlia\/DF.<\/p>\n<p>Uma excelente not\u00edcia para os candidatos \u00e9 que <strong>n\u00e3o haver\u00e1 cobran\u00e7a de taxa de inscri\u00e7\u00e3o<\/strong>, tornando o processo acess\u00edvel a todos os interessados que preencham os requisitos. \u00c9 importante ressaltar que cada candidato poder\u00e1 se inscrever para apenas uma fun\u00e7\u00e3o, sendo vedada a concorr\u00eancia em m\u00faltiplos cargos com o mesmo CPF.<\/p>\n<p>Ap\u00f3s a conclus\u00e3o do cadastro, o candidato dever\u00e1 acessar a \u201c\u00c1rea do Candidato\u201d no mesmo site para realizar o envio dos documentos para a avalia\u00e7\u00e3o de t\u00edtulos, etapa \u00fanica do certame. A organiza\u00e7\u00e3o n\u00e3o se responsabiliza por inscri\u00e7\u00f5es n\u00e3o efetivadas por problemas t\u00e9cnicos de computadores, falhas de comunica\u00e7\u00e3o ou outros fatores externos. Portanto, recomenda-se realizar o procedimento com anteced\u00eancia. Para garantir a correta participa\u00e7\u00e3o, \u00e9 fundamental a leitura completa do edital.<\/p>\n<h2>Etapas e Provas<\/h2>\n<p>A sele\u00e7\u00e3o dos candidatos para o PSS da Prefeitura de S\u00e3o Francisco do Conde ser\u00e1 realizada em <strong>etapa \u00fanica<\/strong>, consistindo em uma <strong>Avalia\u00e7\u00e3o de T\u00edtulos<\/strong>, de car\u00e1ter eliminat\u00f3rio e classificat\u00f3rio. N\u00e3o haver\u00e1 aplica\u00e7\u00e3o de provas objetivas ou discursivas. A pontua\u00e7\u00e3o m\u00e1xima nesta etapa \u00e9 de 100 pontos, e ser\u00e3o eliminados os candidatos que obtiverem nota total igual ou inferior a 10 pontos.<\/p>\n<p>O envio dos documentos comprobat\u00f3rios dever\u00e1 ser feito de forma eletr\u00f4nica, atrav\u00e9s da \u201c\u00c1rea do Candidato\u201d no site da banca Inaz do Par\u00e1, durante o per\u00edodo de inscri\u00e7\u00e3o. Ser\u00e3o avaliados os seguintes crit\u00e9rios, com pontua\u00e7\u00f5es distintas para cada n\u00edvel de escolaridade:<\/p>\n<ul>\n<li><strong>Forma\u00e7\u00e3o Acad\u00eamica:<\/strong> Ser\u00e3o pontuados diplomas de doutorado, mestrado e especializa\u00e7\u00e3o (para n\u00edvel superior), al\u00e9m de certificados de cursos de aperfei\u00e7oamento e participa\u00e7\u00e3o em eventos cient\u00edficos, congressos e semin\u00e1rios para todos os n\u00edveis, desde que relacionados \u00e0 \u00e1rea da fun\u00e7\u00e3o pretendida.<\/li>\n<li><strong>Experi\u00eancia Profissional:<\/strong> Ser\u00e1 contabilizada a experi\u00eancia profissional comprovada na \u00e1rea espec\u00edfica da fun\u00e7\u00e3o, tanto no setor p\u00fablico quanto no privado. A pontua\u00e7\u00e3o ser\u00e1 atribu\u00edda por semestre completo de atua\u00e7\u00e3o.<\/li>\n<\/ul>\n<p>\u00c9 fundamental que os documentos enviados estejam em formato PDF, leg\u00edveis e de acordo com todas as especifica\u00e7\u00f5es do edital, como a comprova\u00e7\u00e3o de experi\u00eancia por meio de carteira de trabalho ou declara\u00e7\u00f5es oficiais. Documentos ileg\u00edveis, rasurados ou fora do padr\u00e3o n\u00e3o ser\u00e3o considerados. Para conhecer em detalhes o barema de pontua\u00e7\u00e3o de cada t\u00edtulo e as regras de comprova\u00e7\u00e3o, a leitura atenta do edital \u00e9 indispens\u00e1vel.<\/p>\n<h2>Resultados e Gabarito<\/h2>\n<p>Os resultados do Processo Seletivo Simplificado de S\u00e3o Francisco do Conde ser\u00e3o divulgados conforme o cronograma oficial. O resultado preliminar da Avalia\u00e7\u00e3o de T\u00edtulos est\u00e1 previsto para ser publicado no dia <strong>20 de agosto de 2025<\/strong>. Ap\u00f3s o per\u00edodo de recursos, o resultado final do certame ser\u00e1 divulgado em <strong>30 de agosto de 2025<\/strong>.<\/p>\n<p>A classifica\u00e7\u00e3o final dos candidatos ser\u00e1 feita em ordem decrescente da pontua\u00e7\u00e3o obtida na Avalia\u00e7\u00e3o de T\u00edtulos. Em caso de empate, os crit\u00e9rios de desempate seguir\u00e3o a seguinte ordem de prioridade:<\/p>\n<ul>\n<li>Maior pontua\u00e7\u00e3o obtida no crit\u00e9rio de experi\u00eancia profissional na fun\u00e7\u00e3o pretendida;<\/li>\n<li>Maior idade, considerando dia, m\u00eas e ano de nascimento.<\/li>\n<\/ul>\n<p>A homologa\u00e7\u00e3o do resultado final est\u00e1 programada para o dia <strong>01 de setembro de 2025<\/strong>, e a primeira convoca\u00e7\u00e3o deve ocorrer a partir de <strong>03 de setembro de 2025<\/strong>. As convoca\u00e7\u00f5es para a contrata\u00e7\u00e3o ser\u00e3o publicadas oficialmente no Di\u00e1rio Oficial do Munic\u00edpio de S\u00e3o Francisco do Conde. Embora os resultados tamb\u00e9m possam ser disponibilizados nos sites da banca Inaz do Par\u00e1 e da Prefeitura, a publica\u00e7\u00e3o no Di\u00e1rio Oficial \u00e9 o meio oficial para o chamamento.<\/p>\n<p>\u00c9 de responsabilidade exclusiva do candidato acompanhar todas as publica\u00e7\u00f5es, editais e comunicados referentes ao processo seletivo nos canais oficiais indicados, especialmente no Di\u00e1rio Oficial do Munic\u00edpio, para n\u00e3o perder nenhum prazo ou convoca\u00e7\u00e3o.<\/p>\n","protected":false},"excerpt":{"rendered":"<p>Proc. Seletivo Pref. S\u00e3o Francisco do Conde (BA) com edital publicado! Vagas p\/ Enfermagem e Odonto (Fund. a Sup.). Inscri\u00e7\u00f5es a partir de 04\/08. Confira!<\/p>\n","protected":false},"author":7,"featured_media":269644,"comment_status":"open","ping_status":"open","sticky":false,"template":"","format":"standard","meta":{"_acf_changed":false,"_breakdance_hide_in_design_set":false,"_breakdance_tags":"","footnotes":""},"categories":[7,106,11,12,152,17,18,19,23,24,26,101,108,161,143,157,134,28],"tags":[42],"_amplo":[],"destaque":[],"instituicoes":[],"class_list":["post-269645","post","type-post","status-publish","format-standard","has-post-thumbnail","hentry","category-biomedicina","category-bioquimica","category-educacao-fisica","category-enfermagem","category-engenharia-seguranca-trabalho","category-farmacia","category-fisioterapia","category-fonoaudiologia","category-nutricao","category-odontologia","category-psicologia","category-servico-social","category-tecnico-enfermagem","category-tecnico-laboratorio","category-tecnico-odontologia","category-tecnico-seguranca-trabalho","category-terapia-ocupacional","category-zootecnia","tag-bahia"],"acf":{"_tipo_vagas":"vagas","_numero_vagas":"","_quadro_vagas":"","_cargos":"diversos","_cargos_especificos":"","_salario_max":"R$ 9926.22","_abertura":"20250804","_encerramento":"20250809","_inscricoes":"https:\/\/paconcursos.selecao.net.br","_executora_concurso":"","_instituicao_concurso":[],"_link_adicional":null,"_anexos":null,"_produtos":null,"_vagas":"494 vagas + CR","_salario_min":"R$ 1660","_instituicao":"Prefeitura de S\u00e3o Francisco do Conde","_edital":"https:\/\/www.agrobase.com.br\/concursos\/wp-content\/uploads\/sites\/4\/2025\/08\/edital-01-2025-prefeitura-de-sao-francisco-do-conde-ba.pdf","_anexos_edital":"https:\/\/www.agrobase.com.br\/concursos\/wp-content\/uploads\/sites\/4\/2025\/08\/anexos-edital-01-2025-prefeitura-de-sao-francisco-do-conde-ba.pdf","_fund_incompleto":"","_fund_completo":"<div>\r\n<table class=\"quadro\">\r\n<thead>\r\n<tr>\r\n<th class=\"hcargo\">Cargo<\/th>\r\n<th class=\"hvagas\">Vagas<\/th>\r\n<th class=\"hremuneracao\">Remunera\u00e7\u00e3o<\/th>\r\n<\/tr>\r\n<\/thead>\r\n    <tbody>\r\n      <td class=\"ccargos\">Agente de portaria<\/td>\r\n<td class=\"cvagas\">30<\/td>\r\n<td class=\"cremuneracao\">R$ 1.660,00 \/40h<\/td>\r\n<\/tr><td class=\"ccargos\">Condutor de ve\u00edculo de emerg\u00eancia<\/td>\r\n<td class=\"cvagas\">20<\/td>\r\n<td class=\"cremuneracao\">R$ 2.065,00 \/36h<\/td>\r\n<\/tr><td class=\"ccargos\">Condutor de ve\u00edculo leve<\/td>\r\n<td class=\"cvagas\">20 + CR<\/td>\r\n<td class=\"cremuneracao\">R$ 1.930,00 \/40h<\/td>\r\n<\/tr><td class=\"ccargos\">Office Boy<\/td>\r\n<td class=\"cvagas\">04 + CR<\/td>\r\n<td class=\"cremuneracao\">R$ 1.660,00 \/40h<\/td>\r\n<\/tr>\r\n    <\/tbody>\r\n  <\/table>\r\n<\/div>","_medio":"<div>\r\n<table class=\"quadro\">\r\n<thead>\r\n<tr>\r\n<th class=\"hcargo\">Cargo<\/th>\r\n<th class=\"hvagas\">Vagas<\/th>\r\n<th class=\"hremuneracao\">Remunera\u00e7\u00e3o<\/th>\r\n<\/tr>\r\n<\/thead>\r\n    <tbody>\r\n      <td class=\"ccargos\">Agente de regula\u00e7\u00e3o ambulatorial<\/td>\r\n<td class=\"cvagas\">22<\/td>\r\n<td class=\"cremuneracao\">R$ 1.930,00 \/40h<\/td>\r\n<\/tr><td class=\"ccargos\">Auxiliar administrativo<\/td>\r\n<td class=\"cvagas\">30 + CR<\/td>\r\n<td class=\"cremuneracao\">R$ 1.800,00 \/40h<\/td>\r\n<\/tr><td class=\"ccargos\">Auxiliar de farm\u00e1cia<\/td>\r\n<td class=\"cvagas\">25<\/td>\r\n<td class=\"cremuneracao\">R$ 1.930,00 \/40h<\/td>\r\n<\/tr><td class=\"ccargos\">Auxiliar de sa\u00fade bucal<\/td>\r\n<td class=\"cvagas\">19 + CR<\/td>\r\n<td class=\"cremuneracao\">R$ 1.930,00 \/40h<\/td>\r\n<\/tr><td class=\"ccargos\">Oficineiro - CAPS<\/td>\r\n<td class=\"cvagas\">02<\/td>\r\n<td class=\"cremuneracao\">R$ 1.930,00 \/40h<\/td>\r\n<\/tr><td class=\"ccargos\">Operador de sistemas de informa\u00e7\u00e3o<\/td>\r\n<td class=\"cvagas\">07<\/td>\r\n<td class=\"cremuneracao\">R$ 1.930,00 \/40h<\/td>\r\n<\/tr><td class=\"ccargos\">Pod\u00f3logo<\/td>\r\n<td class=\"cvagas\">01<\/td>\r\n<td class=\"cremuneracao\">R$ 2.065,00 \/40h<\/td>\r\n<\/tr><td class=\"ccargos\">Recepcionista<\/td>\r\n<td class=\"cvagas\">33 + CR<\/td>\r\n<td class=\"cremuneracao\">R$ 1.660,00 \/40h<\/td>\r\n<\/tr><td class=\"ccargos\">T\u00e9cnico em enfermagem<\/td>\r\n<td class=\"cvagas\">06 + CR<\/td>\r\n<td class=\"cremuneracao\">R$ 2.267,05 \/30h<\/td>\r\n<\/tr><td class=\"ccargos\">T\u00e9cnico em enfermagem<\/td>\r\n<td class=\"cvagas\">48 + CR<\/td>\r\n<td class=\"cremuneracao\">R$ 3.022,73 \/40h<\/td>\r\n<\/tr><td class=\"ccargos\">T\u00e9cnico em enfermagem do trabalho<\/td>\r\n<td class=\"cvagas\">02 + CR<\/td>\r\n<td class=\"cremuneracao\">R$ 3.022,73 \/40h<\/td>\r\n<\/tr><td class=\"ccargos\">T\u00e9cnico em laborat\u00f3rio<\/td>\r\n<td class=\"cvagas\">05 + CR<\/td>\r\n<td class=\"cremuneracao\">R$ 2.202,00 \/40h<\/td>\r\n<\/tr><td class=\"ccargos\">T\u00e9cnico em seguran\u00e7a do trabalho<\/td>\r\n<td class=\"cvagas\">01<\/td>\r\n<td class=\"cremuneracao\">R$ 2.750,00 \/40h<\/td>\r\n<\/tr>\r\n    <\/tbody>\r\n  <\/table>\r\n<\/div>","_superior":"<div>\r\n<table class=\"quadro\">\r\n<thead>\r\n<tr>\r\n<th class=\"hcargo\">Cargo<\/th>\r\n<th class=\"hvagas\">Vagas<\/th>\r\n<th class=\"hremuneracao\">Remunera\u00e7\u00e3o<\/th>\r\n<\/tr>\r\n<\/thead>\r\n    <tbody>\r\n      <tr>\r\n<td class=\"ccargos\">Assistente social<\/td>\r\n<td class=\"cvagas\">26 + CR<\/td>\r\n<td class=\"cremuneracao\">R$ 3.446,00 \/30h<\/td>\r\n<\/tr><tr>\r\n<td class=\"ccargos\">Biom\u00e9dico<\/td>\r\n<td class=\"cvagas\">01 + CR<\/td>\r\n<td class=\"cremuneracao\">R$ 4.145,00 \/40h<\/td>\r\n<\/tr><tr>\r\n<td class=\"ccargos\">Cirurgia Dentista<\/td>\r\n<td class=\"cvagas\">16<\/td>\r\n<td class=\"cremuneracao\">R$ 6.072,00 \/40h<\/td>\r\n<\/tr><tr>\r\n<td class=\"ccargos\">Cirurgia Dentista \u2013 Atendimento paciente com necessidades especiais (PNE)<\/td>\r\n<td class=\"cvagas\">CR<\/td>\r\n<td class=\"cremuneracao\">R$ 6.072,00 \/30h<\/td>\r\n<\/tr><tr>\r\n<td class=\"ccargos\">Cirurgia Dentista \u2013 Bucomaxilofacial<\/td>\r\n<td class=\"cvagas\">03 + CR<\/td>\r\n<td class=\"cremuneracao\">R$ 6.072,00 \/30h<\/td>\r\n<\/tr><tr>\r\n<td class=\"ccargos\">Cirurgia Dentista \u2013 Endodontista<\/td>\r\n<td class=\"cvagas\">CR<\/td>\r\n<td class=\"cremuneracao\">R$ 6.072,00 \/30h<\/td>\r\n<\/tr><tr>\r\n<td class=\"ccargos\">Cirurgia Dentista \u2013 Periodontista<\/td>\r\n<td class=\"cvagas\">CR<\/td>\r\n<td class=\"cremuneracao\">R$ 6.072,00 \/30h<\/td>\r\n<\/tr><tr>\r\n<td class=\"ccargos\">Educador f\u00edsico<\/td>\r\n<td class=\"cvagas\">03<\/td>\r\n<td class=\"cremuneracao\">R$ 3.446,00 \/30h<\/td>\r\n<\/tr><tr>\r\n<td class=\"ccargos\">Enfermeiro<\/td>\r\n<td class=\"cvagas\">06 + CR<\/td>\r\n<td class=\"cremuneracao\">R$ 3.238,64 \/30h<\/td>\r\n<\/tr><tr>\r\n<td class=\"ccargos\">Enfermeiro<\/td>\r\n<td class=\"cvagas\">40 + CR<\/td>\r\n<td class=\"cremuneracao\">R$ 4.378,18 \/40h<\/td>\r\n<\/tr><tr>\r\n<td class=\"ccargos\">Enfermeiro Auditor<\/td>\r\n<td class=\"cvagas\">01 + CR<\/td>\r\n<td class=\"cremuneracao\">R$ 4.378,18 \/40h<\/td>\r\n<\/tr><tr>\r\n<td class=\"ccargos\">Enfermeiro obstetra<\/td>\r\n<td class=\"cvagas\">01 + CR<\/td>\r\n<td class=\"cremuneracao\">R$ 3.238,64 \/40h<\/td>\r\n<\/tr><tr>\r\n<td class=\"ccargos\">Enfermeiro do trabalho<\/td>\r\n<td class=\"cvagas\">CR<\/td>\r\n<td class=\"cremuneracao\">R$ 4.378,18 \/40h<\/td>\r\n<\/tr><tr>\r\n<td class=\"ccargos\">Engenheiro de seguran\u00e7a do trabalho<\/td>\r\n<td class=\"cvagas\">01<\/td>\r\n<td class=\"cremuneracao\">R$ 3.446,00 \/30h<\/td>\r\n<\/tr><tr>\r\n<td class=\"ccargos\">Farmac\u00eautico<\/td>\r\n<td class=\"cvagas\">02<\/td>\r\n<td class=\"cremuneracao\">R$ 4.130,00 \/30h<\/td>\r\n<\/tr><tr>\r\n<td class=\"ccargos\">Farmac\u00eautico Bioqu\u00edmico<\/td>\r\n<td class=\"cvagas\">03<\/td>\r\n<td class=\"cremuneracao\">R$ 5.748,74 \/40h<\/td>\r\n<\/tr><tr>\r\n<td class=\"ccargos\">Fonoaudi\u00f3logo<\/td>\r\n<td class=\"cvagas\">05<\/td>\r\n<td class=\"cremuneracao\">R$ 3.446,00 \/30h<\/td>\r\n<\/tr><tr>\r\n<td class=\"ccargos\">Fisioterapeuta<\/td>\r\n<td class=\"cvagas\">32 + CR<\/td>\r\n<td class=\"cremuneracao\">R$ 3.346,00 \/30h<\/td>\r\n<\/tr><tr>\r\n<td class=\"ccargos\">Nutricionista<\/td>\r\n<td class=\"cvagas\">03 + CR<\/td>\r\n<td class=\"cremuneracao\">R$ 3.346,00 \/30h<\/td>\r\n<\/tr><tr>\r\n<td class=\"ccargos\">Psic\u00f3logo<\/td>\r\n<td class=\"cvagas\">23<\/td>\r\n<td class=\"cremuneracao\">R$ 3.346,00 \/30h<\/td>\r\n<\/tr><tr>\r\n<td class=\"ccargos\">Terapeuta ocupacional<\/td>\r\n<td class=\"cvagas\">01<\/td>\r\n<td class=\"cremuneracao\">R$ 3.346,00 \/30h<\/td>\r\n<\/tr><tr>\r\n<td class=\"ccargos\">Zootecnista<\/td>\r\n<td class=\"cvagas\">01<\/td>\r\n<td class=\"cremuneracao\">R$ 9.926,22 \/40h<\/td>\r\n<\/tr>\r\n    <\/tbody>\r\n  <\/table>\r\n<\/div>"},"_links":{"self":[{"href":"https:\/\/www.agrobase.com.br\/concursos\/wp-json\/wp\/v2\/posts\/269645","targetHints":{"allow":["GET"]}}],"collection":[{"href":"https:\/\/www.agrobase.com.br\/concursos\/wp-json\/wp\/v2\/posts"}],"about":[{"href":"https:\/\/www.agrobase.com.br\/concursos\/wp-json\/wp\/v2\/types\/post"}],"author":[{"embeddable":true,"href":"https:\/\/www.agrobase.com.br\/concursos\/wp-json\/wp\/v2\/users\/7"}],"replies":[{"embeddable":true,"href":"https:\/\/www.agrobase.com.br\/concursos\/wp-json\/wp\/v2\/comments?post=269645"}],"version-history":[{"count":1,"href":"https:\/\/www.agrobase.com.br\/concursos\/wp-json\/wp\/v2\/posts\/269645\/revisions"}],"predecessor-version":[{"id":269647,"href":"https:\/\/www.agrobase.com.br\/concursos\/wp-json\/wp\/v2\/posts\/269645\/revisions\/269647"}],"wp:featuredmedia":[{"embeddable":true,"href":"https:\/\/www.agrobase.com.br\/concursos\/wp-json\/wp\/v2\/media\/269644"}],"wp:attachment":[{"href":"https:\/\/www.agrobase.com.br\/concursos\/wp-json\/wp\/v2\/media?parent=269645"}],"wp:term":[{"taxonomy":"category","embeddable":true,"href":"https:\/\/www.agrobase.com.br\/concursos\/wp-json\/wp\/v2\/categories?post=269645"},{"taxonomy":"post_tag","embeddable":true,"href":"https:\/\/www.agrobase.com.br\/concursos\/wp-json\/wp\/v2\/tags?post=269645"},{"taxonomy":"_amplo","embeddable":true,"href":"https:\/\/www.agrobase.com.br\/concursos\/wp-json\/wp\/v2\/_amplo?post=269645"},{"taxonomy":"destaque","embeddable":true,"href":"https:\/\/www.agrobase.com.br\/concursos\/wp-json\/wp\/v2\/destaque?post=269645"},{"taxonomy":"instituicoes","embeddable":true,"href":"https:\/\/www.agrobase.com.br\/concursos\/wp-json\/wp\/v2\/instituicoes?post=269645"}],"curies":[{"name":"wp","href":"https:\/\/api.w.org\/{rel}","templated":true}]}}