{"id":269612,"date":"2025-08-05T07:50:47","date_gmt":"2025-08-05T10:50:47","guid":{"rendered":"https:\/\/www.agrobase.com.br\/concursos\/?p=269612"},"modified":"2025-08-04T13:53:14","modified_gmt":"2025-08-04T16:53:14","slug":"ufu-mg-selecao-simplificada-112-2025","status":"publish","type":"post","link":"https:\/\/www.agrobase.com.br\/concursos\/2025\/ufu-mg-selecao-simplificada-112-2025\/","title":{"rendered":"UFU (MG) &#8211; Sele\u00e7\u00e3o Simplificada 112\/2025"},"content":{"rendered":"<h2>Informa\u00e7\u00f5es Gerais<\/h2>\n<p>A Universidade Federal de Uberl\u00e2ndia (UFU) publicou o edital PROGEP N\u00ba 112\/2025 para seu novo processo seletivo simplificado. O certame visa a contrata\u00e7\u00e3o tempor\u00e1ria de 9 professores substitutos para diversas Unidades Acad\u00eamicas. As oportunidades s\u00e3o para profissionais de n\u00edvel superior, com contrata\u00e7\u00e3o regida pela Lei n\u00ba 8.745\/1993, por um prazo inicial de at\u00e9 um ano, podendo ser prorrogado.<\/p>\n<p>As vagas abrangem \u00e1reas do conhecimento como Engenharias, Humanidades e Ci\u00eancias Sociais Aplicadas. <strong>Destacam-se as oportunidades de grande interesse para nosso p\u00fablico, como a vaga para Mecaniza\u00e7\u00e3o Agr\u00edcola (relacionada \u00e0 Agronomia) e para Nutri\u00e7\u00e3o em Alimenta\u00e7\u00e3o Coletiva<\/strong>, cujo requisito de mestrado inclui \u00e1reas como <strong>Engenharia de Alimentos e Ci\u00eancia e Tecnologia de Alimentos<\/strong>.<\/p>\n<p>Se voc\u00ea possui a qualifica\u00e7\u00e3o exigida e busca uma oportunidade no ensino superior federal, continue a leitura para conferir os detalhes sobre inscri\u00e7\u00f5es, etapas e cronograma deste processo seletivo.<\/p>\n<h2>Inscri\u00e7\u00f5es<\/h2>\n<p>As inscri\u00e7\u00f5es para o processo seletivo da UFU estar\u00e3o abertas e dever\u00e3o ser realizadas exclusivamente online, atrav\u00e9s do Portal de Sele\u00e7\u00e3o da universidade. O per\u00edodo para se candidatar inicia \u00e0s 11h do dia 31 de julho de 2025 e se encerra \u00e0s 17h do dia 14 de agosto de 2025.<\/p>\n<p>A taxa de inscri\u00e7\u00e3o foi fixada no valor \u00fanico de R$ 216,00 para todos os cargos. O pagamento do boleto banc\u00e1rio dever\u00e1 ser efetuado at\u00e9 o dia 18 de agosto de 2025. A confirma\u00e7\u00e3o do pagamento pode levar at\u00e9 tr\u00eas dias \u00fateis para ser registrada no sistema.<\/p>\n<p>Candidatos que se enquadrem nos crit\u00e9rios de isen\u00e7\u00e3o da taxa devem consultar as regras e os procedimentos detalhados no item 5.12 do edital. \u00c9 fundamental que os dados informados no ato da inscri\u00e7\u00e3o sejam preenchidos com m\u00e1xima aten\u00e7\u00e3o, pois retifica\u00e7\u00f5es s\u00f3 ser\u00e3o permitidas durante o per\u00edodo de inscri\u00e7\u00f5es. Ap\u00f3s o encerramento, n\u00e3o ser\u00e1 poss\u00edvel realizar altera\u00e7\u00f5es.<\/p>\n<p>Para garantir sua participa\u00e7\u00e3o, \u00e9 imprescind\u00edvel a leitura completa do edital, onde constam todas as normas e condi\u00e7\u00f5es do certame.<\/p>\n<h2>Etapas e Provas<\/h2>\n<p>O processo seletivo da UFU ser\u00e1 composto por diferentes etapas, cuja aplica\u00e7\u00e3o espec\u00edfica varia conforme a \u00e1rea e o cargo, sendo definidas em editais complementares. Os candidatos ser\u00e3o avaliados por meio de uma ou mais das seguintes modalidades:<\/p>\n<ul>\n<li><strong>Prova Escrita:<\/strong> De car\u00e1ter eliminat\u00f3rio e classificat\u00f3rio, podendo consistir em quest\u00f5es discursivas, objetivas ou uma disserta\u00e7\u00e3o sobre temas do conte\u00fado program\u00e1tico.<\/li>\n<li><strong>Prova Did\u00e1tica:<\/strong> De car\u00e1ter eliminat\u00f3rio e classificat\u00f3rio, na qual o candidato ministra uma aula de 40 a 50 minutos sobre um tema sorteado com anteced\u00eancia.<\/li>\n<li><strong>Prova Pr\u00e1tica:<\/strong> De car\u00e1ter eliminat\u00f3rio e\/ou classificat\u00f3rio, focada na execu\u00e7\u00e3o de procedimentos t\u00e9cnicos e pr\u00e1ticos da \u00e1rea de atua\u00e7\u00e3o.<\/li>\n<li><strong>Prova Oral:<\/strong> De car\u00e1ter eliminat\u00f3rio e\/ou classificat\u00f3rio, que consiste em uma argui\u00e7\u00e3o do candidato pela banca examinadora sobre temas do edital.<\/li>\n<li><strong>Defesa de Projeto:<\/strong> De car\u00e1ter eliminat\u00f3rio e\/ou classificat\u00f3rio, onde o candidato apresenta e defende um projeto relacionado \u00e0 \u00e1rea do concurso.<\/li>\n<li><strong>An\u00e1lise de T\u00edtulos e Experi\u00eancia Profissional:<\/strong> Etapa de car\u00e1ter exclusivamente classificat\u00f3rio, na qual ser\u00e3o pontuados a forma\u00e7\u00e3o acad\u00eamica e a experi\u00eancia profissional do candidato, conforme barema definido no edital.<\/li>\n<\/ul>\n<p>Cada prova ser\u00e1 avaliada em uma escala de 0 a 100 pontos, e para ser aprovado nas etapas eliminat\u00f3rias, o candidato dever\u00e1 obter nota m\u00ednima de 70 pontos. Para conhecer as etapas exatas, os pesos de cada avalia\u00e7\u00e3o e o conte\u00fado program\u00e1tico para a sua \u00e1rea de interesse, a leitura atenta do edital complementar correspondente \u00e9 indispens\u00e1vel.<\/p>\n<h2>Resultados e Gabarito<\/h2>\n<p>A divulga\u00e7\u00e3o de todos os resultados, desde o deferimento das inscri\u00e7\u00f5es at\u00e9 a classifica\u00e7\u00e3o final, ser\u00e1 realizada no site oficial do processo seletivo da UFU. O resultado preliminar das inscri\u00e7\u00f5es, por exemplo, ser\u00e1 publicado em at\u00e9 tr\u00eas dias \u00fateis ap\u00f3s o fim do prazo para pagamento da taxa. Ap\u00f3s a divulga\u00e7\u00e3o do resultado de cada etapa, haver\u00e1 um prazo para vista de provas e interposi\u00e7\u00e3o de recursos.<\/p>\n<p>A classifica\u00e7\u00e3o final dos candidatos ser\u00e1 feita em ordem decrescente, com base na soma das notas ponderadas obtidas em todas as provas. Os crit\u00e9rios de desempate, caso necess\u00e1rios, seguir\u00e3o a seguinte ordem de prioridade: <em>idade igual ou superior a 60 anos<\/em>, <em>maior nota na prova de maior peso<\/em> e, por fim, <em>maior idade<\/em> entre os candidatos.<\/p>\n<p>O resultado final do certame ser\u00e1 oficialmente validado por meio de um ato de homologa\u00e7\u00e3o, a ser publicado pela Pr\u00f3-Reitoria de Gest\u00e3o de Pessoas (PROGEP) no Di\u00e1rio Oficial da Uni\u00e3o. A partir da homologa\u00e7\u00e3o, a universidade poder\u00e1 iniciar a convoca\u00e7\u00e3o dos aprovados, seguindo a ordem de classifica\u00e7\u00e3o.<\/p>\n<p>\u00c9 de responsabilidade exclusiva do candidato acompanhar todas as publica\u00e7\u00f5es no endere\u00e7o eletr\u00f4nico <strong>https:\/\/www.portalselecao.ufu.br<\/strong> e no Di\u00e1rio Oficial da Uni\u00e3o para n\u00e3o perder nenhum prazo ou convoca\u00e7\u00e3o.<\/p>\n","protected":false},"excerpt":{"rendered":"<p>Processo Seletivo UFU (MG) com edital publicado! Vagas p\/ Engenharia e Teatro (Superior). Inscri\u00e7\u00f5es a partir de 31\/07. Sal\u00e1rios at\u00e9 R$ 6.9k. Confira detalhes!<\/p>\n","protected":false},"author":7,"featured_media":269611,"comment_status":"open","ping_status":"open","sticky":false,"template":"","format":"standard","meta":{"_acf_changed":false,"_breakdance_hide_in_design_set":false,"_breakdance_tags":"","footnotes":""},"categories":[4,145,113,141,95,151,79,103,142,104,133,100,23,25,26],"tags":[50],"_amplo":[],"destaque":[],"instituicoes":[],"class_list":["post-269612","post","type-post","status-publish","format-standard","has-post-thumbnail","hentry","category-agronomia","category-artes-cenicas","category-desenho-industrial","category-educacao-artistica","category-engenharia-agricola","category-engenharia-computacao","category-engenharia-alimentos","category-engenharia-eletrica","category-engenharia-eletronica","category-engenharia-mecanica","category-engenharia-mecatronica","category-historia","category-nutricao","category-pedagogia","category-psicologia","tag-minas-gerais"],"acf":{"_tipo_vagas":"vagas","_numero_vagas":"","_quadro_vagas":"","_cargos":"diversos","_cargos_especificos":"","_salario_max":"R$ 6949.07","_abertura":"20250731","_encerramento":"20250814","_inscricoes":"https:\/\/www.portalselecao.ufu.br","_executora_concurso":"","_instituicao_concurso":[],"_link_adicional":null,"_anexos":null,"_produtos":null,"_vagas":"09 vagas","_salario_min":"R$ 4363.04","_instituicao":"UFU","_edital":"https:\/\/www.agrobase.com.br\/concursos\/wp-content\/uploads\/sites\/4\/2025\/08\/edital-112-2025-ufu-mg.pdf","_anexos_edital":"https:\/\/www.agrobase.com.br\/concursos\/wp-content\/uploads\/sites\/4\/2025\/08\/editais-de-condicoes-especificas.pdf","_fund_incompleto":"","_fund_completo":"","_medio":"","_superior":"<div>\r\n<table class=\"quadro\">\r\n<thead>\r\n<tr>\r\n<th class=\"hcargo\">Cargo<\/th>\r\n<th class=\"hvagas\">Vagas<\/th>\r\n<th class=\"hremuneracao\">Remunera\u00e7\u00e3o<\/th>\r\n<\/tr>\r\n<\/thead>\r\n    <tbody>\r\n      <tr>\r\n<td class=\"ccargos\">\r\n<span data-balloon-length=\"medium\" aria-label=\"Gradua\u00e7\u00e3o em Engenharia El\u00e9trica ou Gradua\u00e7\u00e3o em Engenharia Eletr\u00f4nica ou Gradua\u00e7\u00e3o em Engenharia de Computa\u00e7\u00e3o ou Gradua\u00e7\u00e3o em Engenharia de Controle e Automa\u00e7\u00e3o ou Gradua\u00e7\u00e3o em Engenharia Biom\u00e9dica ou Gradua\u00e7\u00e3o em Engenharia Eletr\u00f4nica e de Telecomunica\u00e7\u00f5es e Mestrado em Engenharia El\u00e9trica ou Mestrado em Engenharia Eletr\u00f4nica ou Mestrado em Engenharia de Telecomunica\u00e7\u00f5es\" data-balloon-pos=\"up\">Engenharia El\u00e9trica\/Eletromagnetismo e Propaga\u00e7\u00e3o de Ondas<\/span><\/td>\r\n<td class=\"cvagas\">01<\/td>\r\n<td class=\"cremuneracao\">R$ 6.949,07 \/40h<\/td>\r\n<\/tr><tr>\r\n<td class=\"ccargos\">\r\n<span data-balloon-length=\"medium\" aria-label=\"Gradua\u00e7\u00e3o em Engenharia Mec\u00e2nica, ou em Engenharia Metal\u00fargica, ou em Engenharia Mecatr\u00f4nica, ou em Engenharia Aeron\u00e1utica ou em Engenharia de Materiais; e Mestrado em Engenharia Mec\u00e2nica, ou em Engenharia Metal\u00fargica, ou em Engenharia de Materiais\" data-balloon-pos=\"up\">Engenharia Mec\u00e2nica<\/span><\/td>\r\n<td class=\"cvagas\">01<\/td>\r\n<td class=\"cremuneracao\">R$ 6.949,07 \/40h<\/td>\r\n<\/tr><tr>\r\n<td class=\"ccargos\">\r\n<span data-balloon-length=\"medium\" aria-label=\"Gradua\u00e7\u00e3o com Licenciatura em Teatro, e\/ou Artes C\u00eanicas, e\/ou Educa\u00e7\u00e3o Art\u00edstica com habilita\u00e7\u00e3o em Artes C\u00eanicas; com Mestrado em Teatro, e\/ou Artes, e\/ou Artes C\u00eanicas, e\/ou Artes da Cena\" data-balloon-pos=\"up\">Teatro\/Licenciatura<\/span><\/td>\r\n<td class=\"cvagas\">01<\/td>\r\n<td class=\"cremuneracao\">R$ 6.949,07 \/40h<\/td>\r\n<\/tr><tr>\r\n<td class=\"ccargos\">\r\n<span data-balloon-length=\"medium\" aria-label=\"Gradua\u00e7\u00e3o em Pedagogia e Mestrado em Educa\u00e7\u00e3o\" data-balloon-pos=\"up\">Educa\u00e7\u00e3o\/Fundamentos da Educa\u00e7\u00e3o - Linguagens e Literatura<\/span><\/td>\r\n<td class=\"cvagas\">01<\/td>\r\n<td class=\"cremuneracao\">R$ 6.949,07 \/40h<\/td>\r\n<\/tr><tr>\r\n<td class=\"ccargos\">\r\n<span data-balloon-length=\"medium\" aria-label=\"Gradua\u00e7\u00e3o em Hist\u00f3ria e Mestrado em Hist\u00f3ria ou Educa\u00e7\u00e3o\" data-balloon-pos=\"up\">Hist\u00f3ria\/Ensino de Hist\u00f3ria<\/span><\/td>\r\n<td class=\"cvagas\">01<\/td>\r\n<td class=\"cremuneracao\">R$ 6.949,07 \/40h<\/td>\r\n<\/tr><tr>\r\n<td class=\"ccargos\">\r\n<span data-balloon-length=\"medium\" aria-label=\"Gradua\u00e7\u00e3o em Engenharia Agr\u00edcola, ou em Engenharia Agron\u00f4mica, ou em Agronomia; com Mestrado em Engenharia Agr\u00edcola, ou em Engenharia Agron\u00f4mica, ou em Agronomia\" data-balloon-pos=\"up\">Mecaniza\u00e7\u00e3o Agr\u00edcola<\/span><\/td>\r\n<td class=\"cvagas\">01<\/td>\r\n<td class=\"cremuneracao\">R$ 6.949,07 \/40h<\/td>\r\n<\/tr><tr>\r\n<td class=\"ccargos\">\r\n<span data-balloon-length=\"medium\" aria-label=\"Gradua\u00e7\u00e3o em Psicologia e Mestrado em Psicologia\" data-balloon-pos=\"up\">Psicologia\/Psicologia Escolar e Educacional<\/span><\/td>\r\n<td class=\"cvagas\">01<\/td>\r\n<td class=\"cremuneracao\">R$ 4.363,04 \/20h<\/td>\r\n<\/tr><tr>\r\n<td class=\"ccargos\">\r\n<span data-balloon-length=\"medium\" aria-label=\"Gradua\u00e7\u00e3o em Nutri\u00e7\u00e3o e Mestrado em Ci\u00eancia dos Alimentos, ou Engenharia de Produ\u00e7\u00e3o, ou Engenharia de Alimentos, ou Ci\u00eancia e Tecnologia de Alimentos, ou Tecnologia dos Alimentos, ou Ci\u00eancias da Nutri\u00e7\u00e3o, ou Ci\u00eancias da Sa\u00fade, ou Microbiologia de Alimentos, ou Microbiologia Agr\u00edcola, ou Alimentos e Nutri\u00e7\u00e3o\" data-balloon-pos=\"up\">Nutri\u00e7\u00e3o\/Alimenta\u00e7\u00e3o Coletiva<\/span><\/td>\r\n<td class=\"cvagas\">01<\/td>\r\n<td class=\"cremuneracao\">R$ 6.949,07 \/40h<\/td>\r\n<\/tr><tr>\r\n<td class=\"ccargos\">\r\n<span data-balloon-length=\"medium\" aria-label=\"Gradua\u00e7\u00e3o em Design ou Decora\u00e7\u00e3o ou Design de Interiores ou Desenho Industrial ou Projeto de Produto ou Desenho de Produto\" data-balloon-pos=\"up\">Design<\/span><\/td>\r\n<td class=\"cvagas\">01<\/td>\r\n<td class=\"cremuneracao\">R$ 5.326,60 \/40h<\/td>\r\n<\/tr>\r\n    <\/tbody>\r\n  <\/table>\r\n<\/div>"},"_links":{"self":[{"href":"https:\/\/www.agrobase.com.br\/concursos\/wp-json\/wp\/v2\/posts\/269612","targetHints":{"allow":["GET"]}}],"collection":[{"href":"https:\/\/www.agrobase.com.br\/concursos\/wp-json\/wp\/v2\/posts"}],"about":[{"href":"https:\/\/www.agrobase.com.br\/concursos\/wp-json\/wp\/v2\/types\/post"}],"author":[{"embeddable":true,"href":"https:\/\/www.agrobase.com.br\/concursos\/wp-json\/wp\/v2\/users\/7"}],"replies":[{"embeddable":true,"href":"https:\/\/www.agrobase.com.br\/concursos\/wp-json\/wp\/v2\/comments?post=269612"}],"version-history":[{"count":2,"href":"https:\/\/www.agrobase.com.br\/concursos\/wp-json\/wp\/v2\/posts\/269612\/revisions"}],"predecessor-version":[{"id":269616,"href":"https:\/\/www.agrobase.com.br\/concursos\/wp-json\/wp\/v2\/posts\/269612\/revisions\/269616"}],"wp:featuredmedia":[{"embeddable":true,"href":"https:\/\/www.agrobase.com.br\/concursos\/wp-json\/wp\/v2\/media\/269611"}],"wp:attachment":[{"href":"https:\/\/www.agrobase.com.br\/concursos\/wp-json\/wp\/v2\/media?parent=269612"}],"wp:term":[{"taxonomy":"category","embeddable":true,"href":"https:\/\/www.agrobase.com.br\/concursos\/wp-json\/wp\/v2\/categories?post=269612"},{"taxonomy":"post_tag","embeddable":true,"href":"https:\/\/www.agrobase.com.br\/concursos\/wp-json\/wp\/v2\/tags?post=269612"},{"taxonomy":"_amplo","embeddable":true,"href":"https:\/\/www.agrobase.com.br\/concursos\/wp-json\/wp\/v2\/_amplo?post=269612"},{"taxonomy":"destaque","embeddable":true,"href":"https:\/\/www.agrobase.com.br\/concursos\/wp-json\/wp\/v2\/destaque?post=269612"},{"taxonomy":"instituicoes","embeddable":true,"href":"https:\/\/www.agrobase.com.br\/concursos\/wp-json\/wp\/v2\/instituicoes?post=269612"}],"curies":[{"name":"wp","href":"https:\/\/api.w.org\/{rel}","templated":true}]}}