{"id":269597,"date":"2025-08-05T07:20:10","date_gmt":"2025-08-05T10:20:10","guid":{"rendered":"https:\/\/www.agrobase.com.br\/concursos\/?p=269597"},"modified":"2025-08-04T12:16:42","modified_gmt":"2025-08-04T15:16:42","slug":"prefeitura-rio-de-janeiro-rj-selecao-simplificada-49-2025","status":"publish","type":"post","link":"https:\/\/www.agrobase.com.br\/concursos\/2025\/prefeitura-rio-de-janeiro-rj-selecao-simplificada-49-2025\/","title":{"rendered":"Prefeitura Rio de Janeiro (RJ) &#8211; Sele\u00e7\u00e3o Simplificada 49\/2025"},"content":{"rendered":"<h2>Informa\u00e7\u00f5es Gerais<\/h2>\n<p>O edital do Processo Seletivo Simplificado da Secretaria Municipal de Educa\u00e7\u00e3o do Rio de Janeiro (SME-Rio) foi publicado! A sele\u00e7\u00e3o, regida pelo Processo Administrativo n\u00ba SME-PRO-2025\/17984, visa a contrata\u00e7\u00e3o de professores por tempo determinado para atender \u00e0s necessidades tempor\u00e1rias da rede municipal de ensino. O regime de contrata\u00e7\u00e3o \u00e9 administrativo, com base na Lei Municipal n\u00ba 8.666\/2024, n\u00e3o se tratando de v\u00ednculo celetista (CLT) ou estatut\u00e1rio.<\/p>\n<p>As oportunidades s\u00e3o para cargos de <strong>N\u00edvel Superior<\/strong>, abrangendo diversas \u00e1reas da educa\u00e7\u00e3o, como Ensino Fundamental (Anos Iniciais e Finais) e Educa\u00e7\u00e3o Infantil. <strong>\u00c9 uma excelente oportunidade para profissionais com licenciatura em Biologia<\/strong>, que podem concorrer \u00e0s vagas de Professor de Ci\u00eancias.<\/p>\n<p>O certame oferece um total de 500 vagas imediatas mais forma\u00e7\u00e3o de cadastro de reserva, com remunera\u00e7\u00f5es que variam de R$ 3.827,51 a R$ 6.600,12, al\u00e9m de vale-alimenta\u00e7\u00e3o. Continue a leitura para conferir todos os detalhes sobre as inscri\u00e7\u00f5es, etapas e cronograma.<\/p>\n<h2>Inscri\u00e7\u00f5es<\/h2>\n<p>As inscri\u00e7\u00f5es para o Processo Seletivo da SME-Rio estar\u00e3o abertas no per\u00edodo de <strong>1\u00ba de agosto de 2025, a partir das 10h, at\u00e9 as 18h do dia 07 de agosto de 2025<\/strong>. A participa\u00e7\u00e3o \u00e9 <strong>totalmente gratuita<\/strong>, n\u00e3o havendo cobran\u00e7a de taxa de inscri\u00e7\u00e3o.<\/p>\n<p>Para se inscrever, o candidato dever\u00e1 acessar o Portal de Concursos da Prefeitura do Rio, preencher o formul\u00e1rio eletr\u00f4nico e enviar a documenta\u00e7\u00e3o comprobat\u00f3ria de habilita\u00e7\u00e3o, titula\u00e7\u00e3o e experi\u00eancia profissional. O envio dos documentos pode ser feito de duas formas:<\/p>\n<ul>\n<li><strong>Online:<\/strong> Atrav\u00e9s do Portal Carioca Digital (https:\/\/home.carioca.rio\/), anexando os arquivos em formato PDF. Recomenda-se o uso de um computador para evitar erros.<\/li>\n<li><strong>Presencial:<\/strong> Entregando a documenta\u00e7\u00e3o na Coordenadoria Regional de Educa\u00e7\u00e3o (CRE) de primeira op\u00e7\u00e3o, de 09h \u00e0s 16h, em dias \u00fateis, at\u00e9 o \u00faltimo dia de inscri\u00e7\u00e3o.<\/li>\n<\/ul>\n<p>\u00c9 fundamental que todos os documentos estejam leg\u00edveis e completos para validar a participa\u00e7\u00e3o. Em caso de d\u00favidas ou problemas t\u00e9cnicos, o candidato pode entrar em contato pelos e-mails grs@prefeitura.rio e contratocarh@rioeduca.net ou pelos telefones (21) 2976-1612, (21) 2976-3371 e (21) 2976-2081. Para garantir sua participa\u00e7\u00e3o, leia atentamente todas as regras e procedimentos descritos no edital oficial.<\/p>\n<h2>Etapas e Provas<\/h2>\n<p>O Processo Seletivo Simplificado da SME-Rio ser\u00e1 realizado em <strong>etapa \u00fanica<\/strong>, de car\u00e1ter eliminat\u00f3rio e classificat\u00f3rio, que consiste na <strong>Avalia\u00e7\u00e3o de T\u00edtulos e Experi\u00eancia Profissional<\/strong>. A pontua\u00e7\u00e3o ser\u00e1 atribu\u00edda com base nos documentos enviados pelo candidato no ato da inscri\u00e7\u00e3o, seguindo os crit\u00e9rios abaixo:<\/p>\n<p><strong>Crit\u00e9rios de Pontua\u00e7\u00e3o:<\/strong><\/p>\n<ul>\n<li><strong>Titula\u00e7\u00e3o (na \u00e1rea de Educa\u00e7\u00e3o):<\/strong>\n<ul>\n<li>P\u00f3s-gradua\u00e7\u00e3o <em>Lato Sensu<\/em> (m\u00ednimo 360h): 5 pontos (m\u00e1ximo 1 t\u00edtulo)<\/li>\n<li>Mestrado: 6 pontos (m\u00e1ximo 1 t\u00edtulo)<\/li>\n<li>Doutorado: 7 pontos (m\u00e1ximo 1 t\u00edtulo)<\/li>\n<\/ul>\n<\/li>\n<li><strong>Experi\u00eancia Profissional (como Professor):<\/strong>\n<ul>\n<li>De 1 a 3 anos de experi\u00eancia: 6 pontos<\/li>\n<li>De 4 a 6 anos de experi\u00eancia: 10 pontos<\/li>\n<li>De 7 a 9 anos de experi\u00eancia: 14 pontos<\/li>\n<li>10 anos ou mais de experi\u00eancia: 20 pontos<\/li>\n<\/ul>\n<\/li>\n<\/ul>\n<p>A comprova\u00e7\u00e3o da experi\u00eancia pode ser feita por meio de contracheques, declara\u00e7\u00f5es de RH ou c\u00f3pia da Carteira de Trabalho, conforme especificado no edital. Apenas t\u00edtulos e experi\u00eancias correlatos \u00e0 \u00e1rea de Educa\u00e7\u00e3o ser\u00e3o considerados. N\u00e3o haver\u00e1 prova objetiva ou discursiva. Para conhecer todos os detalhes sobre a documenta\u00e7\u00e3o aceita e as regras de pontua\u00e7\u00e3o, \u00e9 indispens\u00e1vel a leitura completa do edital.<\/p>\n<h2>Resultados e Gabarito<\/h2>\n<p>A divulga\u00e7\u00e3o dos resultados seguir\u00e1 um cronograma definido. A <strong>classifica\u00e7\u00e3o preliminar<\/strong> ser\u00e1 publicada no dia <strong>11 de agosto de 2025<\/strong>. Os candidatos que desejarem interpor recurso poder\u00e3o faz\u00ea-lo nos dias 11 e 12 de agosto de 2025. A <strong>classifica\u00e7\u00e3o final p\u00f3s-recurso<\/strong> e a homologa\u00e7\u00e3o do processo seletivo est\u00e3o previstas para o dia <strong>15 de agosto de 2025<\/strong>.<\/p>\n<p>Em caso de empate na pontua\u00e7\u00e3o final, os crit\u00e9rios de desempate seguir\u00e3o a seguinte ordem de prioridade:<\/p>\n<ol>\n<li>Maior pontua\u00e7\u00e3o por experi\u00eancia profissional;<\/li>\n<li>Maior pontua\u00e7\u00e3o por t\u00edtulos;<\/li>\n<li>Maior idade.<\/li>\n<\/ol>\n<p>A homologa\u00e7\u00e3o do resultado final ser\u00e1 publicada no Di\u00e1rio Oficial do Munic\u00edpio do Rio de Janeiro. As convoca\u00e7\u00f5es para assinatura do contrato tamb\u00e9m ser\u00e3o divulgadas exclusivamente por este meio, informando local e data de comparecimento. O processo seletivo ter\u00e1 validade de 1 (um) ano, podendo ser prorrogado por igual per\u00edodo.<\/p>\n<p>\u00c9 de responsabilidade exclusiva do candidato acompanhar todas as publica\u00e7\u00f5es, convoca\u00e7\u00f5es e avisos referentes ao certame no Di\u00e1rio Oficial do Munic\u00edpio e no site da organizadora.<\/p>\n","protected":false},"excerpt":{"rendered":"<p>Processo Seletivo Pref. Rio (RJ) com edital publicado! Vagas p\/ Professores (Superior). Inscri\u00e7\u00f5es a partir de 01\/08. Sal\u00e1rios at\u00e9 R$ 6.6k. Confira detalhes!<\/p>\n","protected":false},"author":7,"featured_media":269596,"comment_status":"open","ping_status":"open","sticky":false,"template":"","format":"standard","meta":{"_acf_changed":false,"_breakdance_hide_in_design_set":false,"_breakdance_tags":"","footnotes":""},"categories":[6433,6434,111,100,20,6871,116,25],"tags":[56],"_amplo":[],"destaque":[],"instituicoes":[],"class_list":["post-269597","post","type-post","status-publish","format-standard","has-post-thumbnail","hentry","category-biologia-licenciatura","category-educacao-fisica-licenciatura","category-geografia","category-historia","category-letras","category-letras-ingles","category-matematica","category-pedagogia","tag-rio-de-janeiro"],"acf":{"_tipo_vagas":"vagas","_numero_vagas":"","_quadro_vagas":"","_cargos":"diversos","_cargos_especificos":"","_salario_max":"R$ 6600.12","_abertura":"20250801","_encerramento":"20250807","_inscricoes":"https:\/\/www.rio.rj.gov.br\/web\/portaldeconcursos\/","_executora_concurso":"","_instituicao_concurso":[],"_link_adicional":null,"_anexos":null,"_produtos":null,"_vagas":"500 vagas + CR","_salario_min":"R$ 3827.51","_instituicao":"Prefeitura de Rio de Janeiro","_edital":"https:\/\/www.agrobase.com.br\/concursos\/wp-content\/uploads\/sites\/4\/2025\/08\/edital-49-2025-prefeitura-de-rio-de-janeiro-rj.pdf","_anexos_edital":"","_fund_incompleto":"","_fund_completo":"","_medio":"","_superior":"<div>\r\n<table class=\"quadro\">\r\n<thead>\r\n<tr>\r\n<th class=\"hcargo\">Cargo<\/th>\r\n<th class=\"hvagas\">Vagas<\/th>\r\n<th class=\"hremuneracao\">Remunera\u00e7\u00e3o<\/th>\r\n<\/tr>\r\n<\/thead>\r\n    <tbody>\r\n      <tr>\r\n<td class=\"ccargos\">\r\n<span data-balloon-length=\"medium\" aria-label=\"N\u00edvel Superior com licenciatura em Letras - L\u00edngua Inglesa\" data-balloon-pos=\"up\">Professor para atua\u00e7\u00e3o no Ensino Fundamental - Ingl\u00eas - 40h<\/span><\/td>\r\n<td class=\"cvagas\">24<\/td>\r\n<td class=\"cremuneracao\">R$ 6.599,12 \/40h<\/td>\r\n<\/tr><tr>\r\n<td class=\"ccargos\">\r\n<span data-balloon-length=\"medium\" aria-label=\"N\u00edvel Superior com licenciatura em Artes Visuais, M\u00fasica, Teatro ou Dan\u00e7a, conforme habilita\u00e7\u00e3o espec\u00edfica\" data-balloon-pos=\"up\">Professor para atua\u00e7\u00e3o no Ensino Fundamental - Artes - 40h<\/span><\/td>\r\n<td class=\"cvagas\">86<\/td>\r\n<td class=\"cremuneracao\">R$ 6.599,12 \/40h<\/td>\r\n<\/tr><tr>\r\n<td class=\"ccargos\">\r\n<span data-balloon-length=\"medium\" aria-label=\"N\u00edvel Superior com licenciatura em Letras - L\u00edngua Francesa\" data-balloon-pos=\"up\">Professor para atua\u00e7\u00e3o no Ensino Fundamental - Franc\u00eas - 40h<\/span><\/td>\r\n<td class=\"cvagas\">09<\/td>\r\n<td class=\"cremuneracao\">R$ 6.599,12 \/40h<\/td>\r\n<\/tr><tr>\r\n<td class=\"ccargos\">\r\n<span data-balloon-length=\"medium\" aria-label=\"N\u00edvel Superior com licenciatura em Letras - Mandarim ou curso equivalente\" data-balloon-pos=\"up\">Professor para atua\u00e7\u00e3o no Ensino Fundamental - Mandarim - 40h<\/span><\/td>\r\n<td class=\"cvagas\">04<\/td>\r\n<td class=\"cremuneracao\">R$ 6.599,12 \/40h<\/td>\r\n<\/tr><tr>\r\n<td class=\"ccargos\">\r\n<span data-balloon-length=\"medium\" aria-label=\"N\u00edvel Superior com licenciatura em Letras - L\u00edngua Alem\u00e3\" data-balloon-pos=\"up\">Professor para atua\u00e7\u00e3o no Ensino Fundamental - Alem\u00e3o - 40h<\/span><\/td>\r\n<td class=\"cvagas\">14<\/td>\r\n<td class=\"cremuneracao\">R$ 6.600,12 \/40h<\/td>\r\n<\/tr><tr>\r\n<td class=\"ccargos\">\r\n<span data-balloon-length=\"medium\" aria-label=\"N\u00edvel Superior com licenciatura em Pedagogia ou curso normal superior com habilita\u00e7\u00e3o para Educa\u00e7\u00e3o Infantil\" data-balloon-pos=\"up\">Professor para atua\u00e7\u00e3o na Educa\u00e7\u00e3o Infantil - 22h30min<\/span><\/td>\r\n<td class=\"cvagas\">CR<\/td>\r\n<td class=\"cremuneracao\">R$ 3.827,51 \/22h30min<\/td>\r\n<\/tr><tr>\r\n<td class=\"ccargos\">\r\n<span data-balloon-length=\"medium\" aria-label=\"N\u00edvel Superior com licenciatura em Pedagogia ou curso normal superior com habilita\u00e7\u00e3o para Educa\u00e7\u00e3o Infantil\" data-balloon-pos=\"up\">Professor para atua\u00e7\u00e3o na Educa\u00e7\u00e3o Infantil - 40h<\/span><\/td>\r\n<td class=\"cvagas\">64<\/td>\r\n<td class=\"cremuneracao\">R$ 6.599,12 \/40h<\/td>\r\n<\/tr><tr>\r\n<td class=\"ccargos\">\r\n<span data-balloon-length=\"medium\" aria-label=\"N\u00edvel Superior com licenciatura em Pedagogia ou curso normal superior com habilita\u00e7\u00e3o para Anos Iniciais do Ensino Fundamental\" data-balloon-pos=\"up\">Professor para atua\u00e7\u00e3o no Ensino Fundamental - Anos Iniciais - 22h30min<\/span><\/td>\r\n<td class=\"cvagas\">19<\/td>\r\n<td class=\"cremuneracao\">R$ 3.827,51 \/22h30min<\/td>\r\n<\/tr><tr>\r\n<td class=\"ccargos\">\r\n<span data-balloon-length=\"medium\" aria-label=\"N\u00edvel Superior com licenciatura em Pedagogia ou curso normal superior com habilita\u00e7\u00e3o para Anos Iniciais do Ensino Fundamental\" data-balloon-pos=\"up\">Professor para atua\u00e7\u00e3o no Ensino Fundamental - Anos Iniciais - 40h<\/span><\/td>\r\n<td class=\"cvagas\">181<\/td>\r\n<td class=\"cremuneracao\">R$ 6.599,12 \/40h<\/td>\r\n<\/tr><tr>\r\n<td class=\"ccargos\">\r\n<span data-balloon-length=\"medium\" aria-label=\"N\u00edvel Superior com licenciatura em Letras - L\u00edngua Portuguesa\" data-balloon-pos=\"up\">Professor para atua\u00e7\u00e3o no Ensino Fundamental - L\u00edngua Portuguesa - 40h<\/span><\/td>\r\n<td class=\"cvagas\">18<\/td>\r\n<td class=\"cremuneracao\">R$ 6.599,12 \/40h<\/td>\r\n<\/tr><tr>\r\n<td class=\"ccargos\">\r\n<span data-balloon-length=\"medium\" aria-label=\"N\u00edvel Superior com licenciatura em Matem\u00e1tica\" data-balloon-pos=\"up\">Professor para atua\u00e7\u00e3o no Ensino Fundamental - Matem\u00e1tica - 40h<\/span><\/td>\r\n<td class=\"cvagas\">19<\/td>\r\n<td class=\"cremuneracao\">R$ 6.599,12 \/40h<\/td>\r\n<\/tr><tr>\r\n<td class=\"ccargos\">\r\n<span data-balloon-length=\"medium\" aria-label=\"N\u00edvel Superior com licenciatura em Ci\u00eancias Naturais (Biologia, Qu\u00edmica, F\u00edsica ou Ci\u00eancias)\" data-balloon-pos=\"up\">Professor para atua\u00e7\u00e3o no Ensino Fundamental - Ci\u00eancias - 40h<\/span><\/td>\r\n<td class=\"cvagas\">15<\/td>\r\n<td class=\"cremuneracao\">R$ 6.599,12 \/40h<\/td>\r\n<\/tr><tr>\r\n<td class=\"ccargos\">\r\n<span data-balloon-length=\"medium\" aria-label=\"N\u00edvel Superior com licenciatura em Hist\u00f3ria\" data-balloon-pos=\"up\">Professor para atua\u00e7\u00e3o no Ensino Fundamental - Hist\u00f3ria - 40h<\/span><\/td>\r\n<td class=\"cvagas\">12<\/td>\r\n<td class=\"cremuneracao\">R$ 6.599,12 \/40h<\/td>\r\n<\/tr><tr>\r\n<td class=\"ccargos\">\r\n<span data-balloon-length=\"medium\" aria-label=\"N\u00edvel Superior com licenciatura em Geografia\" data-balloon-pos=\"up\">Professor para atua\u00e7\u00e3o no Ensino Fundamental - Geografia - 40h<\/span><\/td>\r\n<td class=\"cvagas\">12<\/td>\r\n<td class=\"cremuneracao\">R$ 6.599,12 \/40h<\/td>\r\n<\/tr><tr>\r\n<td class=\"ccargos\">\r\n<span data-balloon-length=\"medium\" aria-label=\"N\u00edvel Superior com licenciatura em Educa\u00e7\u00e3o F\u00edsica e registro no conselho de classe competente (CREF)\" data-balloon-pos=\"up\">Professor para atua\u00e7\u00e3o no Ensino Fundamental - Educa\u00e7\u00e3o F\u00edsica - 40h<\/span><\/td>\r\n<td class=\"cvagas\">13<\/td>\r\n<td class=\"cremuneracao\">R$ 6.599,12 \/40h<\/td>\r\n<\/tr>\r\n    <\/tbody>\r\n  <\/table>\r\n<\/div>"},"_links":{"self":[{"href":"https:\/\/www.agrobase.com.br\/concursos\/wp-json\/wp\/v2\/posts\/269597","targetHints":{"allow":["GET"]}}],"collection":[{"href":"https:\/\/www.agrobase.com.br\/concursos\/wp-json\/wp\/v2\/posts"}],"about":[{"href":"https:\/\/www.agrobase.com.br\/concursos\/wp-json\/wp\/v2\/types\/post"}],"author":[{"embeddable":true,"href":"https:\/\/www.agrobase.com.br\/concursos\/wp-json\/wp\/v2\/users\/7"}],"replies":[{"embeddable":true,"href":"https:\/\/www.agrobase.com.br\/concursos\/wp-json\/wp\/v2\/comments?post=269597"}],"version-history":[{"count":1,"href":"https:\/\/www.agrobase.com.br\/concursos\/wp-json\/wp\/v2\/posts\/269597\/revisions"}],"predecessor-version":[{"id":269599,"href":"https:\/\/www.agrobase.com.br\/concursos\/wp-json\/wp\/v2\/posts\/269597\/revisions\/269599"}],"wp:featuredmedia":[{"embeddable":true,"href":"https:\/\/www.agrobase.com.br\/concursos\/wp-json\/wp\/v2\/media\/269596"}],"wp:attachment":[{"href":"https:\/\/www.agrobase.com.br\/concursos\/wp-json\/wp\/v2\/media?parent=269597"}],"wp:term":[{"taxonomy":"category","embeddable":true,"href":"https:\/\/www.agrobase.com.br\/concursos\/wp-json\/wp\/v2\/categories?post=269597"},{"taxonomy":"post_tag","embeddable":true,"href":"https:\/\/www.agrobase.com.br\/concursos\/wp-json\/wp\/v2\/tags?post=269597"},{"taxonomy":"_amplo","embeddable":true,"href":"https:\/\/www.agrobase.com.br\/concursos\/wp-json\/wp\/v2\/_amplo?post=269597"},{"taxonomy":"destaque","embeddable":true,"href":"https:\/\/www.agrobase.com.br\/concursos\/wp-json\/wp\/v2\/destaque?post=269597"},{"taxonomy":"instituicoes","embeddable":true,"href":"https:\/\/www.agrobase.com.br\/concursos\/wp-json\/wp\/v2\/instituicoes?post=269597"}],"curies":[{"name":"wp","href":"https:\/\/api.w.org\/{rel}","templated":true}]}}