{"id":269572,"date":"2025-08-04T08:10:30","date_gmt":"2025-08-04T11:10:30","guid":{"rendered":"https:\/\/www.agrobase.com.br\/concursos\/?p=269572"},"modified":"2025-08-01T14:40:43","modified_gmt":"2025-08-01T17:40:43","slug":"prefeitura-arraial-do-cabo-rj-concurso-01-2025","status":"publish","type":"post","link":"https:\/\/www.agrobase.com.br\/concursos\/2025\/prefeitura-arraial-do-cabo-rj-concurso-01-2025\/","title":{"rendered":"Prefeitura Arraial do Cabo (RJ) &#8211; Concurso 01\/2025"},"content":{"rendered":"<h2>Informa\u00e7\u00f5es Gerais<\/h2>\n<p>A Prefeitura de Arraial do Cabo, no Rio de Janeiro, publicou o edital n\u00ba 01\/2025 de seu novo Concurso P\u00fablico, organizado pelo Instituto Brasileiro de Administra\u00e7\u00e3o Municipal (IBAM). O certame visa o preenchimento de 303 vagas imediatas e a forma\u00e7\u00e3o de cadastro de reserva para cargos efetivos, sob o regime Estatut\u00e1rio. As oportunidades contemplam os n\u00edveis M\u00e9dio\/T\u00e9cnico e Superior, com foco principal na \u00e1rea da Educa\u00e7\u00e3o.<\/p>\n<p>As vagas s\u00e3o destinadas a cargos como Inspetor de Alunos, Secret\u00e1rio Escolar, Pedagogo, Professor de Educa\u00e7\u00e3o Especial e Professor Docente I em diversas \u00e1reas do conhecimento, como Ci\u00eancias, Educa\u00e7\u00e3o Art\u00edstica, Educa\u00e7\u00e3o F\u00edsica, Geografia, Hist\u00f3ria, L\u00edngua Inglesa, L\u00edngua Portuguesa e Matem\u00e1tica. Este concurso representa uma excelente oportunidade para profissionais que buscam estabilidade no servi\u00e7o p\u00fablico municipal.<\/p>\n<h2>Inscri\u00e7\u00f5es<\/h2>\n<p>As inscri\u00e7\u00f5es para o Concurso de Arraial do Cabo\/RJ estar\u00e3o abertas no per\u00edodo de <strong>4 de agosto de 2025 a 7 de setembro de 2025<\/strong>. O procedimento deve ser realizado exclusivamente pela internet, atrav\u00e9s do site da banca organizadora, o IBAM, no endere\u00e7o eletr\u00f4nico <em>www.ibam-concursos.org.br<\/em>.<\/p>\n<p>Os valores da taxa de inscri\u00e7\u00e3o variam conforme o n\u00edvel de escolaridade do cargo pretendido:<\/p>\n<ul>\n<li><strong>R$ 100,00<\/strong> para os cargos de n\u00edvel superior: Pedagogo, Professor de Educa\u00e7\u00e3o Especial, Professor Docente I (todas as especialidades), Professor Inspetor Escolar, Professor Orientador Educacional e Professor Supervisor Escolar.<\/li>\n<li><strong>R$ 80,00<\/strong> para os cargos de n\u00edvel m\u00e9dio\/t\u00e9cnico: Inspetor de Alunos, Professor Docente II e Secret\u00e1rio Escolar.<\/li>\n<\/ul>\n<p>O pagamento pode ser efetuado via boleto banc\u00e1rio ou PIX (atrav\u00e9s do QR Code dispon\u00edvel no boleto) e deve ser realizado, impreterivelmente, at\u00e9 as 21h do dia 8 de setembro de 2025. Ap\u00f3s o pagamento, o candidato deve acompanhar a confirma\u00e7\u00e3o da sua inscri\u00e7\u00e3o na \u201c\u00c1rea do candidato\u201d no site do IBAM.<\/p>\n<h2>Etapas e Provas<\/h2>\n<p>O processo seletivo do Concurso de Arraial do Cabo\/RJ ser\u00e1 composto por at\u00e9 tr\u00eas etapas, dependendo do cargo escolhido. Todos os candidatos ser\u00e3o submetidos \u00e0 primeira etapa.<\/p>\n<ul>\n<li><strong>Prova Objetiva:<\/strong> De car\u00e1ter eliminat\u00f3rio e classificat\u00f3rio, ser\u00e1 aplicada para todos os cargos. A prova consistir\u00e1 em quest\u00f5es de m\u00faltipla escolha com quatro alternativas. As disciplinas cobradas variam, mas geralmente incluem L\u00edngua Portuguesa, Conhecimentos Espec\u00edficos e, a depender do cargo, Legisla\u00e7\u00e3o, Matem\u00e1tica ou Inform\u00e1tica. Para ser aprovado, o candidato deve obter a pontua\u00e7\u00e3o m\u00ednima estabelecida e n\u00e3o zerar em nenhuma das disciplinas. A dura\u00e7\u00e3o ser\u00e1 de 3 ou 4 horas.<\/li>\n<li><strong>Prova de Reda\u00e7\u00e3o:<\/strong> De car\u00e1ter eliminat\u00f3rio e classificat\u00f3rio, ser\u00e1 aplicada apenas para os cargos de n\u00edvel superior e para Professor Docente II, realizada no mesmo dia da prova objetiva. Os candidatos dever\u00e3o produzir um texto dissertativo-argumentativo de 25 a 30 linhas, valendo 20 pontos, com nota m\u00ednima de 10 para aprova\u00e7\u00e3o.<\/li>\n<li><strong>Prova de T\u00edtulos:<\/strong> De car\u00e1ter exclusivamente classificat\u00f3rio, destinada aos candidatos de n\u00edvel superior e Professor Docente II que forem aprovados nas etapas anteriores. A pontua\u00e7\u00e3o ser\u00e1 atribu\u00edda com base em t\u00edtulos acad\u00eamicos, como p\u00f3s-gradua\u00e7\u00e3o, mestrado e doutorado, podendo somar at\u00e9 9 pontos \u00e0 nota final.<\/li>\n<\/ul>\n<p>Para informa\u00e7\u00f5es detalhadas sobre o conte\u00fado program\u00e1tico, crit\u00e9rios de avalia\u00e7\u00e3o e cronograma completo de cada etapa, \u00e9 indispens\u00e1vel a consulta ao edital oficial do certame.<\/p>\n<h2>Resultados e Gabarito<\/h2>\n<p>O cronograma de divulga\u00e7\u00e3o dos resultados do Concurso de Arraial do Cabo\/RJ seguir\u00e1 as datas estipuladas no edital. Os gabaritos preliminares das provas objetivas ser\u00e3o publicados nos dias <strong>13 de outubro de 2025<\/strong> (Grupo 1) e <strong>20 de outubro de 2025<\/strong> (Grupo 2). O resultado parcial com as notas das provas objetivas est\u00e1 previsto para 14 de novembro de 2025, enquanto os resultados das reda\u00e7\u00f5es e da prova de t\u00edtulos ser\u00e3o divulgados em 6 de janeiro de 2026. A publica\u00e7\u00e3o do resultado final do concurso est\u00e1 agendada para <strong>16 de janeiro de 2026<\/strong>.<\/p>\n<p>Em caso de empate na pontua\u00e7\u00e3o final, os crit\u00e9rios de desempate seguir\u00e3o a seguinte ordem, conforme o cargo: ter idade igual ou superior a 60 anos, maior pontua\u00e7\u00e3o em Conhecimentos Espec\u00edficos, maior pontua\u00e7\u00e3o em L\u00edngua Portuguesa, entre outros. A homologa\u00e7\u00e3o do resultado final ser\u00e1 realizada por ato do Prefeito e publicada no Di\u00e1rio Oficial do Munic\u00edpio. A convoca\u00e7\u00e3o dos aprovados ocorrer\u00e1 por meio de edital publicado no site da Prefeitura e no Di\u00e1rio Oficial, sendo de responsabilidade do candidato acompanhar essas publica\u00e7\u00f5es e manter seus dados de contato atualizados.<\/p>\n<p>Ressalta-se que o acompanhamento de todas as publica\u00e7\u00f5es oficiais, como resultados, convoca\u00e7\u00f5es e poss\u00edveis retifica\u00e7\u00f5es, no site da banca organizadora (IBAM) e nos canais oficiais da Prefeitura de Arraial do Cabo, \u00e9 de responsabilidade exclusiva do candidato.<\/p>\n","protected":false},"excerpt":{"rendered":"<p>Concurso Pref. Arraial do Cabo (RJ) com edital publicado! Vagas p\/ Professores e Inspetor (M\u00e9dio a Sup.). Inscri\u00e7\u00f5es a partir de 04\/08. Confira detalhes!<\/p>\n","protected":false},"author":7,"featured_media":269571,"comment_status":"open","ping_status":"open","sticky":false,"template":"","format":"standard","meta":{"_acf_changed":false,"_breakdance_hide_in_design_set":false,"_breakdance_tags":"","footnotes":""},"categories":[6433,141,6434,6436,111,100,20,6871,116,25],"tags":[56],"_amplo":[],"destaque":[],"instituicoes":[],"class_list":["post-269572","post","type-post","status-publish","format-standard","has-post-thumbnail","hentry","category-biologia-licenciatura","category-educacao-artistica","category-educacao-fisica-licenciatura","category-fisica-licenciatura","category-geografia","category-historia","category-letras","category-letras-ingles","category-matematica","category-pedagogia","tag-rio-de-janeiro"],"acf":{"_tipo_vagas":"vagas","_numero_vagas":"","_quadro_vagas":"","_cargos":"diversos","_cargos_especificos":"","_salario_max":"R$ 3438.65","_abertura":"20250804","_encerramento":"20250907","_inscricoes":"https:\/\/www.ibam-concursos.org.br","_executora_concurso":"","_instituicao_concurso":[],"_link_adicional":null,"_anexos":null,"_produtos":null,"_vagas":"303 vagas + CR","_salario_min":"R$ 2098.1","_instituicao":"Prefeitura de Arraial do Cabo","_edital":"https:\/\/www.agrobase.com.br\/concursos\/wp-content\/uploads\/sites\/4\/2025\/08\/edital-01-2025-prefeitura-de-arraial-do-cabo-rj.pdf","_anexos_edital":"https:\/\/www.agrobase.com.br\/concursos\/wp-content\/uploads\/sites\/4\/2025\/08\/anexos-edital-01-2025-prefeitura-de-arraial-do-cabo-rj.pdf","_fund_incompleto":"","_fund_completo":"","_medio":"<div>\r\n<table class=\"quadro\">\r\n<thead>\r\n<tr>\r\n<th class=\"hcargo\">Cargo<\/th>\r\n<th class=\"hvagas\">Vagas<\/th>\r\n<th class=\"hremuneracao\">Remunera\u00e7\u00e3o<\/th>\r\n<\/tr>\r\n<\/thead>\r\n    <tbody>\r\n      <td class=\"ccargos\">\r\n<span data-balloon-length=\"medium\" aria-label=\"N\u00edvel M\u00e9dio na Modalidade Normal ou Licenciatura em Pedagogia.\" data-balloon-pos=\"up\">PROFESSOR DOCENTE II<\/span><\/td>\r\n<td class=\"cvagas\">150 + CR<\/td>\r\n<td class=\"cremuneracao\">R$ 2.666,49 \/22h<\/td>\r\n<\/tr><td class=\"ccargos\">\r\n<span data-balloon-length=\"medium\" aria-label=\"N\u00edvel m\u00e9dio completo.\" data-balloon-pos=\"up\">INSPETOR DE ALUNOS<\/span><\/td>\r\n<td class=\"cvagas\">67 + CR<\/td>\r\n<td class=\"cremuneracao\">R$ 2.098,10 \/30h<\/td>\r\n<\/tr><td class=\"ccargos\">\r\n<span data-balloon-length=\"medium\" aria-label=\"N\u00edvel m\u00e9dio completo com curso T\u00e9cnico em Secretariado Escolar.\" data-balloon-pos=\"up\">SECRET\u00c1RIO ESCOLAR<\/span><\/td>\r\n<td class=\"cvagas\">05 + CR<\/td>\r\n<td class=\"cremuneracao\">R$ 2.139,14 \/30h<\/td>\r\n<\/tr>\r\n    <\/tbody>\r\n  <\/table>\r\n<\/div>","_superior":"<div>\r\n<table class=\"quadro\">\r\n<thead>\r\n<tr>\r\n<th class=\"hcargo\">Cargo<\/th>\r\n<th class=\"hvagas\">Vagas<\/th>\r\n<th class=\"hremuneracao\">Remunera\u00e7\u00e3o<\/th>\r\n<\/tr>\r\n<\/thead>\r\n    <tbody>\r\n      <tr>\r\n<td class=\"ccargos\">\r\n<span data-balloon-length=\"medium\" aria-label=\"Licenciatura Plena em Pedagogia, com habilita\u00e7\u00e3o espec\u00edfica para o cargo.\" data-balloon-pos=\"up\">PEDAGOGO<\/span><\/td>\r\n<td class=\"cvagas\">04 + CR<\/td>\r\n<td class=\"cremuneracao\">R$ 2.284,82 \/20h<\/td>\r\n<\/tr><tr>\r\n<td class=\"ccargos\">\r\n<span data-balloon-length=\"medium\" aria-label=\"Licenciatura Plena em Pedagogia, com habilita\u00e7\u00e3o espec\u00edfica para o cargo ou Licenciatura Plena em outras \u00e1reas, acrescida de curso de P\u00f3s-gradua\u00e7\u00e3o Lato Sensu em Educa\u00e7\u00e3o Especial, com no m\u00ednimo 360 (trezentos e sessenta) horas.\" data-balloon-pos=\"up\">PROFESSOR DE EDUCA\u00c7\u00c3O ESPECIAL<\/span><\/td>\r\n<td class=\"cvagas\">16 + CR<\/td>\r\n<td class=\"cremuneracao\">R$ 3.438,65 \/20h<\/td>\r\n<\/tr><tr>\r\n<td class=\"ccargos\">\r\n<span data-balloon-length=\"medium\" aria-label=\"Curso de gradua\u00e7\u00e3o com licenciatura plena espec\u00edfica ou em programas de forma\u00e7\u00e3o pedag\u00f3gica para a Educa\u00e7\u00e3o B\u00e1sica para portadores de diplomas de educa\u00e7\u00e3o superior, regulamentados pelo Conselho Nacional de Educa\u00e7\u00e3o, relacionado diretamente ao ensino.\" data-balloon-pos=\"up\">PROFESSOR DOCENTE I - CIENCIAS<\/span><\/td>\r\n<td class=\"cvagas\">03 + CR<\/td>\r\n<td class=\"cremuneracao\">R$ 3.438,65 \/20h<\/td>\r\n<\/tr><tr>\r\n<td class=\"ccargos\">\r\n<span data-balloon-length=\"medium\" aria-label=\"Curso de gradua\u00e7\u00e3o com licenciatura plena espec\u00edfica ou em programas de forma\u00e7\u00e3o pedag\u00f3gica para a Educa\u00e7\u00e3o B\u00e1sica para portadores de diplomas de educa\u00e7\u00e3o superior, regulamentados pelo Conselho Nacional de Educa\u00e7\u00e3o, relacionado diretamente ao ensino.\" data-balloon-pos=\"up\">PROFESSOR DOCENTE I - EDUCA\u00c7\u00c3O ART\u00cdSTICA<\/span><\/td>\r\n<td class=\"cvagas\">04 + CR<\/td>\r\n<td class=\"cremuneracao\">R$ 3.438,65 \/20h<\/td>\r\n<\/tr><tr>\r\n<td class=\"ccargos\">\r\n<span data-balloon-length=\"medium\" aria-label=\"Curso de gradua\u00e7\u00e3o com licenciatura plena espec\u00edfica ou em programas de forma\u00e7\u00e3o pedag\u00f3gica para a Educa\u00e7\u00e3o B\u00e1sica para portadores de diplomas de educa\u00e7\u00e3o superior, regulamentados pelo Conselho Nacional de Educa\u00e7\u00e3o, relacionado diretamente ao ensino e registro no respectivo Conselho de Classe.\" data-balloon-pos=\"up\">PROFESSOR DOCENTE I - EDUCA\u00c7\u00c3O F\u00cdSICA<\/span><\/td>\r\n<td class=\"cvagas\">11 + CR<\/td>\r\n<td class=\"cremuneracao\">R$ 3.438,65 \/20h<\/td>\r\n<\/tr><tr>\r\n<td class=\"ccargos\">\r\n<span data-balloon-length=\"medium\" aria-label=\"Curso de gradua\u00e7\u00e3o com licenciatura plena espec\u00edfica ou em programas de forma\u00e7\u00e3o pedag\u00f3gica para a Educa\u00e7\u00e3o B\u00e1sica para portadores de diplomas de educa\u00e7\u00e3o superior, regulamentados pelo Conselho Nacional de Educa\u00e7\u00e3o, relacionado diretamente ao ensino.\" data-balloon-pos=\"up\">PROFESSOR DOCENTE I - GEOGRAFIA<\/span><\/td>\r\n<td class=\"cvagas\">06 + CR<\/td>\r\n<td class=\"cremuneracao\">R$ 3.438,65 \/20h<\/td>\r\n<\/tr><tr>\r\n<td class=\"ccargos\">\r\n<span data-balloon-length=\"medium\" aria-label=\"Curso de gradua\u00e7\u00e3o com licenciatura plena espec\u00edfica ou em programas de forma\u00e7\u00e3o pedag\u00f3gica para a Educa\u00e7\u00e3o B\u00e1sica para portadores de diplomas de educa\u00e7\u00e3o superior, regulamentados pelo Conselho Nacional de Educa\u00e7\u00e3o, relacionado diretamente ao ensino.\" data-balloon-pos=\"up\">PROFESSOR DOCENTE I - HIST\u00d3RIA<\/span><\/td>\r\n<td class=\"cvagas\">08 + CR<\/td>\r\n<td class=\"cremuneracao\">R$ 3.438,65 \/20h<\/td>\r\n<\/tr><tr>\r\n<td class=\"ccargos\">\r\n<span data-balloon-length=\"medium\" aria-label=\"Curso de gradua\u00e7\u00e3o com licenciatura plena espec\u00edfica ou em programas de forma\u00e7\u00e3o pedag\u00f3gica para a Educa\u00e7\u00e3o B\u00e1sica para portadores de diplomas de educa\u00e7\u00e3o superior, regulamentados pelo Conselho Nacional de Educa\u00e7\u00e3o, relacionado diretamente ao ensino.\" data-balloon-pos=\"up\">PROFESSOR DOCENTE I - L\u00cdNGUA INGLESA<\/span><\/td>\r\n<td class=\"cvagas\">02 + CR<\/td>\r\n<td class=\"cremuneracao\">R$ 3.438,65 \/20h<\/td>\r\n<\/tr><tr>\r\n<td class=\"ccargos\">\r\n<span data-balloon-length=\"medium\" aria-label=\"Curso de gradua\u00e7\u00e3o com licenciatura plena espec\u00edfica ou em programas de forma\u00e7\u00e3o pedag\u00f3gica para a Educa\u00e7\u00e3o B\u00e1sica para portadores de diplomas de educa\u00e7\u00e3o superior, regulamentados pelo Conselho Nacional de Educa\u00e7\u00e3o, relacionado diretamente ao ensino.\" data-balloon-pos=\"up\">PROFESSOR DOCENTE I - L\u00cdNGUA PORTUGUESA<\/span><\/td>\r\n<td class=\"cvagas\">08 + CR<\/td>\r\n<td class=\"cremuneracao\">R$ 3.438,65 \/20h<\/td>\r\n<\/tr><tr>\r\n<td class=\"ccargos\">\r\n<span data-balloon-length=\"medium\" aria-label=\"Curso de gradua\u00e7\u00e3o com licenciatura plena espec\u00edfica ou em programas de forma\u00e7\u00e3o pedag\u00f3gica para a Educa\u00e7\u00e3o B\u00e1sica para portadores de diplomas de educa\u00e7\u00e3o superior, regulamentados pelo Conselho Nacional de Educa\u00e7\u00e3o, relacionado diretamente ao ensino.\" data-balloon-pos=\"up\">PROFESSOR DOCENTE I - MATEM\u00c1TICA<\/span><\/td>\r\n<td class=\"cvagas\">CR<\/td>\r\n<td class=\"cremuneracao\">R$ 3.438,65 \/20h<\/td>\r\n<\/tr><tr>\r\n<td class=\"ccargos\">\r\n<span data-balloon-length=\"medium\" aria-label=\"Licenciatura Plena em Pedagogia, com habilita\u00e7\u00e3o espec\u00edfica para o cargo ou Licenciatura Plena em outras \u00e1reas, acrescida de curso de P\u00f3s Gradua\u00e7\u00e3o Lato Sensu em Inspe\u00e7\u00e3o Educacional, com no m\u00ednimo 360 (trezentos e sessenta) horas e pelo menos 2 (dois) anos de experi\u00eancia em doc\u00eancia.\" data-balloon-pos=\"up\">PROFESSOR INSPETOR ESCOLAR<\/span><\/td>\r\n<td class=\"cvagas\">05 + CR<\/td>\r\n<td class=\"cremuneracao\">R$ 3.438,65 \/20h<\/td>\r\n<\/tr><tr>\r\n<td class=\"ccargos\">\r\n<span data-balloon-length=\"medium\" aria-label=\"Licenciatura Plena em Pedagogia, com habilita\u00e7\u00e3o espec\u00edfica para o cargo ou Licenciatura Plena em outras \u00e1reas, acrescida de curso de P\u00f3s Gradua\u00e7\u00e3o Lato Sensu em Orienta\u00e7\u00e3o Educacional, com no m\u00ednimo 360 (trezentos e sessenta) horas e pelo menos 2 (dois) anos de experi\u00eancia em doc\u00eancia.\" data-balloon-pos=\"up\">PROFESSOR ORIENTADOR EDUCACIONAL<\/span><\/td>\r\n<td class=\"cvagas\">04 + CR<\/td>\r\n<td class=\"cremuneracao\">R$ 3.438,65 \/20h<\/td>\r\n<\/tr><tr>\r\n<td class=\"ccargos\">\r\n<span data-balloon-length=\"medium\" aria-label=\"Licenciatura Plena em Pedagogia, com habilita\u00e7\u00e3o espec\u00edfica para o cargo ou Licenciatura Plena em outras \u00e1reas, acrescida de curso de P\u00f3s Gradua\u00e7\u00e3o Lato Sensu em Supervis\u00e3o Educacional, com no m\u00ednimo 360 (trezentos e sessenta) horas e pelo menos 2 (dois) anos de experi\u00eancia em doc\u00eancia.\" data-balloon-pos=\"up\">PROFESSOR SUPERVISOR ESCOLAR<\/span><\/td>\r\n<td class=\"cvagas\">10 + CR<\/td>\r\n<td class=\"cremuneracao\">R$ 3.438,65 \/20h<\/td>\r\n<\/tr>\r\n    <\/tbody>\r\n  <\/table>\r\n<\/div>"},"_links":{"self":[{"href":"https:\/\/www.agrobase.com.br\/concursos\/wp-json\/wp\/v2\/posts\/269572","targetHints":{"allow":["GET"]}}],"collection":[{"href":"https:\/\/www.agrobase.com.br\/concursos\/wp-json\/wp\/v2\/posts"}],"about":[{"href":"https:\/\/www.agrobase.com.br\/concursos\/wp-json\/wp\/v2\/types\/post"}],"author":[{"embeddable":true,"href":"https:\/\/www.agrobase.com.br\/concursos\/wp-json\/wp\/v2\/users\/7"}],"replies":[{"embeddable":true,"href":"https:\/\/www.agrobase.com.br\/concursos\/wp-json\/wp\/v2\/comments?post=269572"}],"version-history":[{"count":2,"href":"https:\/\/www.agrobase.com.br\/concursos\/wp-json\/wp\/v2\/posts\/269572\/revisions"}],"predecessor-version":[{"id":269576,"href":"https:\/\/www.agrobase.com.br\/concursos\/wp-json\/wp\/v2\/posts\/269572\/revisions\/269576"}],"wp:featuredmedia":[{"embeddable":true,"href":"https:\/\/www.agrobase.com.br\/concursos\/wp-json\/wp\/v2\/media\/269571"}],"wp:attachment":[{"href":"https:\/\/www.agrobase.com.br\/concursos\/wp-json\/wp\/v2\/media?parent=269572"}],"wp:term":[{"taxonomy":"category","embeddable":true,"href":"https:\/\/www.agrobase.com.br\/concursos\/wp-json\/wp\/v2\/categories?post=269572"},{"taxonomy":"post_tag","embeddable":true,"href":"https:\/\/www.agrobase.com.br\/concursos\/wp-json\/wp\/v2\/tags?post=269572"},{"taxonomy":"_amplo","embeddable":true,"href":"https:\/\/www.agrobase.com.br\/concursos\/wp-json\/wp\/v2\/_amplo?post=269572"},{"taxonomy":"destaque","embeddable":true,"href":"https:\/\/www.agrobase.com.br\/concursos\/wp-json\/wp\/v2\/destaque?post=269572"},{"taxonomy":"instituicoes","embeddable":true,"href":"https:\/\/www.agrobase.com.br\/concursos\/wp-json\/wp\/v2\/instituicoes?post=269572"}],"curies":[{"name":"wp","href":"https:\/\/api.w.org\/{rel}","templated":true}]}}