{"id":269513,"date":"2025-08-01T08:10:03","date_gmt":"2025-08-01T11:10:03","guid":{"rendered":"https:\/\/www.agrobase.com.br\/concursos\/?p=269513"},"modified":"2025-07-31T15:11:31","modified_gmt":"2025-07-31T18:11:31","slug":"prefeitura-carmo-da-mata-mg-selecao-publica-02-2025","status":"publish","type":"post","link":"https:\/\/www.agrobase.com.br\/concursos\/2025\/prefeitura-carmo-da-mata-mg-selecao-publica-02-2025\/","title":{"rendered":"Prefeitura Carmo da Mata (MG) &#8211; Sele\u00e7\u00e3o P\u00fablica 02\/2025"},"content":{"rendered":"<h2>Informa\u00e7\u00f5es Gerais<\/h2>\n<p>A Prefeitura Municipal de Carmo da Mata, em Minas Gerais, publicou o edital n\u00ba 002\/2025 do seu novo Processo Seletivo. Organizado pelo INEPAM, o certame visa a contrata\u00e7\u00e3o tempor\u00e1ria e a forma\u00e7\u00e3o de cadastro de reserva para diversos cargos, sob o regime jur\u00eddico Estatut\u00e1rio. As oportunidades abrangem os n\u00edveis de escolaridade fundamental incompleto, m\u00e9dio\/t\u00e9cnico e superior.<\/p>\n<p>As vagas est\u00e3o distribu\u00eddas entre \u00e1reas de servi\u00e7os gerais, apoio educacional e doc\u00eancia. Para os profissionais das \u00e1reas de ci\u00eancias agr\u00e1rias e biol\u00f3gicas, destaca-se a oportunidade para <strong>Professor de Ci\u00eancias<\/strong>, que contempla candidatos com forma\u00e7\u00e3o superior em <strong>Biologia<\/strong>. O processo seletivo ter\u00e1 validade de um ano, podendo ser prorrogado por igual per\u00edodo.<\/p>\n<h2>Inscri\u00e7\u00f5es<\/h2>\n<p>As inscri\u00e7\u00f5es para o Processo Seletivo da Prefeitura de Carmo da Mata estar\u00e3o abertas e devem ser realizadas exclusivamente pela internet. O per\u00edodo para se candidatar inicia \u00e0s <strong>10h do dia 21 de agosto de 2025 e encerra \u00e0s 16h do dia 16 de setembro de 2025<\/strong>, no site da banca organizadora, o INEPAM.<\/p>\n<p>Para confirmar a participa\u00e7\u00e3o, o candidato dever\u00e1 gerar o boleto banc\u00e1rio no ato da inscri\u00e7\u00e3o e efetuar o pagamento da taxa at\u00e9 o dia <strong>17 de setembro de 2025<\/strong>. Aten\u00e7\u00e3o: a emiss\u00e3o da 2\u00aa via do boleto s\u00f3 ser\u00e1 poss\u00edvel at\u00e9 o hor\u00e1rio de encerramento das inscri\u00e7\u00f5es. N\u00e3o ser\u00e3o aceitos pagamentos por outros meios, como dep\u00f3sito ou transfer\u00eancia.<\/p>\n<p>O edital n\u00e3o prev\u00ea procedimentos para solicita\u00e7\u00e3o de isen\u00e7\u00e3o da taxa de inscri\u00e7\u00e3o. Ap\u00f3s a confirma\u00e7\u00e3o do pagamento, o candidato deve acompanhar o andamento do certame por meio do site da banca. \u00c9 fundamental a leitura atenta e completa do edital para conhecer todas as regras e requisitos.<\/p>\n<h2>Etapas e Provas<\/h2>\n<p>O processo de sele\u00e7\u00e3o para todos os cargos ser\u00e1 realizado em uma \u00fanica etapa, consistindo em uma <strong>Prova Objetiva<\/strong> de car\u00e1ter eliminat\u00f3rio e classificat\u00f3rio. A avalia\u00e7\u00e3o est\u00e1 prevista para ser aplicada no dia <strong>19 de outubro de 2025<\/strong>, com fechamento dos port\u00f5es \u00e0s 09h00min.<\/p>\n<p>A estrutura da prova est\u00e1 definida da seguinte forma:<\/p>\n<ul>\n<li><strong>Formato:<\/strong> Quest\u00f5es de m\u00faltipla escolha, com 5 alternativas cada.<\/li>\n<li><strong>Disciplinas:<\/strong> A prova ser\u00e1 composta por 30 quest\u00f5es, sendo 10 de L\u00edngua Portuguesa, 10 de Matem\u00e1tica e 10 de Conhecimentos Espec\u00edficos.<\/li>\n<li><strong>Dura\u00e7\u00e3o:<\/strong> Os candidatos ter\u00e3o 2 horas para a realiza\u00e7\u00e3o da prova.<\/li>\n<li><strong>Crit\u00e9rios de Aprova\u00e7\u00e3o:<\/strong> Ser\u00e1 considerado aprovado o candidato que obtiver nota igual ou superior a 50 pontos, em uma escala de 0 a 100.<\/li>\n<\/ul>\n<h2>Resultados e Gabarito<\/h2>\n<p>O cronograma de divulga\u00e7\u00e3o dos resultados do Processo Seletivo de Carmo da Mata j\u00e1 est\u00e1 definido. O gabarito preliminar da prova objetiva ser\u00e1 publicado no dia <strong>20 de outubro de 2025<\/strong>. Ap\u00f3s o per\u00edodo de recursos, a vers\u00e3o definitiva do gabarito e as notas preliminares ser\u00e3o divulgadas em <strong>31 de outubro de 2025<\/strong>.<\/p>\n<p>A homologa\u00e7\u00e3o do resultado final do certame est\u00e1 prevista para o dia <strong>07 de novembro de 2025<\/strong>. Em caso de empate na pontua\u00e7\u00e3o final, ser\u00e3o aplicados os seguintes crit\u00e9rios de desempate, nesta ordem:<\/p>\n<ul>\n<li>Maior idade;<\/li>\n<li>Maior pontua\u00e7\u00e3o nas quest\u00f5es de Conhecimentos Espec\u00edficos;<\/li>\n<li>Maior pontua\u00e7\u00e3o nas quest\u00f5es de L\u00edngua Portuguesa;<\/li>\n<li>Maior pontua\u00e7\u00e3o nas quest\u00f5es de Matem\u00e1tica;<\/li>\n<li>Maior quantidade de participa\u00e7\u00e3o em j\u00fari.<\/li>\n<\/ul>\n<p>A convoca\u00e7\u00e3o dos candidatos aprovados ser\u00e1 realizada pela Prefeitura Municipal, e o acompanhamento das chamadas deve ser feito atrav\u00e9s do mural da prefeitura e do site da banca organizadora, INEPAM. \u00c9 de responsabilidade exclusiva do candidato acompanhar todas as publica\u00e7\u00f5es oficiais para n\u00e3o perder prazos e convoca\u00e7\u00f5es.<\/p>\n","protected":false},"excerpt":{"rendered":"<p>Processo Seletivo Pref. Carmo da Mata (MG) com edital publicado! Vagas p\/ Professores (Fund. a Sup.). Inscri\u00e7\u00f5es a partir de 21\/08. Sal\u00e1rios at\u00e9 R$ 3k. Confira detalhes!<\/p>\n","protected":false},"author":7,"featured_media":269512,"comment_status":"open","ping_status":"open","sticky":false,"template":"","format":"standard","meta":{"_acf_changed":false,"_breakdance_hide_in_design_set":false,"_breakdance_tags":"","footnotes":""},"categories":[145,140,6433,141,6434,111,100,20,6871,116,25],"tags":[50],"_amplo":[],"destaque":[],"instituicoes":[],"class_list":["post-269513","post","type-post","status-publish","format-standard","has-post-thumbnail","hentry","category-artes-cenicas","category-artes-plasticas","category-biologia-licenciatura","category-educacao-artistica","category-educacao-fisica-licenciatura","category-geografia","category-historia","category-letras","category-letras-ingles","category-matematica","category-pedagogia","tag-minas-gerais"],"acf":{"_tipo_vagas":"vagas","_numero_vagas":"","_quadro_vagas":"","_cargos":"diversos","_cargos_especificos":"","_salario_max":"R$ 3049.86","_abertura":"20250821","_encerramento":"20250916","_inscricoes":"https:\/\/www.inepam.org.br","_executora_concurso":"","_instituicao_concurso":[],"_link_adicional":null,"_anexos":null,"_produtos":null,"_vagas":"79 vagas + CR","_salario_min":"R$ 1537.29","_instituicao":"Prefeitura de Carmo da Mata","_edital":"https:\/\/www.agrobase.com.br\/concursos\/wp-content\/uploads\/sites\/4\/2025\/07\/edital-02-2025-prefeitura-de-carmo-da-mata-mg.pdf","_anexos_edital":"https:\/\/www.agrobase.com.br\/concursos\/wp-content\/uploads\/sites\/4\/2025\/07\/anexos-edital-02-2025-prefeitura-de-carmo-da-mata-mg.pdf","_fund_incompleto":"<div>\r\n<table class=\"quadro\">\r\n<thead>\r\n<tr>\r\n<th class=\"hcargo\">Cargo<\/th>\r\n<th class=\"hvagas\">Vagas<\/th>\r\n<th class=\"hremuneracao\">Remunera\u00e7\u00e3o<\/th>\r\n<\/tr>\r\n<\/thead>\r\n    <tbody>\r\n      <td class=\"ccargos\">\r\n<span data-balloon-length=\"medium\" aria-label=\"Ensino Fundamental Incompleto\" data-balloon-pos=\"up\">Auxiliar de Servi\u00e7os Gerais<\/span><\/td>\r\n<td class=\"cvagas\">10<\/td>\r\n<td class=\"cremuneracao\">R$ 1.592,16 \/30h<\/td>\r\n<\/tr>\r\n    <\/tbody>\r\n  <\/table>\r\n<\/div>","_fund_completo":"","_medio":"<div>\r\n<table class=\"quadro\">\r\n<thead>\r\n<tr>\r\n<th class=\"hcargo\">Cargo<\/th>\r\n<th class=\"hvagas\">Vagas<\/th>\r\n<th class=\"hremuneracao\">Remunera\u00e7\u00e3o<\/th>\r\n<\/tr>\r\n<\/thead>\r\n    <tbody>\r\n      <td class=\"ccargos\">\r\n<span data-balloon-length=\"medium\" aria-label=\"Requisitos M\u00ednimos: Curso Normal em N\u00edvel M\u00e9dio ou Pedagogia em curso\" data-balloon-pos=\"up\">Monitor de Apoio (PCD e Creche)<\/span><\/td>\r\n<td class=\"cvagas\">40<\/td>\r\n<td class=\"cremuneracao\">R$ 1.537,29 \/30h<\/td>\r\n<\/tr>\r\n    <\/tbody>\r\n  <\/table>\r\n<\/div>","_superior":"<div>\r\n<table class=\"quadro\">\r\n<thead>\r\n<tr>\r\n<th class=\"hcargo\">Cargo<\/th>\r\n<th class=\"hvagas\">Vagas<\/th>\r\n<th class=\"hremuneracao\">Remunera\u00e7\u00e3o<\/th>\r\n<\/tr>\r\n<\/thead>\r\n    <tbody>\r\n      <tr>\r\n<td class=\"ccargos\">\r\n<span data-balloon-length=\"medium\" aria-label=\"Requisitos M\u00ednimos: Licenciatura em M\u00fasica, Desenho e Pl\u00e1stica, Educa\u00e7\u00e3o Art\u00edstica, Decora\u00e7\u00e3o; Licenciatura em uma das linguagens que constituem o componente curricular de que trata o caput deste artigo: Artes Visuais, Artes Pl\u00e1sticas, Dan\u00e7a, M\u00fasica, Teatro e Artes C\u00eanicas. Par\u00e1grafo \u00danico \u2013 Os profissionais detentores de diploma de curso de licenciatura curta em Educa\u00e7\u00e3o Art\u00edstica s\u00e3o habilitados a ministrar o componente curricular Arte, no Ensino Fundamental\" data-balloon-pos=\"up\">Professor de Arte<\/span><\/td>\r\n<td class=\"cvagas\">01<\/td>\r\n<td class=\"cremuneracao\">R$ 3.049,86 \/24h<\/td>\r\n<\/tr><tr>\r\n<td class=\"ccargos\">\r\n<span data-balloon-length=\"medium\" aria-label=\"Requisitos M\u00ednimos: Licenciatura Plena em Ci\u00eancias Biol\u00f3gicas ou em Biologia; Licenciatura Plena em Ci\u00eancias \u2013 Habilita\u00e7\u00e3o Biologia; Curso Superior de Gradua\u00e7\u00e3o (bacharelado ou tecn\u00f3logo) acrescido de Programa Especial de Forma\u00e7\u00e3o Pedag\u00f3gica de Docentes - Habilita\u00e7\u00e3o em Biologia\" data-balloon-pos=\"up\">Professor de Ci\u00eancias<\/span><\/td>\r\n<td class=\"cvagas\">CR<\/td>\r\n<td class=\"cremuneracao\">R$ 3.049,86 \/24h<\/td>\r\n<\/tr><tr>\r\n<td class=\"ccargos\">\r\n<span data-balloon-length=\"medium\" aria-label=\"Requisitos M\u00ednimos: Licenciatura com habilita\u00e7\u00e3o espec\u00edfica em Educa\u00e7\u00e3o F\u00edsica; Bacharel em Educa\u00e7\u00e3o F\u00edsica, acrescido de curso de forma\u00e7\u00e3o pedag\u00f3gica para graduados n\u00e3o licenciados, ofertado por institui\u00e7\u00f5es credenciadas nos termos da legisla\u00e7\u00e3o espec\u00edfica, com habilita\u00e7\u00e3o no componente curricular Educa\u00e7\u00e3o F\u00edsica\" data-balloon-pos=\"up\">Professor de Educa\u00e7\u00e3o F\u00edsica<\/span><\/td>\r\n<td class=\"cvagas\">05<\/td>\r\n<td class=\"cremuneracao\">R$ 3.049,86 \/24h<\/td>\r\n<\/tr><tr>\r\n<td class=\"ccargos\">\r\n<span data-balloon-length=\"medium\" aria-label=\"Requisitos M\u00ednimos: Licenciatura plena em Ci\u00eancias da Religi\u00e3o, Ensino Religioso ou Educa\u00e7\u00e3o Religiosa; Licenciatura plena, em qualquer \u00e1rea do conhecimento, cuja matriz curricular inclua conte\u00fado relativo a Ci\u00eancias da Religi\u00e3o, Metodologia e Filosofia do Ensino Religioso ou Educa\u00e7\u00e3o Religiosa, com carga hor\u00e1ria m\u00ednima de 500 (quinhentas) horas; Licenciatura plena, em qualquer \u00e1rea do conhecimento, acrescido de curso de p\u00f3s-gradua\u00e7\u00e3o stricto sensu, em n\u00edvel de mestrado ou doutorado, em Ci\u00eancias da Religi\u00e3o ou Ensino Religioso, reconhecido e recomendado pelo CAPES; Licenciatura Plena, em qualquer \u00e1rea do conhecimento, acrescida de curso de p\u00f3s-gradua\u00e7\u00e3o lato sensu, em Ci\u00eancias da Religi\u00e3o ou Ensino Religioso, oferecido por institui\u00e7\u00e3o de ensino superior, devidamente credenciada com carga hor\u00e1ria m\u00ednima de 500 (quinhentos) horas; Licenciatura plena, em qualquer \u00e1rea do conhecimento, acrescida de curso de Metodologia e Filosofia do Ensino Religioso. Conclu\u00eddo at\u00e9 06 de janeiro de 2005, oferecido por entidade ou institui\u00e7\u00e3o educacional credenciada e reconhecida pela Secretaria de Estado de Educa\u00e7\u00e3o; Bacharelado ou Tecnol\u00f3gico, em qualquer \u00e1rea do conhecimento, acrescido de curso de forma\u00e7\u00e3o pedag\u00f3gica para graduados n\u00e3o licenciados ofertado por institui\u00e7\u00f5es credenciadas nos termos da legisla\u00e7\u00e3o espec\u00edfica, com habilita\u00e7\u00e3o em Ci\u00eancias da Religi\u00e3o, Ensino Religioso ou Educa\u00e7\u00e3o Religiosa.\" data-balloon-pos=\"up\">Professor de Ensino Religioso<\/span><\/td>\r\n<td class=\"cvagas\">CR<\/td>\r\n<td class=\"cremuneracao\">R$ 3.049,86 \/24h<\/td>\r\n<\/tr><tr>\r\n<td class=\"ccargos\">\r\n<span data-balloon-length=\"medium\" aria-label=\"Requisitos M\u00ednimos: Licenciatura Plena em Geografia; Licenciatura plena em Ci\u00eancias Sociais iniciada na vig\u00eancia da Portaria MEC n\u00ba 399\/89, ou seja, at\u00e9 17\/06\/98; Licenciatura Plena em Estudos Sociais \u2013 Habilita\u00e7\u00e3o Geografia; Curso Superior de Gradua\u00e7\u00e3o (bacharelado ou tecn\u00f3logo) acrescido de Programa Especial de Forma\u00e7\u00e3o Pedag\u00f3gica de Docentes\/ Habilita\u00e7\u00e3o em Geografia\" data-balloon-pos=\"up\">Professor de Geografia<\/span><\/td>\r\n<td class=\"cvagas\">CR<\/td>\r\n<td class=\"cremuneracao\">R$ 3.049,86 \/24h<\/td>\r\n<\/tr><tr>\r\n<td class=\"ccargos\">\r\n<span data-balloon-length=\"medium\" aria-label=\"Requisitos M\u00ednimos: Licenciatura Plena em Hist\u00f3ria; Licenciatura Plena em Ci\u00eancias Sociais iniciada na vig\u00eancia da Portaria MEC, n\u00ba 399\/89, ou seja, at\u00e9 17\/06\/98 (amparo no Parecer CNE\/CE n\u00ba 09\/2005); Licenciatura Plena em Estudos Sociais \u2013 Habilita\u00e7\u00e3o Hist\u00f3ria; Licenciatura Plena em Filosofia, iniciada na vig\u00eancia da Portaria MEC, n\u00ba 399\/89, ou seja, at\u00e9 17\/06\/98; Curso Superior de Gradua\u00e7\u00e3o (bacharelado ou tecn\u00f3logo) acrescido de Programa de Forma\u00e7\u00e3o Pedag\u00f3gica de docentes \u2013 Habilita\u00e7\u00e3o em Hist\u00f3ria\" data-balloon-pos=\"up\">Professor de Hist\u00f3ria<\/span><\/td>\r\n<td class=\"cvagas\">CR<\/td>\r\n<td class=\"cremuneracao\">R$ 3.049,86 \/24h<\/td>\r\n<\/tr><tr>\r\n<td class=\"ccargos\">\r\n<span data-balloon-length=\"medium\" aria-label=\"Requisitos M\u00ednimos: Licenciatura Plena em Letras \u2013 L\u00edngua Inglesa\" data-balloon-pos=\"up\">Professor de Ingl\u00eas<\/span><\/td>\r\n<td class=\"cvagas\">CR<\/td>\r\n<td class=\"cremuneracao\">R$ 3.049,86 \/24h<\/td>\r\n<\/tr><tr>\r\n<td class=\"ccargos\">\r\n<span data-balloon-length=\"medium\" aria-label=\"Requisitos M\u00ednimos: Licenciatura Plena em Matem\u00e1tica. Licenciatura Plena em Ci\u00eancias- Habilita\u00e7\u00e3o Matem\u00e1tica. Licenciatura Plena em F\u00edsica, iniciada na vig\u00eancia da Portaria MEC, n\u00ba 399\/89, ou seja, at\u00e9 17\/06\/98. Curso Superior de Gradua\u00e7\u00e3o (bacharelado ou tecn\u00f3logo) acrescido de Programa Especial de Forma\u00e7\u00e3o Pedag\u00f3gica de Docentes- Habilita\u00e7\u00e3o Matem\u00e1tica\" data-balloon-pos=\"up\">Professor de Matem\u00e1tica<\/span><\/td>\r\n<td class=\"cvagas\">CR<\/td>\r\n<td class=\"cremuneracao\">R$ 3.049,86 \/24h<\/td>\r\n<\/tr><tr>\r\n<td class=\"ccargos\">\r\n<span data-balloon-length=\"medium\" aria-label=\"Requisitos M\u00ednimos: Habilita\u00e7\u00e3o Espec\u00edfica conforme registro no diploma de 3\u00ba grau, em Letras \u2013 L\u00edngua Portuguesa\" data-balloon-pos=\"up\">Professor de Portugu\u00eas<\/span><\/td>\r\n<td class=\"cvagas\">CR<\/td>\r\n<td class=\"cremuneracao\">R$ 3.049,86 \/24h<\/td>\r\n<\/tr><tr>\r\n<td class=\"ccargos\">\r\n<span data-balloon-length=\"medium\" aria-label=\"Requisitos M\u00ednimos: Licenciatura em Pedagogia, com habilita\u00e7\u00e3o para o exerc\u00edcio da doc\u00eancia na Educa\u00e7\u00e3o Infantil e nos anos iniciais do Ensino Fundamental ou Curso Normal Superior\" data-balloon-pos=\"up\">Professor Regente I (Educa\u00e7\u00e3o Infantil e Anos Iniciais do Ensino Fundamental)<\/span><\/td>\r\n<td class=\"cvagas\">20<\/td>\r\n<td class=\"cremuneracao\">R$ 2.920,76 \/24h<\/td>\r\n<\/tr><tr>\r\n<td class=\"ccargos\">\r\n<span data-balloon-length=\"medium\" aria-label=\"Requisitos M\u00ednimos: P\u00f3s-gradua\u00e7\u00e3o em Psicopedagogia\" data-balloon-pos=\"up\">Psicopedagogo<\/span><\/td>\r\n<td class=\"cvagas\">01<\/td>\r\n<td class=\"cremuneracao\">R$ 3.049,86 \/24h<\/td>\r\n<\/tr><tr>\r\n<td class=\"ccargos\">\r\n<span data-balloon-length=\"medium\" aria-label=\"Requisitos M\u00ednimos: Gradua\u00e7\u00e3o em Pedagogia com P\u00f3s-Gradua\u00e7\u00e3o em Orienta\u00e7\u00e3o Escolar ou Gradua\u00e7\u00e3o em outra \u00e1rea da educa\u00e7\u00e3o com P\u00f3s-Gradua\u00e7\u00e3o em Orienta\u00e7\u00e3o Escolar\" data-balloon-pos=\"up\">Orientador<\/span><\/td>\r\n<td class=\"cvagas\">01<\/td>\r\n<td class=\"cremuneracao\">R$ 3.049,86 \/24h<\/td>\r\n<\/tr><tr>\r\n<td class=\"ccargos\">\r\n<span data-balloon-length=\"medium\" aria-label=\"Requisitos M\u00ednimos: Gradua\u00e7\u00e3o em Pedagogia com P\u00f3s - Gradua\u00e7\u00e3o em Supervis\u00e3o Escolar ou Gradua\u00e7\u00e3o em outra \u00e1rea da educa\u00e7\u00e3o com P\u00f3s-Gradua\u00e7\u00e3o em Supervis\u00e3o Escolar\" data-balloon-pos=\"up\">Supervisor<\/span><\/td>\r\n<td class=\"cvagas\">01<\/td>\r\n<td class=\"cremuneracao\">R$ 3.049,86 \/24h<\/td>\r\n<\/tr>\r\n    <\/tbody>\r\n  <\/table>\r\n<\/div>"},"_links":{"self":[{"href":"https:\/\/www.agrobase.com.br\/concursos\/wp-json\/wp\/v2\/posts\/269513","targetHints":{"allow":["GET"]}}],"collection":[{"href":"https:\/\/www.agrobase.com.br\/concursos\/wp-json\/wp\/v2\/posts"}],"about":[{"href":"https:\/\/www.agrobase.com.br\/concursos\/wp-json\/wp\/v2\/types\/post"}],"author":[{"embeddable":true,"href":"https:\/\/www.agrobase.com.br\/concursos\/wp-json\/wp\/v2\/users\/7"}],"replies":[{"embeddable":true,"href":"https:\/\/www.agrobase.com.br\/concursos\/wp-json\/wp\/v2\/comments?post=269513"}],"version-history":[{"count":3,"href":"https:\/\/www.agrobase.com.br\/concursos\/wp-json\/wp\/v2\/posts\/269513\/revisions"}],"predecessor-version":[{"id":269518,"href":"https:\/\/www.agrobase.com.br\/concursos\/wp-json\/wp\/v2\/posts\/269513\/revisions\/269518"}],"wp:featuredmedia":[{"embeddable":true,"href":"https:\/\/www.agrobase.com.br\/concursos\/wp-json\/wp\/v2\/media\/269512"}],"wp:attachment":[{"href":"https:\/\/www.agrobase.com.br\/concursos\/wp-json\/wp\/v2\/media?parent=269513"}],"wp:term":[{"taxonomy":"category","embeddable":true,"href":"https:\/\/www.agrobase.com.br\/concursos\/wp-json\/wp\/v2\/categories?post=269513"},{"taxonomy":"post_tag","embeddable":true,"href":"https:\/\/www.agrobase.com.br\/concursos\/wp-json\/wp\/v2\/tags?post=269513"},{"taxonomy":"_amplo","embeddable":true,"href":"https:\/\/www.agrobase.com.br\/concursos\/wp-json\/wp\/v2\/_amplo?post=269513"},{"taxonomy":"destaque","embeddable":true,"href":"https:\/\/www.agrobase.com.br\/concursos\/wp-json\/wp\/v2\/destaque?post=269513"},{"taxonomy":"instituicoes","embeddable":true,"href":"https:\/\/www.agrobase.com.br\/concursos\/wp-json\/wp\/v2\/instituicoes?post=269513"}],"curies":[{"name":"wp","href":"https:\/\/api.w.org\/{rel}","templated":true}]}}