{"id":269428,"date":"2025-07-31T07:50:18","date_gmt":"2025-07-31T10:50:18","guid":{"rendered":"https:\/\/www.agrobase.com.br\/concursos\/?p=269428"},"modified":"2025-07-30T13:44:33","modified_gmt":"2025-07-30T16:44:33","slug":"prefeitura-sao-jose-dos-campos-sp-selecao-publica-01-2025","status":"publish","type":"post","link":"https:\/\/www.agrobase.com.br\/concursos\/2025\/prefeitura-sao-jose-dos-campos-sp-selecao-publica-01-2025\/","title":{"rendered":"Prefeitura S\u00e3o Jos\u00e9 dos Campos (SP) &#8211; Sele\u00e7\u00e3o P\u00fablica 01\/2025"},"content":{"rendered":"<h2>Informa\u00e7\u00f5es Gerais<\/h2>\n<p>A Prefeitura de S\u00e3o Jos\u00e9 dos Campos, em S\u00e3o Paulo, publicou o edital n\u00ba 001\/2025 para o seu novo Processo Seletivo, organizado pelo Instituto Brasileiro de Administra\u00e7\u00e3o Municipal (IBAM). O objetivo \u00e9 formar um cadastro de reserva para a contrata\u00e7\u00e3o tempor\u00e1ria de profissionais da educa\u00e7\u00e3o. As oportunidades s\u00e3o para as fun\u00e7\u00f5es de <strong>Professor I (Prazo Determinado e Eventual)<\/strong> e <strong>Professor II (Prazo Determinado e Eventual)<\/strong>, exigindo n\u00edvel superior completo.<\/p>\n<p>As vagas abrangem a Educa\u00e7\u00e3o Infantil e os anos iniciais e finais do Ensino Fundamental. Para Professor II, h\u00e1 oportunidades em diversas \u00e1reas, como <em>Artes, Educa\u00e7\u00e3o F\u00edsica, Geografia, Hist\u00f3ria, Ingl\u00eas, L\u00edngua Portuguesa, Matem\u00e1tica<\/em> e, com destaque para a \u00e1rea de interesse do nosso site, <strong>Ci\u00eancias<\/strong>. O regime de contrata\u00e7\u00e3o \u00e9 tempor\u00e1rio, regido pela Lei Complementar municipal n\u00ba 187\/1999, para atender a necessidades de excepcional interesse p\u00fablico.<\/p>\n<p>Se voc\u00ea \u00e9 da \u00e1rea da educa\u00e7\u00e3o e busca uma oportunidade em S\u00e3o Jos\u00e9 dos Campos, confira nas se\u00e7\u00f5es a seguir todos os detalhes sobre como se inscrever, as etapas do processo seletivo e o cronograma de resultados.<\/p>\n<h2>Inscri\u00e7\u00f5es<\/h2>\n<p>As inscri\u00e7\u00f5es para o Processo Seletivo da Prefeitura de S\u00e3o Jos\u00e9 dos Campos estar\u00e3o abertas e dever\u00e3o ser realizadas exclusivamente pela internet, no site da banca organizadora, o IBAM. O per\u00edodo para se candidatar vai <strong>de 25 de julho de 2025 at\u00e9 as 23h59 do dia 22 de agosto de 2025<\/strong> (hor\u00e1rio de Bras\u00edlia). O candidato poder\u00e1 se inscrever para at\u00e9 tr\u00eas fun\u00e7\u00f5es, sendo uma para Professor I e at\u00e9 duas para Professor II, conforme as regras de compatibilidade de hor\u00e1rio das provas.<\/p>\n<p>Para efetivar a inscri\u00e7\u00e3o, siga estes passos:<\/p>\n<ul>\n<li>Acesse o site <strong>http:\/\/www.ibamsp-concursos.org.br<\/strong>.<\/li>\n<li>Localize o link correspondente ao Processo Seletivo n\u00ba 001\/2025 de S\u00e3o Jos\u00e9 dos Campos.<\/li>\n<li>Preencha o formul\u00e1rio de inscri\u00e7\u00e3o com seus dados e fa\u00e7a o upload de uma foto 3&#215;4 recente.<\/li>\n<li>Confira todas as informa\u00e7\u00f5es, confirme a inscri\u00e7\u00e3o e imprima o protocolo de valida\u00e7\u00e3o, que dever\u00e1 ser levado no dia da prova.<\/li>\n<\/ul>\n<p>O acompanhamento da situa\u00e7\u00e3o da inscri\u00e7\u00e3o deve ser feito na &#8220;\u00e1rea do candidato&#8221; no portal do IBAM. \u00c9 fundamental a leitura completa do edital para conferir todos os requisitos e procedimentos detalhados.<\/p>\n<h2>Etapas e Provas<\/h2>\n<p>O processo seletivo ser\u00e1 composto por uma \u00fanica etapa: a <strong>Prova Objetiva<\/strong>, de car\u00e1ter classificat\u00f3rio e eliminat\u00f3rio, para todas as fun\u00e7\u00f5es. A aplica\u00e7\u00e3o est\u00e1 prevista para o dia <strong>28 de setembro de 2025<\/strong> e ter\u00e1 dura\u00e7\u00e3o de 3 horas. A prova ser\u00e1 de m\u00faltipla escolha, com 4 alternativas por quest\u00e3o, valendo 1 ponto cada acerto. Para ser aprovado, o candidato dever\u00e1 obter no m\u00ednimo 15 pontos.<\/p>\n<p>A estrutura da prova varia conforme a fun\u00e7\u00e3o:<\/p>\n<ul>\n<li><strong>Professor I:<\/strong>\n<ul>\n<li>L\u00edngua Portuguesa (10 quest\u00f5es)<\/li>\n<li>Matem\u00e1tica (5 quest\u00f5es)<\/li>\n<li>Inform\u00e1tica (5 quest\u00f5es)<\/li>\n<\/ul>\n<\/li>\n<li><strong>Professor II:<\/strong>\n<ul>\n<li>Conhecimentos Pedag\u00f3gicos (10 quest\u00f5es)<\/li>\n<li>Conhecimentos Espec\u00edficos da disciplina (10 quest\u00f5es)<\/li>\n<\/ul>\n<\/li>\n<\/ul>\n<p>Candidatos inscritos em mais de uma fun\u00e7\u00e3o, conforme permitido no edital, ter\u00e3o 1 hora adicional para a realiza\u00e7\u00e3o das provas. A convoca\u00e7\u00e3o com os locais e hor\u00e1rios exatos ser\u00e1 divulgada a partir de 10 de setembro de 2025 nos sites do IBAM e da Prefeitura.<\/p>\n<p>Para conhecer o conte\u00fado program\u00e1tico detalhado de cada disciplina, os crit\u00e9rios de avalia\u00e7\u00e3o e as regras completas, consulte o edital oficial do certame.<\/p>\n<h2>Resultados e Gabarito<\/h2>\n<p>Os resultados do Processo Seletivo da Prefeitura de S\u00e3o Jos\u00e9 dos Campos ser\u00e3o divulgados por etapas. A publica\u00e7\u00e3o dos gabaritos, resultados preliminares e da classifica\u00e7\u00e3o final ocorrer\u00e1 nos sites do IBAM (<strong>http:\/\/www.ibamsp-concursos.org.br<\/strong>) e da Prefeitura (<strong>www.sjc.sp.gov.br<\/strong>). Os candidatos ser\u00e3o classificados em listas por fun\u00e7\u00e3o (e por disciplina, no caso de Professor II), em ordem decrescente da nota obtida na prova objetiva.<\/p>\n<p>Em caso de empate na pontua\u00e7\u00e3o final, os crit\u00e9rios de desempate seguir\u00e3o a seguinte ordem:<\/p>\n<ul>\n<li>Idade igual ou superior a 60 anos (o mais idoso);<\/li>\n<li>Maior n\u00famero de filhos com at\u00e9 18 anos ou incapazes;<\/li>\n<li>Maior idade (entre os candidatos com menos de 60 anos);<\/li>\n<li>Ter exercido a fun\u00e7\u00e3o de jurado;<\/li>\n<li>Maior pontua\u00e7\u00e3o em Conhecimentos Espec\u00edficos (para Professor II);<\/li>\n<li>Maior pontua\u00e7\u00e3o em Conhecimentos Pedag\u00f3gicos (para Professor II);<\/li>\n<li>Sorteio.<\/li>\n<\/ul>\n<p>A homologa\u00e7\u00e3o do resultado final ser\u00e1 publicada no Boletim do Munic\u00edpio. Ap\u00f3s a homologa\u00e7\u00e3o, a convoca\u00e7\u00e3o para atribui\u00e7\u00e3o de aulas e contrata\u00e7\u00e3o dever\u00e1 ser acompanhada pelo candidato diretamente no site da prefeitura ou na Secretaria de Educa\u00e7\u00e3o e Cidadania.<\/p>\n<p>\u00c9 de responsabilidade exclusiva do candidato acompanhar todas as publica\u00e7\u00f5es oficiais nos sites da banca organizadora e da Prefeitura de S\u00e3o Jos\u00e9 dos Campos para n\u00e3o perder nenhuma convoca\u00e7\u00e3o ou prazo importante.<\/p>\n","protected":false},"excerpt":{"rendered":"<p>Processo Seletivo Pref. S\u00e3o Jos\u00e9 dos Campos (SP) com edital publicado! Vagas p\/ Professores (Superior). Inscri\u00e7\u00f5es a partir de 25\/07. Confira detalhes!<\/p>\n","protected":false},"author":7,"featured_media":269427,"comment_status":"open","ping_status":"open","sticky":false,"template":"","format":"standard","meta":{"_acf_changed":false,"_breakdance_hide_in_design_set":false,"_breakdance_tags":"","footnotes":""},"categories":[6433,141,6434,6436,111,100,20,6871,116,25],"tags":[62],"_amplo":[],"destaque":[],"instituicoes":[],"class_list":["post-269428","post","type-post","status-publish","format-standard","has-post-thumbnail","hentry","category-biologia-licenciatura","category-educacao-artistica","category-educacao-fisica-licenciatura","category-fisica-licenciatura","category-geografia","category-historia","category-letras","category-letras-ingles","category-matematica","category-pedagogia","tag-sao-paulo"],"acf":{"_tipo_vagas":"vagas","_numero_vagas":"","_quadro_vagas":"","_cargos":"diversos","_cargos_especificos":"","_salario_max":"R$ 24,38","_abertura":"20250725","_encerramento":"20250822","_inscricoes":"http:\/\/www.ibamsp-concursos.org.br","_executora_concurso":"","_instituicao_concurso":[],"_link_adicional":null,"_anexos":null,"_produtos":null,"_vagas":"CR","_salario_min":"R$ 24,38","_instituicao":"Prefeitura de S\u00e3o Jos\u00e9 dos Campos","_edital":"https:\/\/www.agrobase.com.br\/concursos\/wp-content\/uploads\/sites\/4\/2025\/07\/edital-01-2025-prefeitura-de-sao-jose-dos-campos-sp.pdf","_anexos_edital":"https:\/\/www.agrobase.com.br\/concursos\/wp-content\/uploads\/sites\/4\/2025\/07\/anexos-edital-01-2025-prefeitura-de-sao-jose-dos-campos-sp.pdf","_fund_incompleto":"","_fund_completo":"","_medio":"","_superior":"<div>\r\n<table class=\"quadro\">\r\n<thead>\r\n<tr>\r\n<th class=\"hcargo\">Cargo<\/th>\r\n<th class=\"hvagas\">Vagas<\/th>\r\n<th class=\"hremuneracao\">Remunera\u00e7\u00e3o<\/th>\r\n<\/tr>\r\n<\/thead>\r\n    <tbody>\r\n      <tr>\r\n<td class=\"ccargos\">\r\n<span data-balloon-length=\"medium\" aria-label=\"Ser portador de diploma do Curso Normal Superior, ou Licenciatura Plena em Pedagogia, ou Programa Especial de Forma\u00e7\u00e3o Pedag\u00f3gica Superior (PEC), que contenham habilita\u00e7\u00e3o apostilada para o Magist\u00e9rio em Educa\u00e7\u00e3o Infantil e nos anos iniciais do Ensino Fundamental; OU ser portador de diploma do Curso Normal Superior, ou Licenciatura Plena em Pedagogia, ou Programa Especial de Forma\u00e7\u00e3o Pedag\u00f3gica Superior (PEC), qualquer que seja a habilita\u00e7\u00e3o, e tamb\u00e9m habilita\u00e7\u00e3o em Magist\u00e9rio para Educa\u00e7\u00e3o Infantil e para os anos iniciais do Ensino Fundamental, obtidas em curso de N\u00edvel M\u00e9dio na modalidade Normal; OU ser portador de diploma do Curso Normal Superior, ou Licenciatura Plena em Pedagogia, ou Programa Especial de Forma\u00e7\u00e3o Pedag\u00f3gica Superior (PEC) e habilita\u00e7\u00e3o em Magist\u00e9rio para Educa\u00e7\u00e3o Infantil e para os anos iniciais do Ensino Fundamental, obtida atrav\u00e9s de curso de Complementa\u00e7\u00e3o de Estudos em N\u00edvel Superior, ou P\u00f3s-gradua\u00e7\u00e3o Lato Sensu (especializa\u00e7\u00e3o). (A remunera\u00e7\u00e3o de 24,32 \u00e9 por hora-aula, n\u00e3o um valor total fixo mensal\/semanal.)\" data-balloon-pos=\"up\">Professor I Para atua\u00e7\u00e3o em Educa\u00e7\u00e3o Infantil e nos anos iniciais do Ensino Fundamental (curso regular e EJA)<\/span><\/td>\r\n<td class=\"cvagas\">CR<\/td>\r\n<td class=\"cremuneracao\">R$ 0,00<\/td>\r\n<\/tr><tr>\r\n<td class=\"ccargos\">\r\n<span data-balloon-length=\"medium\" aria-label=\"Ser portador de diploma de Licenciatura Plena, com apostilamento da habilita\u00e7\u00e3o espec\u00edfica na respectiva \u00e1rea. Os candidatos portadores de Licenciatura Plena na disciplina de Educa\u00e7\u00e3o F\u00edsica dever\u00e3o apresentar, no ato da atribui\u00e7\u00e3o, registro profissional no Conselho Federal (CONFEF) ou Regional (CREF), de acordo com o artigo 1\u00ba da Lei n\u00ba 9.696\/98. (A remunera\u00e7\u00e3o de 24,32 \u00e9 por hora-aula, n\u00e3o um valor total fixo mensal\/semanal.)\" data-balloon-pos=\"up\">Professor II Para atua\u00e7\u00e3o nos anos finais do Ensino Fundamental (curso regular e EJA), nas seguintes disciplinas: CI\u00caNCIAS, ARTE, EDUCA\u00c7\u00c3O F\u00cdSICA, GEOGRAFIA, HIST\u00d3RIA, INGL\u00caS, L\u00cdNGUA PORTUGUESA, MATEM\u00c1TICA<\/span><\/td>\r\n<td class=\"cvagas\">CR<\/td>\r\n<td class=\"cremuneracao\">R$ 0,00<\/td>\r\n<\/tr>\r\n    <\/tbody>\r\n  <\/table>\r\n<\/div>"},"_links":{"self":[{"href":"https:\/\/www.agrobase.com.br\/concursos\/wp-json\/wp\/v2\/posts\/269428","targetHints":{"allow":["GET"]}}],"collection":[{"href":"https:\/\/www.agrobase.com.br\/concursos\/wp-json\/wp\/v2\/posts"}],"about":[{"href":"https:\/\/www.agrobase.com.br\/concursos\/wp-json\/wp\/v2\/types\/post"}],"author":[{"embeddable":true,"href":"https:\/\/www.agrobase.com.br\/concursos\/wp-json\/wp\/v2\/users\/7"}],"replies":[{"embeddable":true,"href":"https:\/\/www.agrobase.com.br\/concursos\/wp-json\/wp\/v2\/comments?post=269428"}],"version-history":[{"count":2,"href":"https:\/\/www.agrobase.com.br\/concursos\/wp-json\/wp\/v2\/posts\/269428\/revisions"}],"predecessor-version":[{"id":269432,"href":"https:\/\/www.agrobase.com.br\/concursos\/wp-json\/wp\/v2\/posts\/269428\/revisions\/269432"}],"wp:featuredmedia":[{"embeddable":true,"href":"https:\/\/www.agrobase.com.br\/concursos\/wp-json\/wp\/v2\/media\/269427"}],"wp:attachment":[{"href":"https:\/\/www.agrobase.com.br\/concursos\/wp-json\/wp\/v2\/media?parent=269428"}],"wp:term":[{"taxonomy":"category","embeddable":true,"href":"https:\/\/www.agrobase.com.br\/concursos\/wp-json\/wp\/v2\/categories?post=269428"},{"taxonomy":"post_tag","embeddable":true,"href":"https:\/\/www.agrobase.com.br\/concursos\/wp-json\/wp\/v2\/tags?post=269428"},{"taxonomy":"_amplo","embeddable":true,"href":"https:\/\/www.agrobase.com.br\/concursos\/wp-json\/wp\/v2\/_amplo?post=269428"},{"taxonomy":"destaque","embeddable":true,"href":"https:\/\/www.agrobase.com.br\/concursos\/wp-json\/wp\/v2\/destaque?post=269428"},{"taxonomy":"instituicoes","embeddable":true,"href":"https:\/\/www.agrobase.com.br\/concursos\/wp-json\/wp\/v2\/instituicoes?post=269428"}],"curies":[{"name":"wp","href":"https:\/\/api.w.org\/{rel}","templated":true}]}}