{"id":269342,"date":"2025-07-30T07:00:42","date_gmt":"2025-07-30T10:00:42","guid":{"rendered":"https:\/\/www.agrobase.com.br\/concursos\/?p=269342"},"modified":"2025-07-29T12:21:42","modified_gmt":"2025-07-29T15:21:42","slug":"prefeitura-carius-ce-selecao-simplificada-01-2025","status":"publish","type":"post","link":"https:\/\/www.agrobase.com.br\/concursos\/2025\/prefeitura-carius-ce-selecao-simplificada-01-2025\/","title":{"rendered":"Prefeitura Cari\u00fas (CE) &#8211; Sele\u00e7\u00e3o Simplificada 01\/2025"},"content":{"rendered":"<h2>Informa\u00e7\u00f5es Gerais<\/h2>\n<p>A Prefeitura Municipal de Cari\u00fas, no Cear\u00e1, por meio da Secretaria Municipal de Sa\u00fade, publicou o edital de seu novo Processo Seletivo Simplificado. O objetivo do certame \u00e9 a forma\u00e7\u00e3o de cadastro de reserva para contrata\u00e7\u00e3o por tempo determinado de profissionais de n\u00edvel m\u00e9dio\/t\u00e9cnico e superior para atender \u00e0s necessidades da administra\u00e7\u00e3o p\u00fablica municipal.<\/p>\n<p>As oportunidades abrangem diversas \u00e1reas do setor da sa\u00fade. O certame se destaca por oferecer vagas em cadastro de reserva para carreiras como <strong>Medicina Veterin\u00e1ria<\/strong> e <strong>Nutri\u00e7\u00e3o<\/strong>, al\u00e9m de outras fun\u00e7\u00f5es essenciais para o sistema de sa\u00fade local. A validade do processo seletivo ser\u00e1 de 12 meses, com possibilidade de prorroga\u00e7\u00e3o por igual per\u00edodo.<\/p>\n<h2>Inscri\u00e7\u00f5es<\/h2>\n<p>As inscri\u00e7\u00f5es para o processo seletivo da Prefeitura de Cari\u00fas\/CE ser\u00e3o realizadas exclusivamente de forma presencial. Os interessados devem comparecer \u00e0 sede da Secretaria Municipal de Sa\u00fade, localizada na Rua Pascoal Stopelly, S\/N, Centro, Cari\u00fas\/CE.<\/p>\n<p>O per\u00edodo para se inscrever vai de <strong>29 de julho de 2025 a 1\u00ba de agosto de 2025<\/strong>, nos hor\u00e1rios das 8h \u00e0s 11h e das 13h \u00e0s 16h30. No ato da inscri\u00e7\u00e3o, o candidato dever\u00e1 preencher a Ficha de Inscri\u00e7\u00e3o, entregar uma foto 3&#215;4 e apresentar o Curriculum Vitae padronizado, conforme modelo do edital, juntamente com c\u00f3pias autenticadas de todos os documentos comprobat\u00f3rios de t\u00edtulos e experi\u00eancia profissional.<\/p>\n<p>N\u00e3o h\u00e1 men\u00e7\u00e3o de taxa de inscri\u00e7\u00e3o no edital. A inscri\u00e7\u00e3o pode ser feita pessoalmente ou por meio de procura\u00e7\u00e3o p\u00fablica.<\/p>\n<h2>Etapas e Provas<\/h2>\n<p>O processo de sele\u00e7\u00e3o ser\u00e1 realizado em duas etapas principais, ambas de car\u00e1ter eliminat\u00f3rio e classificat\u00f3rio, com pontua\u00e7\u00e3o m\u00e1xima de 100 pontos. As fases foram estruturadas para avaliar a qualifica\u00e7\u00e3o e as compet\u00eancias dos candidatos para os cargos ofertados.<\/p>\n<ul>\n<li><strong>Primeira Etapa &#8211; An\u00e1lise de Curriculum Vitae (at\u00e9 60 pontos):<\/strong> De car\u00e1ter eliminat\u00f3rio e classificat\u00f3rio, esta fase consiste na avalia\u00e7\u00e3o da capacidade profissional do candidato. Ser\u00e3o pontuados a experi\u00eancia profissional na \u00e1rea de atua\u00e7\u00e3o e os cursos t\u00e9cnicos ou profissionalizantes pertinentes ao cargo. Os documentos comprobat\u00f3rios devem ser entregues em c\u00f3pias autenticadas no momento da inscri\u00e7\u00e3o.<\/li>\n<li><strong>Segunda Etapa &#8211; Entrevista (at\u00e9 40 pontos):<\/strong> Tamb\u00e9m de car\u00e1ter eliminat\u00f3rio e classificat\u00f3rio, a entrevista ser\u00e1 realizada por membros da comiss\u00e3o organizadora nos dias <strong>11 e 12 de agosto de 2025<\/strong>. A avalia\u00e7\u00e3o levar\u00e1 em conta os seguintes crit\u00e9rios:\n<ul>\n<li>Habilidade de comunica\u00e7\u00e3o (clareza, objetividade e empatia).<\/li>\n<li>Capacidade para trabalhar em equipe (proatividade e administra\u00e7\u00e3o de conflitos).<\/li>\n<li>Habilidades t\u00e9cnicas e dom\u00ednio do conte\u00fado da \u00e1rea de atua\u00e7\u00e3o.<\/li>\n<\/ul>\n<\/li>\n<\/ul>\n<h2>Resultados e Gabarito<\/h2>\n<p>A nota final de cada candidato ser\u00e1 calculada pela soma dos pontos obtidos na An\u00e1lise de Curriculum Vitae e na Entrevista. A classifica\u00e7\u00e3o final ser\u00e1 organizada em ordem decrescente de pontua\u00e7\u00e3o, separando os aprovados e os classificados para o cadastro de reserva.<\/p>\n<p>Em caso de empate, os crit\u00e9rios de desempate seguir\u00e3o esta ordem: <\/p>\n<ul>\n<li>Idade superior a 60 anos;<\/li>\n<li>Maior pontua\u00e7\u00e3o na primeira etapa (an\u00e1lise curricular);<\/li>\n<li>Maior pontua\u00e7\u00e3o na segunda etapa (entrevista);<\/li>\n<li>Maior tempo de experi\u00eancia profissional na \u00e1rea;<\/li>\n<li>Maior idade (considerando dia, m\u00eas e ano).<\/li>\n<\/ul>\n<p>O cronograma previsto para a divulga\u00e7\u00e3o dos resultados \u00e9 o seguinte: o resultado da an\u00e1lise de curr\u00edculo ser\u00e1 publicado em <strong>05 de agosto de 2025<\/strong>, o resultado parcial das entrevistas em <strong>14 de agosto de 2025<\/strong>, e o resultado final do certame em <strong>19 de agosto de 2025<\/strong>. A homologa\u00e7\u00e3o do resultado final dar\u00e1 in\u00edcio \u00e0 validade do processo seletivo. A convoca\u00e7\u00e3o dos aprovados, conforme a necessidade da administra\u00e7\u00e3o, ser\u00e1 feita para apresenta\u00e7\u00e3o na sede da Secretaria de Sa\u00fade.<\/p>\n<p>\u00c9 de responsabilidade exclusiva do candidato acompanhar todas as publica\u00e7\u00f5es oficiais, incluindo editais de convoca\u00e7\u00e3o, que ser\u00e3o divulgados por meio de afixa\u00e7\u00e3o na sede da Secretaria de Sa\u00fade de Cari\u00fas\/CE.<\/p>\n","protected":false},"excerpt":{"rendered":"<p>Processo Seletivo Pref. Cari\u00fas (CE) com edital publicado! Vagas p\/ M\u00e9dico, Enfermeiro (M\u00e9dio a Sup.). Inscri\u00e7\u00f5es a partir de 29\/07. At\u00e9 R$ 10.8k. Confira detalhes!<\/p>\n","protected":false},"author":7,"featured_media":269341,"comment_status":"open","ping_status":"open","sticky":false,"template":"","format":"standard","meta":{"_acf_changed":false,"_breakdance_hide_in_design_set":false,"_breakdance_tags":"","footnotes":""},"categories":[11,6434,12,17,18,19,21,22,23,24,26,101,108,143,134],"tags":[43],"_amplo":[],"destaque":[],"instituicoes":[],"class_list":["post-269342","post","type-post","status-publish","format-standard","has-post-thumbnail","hentry","category-educacao-fisica","category-educacao-fisica-licenciatura","category-enfermagem","category-farmacia","category-fisioterapia","category-fonoaudiologia","category-medicina","category-veterinaria","category-nutricao","category-odontologia","category-psicologia","category-servico-social","category-tecnico-enfermagem","category-tecnico-odontologia","category-terapia-ocupacional","tag-ceara"],"acf":{"_tipo_vagas":"vagas","_numero_vagas":"","_quadro_vagas":"","_cargos":"diversos","_cargos_especificos":"","_salario_max":"R$ 10896.01","_abertura":"20250729","_encerramento":"20250801","_inscricoes":"","_executora_concurso":"","_instituicao_concurso":[],"_link_adicional":null,"_anexos":null,"_produtos":null,"_vagas":"CR","_salario_min":"R$ 1.518,00","_instituicao":"Prefeitura de Cari\u00fas","_edital":"https:\/\/www.agrobase.com.br\/concursos\/wp-content\/uploads\/sites\/4\/2025\/07\/edital-01-2025-prefeitura-de-carius-ce.pdf","_anexos_edital":"","_fund_incompleto":"","_fund_completo":"","_medio":"<div>\r\n<table class=\"quadro\">\r\n<thead>\r\n<tr>\r\n<th class=\"hcargo\">Cargo<\/th>\r\n<th class=\"hvagas\">Vagas<\/th>\r\n<th class=\"hremuneracao\">Remunera\u00e7\u00e3o<\/th>\r\n<\/tr>\r\n<\/thead>\r\n    <tbody>\r\n      <td class=\"ccargos\">\r\n<span data-balloon-length=\"medium\" aria-label=\"Curso T\u00e9cnico em Sa\u00fade Bucal, com prova de regularidade junto ao Conselho.\" data-balloon-pos=\"up\">T\u00c9CNICO EM SA\u00daDE BUCAL<\/span><\/td>\r\n<td class=\"cvagas\">CR<\/td>\r\n<td class=\"cremuneracao\">R$ 1.518,00 \/40h<\/td>\r\n<\/tr><td class=\"ccargos\">\r\n<span data-balloon-length=\"medium\" aria-label=\"Curso T\u00e9cnico em Enfermagem, com prova de regularidade junto ao Conselho.\" data-balloon-pos=\"up\">T\u00c9CNICO DE ENFERMAGEM PSF<\/span><\/td>\r\n<td class=\"cvagas\">CR<\/td>\r\n<td class=\"cremuneracao\">R$ 1.518,00 \/40h<\/td>\r\n<\/tr><td class=\"ccargos\">\r\n<span data-balloon-length=\"medium\" aria-label=\"Haver conclu\u00eddo o ensino m\u00e9dio e Curso de Forma\u00e7\u00e3o de Agente Comunit\u00e1rio de Sa\u00fade na data da inscri\u00e7\u00e3o; Residir comprovadamente, na micro\u00e1rea da abrang\u00eancia escolhida para atuar, desde a data da publica\u00e7\u00e3o deste Edital;\" data-balloon-pos=\"up\">AGENTE COMUNIT\u00c1RIO DE SA\u00daDE<\/span><\/td>\r\n<td class=\"cvagas\">CR<\/td>\r\n<td class=\"cremuneracao\">R$ 0,00 \/40h<\/td>\r\n<\/tr>\r\n    <\/tbody>\r\n  <\/table>\r\n<\/div>","_superior":"<div>\r\n<table class=\"quadro\">\r\n<thead>\r\n<tr>\r\n<th class=\"hcargo\">Cargo<\/th>\r\n<th class=\"hvagas\">Vagas<\/th>\r\n<th class=\"hremuneracao\">Remunera\u00e7\u00e3o<\/th>\r\n<\/tr>\r\n<\/thead>\r\n    <tbody>\r\n      <tr>\r\n<td class=\"ccargos\">\r\n<span data-balloon-length=\"medium\" aria-label=\"Gradua\u00e7\u00e3o em Fisioterapia, com prova de regularidade no Conselho.\" data-balloon-pos=\"up\">FISIOTERAPEUTA<\/span><\/td>\r\n<td class=\"cvagas\">CR<\/td>\r\n<td class=\"cremuneracao\">R$ 2.141,69 \/20h<\/td>\r\n<\/tr><tr>\r\n<td class=\"ccargos\">\r\n<span data-balloon-length=\"medium\" aria-label=\"Gradua\u00e7\u00e3o em Terapia Ocupacional, com prova de regularidade no Conselho.\" data-balloon-pos=\"up\">TERAP\u00caUTA OCUPACIONAL<\/span><\/td>\r\n<td class=\"cvagas\">CR<\/td>\r\n<td class=\"cremuneracao\">R$ 3.762,00 \/30h<\/td>\r\n<\/tr><tr>\r\n<td class=\"ccargos\">\r\n<span data-balloon-length=\"medium\" aria-label=\"Ensino Superior completo em Servi\u00e7o Social e respectivo registro profissional.\" data-balloon-pos=\"up\">ASSISTENTE SOCIAL<\/span><\/td>\r\n<td class=\"cvagas\">CR<\/td>\r\n<td class=\"cremuneracao\">R$ 3.083,55 \/30h<\/td>\r\n<\/tr><tr>\r\n<td class=\"ccargos\">\r\n<span data-balloon-length=\"medium\" aria-label=\"Gradua\u00e7\u00e3o em Medicina, com prova de regularidade no Conselho.\" data-balloon-pos=\"up\">M\u00c9DICO ESTRAT\u00c9GIA SA\u00daDE DA FAM\u00cdLIA<\/span><\/td>\r\n<td class=\"cvagas\">CR<\/td>\r\n<td class=\"cremuneracao\">R$ 10.896,01 \/40h<\/td>\r\n<\/tr><tr>\r\n<td class=\"ccargos\">\r\n<span data-balloon-length=\"medium\" aria-label=\"Gradua\u00e7\u00e3o em Odontologia, com prova de regularidade junto ao Conselho.\" data-balloon-pos=\"up\">CIRUGI\u00c3O DENTISTA<\/span><\/td>\r\n<td class=\"cvagas\">CR<\/td>\r\n<td class=\"cremuneracao\">R$ 2.141,69 \/40h<\/td>\r\n<\/tr><tr>\r\n<td class=\"ccargos\">\r\n<span data-balloon-length=\"medium\" aria-label=\"Gradua\u00e7\u00e3o em Enfermagem, com prova de regularidade junto ao Conselho.\" data-balloon-pos=\"up\">ENFERMEIRO PSF<\/span><\/td>\r\n<td class=\"cvagas\">CR<\/td>\r\n<td class=\"cremuneracao\">R$ 4.283,39 \/40h<\/td>\r\n<\/tr><tr>\r\n<td class=\"ccargos\">\r\n<span data-balloon-length=\"medium\" aria-label=\"Ensino Superior completo em Medicina Veterin\u00e1ria e respectivo registro profissional.\" data-balloon-pos=\"up\">M\u00c9DICO VETERIN\u00c1RIO<\/span><\/td>\r\n<td class=\"cvagas\">CR<\/td>\r\n<td class=\"cremuneracao\">R$ 2.049,27 \/40h<\/td>\r\n<\/tr><tr>\r\n<td class=\"ccargos\">\r\n<span data-balloon-length=\"medium\" aria-label=\"Ensino Superior completo em Nutri\u00e7\u00e3o e respectivo profissional.\" data-balloon-pos=\"up\">NUTRICIONISTA<\/span><\/td>\r\n<td class=\"cvagas\">CR<\/td>\r\n<td class=\"cremuneracao\">R$ 2.731,04 \/40h<\/td>\r\n<\/tr><tr>\r\n<td class=\"ccargos\">\r\n<span data-balloon-length=\"medium\" aria-label=\"Gradua\u00e7\u00e3o em Psicologia, com prova de regularidade junto ao Conselho.\" data-balloon-pos=\"up\">PSIC\u00d3LOGO<\/span><\/td>\r\n<td class=\"cvagas\">CR<\/td>\r\n<td class=\"cremuneracao\">R$ 3.083,55 \/40h<\/td>\r\n<\/tr><tr>\r\n<td class=\"ccargos\">\r\n<span data-balloon-length=\"medium\" aria-label=\"Ensino Superior completo em Farm\u00e1cia com registro profissional.\" data-balloon-pos=\"up\">FARMAC\u00caUTICO<\/span><\/td>\r\n<td class=\"cvagas\">CR<\/td>\r\n<td class=\"cremuneracao\">R$ 2.439,43 \/20h<\/td>\r\n<\/tr><tr>\r\n<td class=\"ccargos\">\r\n<span data-balloon-length=\"medium\" aria-label=\"Gradua\u00e7\u00e3o em Fonoaudiologia, com prova de regularidade junto ao Conselho.\" data-balloon-pos=\"up\">FONAUDI\u00d3LOGO<\/span><\/td>\r\n<td class=\"cvagas\">CR<\/td>\r\n<td class=\"cremuneracao\">R$ 3.762,50 \/30h<\/td>\r\n<\/tr><tr>\r\n<td class=\"ccargos\">\r\n<span data-balloon-length=\"medium\" aria-label=\"Licenciatura Plena em Educa\u00e7\u00e3o F\u00edsica.\" data-balloon-pos=\"up\">EDUCADOR F\u00cdSICO<\/span><\/td>\r\n<td class=\"cvagas\">CR<\/td>\r\n<td class=\"cremuneracao\">R$ 2.272,55 \/40h<\/td>\r\n<\/tr>\r\n    <\/tbody>\r\n  <\/table>\r\n<\/div>"},"_links":{"self":[{"href":"https:\/\/www.agrobase.com.br\/concursos\/wp-json\/wp\/v2\/posts\/269342","targetHints":{"allow":["GET"]}}],"collection":[{"href":"https:\/\/www.agrobase.com.br\/concursos\/wp-json\/wp\/v2\/posts"}],"about":[{"href":"https:\/\/www.agrobase.com.br\/concursos\/wp-json\/wp\/v2\/types\/post"}],"author":[{"embeddable":true,"href":"https:\/\/www.agrobase.com.br\/concursos\/wp-json\/wp\/v2\/users\/7"}],"replies":[{"embeddable":true,"href":"https:\/\/www.agrobase.com.br\/concursos\/wp-json\/wp\/v2\/comments?post=269342"}],"version-history":[{"count":3,"href":"https:\/\/www.agrobase.com.br\/concursos\/wp-json\/wp\/v2\/posts\/269342\/revisions"}],"predecessor-version":[{"id":269346,"href":"https:\/\/www.agrobase.com.br\/concursos\/wp-json\/wp\/v2\/posts\/269342\/revisions\/269346"}],"wp:featuredmedia":[{"embeddable":true,"href":"https:\/\/www.agrobase.com.br\/concursos\/wp-json\/wp\/v2\/media\/269341"}],"wp:attachment":[{"href":"https:\/\/www.agrobase.com.br\/concursos\/wp-json\/wp\/v2\/media?parent=269342"}],"wp:term":[{"taxonomy":"category","embeddable":true,"href":"https:\/\/www.agrobase.com.br\/concursos\/wp-json\/wp\/v2\/categories?post=269342"},{"taxonomy":"post_tag","embeddable":true,"href":"https:\/\/www.agrobase.com.br\/concursos\/wp-json\/wp\/v2\/tags?post=269342"},{"taxonomy":"_amplo","embeddable":true,"href":"https:\/\/www.agrobase.com.br\/concursos\/wp-json\/wp\/v2\/_amplo?post=269342"},{"taxonomy":"destaque","embeddable":true,"href":"https:\/\/www.agrobase.com.br\/concursos\/wp-json\/wp\/v2\/destaque?post=269342"},{"taxonomy":"instituicoes","embeddable":true,"href":"https:\/\/www.agrobase.com.br\/concursos\/wp-json\/wp\/v2\/instituicoes?post=269342"}],"curies":[{"name":"wp","href":"https:\/\/api.w.org\/{rel}","templated":true}]}}