{"id":269331,"date":"2025-07-29T08:20:28","date_gmt":"2025-07-29T11:20:28","guid":{"rendered":"https:\/\/www.agrobase.com.br\/concursos\/?p=269331"},"modified":"2025-07-28T15:35:23","modified_gmt":"2025-07-28T18:35:23","slug":"ufpr-pr-concurso-233-2025","status":"publish","type":"post","link":"https:\/\/www.agrobase.com.br\/concursos\/2025\/ufpr-pr-concurso-233-2025\/","title":{"rendered":"UFPR (PR) &#8211; Concurso 233\/2025"},"content":{"rendered":"<h2>Informa\u00e7\u00f5es Gerais<\/h2>\n<p>A Universidade Federal do Paran\u00e1 (UFPR) publicou o edital de seu concurso p\u00fablico para o provimento de cargos de Professor da Carreira do Magist\u00e9rio Superior. O certame visa preencher 14 vagas imediatas para o quadro permanente da institui\u00e7\u00e3o, sob o Regime Jur\u00eddico \u00danico (Estatut\u00e1rio), conforme a Lei n\u00ba 8.112\/90.<\/p>\n<p>As oportunidades s\u00e3o destinadas a candidatos com n\u00edvel superior, incluindo gradua\u00e7\u00e3o, mestrado e doutorado, dependendo dos requisitos espec\u00edficos de cada \u00e1rea. As vagas abrangem diversos setores do conhecimento, como Sa\u00fade, Ci\u00eancias Exatas, Ci\u00eancias Humanas e Engenharias. <strong>Destacam-se as oportunidades nas \u00e1reas de Engenharia Ambiental e Medicina Veterin\u00e1ria<\/strong>, al\u00e9m de vagas que contemplam graduados em <strong>Ci\u00eancias Biol\u00f3gicas<\/strong>.<\/p>\n<h2>Inscri\u00e7\u00f5es<\/h2>\n<p>As inscri\u00e7\u00f5es para o concurso da UFPR estar\u00e3o abertas e devem ser realizadas exclusivamente pela internet. O per\u00edodo para se candidatar vai de <strong>1 de agosto de 2025 at\u00e9 as 23h59 do dia 14 de outubro de 2025<\/strong>. O candidato dever\u00e1 preencher o requerimento de inscri\u00e7\u00e3o dispon\u00edvel no site da Pr\u00f3-Reitoria de Gest\u00e3o de Pessoas (PROGEPE) e encaminhar a documenta\u00e7\u00e3o exigida para a unidade promotora do concurso, conforme detalhado no edital.<\/p>\n<p>A taxa de inscri\u00e7\u00e3o, cujo valor \u00e9 especificado para a classe do cargo, pode ser paga via PIX ou por meio de Guia de Recolhimento da Uni\u00e3o (GRU), que \u00e9 pag\u00e1vel apenas em esp\u00e9cie nas ag\u00eancias do Banco do Brasil. O edital n\u00e3o prev\u00ea a devolu\u00e7\u00e3o do valor da taxa, exceto em caso de cancelamento do certame.<\/p>\n<p>Para efetivar a inscri\u00e7\u00e3o, \u00e9 necess\u00e1rio apresentar c\u00f3pias de documentos como identidade, certid\u00e3o de quita\u00e7\u00e3o eleitoral, comprovante de quita\u00e7\u00e3o militar (para candidatos do sexo masculino) e o Curriculum Vitae. O resultado da homologa\u00e7\u00e3o das inscri\u00e7\u00f5es ser\u00e1 divulgado em edital espec\u00edfico por cada unidade promotora.<\/p>\n<h2>Etapas e Provas<\/h2>\n<p>O processo seletivo para o cargo de Professor Classe A da UFPR ser\u00e1 composto por at\u00e9 cinco etapas, com car\u00e1ter eliminat\u00f3rio e classificat\u00f3rio, estruturadas para avaliar de forma completa a capacidade t\u00e9cnica e did\u00e1tica dos candidatos. As provas ser\u00e3o realizadas em l\u00edngua portuguesa.<\/p>\n<p>A sequ\u00eancia de avalia\u00e7\u00e3o seguir\u00e1 a seguinte ordem:<\/p>\n<ul>\n<li><strong>Prova Escrita:<\/strong> de car\u00e1ter <em>eliminat\u00f3rio<\/em>. Antes do in\u00edcio, os candidatos ter\u00e3o uma hora para consulta de material bibliogr\u00e1fico e anota\u00e7\u00f5es pr\u00f3prias, sem uso de meios eletr\u00f4nicos.<\/li>\n<li><strong>Prova Pr\u00e1tica:<\/strong> de car\u00e1ter <em>eliminat\u00f3rio<\/em>. Esta etapa ser\u00e1 aplicada apenas se a unidade promotora do concurso assim decidir.<\/li>\n<li><strong>Prova Did\u00e1tica:<\/strong> de car\u00e1ter <em>eliminat\u00f3rio<\/em>, destinada a avaliar a capacidade de exposi\u00e7\u00e3o e did\u00e1tica do candidato.<\/li>\n<li><strong>An\u00e1lise de Curr\u00edculo:<\/strong> de car\u00e1ter <em>classificat\u00f3rio<\/em>. A avalia\u00e7\u00e3o ser\u00e1 baseada na Tabela de Pontua\u00e7\u00e3o para Avalia\u00e7\u00e3o de Curr\u00edculo, conforme a Resolu\u00e7\u00e3o n\u00ba 70\/16-CEPE.<\/li>\n<li><strong>Defesa do Curr\u00edculo e do Projeto de Pesquisa:<\/strong> de car\u00e1ter <em>classificat\u00f3rio<\/em>. O candidato dever\u00e1 defender sua trajet\u00f3ria acad\u00eamica e uma proposta de projeto de pesquisa na \u00e1rea de conhecimento do concurso.<\/li>\n<\/ul>\n<p>Ser\u00e1 considerado aprovado o candidato que obtiver m\u00e9dia final igual ou superior a 7,0 pontos e nota m\u00ednima de 7,0 em cada uma das provas eliminat\u00f3rias (escrita, pr\u00e1tica e did\u00e1tica), atribu\u00edda por pelo menos tr\u00eas membros da banca.<\/p>\n<h2>Resultados e Gabarito<\/h2>\n<p>A divulga\u00e7\u00e3o dos resultados do concurso da UFPR ocorrer\u00e1 em sess\u00e3o p\u00fablica, em data e local previamente informados, ap\u00f3s a conclus\u00e3o de todas as etapas de avalia\u00e7\u00e3o. A classifica\u00e7\u00e3o final ser\u00e1 determinada pela ordem decrescente da soma dos pontos obtidos em todas as provas. Em caso de empate entre candidatos, o primeiro crit\u00e9rio de desempate para aqueles com 60 anos ou mais ser\u00e1 a idade. Os demais crit\u00e9rios est\u00e3o definidos na Resolu\u00e7\u00e3o n\u00ba 66-A\/16-CEPE.<\/p>\n<p>O resultado final do concurso, ap\u00f3s o julgamento de eventuais recursos, ser\u00e1 homologado e publicado no Di\u00e1rio Oficial da Uni\u00e3o (DOU). A partir da homologa\u00e7\u00e3o, o concurso ter\u00e1 validade de 12 meses, podendo ser prorrogado por igual per\u00edodo.<\/p>\n<p>A convoca\u00e7\u00e3o dos candidatos aprovados para o provimento do cargo seguir\u00e1 rigorosamente a ordem de classifica\u00e7\u00e3o. Os convocados dever\u00e3o passar por inspe\u00e7\u00e3o m\u00e9dica oficial e apresentar toda a documenta\u00e7\u00e3o exigida, incluindo os diplomas que comprovem a titula\u00e7\u00e3o. \u00c9 de responsabilidade exclusiva do candidato acompanhar todas as publica\u00e7\u00f5es oficiais no site da PROGEPE\/UFPR e no Di\u00e1rio Oficial da Uni\u00e3o.<\/p>\n","protected":false},"excerpt":{"rendered":"<p>Concurso UFPR (PR) com edital publicado! Vagas p\/ Assistente em Eng. Ambiental e Educa\u00e7\u00e3o (Superior). Inscri\u00e7\u00f5es a partir de 01\/08. Confira detalhes!<\/p>\n","protected":false},"author":7,"featured_media":269330,"comment_status":"open","ping_status":"open","sticky":false,"template":"","format":"standard","meta":{"_acf_changed":false,"_breakdance_hide_in_design_set":false,"_breakdance_tags":"","footnotes":""},"categories":[6433,13,14,6048,102,16,136,17,21,22,24,25,26],"tags":[52],"_amplo":[],"destaque":[],"instituicoes":[],"class_list":["post-269331","post","type-post","status-publish","format-standard","has-post-thumbnail","hentry","category-biologia-licenciatura","category-engenharia-ambiental","category-engenharia","category-engenharia-de-agrimensura","category-engenharia-quimica","category-engenharia-sanitaria","category-estatistica","category-farmacia","category-medicina","category-veterinaria","category-odontologia","category-pedagogia","category-psicologia","tag-parana"],"acf":{"_tipo_vagas":"vagas","_numero_vagas":"","_quadro_vagas":"","_cargos":"professores","_cargos_especificos":"","_salario_max":"R$ 13.288,85","_abertura":"20250801","_encerramento":"20251014","_inscricoes":"https:\/\/progepe.ufpr.br\/a\/concursos\/docente\/concursos_publicos\/inscricao.html","_executora_concurso":"","_instituicao_concurso":[],"_link_adicional":null,"_anexos":null,"_produtos":null,"_vagas":"14 vagas","_salario_min":"R$ 3.090,43","_instituicao":"UFPR","_edital":"https:\/\/www.agrobase.com.br\/concursos\/wp-content\/uploads\/sites\/4\/2025\/07\/edital-233-2025-da-ufpr-pr-1-1.pdf","_anexos_edital":"https:\/\/www.agrobase.com.br\/concursos\/wp-content\/uploads\/sites\/4\/2025\/07\/anexos-edital-233-2025-da-ufpr-pr.pdf","_fund_incompleto":"","_fund_completo":"","_medio":"","_superior":"<div>\r\n<table class=\"quadro\">\r\n<thead>\r\n<tr>\r\n<th class=\"hcargo\">Cargo<\/th>\r\n<th class=\"hvagas\">Vagas<\/th>\r\n<th class=\"hremuneracao\">Remunera\u00e7\u00e3o<\/th>\r\n<\/tr>\r\n<\/thead>\r\n    <tbody>\r\n      <tr>\r\n<td class=\"ccargos\">\r\n<span data-balloon-length=\"medium\" aria-label=\"Gradua\u00e7\u00e3o em Engenharia Ambiental, Engenharia Ambiental e Sanit\u00e1ria, Engenharia Sanit\u00e1ria e Ambiental ou Engenharia Sanit\u00e1ria COM doutorado em Engenharia Civil, Engenharia de Recursos H\u00eddricos e Ambiental, Engenharia Ambiental, Engenharia Sanit\u00e1ria, Engenharia Qu\u00edmica, Engenharia Hidr\u00e1ulica e Saneamento, Engenharia Hidr\u00e1ulica, Ci\u00eancias, Ci\u00eancias Ambientais, Saneamento, Meio Ambiente e Recursos H\u00eddricos, obtidos na forma da lei.\" data-balloon-pos=\"up\">A-Assistente I - Engenharia ambiental \/ Saneamento<\/span><\/td>\r\n<td class=\"cvagas\">01<\/td>\r\n<td class=\"cremuneracao\">R$ 0,00<\/td>\r\n<\/tr><tr>\r\n<td class=\"ccargos\">\r\n<span data-balloon-length=\"medium\" aria-label=\"Gradua\u00e7\u00e3o em Psicologia ou em Pedagogia E Doutorado em Psicologia ou Educa\u00e7\u00e3o, obtidos na forma da lei.\" data-balloon-pos=\"up\">A-Assistente I - Teoria e Fundamentos da Educa\u00e7\u00e3o. Sub\u00e1rea: Psicologia da Educa\u00e7\u00e3o<\/span><\/td>\r\n<td class=\"cvagas\">01<\/td>\r\n<td class=\"cremuneracao\">R$ 0,00<\/td>\r\n<\/tr><tr>\r\n<td class=\"ccargos\">\r\n<span data-balloon-length=\"medium\" aria-label=\"Gradua\u00e7\u00e3o em Farm\u00e1cia COM Doutorado em Ci\u00eancias Farmac\u00eauticas ou Assist\u00eancia Farmac\u00eautica, obtidos na forma da lei.\" data-balloon-pos=\"up\">A-Assistente I - Farm\u00e1cia Hospitalar<\/span><\/td>\r\n<td class=\"cvagas\">01<\/td>\r\n<td class=\"cremuneracao\">R$ 0,00<\/td>\r\n<\/tr><tr>\r\n<td class=\"ccargos\">\r\n<span data-balloon-length=\"medium\" aria-label=\"Gradua\u00e7\u00e3o em Medicina com Resid\u00eancia em Hematologia e\/ou Oncologia ou Especializa\u00e7\u00e3o reconhecida pelo MEC em Hematologia e\/ou Oncologia E Doutorado em Cl\u00ednica M\u00e9dica e\/ou Medicina Interna e\/ou Hematologia e\/ou Oncologia, obtidos na forma da lei.\" data-balloon-pos=\"up\">A-Assistente I - Oncologia com atua\u00e7\u00e3o complementar em Hematologia e Proped\u00eautica M\u00e9dica<\/span><\/td>\r\n<td class=\"cvagas\">01<\/td>\r\n<td class=\"cremuneracao\">R$ 0,00<\/td>\r\n<\/tr><tr>\r\n<td class=\"ccargos\">\r\n<span data-balloon-length=\"medium\" aria-label=\"Gradua\u00e7\u00e3o em Medicina, com Resid\u00eancia ou Especializa\u00e7\u00e3o em Pediatria registradas junto ao Conselho Regional de Medicina, obtidos na forma da lei.\" data-balloon-pos=\"up\">A-Assistente I - Medicina, Pediatria<\/span><\/td>\r\n<td class=\"cvagas\">01<\/td>\r\n<td class=\"cremuneracao\">R$ 0,00<\/td>\r\n<\/tr><tr>\r\n<td class=\"ccargos\">\r\n<span data-balloon-length=\"medium\" aria-label=\"Gradua\u00e7\u00e3o em Psicologia com Forma\u00e7\u00e3o do psic\u00f3logo e Doutorado em qualquer \u00e1rea, obtido ou validado em Programas de P\u00f3s-Gradua\u00e7\u00e3o avaliados e reconhecidos pela CAPES - obtidos na forma da lei.\" data-balloon-pos=\"up\">A-Assistente I - Neuropsicologia e Avalia\u00e7\u00e3o Psicol\u00f3gica<\/span><\/td>\r\n<td class=\"cvagas\">01<\/td>\r\n<td class=\"cremuneracao\">R$ 0,00<\/td>\r\n<\/tr><tr>\r\n<td class=\"ccargos\">\r\n<span data-balloon-length=\"medium\" aria-label=\"Gradua\u00e7\u00e3o em Psicologia com Forma\u00e7\u00e3o do psic\u00f3logo e Doutorado em qualquer \u00e1rea, obtido ou validado em Programas de P\u00f3s-Gradua\u00e7\u00e3o avaliados e reconhecidos pela CAPES - obtidos na forma da lei.\" data-balloon-pos=\"up\">A-Assistente I - Psicologia Social e Comunit\u00e1ria<\/span><\/td>\r\n<td class=\"cvagas\">01<\/td>\r\n<td class=\"cremuneracao\">R$ 0,00<\/td>\r\n<\/tr><tr>\r\n<td class=\"ccargos\">\r\n<span data-balloon-length=\"medium\" aria-label=\"Gradua\u00e7\u00e3o em Psicologia com Forma\u00e7\u00e3o do psic\u00f3logo e Doutorado em qualquer \u00e1rea, obtido ou validado em Programas de P\u00f3s-Gradua\u00e7\u00e3o avaliados e reconhecidos pela CAPES. obtidos na forma da lei.\" data-balloon-pos=\"up\">A-Assistente I - Psican\u00e1lise<\/span><\/td>\r\n<td class=\"cvagas\">01<\/td>\r\n<td class=\"cremuneracao\">R$ 0,00<\/td>\r\n<\/tr><tr>\r\n<td class=\"ccargos\">\r\n<span data-balloon-length=\"medium\" aria-label=\"Doutorado em alguma das \u00e1reas: Estat\u00edstica; Estat\u00edstica e Experimenta\u00e7\u00e3o Agron\u00f4mica; Estat\u00edstica e Experimenta\u00e7\u00e3o Agropecu\u00e1ria; Popula\u00e7\u00e3o, Territ\u00f3rio e Estat\u00edsticas P\u00fablicas; Biometria e Estat\u00edstica Aplicada; Bioestat\u00edstica; Biometria; Demografia; Ci\u00eancia da Computa\u00e7\u00e3o; Inform\u00e1tica; Matem\u00e1tica Aplicada; Bioinform\u00e1tica; Doutorado em qualquer \u00e1rea com \u00e1rea de concentra\u00e7\u00e3o em Estat\u00edstica; Doutorado em qualquer \u00e1rea com Mestrado em Estat\u00edstica; Doutorado em qualquer \u00e1rea com Mestrado com \u00e1rea de concentra\u00e7\u00e3o em Estat\u00edstica; Doutorado em qualquer \u00e1rea com Gradua\u00e7\u00e3o em Estat\u00edstica, obtidos na forma da lei.\" data-balloon-pos=\"up\">A-Assistente I - Estat\u00edstica e Ci\u00eancia de Dados<\/span><\/td>\r\n<td class=\"cvagas\">01<\/td>\r\n<td class=\"cremuneracao\">R$ 0,00<\/td>\r\n<\/tr><tr>\r\n<td class=\"ccargos\">\r\n<span data-balloon-length=\"medium\" aria-label=\"Gradua\u00e7\u00e3o em Medicina Veterin\u00e1ria ou Ci\u00eancias Biol\u00f3gicas, COM Doutorado em Ci\u00eancias Veterin\u00e1rias, Ci\u00eancia Animal, Histologia, Fisiologia, Embriologia, Morfologia, Biologia Tecidual, Biologia Celular ou Molecular, Anatomia Microsc\u00f3pica, Biologia do Desenvolvimento, Patologia ou Ci\u00eancias, obtidos na forma da lei.\" data-balloon-pos=\"up\">A-Assistente I - Histologia, Embriologia e Fisiologia Animal Comparada<\/span><\/td>\r\n<td class=\"cvagas\">01<\/td>\r\n<td class=\"cremuneracao\">R$ 0,00<\/td>\r\n<\/tr><tr>\r\n<td class=\"ccargos\">\r\n<span data-balloon-length=\"medium\" aria-label=\"Gradua\u00e7\u00e3o em Medicina com Resid\u00eancia M\u00e9dica em Pediatria ou Especializa\u00e7\u00e3o em Pediatria e T\u00edtulo de Mestrado, obtidos na forma da lei.\" data-balloon-pos=\"up\">A-Assistente I - Pediatria Social<\/span><\/td>\r\n<td class=\"cvagas\">01<\/td>\r\n<td class=\"cremuneracao\">R$ 0,00<\/td>\r\n<\/tr><tr>\r\n<td class=\"ccargos\">\r\n<span data-balloon-length=\"medium\" aria-label=\"Gradua\u00e7\u00e3o em Odontologia COM doutorado em odontologia na \u00e1rea de concentra\u00e7\u00e3o odontopediatria OU Gradua\u00e7\u00e3o em Odontologia com especialidade em odontopediatria ou mestrado em odontologia na \u00e1rea de concentra\u00e7\u00e3o odontopediatria E doutorado em odontologia ou sub\u00e1rea - obtidos na forma da lei.\" data-balloon-pos=\"up\">A-Assistente I - Odontopediatria<\/span><\/td>\r\n<td class=\"cvagas\">01<\/td>\r\n<td class=\"cremuneracao\">R$ 0,00<\/td>\r\n<\/tr><tr>\r\n<td class=\"ccargos\">\r\n<span data-balloon-length=\"medium\" aria-label=\"Gradua\u00e7\u00e3o em Medicina Veterin\u00e1ria com Doutorado na \u00e1rea Medicina Veterin\u00e1ria e sub\u00e1rea Medicina Veterin\u00e1ria Preventiva da CAPES, obtidos na forma da lei.\" data-balloon-pos=\"up\">A-Assistente I - Medicina Veterin\u00e1ria \/ Epidemiologia Veterin\u00e1ria, Zoonoses, Sa\u00fade P\u00fablica e Saneamento Ambiental, Educa\u00e7\u00e3o para a Sa\u00fade e Deontologia Veterin\u00e1ria<\/span><\/td>\r\n<td class=\"cvagas\">01<\/td>\r\n<td class=\"cremuneracao\">R$ 0,00<\/td>\r\n<\/tr><tr>\r\n<td class=\"ccargos\">\r\n<span data-balloon-length=\"medium\" aria-label=\"Gradua\u00e7\u00e3o em Engenharia Cartogr\u00e1fica ou Engenharia de Agrimensura ou Engenharia Cartogr\u00e1fica e de Agrimensura ou Engenharia de Agrimensura e Cartogr\u00e1fica E COM Doutorado em Ci\u00eancias Geod\u00e9sicas e Cartogr\u00e1ficas, Cartogr\u00e1ficas e Geod\u00e9sicas, Cartogr\u00e1ficas, Geod\u00e9sicas, obtidos na forma da lei.\" data-balloon-pos=\"up\">A-Assistente I - Geod\u00e9sia e Levantamentos Topogr\u00e1ficos<\/span><\/td>\r\n<td class=\"cvagas\">01<\/td>\r\n<td class=\"cremuneracao\">R$ 0,00<\/td>\r\n<\/tr>\r\n    <\/tbody>\r\n  <\/table>\r\n<\/div>"},"_links":{"self":[{"href":"https:\/\/www.agrobase.com.br\/concursos\/wp-json\/wp\/v2\/posts\/269331","targetHints":{"allow":["GET"]}}],"collection":[{"href":"https:\/\/www.agrobase.com.br\/concursos\/wp-json\/wp\/v2\/posts"}],"about":[{"href":"https:\/\/www.agrobase.com.br\/concursos\/wp-json\/wp\/v2\/types\/post"}],"author":[{"embeddable":true,"href":"https:\/\/www.agrobase.com.br\/concursos\/wp-json\/wp\/v2\/users\/7"}],"replies":[{"embeddable":true,"href":"https:\/\/www.agrobase.com.br\/concursos\/wp-json\/wp\/v2\/comments?post=269331"}],"version-history":[{"count":3,"href":"https:\/\/www.agrobase.com.br\/concursos\/wp-json\/wp\/v2\/posts\/269331\/revisions"}],"predecessor-version":[{"id":269336,"href":"https:\/\/www.agrobase.com.br\/concursos\/wp-json\/wp\/v2\/posts\/269331\/revisions\/269336"}],"wp:featuredmedia":[{"embeddable":true,"href":"https:\/\/www.agrobase.com.br\/concursos\/wp-json\/wp\/v2\/media\/269330"}],"wp:attachment":[{"href":"https:\/\/www.agrobase.com.br\/concursos\/wp-json\/wp\/v2\/media?parent=269331"}],"wp:term":[{"taxonomy":"category","embeddable":true,"href":"https:\/\/www.agrobase.com.br\/concursos\/wp-json\/wp\/v2\/categories?post=269331"},{"taxonomy":"post_tag","embeddable":true,"href":"https:\/\/www.agrobase.com.br\/concursos\/wp-json\/wp\/v2\/tags?post=269331"},{"taxonomy":"_amplo","embeddable":true,"href":"https:\/\/www.agrobase.com.br\/concursos\/wp-json\/wp\/v2\/_amplo?post=269331"},{"taxonomy":"destaque","embeddable":true,"href":"https:\/\/www.agrobase.com.br\/concursos\/wp-json\/wp\/v2\/destaque?post=269331"},{"taxonomy":"instituicoes","embeddable":true,"href":"https:\/\/www.agrobase.com.br\/concursos\/wp-json\/wp\/v2\/instituicoes?post=269331"}],"curies":[{"name":"wp","href":"https:\/\/api.w.org\/{rel}","templated":true}]}}