{"id":269298,"date":"2025-07-29T07:30:55","date_gmt":"2025-07-29T10:30:55","guid":{"rendered":"https:\/\/www.agrobase.com.br\/concursos\/?p=269298"},"modified":"2025-07-28T12:23:37","modified_gmt":"2025-07-28T15:23:37","slug":"uff-rj-selecao-simplificada-173-2025","status":"publish","type":"post","link":"https:\/\/www.agrobase.com.br\/concursos\/2025\/uff-rj-selecao-simplificada-173-2025\/","title":{"rendered":"UFF (RJ) &#8211; Sele\u00e7\u00e3o Simplificada 173\/2025"},"content":{"rendered":"<h2>Informa\u00e7\u00f5es Gerais<\/h2>\n<p>A Universidade Federal Fluminense (UFF) publicou o edital n\u00ba 173\/2025 para seu Processo Seletivo Simplificado, que visa a contrata\u00e7\u00e3o tempor\u00e1ria de Professor Substituto. O certame oferece uma vaga imediata para o n\u00edvel superior, com contrata\u00e7\u00e3o regida pela Lei n\u00ba 8.745\/93, n\u00e3o se configurando como concurso para a carreira permanente do Magist\u00e9rio Superior.<\/p>\n<p>A oportunidade \u00e9 destinada \u00e0 \u00e1rea de <strong>Patologia e Cl\u00ednica Veterin\u00e1ria<\/strong>, um campo de grande interesse para profissionais graduados em <strong>Medicina Veterin\u00e1ria<\/strong> com mestrado e doutorado. O processo seletivo ter\u00e1 validade de dois anos a partir da homologa\u00e7\u00e3o, sem possibilidade de prorroga\u00e7\u00e3o.<\/p>\n<p>Continue a leitura para obter informa\u00e7\u00f5es detalhadas sobre as inscri\u00e7\u00f5es, as etapas de avalia\u00e7\u00e3o e o cronograma de resultados.<\/p>\n<h2>Inscri\u00e7\u00f5es<\/h2>\n<p>As inscri\u00e7\u00f5es para o processo seletivo da UFF estar\u00e3o abertas e devem ser realizadas exclusivamente online. O per\u00edodo para se candidatar inicia \u00e0s 12h do dia 4 de agosto de 2025 e encerra \u00e0s 23h59 do dia 13 de agosto de 2025.<\/p>\n<p>Para efetivar a participa\u00e7\u00e3o, o candidato deve seguir estes passos:<\/p>\n<ul>\n<li>Acessar o Sistema de Gerenciamento de Concursos no endere\u00e7o <strong>https:\/\/app.uff.br\/cpd<\/strong> e realizar o cadastro ou login.<\/li>\n<li>Preencher o formul\u00e1rio de requerimento de inscri\u00e7\u00e3o e anexar os documentos solicitados.<\/li>\n<li>Gerar e pagar a Guia de Recolhimento da Uni\u00e3o (GRU) no valor de <strong>R$ 60,00<\/strong> at\u00e9 o \u00faltimo dia de inscri\u00e7\u00e3o.<\/li>\n<\/ul>\n<p>Ap\u00f3s a conclus\u00e3o, o sistema gerar\u00e1 um n\u00famero de confirma\u00e7\u00e3o. \u00c9 fundamental que o candidato verifique o recebimento deste n\u00famero para garantir que a inscri\u00e7\u00e3o foi processada com sucesso. O edital n\u00e3o prev\u00ea procedimentos para solicita\u00e7\u00e3o de isen\u00e7\u00e3o da taxa. Para mais detalhes, \u00e9 indispens\u00e1vel a leitura completa do edital.<\/p>\n<h2>Etapas e Provas<\/h2>\n<p>O processo seletivo ser\u00e1 composto por tr\u00eas etapas de avalia\u00e7\u00e3o, todas realizadas entre os dias 26 e 28 de agosto de 2025. Os candidatos devem comparecer a todas as fases, portando documento oficial de identifica\u00e7\u00e3o.<\/p>\n<p>As etapas s\u00e3o:<\/p>\n<ul>\n<li><strong>Prova Escrita:<\/strong> De car\u00e1ter eliminat\u00f3rio, com dura\u00e7\u00e3o de 3 horas. Para ser aprovado, o candidato dever\u00e1 obter nota igual ou superior a 7,0 atribu\u00edda pela maioria dos membros da banca examinadora.<\/li>\n<li><strong>Prova Did\u00e1tica:<\/strong> Consiste em uma aula expositiva com dura\u00e7\u00e3o de 50 minutos sobre um tema sorteado previamente. Esta etapa avalia a capacidade did\u00e1tica, o dom\u00ednio do conte\u00fado e a desenvoltura do candidato para o exerc\u00edcio da doc\u00eancia.<\/li>\n<li><strong>An\u00e1lise de Curriculum Lattes:<\/strong> De car\u00e1ter classificat\u00f3rio, esta fase avalia a trajet\u00f3ria acad\u00eamica e profissional do candidato. A an\u00e1lise considera a titula\u00e7\u00e3o, a experi\u00eancia no magist\u00e9rio, as atividades profissionais n\u00e3o docentes na \u00e1rea e a produ\u00e7\u00e3o cient\u00edfica, t\u00e9cnica ou art\u00edstica.<\/li>\n<\/ul>\n<p>Para conhecer o conte\u00fado program\u00e1tico, o cronograma detalhado e os crit\u00e9rios espec\u00edficos de cada avalia\u00e7\u00e3o, consulte o edital oficial do certame.<\/p>\n<h2>Resultados e Gabarito<\/h2>\n<p>A divulga\u00e7\u00e3o dos resultados ocorrer\u00e1 de forma escalonada, conforme o cronograma previsto no edital. O resultado da prova escrita ser\u00e1 publicado no dia 26 de agosto de 2025, a partir das 18h. A nota da an\u00e1lise de curr\u00edculo ser\u00e1 divulgada em 27 de agosto, \u00e0s 16h, e o resultado final do processo seletivo ser\u00e1 anunciado no dia 28 de agosto de 2025, \u00e0s 19h.<\/p>\n<p>Os candidatos aprovados ser\u00e3o convocados por correio eletr\u00f4nico e ter\u00e3o o prazo m\u00e1ximo de 30 dias, a contar da data da convoca\u00e7\u00e3o, para se apresentar ao Departamento de Administra\u00e7\u00e3o de Pessoal da UFF, realizar os exames m\u00e9dicos e assinar o contrato. A validade do certame \u00e9 de dois anos, contados a partir da data de homologa\u00e7\u00e3o do resultado final, e os aprovados poder\u00e3o ser contratados a qualquer momento dentro desse per\u00edodo.<\/p>\n<p>\u00c9 de responsabilidade exclusiva do candidato acompanhar todas as publica\u00e7\u00f5es oficiais, incluindo convoca\u00e7\u00f5es e resultados, no site da UFF e nos meios de comunica\u00e7\u00e3o designados no edital.<\/p>\n","protected":false},"excerpt":{"rendered":"<p>Processo Seletivo UFF (RJ) com edital publicado! Vaga p\/ Prof. Substituto (Superior). Inscri\u00e7\u00f5es a partir de 04\/08. Sal\u00e1rio at\u00e9 R$ 8k. Confira detalhes!<\/p>\n","protected":false},"author":7,"featured_media":269297,"comment_status":"open","ping_status":"open","sticky":false,"template":"","format":"standard","meta":{"_acf_changed":false,"_breakdance_hide_in_design_set":false,"_breakdance_tags":"","footnotes":""},"categories":[22],"tags":[56],"_amplo":[],"destaque":[],"instituicoes":[],"class_list":["post-269298","post","type-post","status-publish","format-standard","has-post-thumbnail","hentry","category-veterinaria","tag-rio-de-janeiro"],"acf":{"_tipo_vagas":"vagas","_numero_vagas":"","_quadro_vagas":"","_cargos":"diversos","_cargos_especificos":"","_salario_max":"R$ 8058.29","_abertura":"20250804","_encerramento":"20250813","_inscricoes":"https:\/\/app.uff.br\/cpd","_executora_concurso":"","_instituicao_concurso":[],"_link_adicional":null,"_anexos":null,"_produtos":null,"_vagas":"1 vaga","_salario_min":"R$ 3090.43","_instituicao":"UFF","_edital":"https:\/\/www.agrobase.com.br\/concursos\/wp-content\/uploads\/sites\/4\/2025\/07\/edital-173-2025-uff-rj.pdf","_anexos_edital":"","_fund_incompleto":"","_fund_completo":"","_medio":"","_superior":"<div>\r\n<table class=\"quadro\">\r\n<thead>\r\n<tr>\r\n<th class=\"hcargo\">Cargo<\/th>\r\n<th class=\"hvagas\">Vagas<\/th>\r\n<th class=\"hremuneracao\">Remunera\u00e7\u00e3o<\/th>\r\n<\/tr>\r\n<\/thead>\r\n    <tbody>\r\n      <tr>\r\n<td class=\"ccargos\">\r\n<span data-balloon-length=\"medium\" aria-label=\"Gradua\u00e7\u00e3o em Medicina Veterin\u00e1ria, Mestrado em Medicina Veterin\u00e1ria ou Ci\u00eancias Veterin\u00e1rias, Doutorado em Medicina Veterin\u00e1ria ou Ci\u00eancias Veterin\u00e1rias.\" data-balloon-pos=\"up\">Professor Substituto - Patologia e Cl\u00ednica Veterin\u00e1ria (Assistente com Doutorado)<\/span><\/td>\r\n<td class=\"cvagas\">01<\/td>\r\n<td class=\"cremuneracao\">R$ 4.867,43 \/20h<\/td>\r\n<\/tr>\r\n    <\/tbody>\r\n  <\/table>\r\n<\/div>"},"_links":{"self":[{"href":"https:\/\/www.agrobase.com.br\/concursos\/wp-json\/wp\/v2\/posts\/269298","targetHints":{"allow":["GET"]}}],"collection":[{"href":"https:\/\/www.agrobase.com.br\/concursos\/wp-json\/wp\/v2\/posts"}],"about":[{"href":"https:\/\/www.agrobase.com.br\/concursos\/wp-json\/wp\/v2\/types\/post"}],"author":[{"embeddable":true,"href":"https:\/\/www.agrobase.com.br\/concursos\/wp-json\/wp\/v2\/users\/7"}],"replies":[{"embeddable":true,"href":"https:\/\/www.agrobase.com.br\/concursos\/wp-json\/wp\/v2\/comments?post=269298"}],"version-history":[{"count":2,"href":"https:\/\/www.agrobase.com.br\/concursos\/wp-json\/wp\/v2\/posts\/269298\/revisions"}],"predecessor-version":[{"id":269301,"href":"https:\/\/www.agrobase.com.br\/concursos\/wp-json\/wp\/v2\/posts\/269298\/revisions\/269301"}],"wp:featuredmedia":[{"embeddable":true,"href":"https:\/\/www.agrobase.com.br\/concursos\/wp-json\/wp\/v2\/media\/269297"}],"wp:attachment":[{"href":"https:\/\/www.agrobase.com.br\/concursos\/wp-json\/wp\/v2\/media?parent=269298"}],"wp:term":[{"taxonomy":"category","embeddable":true,"href":"https:\/\/www.agrobase.com.br\/concursos\/wp-json\/wp\/v2\/categories?post=269298"},{"taxonomy":"post_tag","embeddable":true,"href":"https:\/\/www.agrobase.com.br\/concursos\/wp-json\/wp\/v2\/tags?post=269298"},{"taxonomy":"_amplo","embeddable":true,"href":"https:\/\/www.agrobase.com.br\/concursos\/wp-json\/wp\/v2\/_amplo?post=269298"},{"taxonomy":"destaque","embeddable":true,"href":"https:\/\/www.agrobase.com.br\/concursos\/wp-json\/wp\/v2\/destaque?post=269298"},{"taxonomy":"instituicoes","embeddable":true,"href":"https:\/\/www.agrobase.com.br\/concursos\/wp-json\/wp\/v2\/instituicoes?post=269298"}],"curies":[{"name":"wp","href":"https:\/\/api.w.org\/{rel}","templated":true}]}}